{"id":1676,"date":"2009-12-15T17:01:20","date_gmt":"2009-12-15T19:01:20","guid":{"rendered":"https:\/\/www.blogsoestado.com\/danielmatos\/?p=1676"},"modified":"2009-12-15T17:01:20","modified_gmt":"2009-12-15T19:01:20","slug":"castelo-ja-comunicou-a-cleber-verde-demissao-de-dayvson-da-semdel","status":"publish","type":"post","link":"https:\/\/www.blogsoestado.com\/danielmatos\/castelo-ja-comunicou-a-cleber-verde-demissao-de-dayvson-da-semdel\/","title":{"rendered":"Castelo j\u00e1 comunicou a Cl\u00e9ber Verde demiss\u00e3o de Dayvson da Semdel"},"content":{"rendered":"<p><img decoding=\"async\" class=\"alignleft size-full wp-image-1677\" src=\"https:\/\/www.blogsoestado.com\/danielmatos\/files\/2009\/12\/dayvson.jpg\" alt=\"dayvson\" width=\"177\" height=\"250\" \/>O deputado federal Cl\u00e9ber Verde (PRB) j\u00e1 foi comunicadopelo prefeito de S\u00e3o Lu\u00eds, Jo\u00e3o Castelo (PSDB), sobre a demiss\u00e3o do secret\u00e1rio municipal de Desportos e Lazer, Dayvson Franklin <strong>(foto)<\/strong>, cuja nomea\u00e7\u00e3o foi bancada pelo parlamentar. O novo titular da pasta dever\u00e1 ser o atual chefe de gabinete da Presid\u00eancia da C\u00e2mara de Vereadores, Carlos Goiabeira, indicado pelo chefe do Legislativo municipal, vereador Isa\u00edas Pereirinha.<\/p>\n<p>O prefeito j\u00e1 teria, inclusive, enviado um e-mail ao deputado informando a substitui\u00e7\u00e3o de Dayvson. Ambos ficaram de conversar pessoalmente nos pr\u00f3ximos dias para oficializar a exonera\u00e7\u00e3o.<\/p>\n<p>Verde, no entanto, n\u00e3o ficar\u00e1 sem o seu quinh\u00e3o na administra\u00e7\u00e3o de Castelo, pois o secret\u00e1rio demission\u00e1rio ganhar\u00e1 como pr\u00eamio de consola\u00e7\u00e3o a presid\u00eancia do Instituto de Previd\u00eancia e Assist\u00eancia do Munic\u00edpio (Ipam).<\/p>\n<p>\u00c9 oportuno lembrar que o deputado \u00e9 expert em assuntos previdenci\u00e1rios, tendo atuado por alguns anos como funcion\u00e1rio do Instituto Nacional de Seguridade Social (INSS), de onde foi demitido a bem do servi\u00e7o p\u00fablico.<\/p>\n<p>A demiss\u00e3o de Franklin foi informada por este blog em post publicado no dia 4 de novembro deste ano. Na ocasi\u00e3o, Pereirinha subiu \u00e0 tribuna da C\u00e2mara Municipal para\u00a0negar que tivesse indicado um nome para a Semdel, \u00f3rg\u00e3o que controlou com m\u00e3o de ferro na gest\u00e3o do ex-prefeito Tadeu Pal\u00e1cio.<\/p>\n<p>Como se v\u00ea, o pr\u00f3prio Jo\u00e3o Castelo tratou de desmenti-lo agora.<\/p>\n","protected":false},"excerpt":{"rendered":"<p>O deputado federal Cl\u00e9ber Verde (PRB) j\u00e1 foi comunicadopelo prefeito de S\u00e3o Lu\u00eds, Jo\u00e3o Castelo (PSDB), sobre a demiss\u00e3o do [&hellip;]<\/p>\n","protected":false},"author":0,"featured_media":0,"comment_status":"open","ping_status":"open","sticky":false,"template":"","format":"standard","meta":{"site-sidebar-layout":"default","site-content-layout":"","ast-site-content-layout":"default","site-content-style":"default","site-sidebar-style":"default","ast-global-header-display":"","ast-banner-title-visibility":"","ast-main-header-display":"","ast-hfb-above-header-display":"","ast-hfb-below-header-display":"","ast-hfb-mobile-header-display":"","site-post-title":"","ast-breadcrumbs-content":"","ast-featured-img":"","footer-sml-layout":"","ast-disable-related-posts":"","theme-transparent-header-meta":"","adv-header-id-meta":"","stick-header-meta":"","header-above-stick-meta":"","header-main-stick-meta":"","header-below-stick-meta":"","astra-migrate-meta-layouts":"default","ast-page-background-enabled":"default","ast-page-background-meta":{"desktop":{"background-color":"var(--ast-global-color-5)","background-image":"","background-repeat":"repeat","background-position":"center center","background-size":"auto","background-attachment":"scroll","background-type":"","background-media":"","overlay-type":"","overlay-color":"","overlay-opacity":"","overlay-gradient":""},"tablet":{"background-color":"","background-image":"","background-repeat":"repeat","background-position":"center center","background-size":"auto","background-attachment":"scroll","background-type":"","background-media":"","overlay-type":"","overlay-color":"","overlay-opacity":"","overlay-gradient":""},"mobile":{"background-color":"","background-image":"","background-repeat":"repeat","background-position":"center center","background-size":"auto","background-attachment":"scroll","background-type":"","background-media":"","overlay-type":"","overlay-color":"","overlay-opacity":"","overlay-gradient":""}},"ast-content-background-meta":{"desktop":{"background-color":"var(--ast-global-color-4)","background-image":"","background-repeat":"repeat","background-position":"center center","background-size":"auto","background-attachment":"scroll","background-type":"","background-media":"","overlay-type":"","overlay-color":"","overlay-opacity":"","overlay-gradient":""},"tablet":{"background-color":"var(--ast-global-color-4)","background-image":"","background-repeat":"repeat","background-position":"center center","background-size":"auto","background-attachment":"scroll","background-type":"","background-media":"","overlay-type":"","overlay-color":"","overlay-opacity":"","overlay-gradient":""},"mobile":{"background-color":"var(--ast-global-color-4)","background-image":"","background-repeat":"repeat","background-position":"center center","background-size":"auto","background-attachment":"scroll","background-type":"","background-media":"","overlay-type":"","overlay-color":"","overlay-opacity":"","overlay-gradient":""}},"footnotes":""},"categories":[1],"tags":[],"class_list":["post-1676","post","type-post","status-publish","format-standard","hentry","category-sem-categoria"],"yoast_head":"<!-- This site is optimized with the Yoast SEO plugin v26.6 - https:\/\/yoast.com\/wordpress\/plugins\/seo\/ -->\n<title>Castelo j\u00e1 comunicou a Cl\u00e9ber Verde demiss\u00e3o de Dayvson da Semdel - Daniel Matos<\/title>\n<meta name=\"robots\" content=\"index, follow, max-snippet:-1, max-image-preview:large, max-video-preview:-1\" \/>\n<link rel=\"canonical\" href=\"https:\/\/www.blogsoestado.com\/danielmatos\/castelo-ja-comunicou-a-cleber-verde-demissao-de-dayvson-da-semdel\/\" \/>\n<meta property=\"og:locale\" content=\"pt_BR\" \/>\n<meta property=\"og:type\" content=\"article\" \/>\n<meta property=\"og:title\" content=\"Castelo j\u00e1 comunicou a Cl\u00e9ber Verde demiss\u00e3o de Dayvson da Semdel - Daniel Matos\" \/>\n<meta property=\"og:description\" content=\"O deputado federal Cl\u00e9ber Verde (PRB) j\u00e1 foi comunicadopelo prefeito de S\u00e3o Lu\u00eds, Jo\u00e3o Castelo (PSDB), sobre a demiss\u00e3o do [&hellip;]\" \/>\n<meta property=\"og:url\" content=\"https:\/\/www.blogsoestado.com\/danielmatos\/castelo-ja-comunicou-a-cleber-verde-demissao-de-dayvson-da-semdel\/\" \/>\n<meta property=\"og:site_name\" content=\"Daniel Matos\" \/>\n<meta property=\"article:published_time\" content=\"2009-12-15T19:01:20+00:00\" \/>\n<meta property=\"og:image\" content=\"https:\/\/www.blogsoestado.com\/danielmatos\/files\/2009\/12\/dayvson.jpg\" \/>\n<meta name=\"twitter:card\" content=\"summary_large_image\" \/>\n<meta name=\"twitter:label1\" content=\"Est. tempo de leitura\" \/>\n\t<meta name=\"twitter:data1\" content=\"1 minuto\" \/>\n<script type=\"application\/ld+json\" class=\"yoast-schema-graph\">{\"@context\":\"https:\/\/schema.org\",\"@graph\":[{\"@type\":\"WebPage\",\"@id\":\"https:\/\/www.blogsoestado.com\/danielmatos\/castelo-ja-comunicou-a-cleber-verde-demissao-de-dayvson-da-semdel\/\",\"url\":\"https:\/\/www.blogsoestado.com\/danielmatos\/castelo-ja-comunicou-a-cleber-verde-demissao-de-dayvson-da-semdel\/\",\"name\":\"Castelo j\u00e1 comunicou a Cl\u00e9ber Verde demiss\u00e3o de Dayvson da Semdel - Daniel Matos\",\"isPartOf\":{\"@id\":\"https:\/\/www.blogsoestado.com\/danielmatos\/#website\"},\"primaryImageOfPage\":{\"@id\":\"https:\/\/www.blogsoestado.com\/danielmatos\/castelo-ja-comunicou-a-cleber-verde-demissao-de-dayvson-da-semdel\/#primaryimage\"},\"image\":{\"@id\":\"https:\/\/www.blogsoestado.com\/danielmatos\/castelo-ja-comunicou-a-cleber-verde-demissao-de-dayvson-da-semdel\/#primaryimage\"},\"thumbnailUrl\":\"https:\/\/www.blogsoestado.com\/danielmatos\/files\/2009\/12\/dayvson.jpg\",\"datePublished\":\"2009-12-15T19:01:20+00:00\",\"author\":{\"@id\":\"\"},\"breadcrumb\":{\"@id\":\"https:\/\/www.blogsoestado.com\/danielmatos\/castelo-ja-comunicou-a-cleber-verde-demissao-de-dayvson-da-semdel\/#breadcrumb\"},\"inLanguage\":\"pt-BR\",\"potentialAction\":[{\"@type\":\"ReadAction\",\"target\":[\"https:\/\/www.blogsoestado.com\/danielmatos\/castelo-ja-comunicou-a-cleber-verde-demissao-de-dayvson-da-semdel\/\"]}]},{\"@type\":\"ImageObject\",\"inLanguage\":\"pt-BR\",\"@id\":\"https:\/\/www.blogsoestado.com\/danielmatos\/castelo-ja-comunicou-a-cleber-verde-demissao-de-dayvson-da-semdel\/#primaryimage\",\"url\":\"https:\/\/www.blogsoestado.com\/danielmatos\/files\/2009\/12\/dayvson.jpg\",\"contentUrl\":\"https:\/\/www.blogsoestado.com\/danielmatos\/files\/2009\/12\/dayvson.jpg\"},{\"@type\":\"BreadcrumbList\",\"@id\":\"https:\/\/www.blogsoestado.com\/danielmatos\/castelo-ja-comunicou-a-cleber-verde-demissao-de-dayvson-da-semdel\/#breadcrumb\",\"itemListElement\":[{\"@type\":\"ListItem\",\"position\":1,\"name\":\"In\u00edcio\",\"item\":\"https:\/\/www.blogsoestado.com\/danielmatos\/\"},{\"@type\":\"ListItem\",\"position\":2,\"name\":\"Castelo j\u00e1 comunicou a Cl\u00e9ber Verde demiss\u00e3o de Dayvson da Semdel\"}]},{\"@type\":\"WebSite\",\"@id\":\"https:\/\/www.blogsoestado.com\/danielmatos\/#website\",\"url\":\"https:\/\/www.blogsoestado.com\/danielmatos\/\",\"name\":\"Daniel Matos\",\"description\":\"\",\"potentialAction\":[{\"@type\":\"SearchAction\",\"target\":{\"@type\":\"EntryPoint\",\"urlTemplate\":\"https:\/\/www.blogsoestado.com\/danielmatos\/?s={search_term_string}\"},\"query-input\":{\"@type\":\"PropertyValueSpecification\",\"valueRequired\":true,\"valueName\":\"search_term_string\"}}],\"inLanguage\":\"pt-BR\"}]}<\/script>\n<!-- \/ Yoast SEO plugin. -->","yoast_head_json":{"title":"Castelo j\u00e1 comunicou a Cl\u00e9ber Verde demiss\u00e3o de Dayvson da Semdel - Daniel Matos","robots":{"index":"index","follow":"follow","max-snippet":"max-snippet:-1","max-image-preview":"max-image-preview:large","max-video-preview":"max-video-preview:-1"},"canonical":"https:\/\/www.blogsoestado.com\/danielmatos\/castelo-ja-comunicou-a-cleber-verde-demissao-de-dayvson-da-semdel\/","og_locale":"pt_BR","og_type":"article","og_title":"Castelo j\u00e1 comunicou a Cl\u00e9ber Verde demiss\u00e3o de Dayvson da Semdel - Daniel Matos","og_description":"O deputado federal Cl\u00e9ber Verde (PRB) j\u00e1 foi comunicadopelo prefeito de S\u00e3o Lu\u00eds, Jo\u00e3o Castelo (PSDB), sobre a demiss\u00e3o do [&hellip;]","og_url":"https:\/\/www.blogsoestado.com\/danielmatos\/castelo-ja-comunicou-a-cleber-verde-demissao-de-dayvson-da-semdel\/","og_site_name":"Daniel Matos","article_published_time":"2009-12-15T19:01:20+00:00","og_image":[{"url":"https:\/\/www.blogsoestado.com\/danielmatos\/files\/2009\/12\/dayvson.jpg","type":"","width":"","height":""}],"twitter_card":"summary_large_image","twitter_misc":{"Est. tempo de leitura":"1 minuto"},"schema":{"@context":"https:\/\/schema.org","@graph":[{"@type":"WebPage","@id":"https:\/\/www.blogsoestado.com\/danielmatos\/castelo-ja-comunicou-a-cleber-verde-demissao-de-dayvson-da-semdel\/","url":"https:\/\/www.blogsoestado.com\/danielmatos\/castelo-ja-comunicou-a-cleber-verde-demissao-de-dayvson-da-semdel\/","name":"Castelo j\u00e1 comunicou a Cl\u00e9ber Verde demiss\u00e3o de Dayvson da Semdel - Daniel Matos","isPartOf":{"@id":"https:\/\/www.blogsoestado.com\/danielmatos\/#website"},"primaryImageOfPage":{"@id":"https:\/\/www.blogsoestado.com\/danielmatos\/castelo-ja-comunicou-a-cleber-verde-demissao-de-dayvson-da-semdel\/#primaryimage"},"image":{"@id":"https:\/\/www.blogsoestado.com\/danielmatos\/castelo-ja-comunicou-a-cleber-verde-demissao-de-dayvson-da-semdel\/#primaryimage"},"thumbnailUrl":"https:\/\/www.blogsoestado.com\/danielmatos\/files\/2009\/12\/dayvson.jpg","datePublished":"2009-12-15T19:01:20+00:00","author":{"@id":""},"breadcrumb":{"@id":"https:\/\/www.blogsoestado.com\/danielmatos\/castelo-ja-comunicou-a-cleber-verde-demissao-de-dayvson-da-semdel\/#breadcrumb"},"inLanguage":"pt-BR","potentialAction":[{"@type":"ReadAction","target":["https:\/\/www.blogsoestado.com\/danielmatos\/castelo-ja-comunicou-a-cleber-verde-demissao-de-dayvson-da-semdel\/"]}]},{"@type":"ImageObject","inLanguage":"pt-BR","@id":"https:\/\/www.blogsoestado.com\/danielmatos\/castelo-ja-comunicou-a-cleber-verde-demissao-de-dayvson-da-semdel\/#primaryimage","url":"https:\/\/www.blogsoestado.com\/danielmatos\/files\/2009\/12\/dayvson.jpg","contentUrl":"https:\/\/www.blogsoestado.com\/danielmatos\/files\/2009\/12\/dayvson.jpg"},{"@type":"BreadcrumbList","@id":"https:\/\/www.blogsoestado.com\/danielmatos\/castelo-ja-comunicou-a-cleber-verde-demissao-de-dayvson-da-semdel\/#breadcrumb","itemListElement":[{"@type":"ListItem","position":1,"name":"In\u00edcio","item":"https:\/\/www.blogsoestado.com\/danielmatos\/"},{"@type":"ListItem","position":2,"name":"Castelo j\u00e1 comunicou a Cl\u00e9ber Verde demiss\u00e3o de Dayvson da Semdel"}]},{"@type":"WebSite","@id":"https:\/\/www.blogsoestado.com\/danielmatos\/#website","url":"https:\/\/www.blogsoestado.com\/danielmatos\/","name":"Daniel Matos","description":"","potentialAction":[{"@type":"SearchAction","target":{"@type":"EntryPoint","urlTemplate":"https:\/\/www.blogsoestado.com\/danielmatos\/?s={search_term_string}"},"query-input":{"@type":"PropertyValueSpecification","valueRequired":true,"valueName":"search_term_string"}}],"inLanguage":"pt-BR"}]}},"jetpack_featured_media_url":"","_links":{"self":[{"href":"https:\/\/www.blogsoestado.com\/danielmatos\/wp-json\/wp\/v2\/posts\/1676","targetHints":{"allow":["GET"]}}],"collection":[{"href":"https:\/\/www.blogsoestado.com\/danielmatos\/wp-json\/wp\/v2\/posts"}],"about":[{"href":"https:\/\/www.blogsoestado.com\/danielmatos\/wp-json\/wp\/v2\/types\/post"}],"replies":[{"embeddable":true,"href":"https:\/\/www.blogsoestado.com\/danielmatos\/wp-json\/wp\/v2\/comments?post=1676"}],"version-history":[{"count":0,"href":"https:\/\/www.blogsoestado.com\/danielmatos\/wp-json\/wp\/v2\/posts\/1676\/revisions"}],"wp:attachment":[{"href":"https:\/\/www.blogsoestado.com\/danielmatos\/wp-json\/wp\/v2\/media?parent=1676"}],"wp:term":[{"taxonomy":"category","embeddable":true,"href":"https:\/\/www.blogsoestado.com\/danielmatos\/wp-json\/wp\/v2\/categories?post=1676"},{"taxonomy":"post_tag","embeddable":true,"href":"https:\/\/www.blogsoestado.com\/danielmatos\/wp-json\/wp\/v2\/tags?post=1676"}],"curies":[{"name":"wp","href":"https:\/\/api.w.org\/{rel}","templated":true}]}}