{"id":1679,"date":"2009-12-15T18:22:34","date_gmt":"2009-12-15T20:22:34","guid":{"rendered":"https:\/\/www.blogsoestado.com\/danielmatos\/?p=1679"},"modified":"2009-12-15T18:22:34","modified_gmt":"2009-12-15T20:22:34","slug":"prefeitura-nao-sabe-o-que-fazer-para-acabar-com-o-impasse-do-transporte-coletivo","status":"publish","type":"post","link":"https:\/\/www.blogsoestado.com\/danielmatos\/prefeitura-nao-sabe-o-que-fazer-para-acabar-com-o-impasse-do-transporte-coletivo\/","title":{"rendered":"Prefeitura n\u00e3o sabe o que fazer para acabar com o impasse do transporte coletivo"},"content":{"rendered":"<p>A Prefeitura de S\u00e3o Lu\u00eds n\u00e3o tem qualquer estrat\u00e9gia que leve ao fim do impasse ocasionado pela crise do transporte coletivo. Nas interven\u00e7\u00f5es que fez at\u00e9 agora n\u00e3o apresentou uma \u00fanica proposta concreta, que ajude a levar ao desfecho da quest\u00e3o. Todas as a\u00e7\u00f5es do Munic\u00edpio foram de cunho protelat\u00f3rio, o que comprometeu sua credibilidade.<\/p>\n<p>A prova definitiva de que a administra\u00e7\u00e3o municipal est\u00e1 desnorteada em meio ao conflito entre patr\u00f5es e empregados do setor em raz\u00e3o da demiss\u00e3o em massa de trabalhadores rodovi\u00e1rios foi dada hoje, durante reuni\u00e3o entre o secret\u00e1rio de Transportes, Ribamar Oliveira, e representantes do Sindicato dos Rodovi\u00e1rios. Seguindo orienta\u00e7\u00e3o do prefeito Jo\u00e3o Castelo (PSDB), Oliveira sentou-se \u00e0 mesa com os l\u00edderes da categoria no sentido de demov\u00ea-los da id\u00e9ia de cruzar os bra\u00e7os. Ap\u00f3s horas de intensa discuss\u00e3o, os sindicalistas concordaram em suspender a manifesta\u00e7\u00e3o, seduzidos apenas por promessas.<\/p>\n<p>De sua parte, os rodovi\u00e1rios esperavam sair dali com a solu\u00e7\u00e3o do seu problema ou, pelo menos, com algo j\u00e1 encaminhado. Tamanha decep\u00e7\u00e3o sentiram ao ver que tudo continua na estaca zero. E o que \u00e9 pior: sem qualquer perspectiva de que haver\u00e1 mudan\u00e7a.<\/p>\n<p>Sem coragem de autorizar o aumento da tarifa, tendo em vista a impopularidade da medida, o prefeito Jo\u00e3o Castelo empurra a quest\u00e3o com a barriga. S\u00f3 n\u00e3o se sabe at\u00e9 quando.<\/p>\n","protected":false},"excerpt":{"rendered":"<p>A Prefeitura de S\u00e3o Lu\u00eds n\u00e3o tem qualquer estrat\u00e9gia que leve ao fim do impasse ocasionado pela crise do transporte [&hellip;]<\/p>\n","protected":false},"author":0,"featured_media":0,"comment_status":"open","ping_status":"open","sticky":false,"template":"","format":"standard","meta":{"site-sidebar-layout":"default","site-content-layout":"","ast-site-content-layout":"default","site-content-style":"default","site-sidebar-style":"default","ast-global-header-display":"","ast-banner-title-visibility":"","ast-main-header-display":"","ast-hfb-above-header-display":"","ast-hfb-below-header-display":"","ast-hfb-mobile-header-display":"","site-post-title":"","ast-breadcrumbs-content":"","ast-featured-img":"","footer-sml-layout":"","ast-disable-related-posts":"","theme-transparent-header-meta":"","adv-header-id-meta":"","stick-header-meta":"","header-above-stick-meta":"","header-main-stick-meta":"","header-below-stick-meta":"","astra-migrate-meta-layouts":"default","ast-page-background-enabled":"default","ast-page-background-meta":{"desktop":{"background-color":"var(--ast-global-color-5)","background-image":"","background-repeat":"repeat","background-position":"center center","background-size":"auto","background-attachment":"scroll","background-type":"","background-media":"","overlay-type":"","overlay-color":"","overlay-opacity":"","overlay-gradient":""},"tablet":{"background-color":"","background-image":"","background-repeat":"repeat","background-position":"center center","background-size":"auto","background-attachment":"scroll","background-type":"","background-media":"","overlay-type":"","overlay-color":"","overlay-opacity":"","overlay-gradient":""},"mobile":{"background-color":"","background-image":"","background-repeat":"repeat","background-position":"center center","background-size":"auto","background-attachment":"scroll","background-type":"","background-media":"","overlay-type":"","overlay-color":"","overlay-opacity":"","overlay-gradient":""}},"ast-content-background-meta":{"desktop":{"background-color":"var(--ast-global-color-4)","background-image":"","background-repeat":"repeat","background-position":"center center","background-size":"auto","background-attachment":"scroll","background-type":"","background-media":"","overlay-type":"","overlay-color":"","overlay-opacity":"","overlay-gradient":""},"tablet":{"background-color":"var(--ast-global-color-4)","background-image":"","background-repeat":"repeat","background-position":"center center","background-size":"auto","background-attachment":"scroll","background-type":"","background-media":"","overlay-type":"","overlay-color":"","overlay-opacity":"","overlay-gradient":""},"mobile":{"background-color":"var(--ast-global-color-4)","background-image":"","background-repeat":"repeat","background-position":"center center","background-size":"auto","background-attachment":"scroll","background-type":"","background-media":"","overlay-type":"","overlay-color":"","overlay-opacity":"","overlay-gradient":""}},"footnotes":""},"categories":[1],"tags":[],"class_list":["post-1679","post","type-post","status-publish","format-standard","hentry","category-sem-categoria"],"yoast_head":"<!-- This site is optimized with the Yoast SEO plugin v26.6 - https:\/\/yoast.com\/wordpress\/plugins\/seo\/ -->\n<title>Prefeitura n\u00e3o sabe o que fazer para acabar com o impasse do transporte coletivo - Daniel Matos<\/title>\n<meta name=\"robots\" content=\"index, follow, max-snippet:-1, max-image-preview:large, max-video-preview:-1\" \/>\n<link rel=\"canonical\" href=\"https:\/\/www.blogsoestado.com\/danielmatos\/prefeitura-nao-sabe-o-que-fazer-para-acabar-com-o-impasse-do-transporte-coletivo\/\" \/>\n<meta property=\"og:locale\" content=\"pt_BR\" \/>\n<meta property=\"og:type\" content=\"article\" \/>\n<meta property=\"og:title\" content=\"Prefeitura n\u00e3o sabe o que fazer para acabar com o impasse do transporte coletivo - Daniel Matos\" \/>\n<meta property=\"og:description\" content=\"A Prefeitura de S\u00e3o Lu\u00eds n\u00e3o tem qualquer estrat\u00e9gia que leve ao fim do impasse ocasionado pela crise do transporte [&hellip;]\" \/>\n<meta property=\"og:url\" content=\"https:\/\/www.blogsoestado.com\/danielmatos\/prefeitura-nao-sabe-o-que-fazer-para-acabar-com-o-impasse-do-transporte-coletivo\/\" \/>\n<meta property=\"og:site_name\" content=\"Daniel Matos\" \/>\n<meta property=\"article:published_time\" content=\"2009-12-15T20:22:34+00:00\" \/>\n<meta name=\"twitter:card\" content=\"summary_large_image\" \/>\n<meta name=\"twitter:label1\" content=\"Est. tempo de leitura\" \/>\n\t<meta name=\"twitter:data1\" content=\"1 minuto\" \/>\n<script type=\"application\/ld+json\" class=\"yoast-schema-graph\">{\"@context\":\"https:\/\/schema.org\",\"@graph\":[{\"@type\":\"WebPage\",\"@id\":\"https:\/\/www.blogsoestado.com\/danielmatos\/prefeitura-nao-sabe-o-que-fazer-para-acabar-com-o-impasse-do-transporte-coletivo\/\",\"url\":\"https:\/\/www.blogsoestado.com\/danielmatos\/prefeitura-nao-sabe-o-que-fazer-para-acabar-com-o-impasse-do-transporte-coletivo\/\",\"name\":\"Prefeitura n\u00e3o sabe o que fazer para acabar com o impasse do transporte coletivo - Daniel Matos\",\"isPartOf\":{\"@id\":\"https:\/\/www.blogsoestado.com\/danielmatos\/#website\"},\"datePublished\":\"2009-12-15T20:22:34+00:00\",\"author\":{\"@id\":\"\"},\"breadcrumb\":{\"@id\":\"https:\/\/www.blogsoestado.com\/danielmatos\/prefeitura-nao-sabe-o-que-fazer-para-acabar-com-o-impasse-do-transporte-coletivo\/#breadcrumb\"},\"inLanguage\":\"pt-BR\",\"potentialAction\":[{\"@type\":\"ReadAction\",\"target\":[\"https:\/\/www.blogsoestado.com\/danielmatos\/prefeitura-nao-sabe-o-que-fazer-para-acabar-com-o-impasse-do-transporte-coletivo\/\"]}]},{\"@type\":\"BreadcrumbList\",\"@id\":\"https:\/\/www.blogsoestado.com\/danielmatos\/prefeitura-nao-sabe-o-que-fazer-para-acabar-com-o-impasse-do-transporte-coletivo\/#breadcrumb\",\"itemListElement\":[{\"@type\":\"ListItem\",\"position\":1,\"name\":\"In\u00edcio\",\"item\":\"https:\/\/www.blogsoestado.com\/danielmatos\/\"},{\"@type\":\"ListItem\",\"position\":2,\"name\":\"Prefeitura n\u00e3o sabe o que fazer para acabar com o impasse do transporte coletivo\"}]},{\"@type\":\"WebSite\",\"@id\":\"https:\/\/www.blogsoestado.com\/danielmatos\/#website\",\"url\":\"https:\/\/www.blogsoestado.com\/danielmatos\/\",\"name\":\"Daniel Matos\",\"description\":\"\",\"potentialAction\":[{\"@type\":\"SearchAction\",\"target\":{\"@type\":\"EntryPoint\",\"urlTemplate\":\"https:\/\/www.blogsoestado.com\/danielmatos\/?s={search_term_string}\"},\"query-input\":{\"@type\":\"PropertyValueSpecification\",\"valueRequired\":true,\"valueName\":\"search_term_string\"}}],\"inLanguage\":\"pt-BR\"}]}<\/script>\n<!-- \/ Yoast SEO plugin. -->","yoast_head_json":{"title":"Prefeitura n\u00e3o sabe o que fazer para acabar com o impasse do transporte coletivo - Daniel Matos","robots":{"index":"index","follow":"follow","max-snippet":"max-snippet:-1","max-image-preview":"max-image-preview:large","max-video-preview":"max-video-preview:-1"},"canonical":"https:\/\/www.blogsoestado.com\/danielmatos\/prefeitura-nao-sabe-o-que-fazer-para-acabar-com-o-impasse-do-transporte-coletivo\/","og_locale":"pt_BR","og_type":"article","og_title":"Prefeitura n\u00e3o sabe o que fazer para acabar com o impasse do transporte coletivo - Daniel Matos","og_description":"A Prefeitura de S\u00e3o Lu\u00eds n\u00e3o tem qualquer estrat\u00e9gia que leve ao fim do impasse ocasionado pela crise do transporte [&hellip;]","og_url":"https:\/\/www.blogsoestado.com\/danielmatos\/prefeitura-nao-sabe-o-que-fazer-para-acabar-com-o-impasse-do-transporte-coletivo\/","og_site_name":"Daniel Matos","article_published_time":"2009-12-15T20:22:34+00:00","twitter_card":"summary_large_image","twitter_misc":{"Est. tempo de leitura":"1 minuto"},"schema":{"@context":"https:\/\/schema.org","@graph":[{"@type":"WebPage","@id":"https:\/\/www.blogsoestado.com\/danielmatos\/prefeitura-nao-sabe-o-que-fazer-para-acabar-com-o-impasse-do-transporte-coletivo\/","url":"https:\/\/www.blogsoestado.com\/danielmatos\/prefeitura-nao-sabe-o-que-fazer-para-acabar-com-o-impasse-do-transporte-coletivo\/","name":"Prefeitura n\u00e3o sabe o que fazer para acabar com o impasse do transporte coletivo - Daniel Matos","isPartOf":{"@id":"https:\/\/www.blogsoestado.com\/danielmatos\/#website"},"datePublished":"2009-12-15T20:22:34+00:00","author":{"@id":""},"breadcrumb":{"@id":"https:\/\/www.blogsoestado.com\/danielmatos\/prefeitura-nao-sabe-o-que-fazer-para-acabar-com-o-impasse-do-transporte-coletivo\/#breadcrumb"},"inLanguage":"pt-BR","potentialAction":[{"@type":"ReadAction","target":["https:\/\/www.blogsoestado.com\/danielmatos\/prefeitura-nao-sabe-o-que-fazer-para-acabar-com-o-impasse-do-transporte-coletivo\/"]}]},{"@type":"BreadcrumbList","@id":"https:\/\/www.blogsoestado.com\/danielmatos\/prefeitura-nao-sabe-o-que-fazer-para-acabar-com-o-impasse-do-transporte-coletivo\/#breadcrumb","itemListElement":[{"@type":"ListItem","position":1,"name":"In\u00edcio","item":"https:\/\/www.blogsoestado.com\/danielmatos\/"},{"@type":"ListItem","position":2,"name":"Prefeitura n\u00e3o sabe o que fazer para acabar com o impasse do transporte coletivo"}]},{"@type":"WebSite","@id":"https:\/\/www.blogsoestado.com\/danielmatos\/#website","url":"https:\/\/www.blogsoestado.com\/danielmatos\/","name":"Daniel Matos","description":"","potentialAction":[{"@type":"SearchAction","target":{"@type":"EntryPoint","urlTemplate":"https:\/\/www.blogsoestado.com\/danielmatos\/?s={search_term_string}"},"query-input":{"@type":"PropertyValueSpecification","valueRequired":true,"valueName":"search_term_string"}}],"inLanguage":"pt-BR"}]}},"jetpack_featured_media_url":"","_links":{"self":[{"href":"https:\/\/www.blogsoestado.com\/danielmatos\/wp-json\/wp\/v2\/posts\/1679","targetHints":{"allow":["GET"]}}],"collection":[{"href":"https:\/\/www.blogsoestado.com\/danielmatos\/wp-json\/wp\/v2\/posts"}],"about":[{"href":"https:\/\/www.blogsoestado.com\/danielmatos\/wp-json\/wp\/v2\/types\/post"}],"replies":[{"embeddable":true,"href":"https:\/\/www.blogsoestado.com\/danielmatos\/wp-json\/wp\/v2\/comments?post=1679"}],"version-history":[{"count":0,"href":"https:\/\/www.blogsoestado.com\/danielmatos\/wp-json\/wp\/v2\/posts\/1679\/revisions"}],"wp:attachment":[{"href":"https:\/\/www.blogsoestado.com\/danielmatos\/wp-json\/wp\/v2\/media?parent=1679"}],"wp:term":[{"taxonomy":"category","embeddable":true,"href":"https:\/\/www.blogsoestado.com\/danielmatos\/wp-json\/wp\/v2\/categories?post=1679"},{"taxonomy":"post_tag","embeddable":true,"href":"https:\/\/www.blogsoestado.com\/danielmatos\/wp-json\/wp\/v2\/tags?post=1679"}],"curies":[{"name":"wp","href":"https:\/\/api.w.org\/{rel}","templated":true}]}}