{"id":17530,"date":"2014-06-30T10:48:39","date_gmt":"2014-06-30T13:48:39","guid":{"rendered":"https:\/\/www.blogsoestado.com\/danielmatos\/?p=17530"},"modified":"2014-06-30T10:48:39","modified_gmt":"2014-06-30T13:48:39","slug":"fe-abalada","status":"publish","type":"post","link":"https:\/\/www.blogsoestado.com\/danielmatos\/fe-abalada\/","title":{"rendered":"F\u00e9 abalada"},"content":{"rendered":"<p><a href=\"https:\/\/www.blogsoestado.com\/danielmatos\/files\/2014\/06\/f\u00e9-abalada.jpg\"><img fetchpriority=\"high\" decoding=\"async\" class=\"alignright size-full wp-image-17531\" src=\"https:\/\/www.blogsoestado.com\/danielmatos\/files\/2014\/06\/f\u00e9-abalada.jpg\" alt=\"f\u00e9 abalada\" width=\"500\" height=\"375\" \/><\/a>Depois de uma classifica\u00e7\u00e3o sofrida contra o Chile, a sele\u00e7\u00e3o brasileira chega \u00e0s quartas de final da Copa do Mundo em meio a um clima de inevit\u00e1vel desconfian\u00e7a. Mesmo ap\u00f3s quatro jogos no mundial e uma sequ\u00eancia de treinos de mais de um m\u00eas, o\u00a0\u00a0time do t\u00e9cnico Luiz Felipe Scolari\u00a0ainda n\u00e3o engrenou, o que deixa muitos torcedores descrentes na conquista do hexacampeonato.\u00a0Para piorar, outras sele\u00e7\u00f5es est\u00e3o jogando um\u00a0bom\u00a0futebol, a exemplo\u00a0da pr\u00f3pria Col\u00f4mbia, que o Brasil enfrentar\u00e1 no pr\u00f3ximo dia 4, em Fortaleza, valendo vaga na semifinal.<\/p>\n<p>Nos quatro jogos que fez at\u00e9 agora, a sele\u00e7\u00e3o brasileira\u00a0apresentou uma grave defici\u00eancia: a falta\u00a0de articula\u00e7\u00e3o entre o meio de campo e o ataque, o que tem limitado o poder de fogo do time. Seria falha no esquema de jogo montado por Felip\u00e3o ou incompet\u00eancia de alguns jogadores para cumprir as fun\u00e7\u00f5es t\u00e1ticas que lhes cabem? Na minha humilde opini\u00e3o, s\u00e3o as duas coisas, o que torna\u00a0a situa\u00e7\u00e3o ainda mais complicada.<\/p>\n<p>Uma das principais apostas do t\u00e9cnico e da torcida, Oscar est\u00e1 apagado. Ap\u00f3s uma \u00f3tima estreia contra a Cro\u00e1cia, com direito ao passe\u00a0para Neymar abrir o placar\u00a0e ao\u00a0gol que fechou o marcador, o meia caiu de produ\u00e7\u00e3o e seu desempenho em campo se restringe a jogadas pelos lados, na tentativa frustrada de fugir da forte marca\u00e7\u00e3o imposta pelos advers\u00e1rios no meio. Com sua habilidade, juventude e vigor f\u00edsico, Oscar poderia fazer mais pela equipe, mas lhe faltam inspira\u00e7\u00e3o e atitude.<\/p>\n<p>Outros jogadores tamb\u00e9m est\u00e3o devendo. O\u00a0mais contestado \u00e9 Fred, que brilhou na \u00faltima Copa das Confedera\u00e7\u00f5es e um ano depois n\u00e3o \u00e9 nem sombra daquele atacante implac\u00e1vel que tornou-se artilheiro do torneio, com cinco gols. Para decep\u00e7\u00e3o da torcida, J\u00f4, seu substituto natural, n\u00e3o mostrou firmeza nas vezes em que entrou em campo. De resto, a sele\u00e7\u00e3o est\u00e1 bem. O goleiro J\u00falio C\u00e9sar passa seguran\u00e7a, os laterais Daniel Alves e Marcelo melhoraram o rendimento, a dupla de zaga, Thiago Silva e David Luiz, tem dado conta do recado e at\u00e9 o sempre criticado Hulk vem jogando com desenvoltura.<\/p>\n<p>Sobre Neymar, \u00fanico jogador do time que tem desequilibrado, h\u00e1\u00a0uma preocupa\u00e7\u00e3o: ca\u00e7ado em campo por uma marca\u00e7\u00e3o cada vez mais voraz e com um cart\u00e3o amarelo, ele pode vir a desfalcar a equipe na semifinal, caso o time supere a Col\u00f4mbia.\u00a0Por isso, todo cuidado \u00e9 pouco para evitar uma les\u00e3o ou o segundo amarelo, j\u00e1 que uma eventual\u00a0aus\u00eancia do atacante seria desastrosa para a sele\u00e7\u00e3o brasileira.<\/p>\n<p>Para chegar ao t\u00edtulo, o time de Felip\u00e3o\u00a0precisa corrigir os erros que t\u00eam travado seu desempenho em campo, pois \u00e0 medida que a Copa avan\u00e7a aumenta o grau de dificuldade dos confrontos. \u00c9 ineg\u00e1vel a qualidade do elenco brasileiro, mas, para seguir no torneio \u00e9 preciso que os jogadores confirmem em campo o status de estrelas do futebol mundial.<\/p>\n","protected":false},"excerpt":{"rendered":"<p>Depois de uma classifica\u00e7\u00e3o sofrida contra o Chile, a sele\u00e7\u00e3o brasileira chega \u00e0s quartas de final da Copa do Mundo [&hellip;]<\/p>\n","protected":false},"author":0,"featured_media":0,"comment_status":"open","ping_status":"open","sticky":false,"template":"","format":"standard","meta":{"site-sidebar-layout":"default","site-content-layout":"","ast-site-content-layout":"default","site-content-style":"default","site-sidebar-style":"default","ast-global-header-display":"","ast-banner-title-visibility":"","ast-main-header-display":"","ast-hfb-above-header-display":"","ast-hfb-below-header-display":"","ast-hfb-mobile-header-display":"","site-post-title":"","ast-breadcrumbs-content":"","ast-featured-img":"","footer-sml-layout":"","ast-disable-related-posts":"","theme-transparent-header-meta":"","adv-header-id-meta":"","stick-header-meta":"","header-above-stick-meta":"","header-main-stick-meta":"","header-below-stick-meta":"","astra-migrate-meta-layouts":"default","ast-page-background-enabled":"default","ast-page-background-meta":{"desktop":{"background-color":"var(--ast-global-color-5)","background-image":"","background-repeat":"repeat","background-position":"center center","background-size":"auto","background-attachment":"scroll","background-type":"","background-media":"","overlay-type":"","overlay-color":"","overlay-opacity":"","overlay-gradient":""},"tablet":{"background-color":"","background-image":"","background-repeat":"repeat","background-position":"center center","background-size":"auto","background-attachment":"scroll","background-type":"","background-media":"","overlay-type":"","overlay-color":"","overlay-opacity":"","overlay-gradient":""},"mobile":{"background-color":"","background-image":"","background-repeat":"repeat","background-position":"center center","background-size":"auto","background-attachment":"scroll","background-type":"","background-media":"","overlay-type":"","overlay-color":"","overlay-opacity":"","overlay-gradient":""}},"ast-content-background-meta":{"desktop":{"background-color":"var(--ast-global-color-4)","background-image":"","background-repeat":"repeat","background-position":"center center","background-size":"auto","background-attachment":"scroll","background-type":"","background-media":"","overlay-type":"","overlay-color":"","overlay-opacity":"","overlay-gradient":""},"tablet":{"background-color":"var(--ast-global-color-4)","background-image":"","background-repeat":"repeat","background-position":"center center","background-size":"auto","background-attachment":"scroll","background-type":"","background-media":"","overlay-type":"","overlay-color":"","overlay-opacity":"","overlay-gradient":""},"mobile":{"background-color":"var(--ast-global-color-4)","background-image":"","background-repeat":"repeat","background-position":"center center","background-size":"auto","background-attachment":"scroll","background-type":"","background-media":"","overlay-type":"","overlay-color":"","overlay-opacity":"","overlay-gradient":""}},"footnotes":""},"categories":[1],"tags":[],"class_list":["post-17530","post","type-post","status-publish","format-standard","hentry","category-sem-categoria"],"yoast_head":"<!-- This site is optimized with the Yoast SEO plugin v26.6 - https:\/\/yoast.com\/wordpress\/plugins\/seo\/ -->\n<title>F\u00e9 abalada - Daniel Matos<\/title>\n<meta name=\"robots\" content=\"index, follow, max-snippet:-1, max-image-preview:large, max-video-preview:-1\" \/>\n<link rel=\"canonical\" href=\"https:\/\/www.blogsoestado.com\/danielmatos\/fe-abalada\/\" \/>\n<meta property=\"og:locale\" content=\"pt_BR\" \/>\n<meta property=\"og:type\" content=\"article\" \/>\n<meta property=\"og:title\" content=\"F\u00e9 abalada - Daniel Matos\" \/>\n<meta property=\"og:description\" content=\"Depois de uma classifica\u00e7\u00e3o sofrida contra o Chile, a sele\u00e7\u00e3o brasileira chega \u00e0s quartas de final da Copa do Mundo [&hellip;]\" \/>\n<meta property=\"og:url\" content=\"https:\/\/www.blogsoestado.com\/danielmatos\/fe-abalada\/\" \/>\n<meta property=\"og:site_name\" content=\"Daniel Matos\" \/>\n<meta property=\"article:published_time\" content=\"2014-06-30T13:48:39+00:00\" \/>\n<meta name=\"twitter:card\" content=\"summary_large_image\" \/>\n<meta name=\"twitter:label1\" content=\"Est. tempo de leitura\" \/>\n\t<meta name=\"twitter:data1\" content=\"3 minutos\" \/>\n<script type=\"application\/ld+json\" class=\"yoast-schema-graph\">{\"@context\":\"https:\/\/schema.org\",\"@graph\":[{\"@type\":\"WebPage\",\"@id\":\"https:\/\/www.blogsoestado.com\/danielmatos\/fe-abalada\/\",\"url\":\"https:\/\/www.blogsoestado.com\/danielmatos\/fe-abalada\/\",\"name\":\"F\u00e9 abalada - Daniel Matos\",\"isPartOf\":{\"@id\":\"https:\/\/www.blogsoestado.com\/danielmatos\/#website\"},\"datePublished\":\"2014-06-30T13:48:39+00:00\",\"author\":{\"@id\":\"\"},\"breadcrumb\":{\"@id\":\"https:\/\/www.blogsoestado.com\/danielmatos\/fe-abalada\/#breadcrumb\"},\"inLanguage\":\"pt-BR\",\"potentialAction\":[{\"@type\":\"ReadAction\",\"target\":[\"https:\/\/www.blogsoestado.com\/danielmatos\/fe-abalada\/\"]}]},{\"@type\":\"BreadcrumbList\",\"@id\":\"https:\/\/www.blogsoestado.com\/danielmatos\/fe-abalada\/#breadcrumb\",\"itemListElement\":[{\"@type\":\"ListItem\",\"position\":1,\"name\":\"In\u00edcio\",\"item\":\"https:\/\/www.blogsoestado.com\/danielmatos\/\"},{\"@type\":\"ListItem\",\"position\":2,\"name\":\"F\u00e9 abalada\"}]},{\"@type\":\"WebSite\",\"@id\":\"https:\/\/www.blogsoestado.com\/danielmatos\/#website\",\"url\":\"https:\/\/www.blogsoestado.com\/danielmatos\/\",\"name\":\"Daniel Matos\",\"description\":\"\",\"potentialAction\":[{\"@type\":\"SearchAction\",\"target\":{\"@type\":\"EntryPoint\",\"urlTemplate\":\"https:\/\/www.blogsoestado.com\/danielmatos\/?s={search_term_string}\"},\"query-input\":{\"@type\":\"PropertyValueSpecification\",\"valueRequired\":true,\"valueName\":\"search_term_string\"}}],\"inLanguage\":\"pt-BR\"}]}<\/script>\n<!-- \/ Yoast SEO plugin. -->","yoast_head_json":{"title":"F\u00e9 abalada - Daniel Matos","robots":{"index":"index","follow":"follow","max-snippet":"max-snippet:-1","max-image-preview":"max-image-preview:large","max-video-preview":"max-video-preview:-1"},"canonical":"https:\/\/www.blogsoestado.com\/danielmatos\/fe-abalada\/","og_locale":"pt_BR","og_type":"article","og_title":"F\u00e9 abalada - Daniel Matos","og_description":"Depois de uma classifica\u00e7\u00e3o sofrida contra o Chile, a sele\u00e7\u00e3o brasileira chega \u00e0s quartas de final da Copa do Mundo [&hellip;]","og_url":"https:\/\/www.blogsoestado.com\/danielmatos\/fe-abalada\/","og_site_name":"Daniel Matos","article_published_time":"2014-06-30T13:48:39+00:00","twitter_card":"summary_large_image","twitter_misc":{"Est. tempo de leitura":"3 minutos"},"schema":{"@context":"https:\/\/schema.org","@graph":[{"@type":"WebPage","@id":"https:\/\/www.blogsoestado.com\/danielmatos\/fe-abalada\/","url":"https:\/\/www.blogsoestado.com\/danielmatos\/fe-abalada\/","name":"F\u00e9 abalada - Daniel Matos","isPartOf":{"@id":"https:\/\/www.blogsoestado.com\/danielmatos\/#website"},"datePublished":"2014-06-30T13:48:39+00:00","author":{"@id":""},"breadcrumb":{"@id":"https:\/\/www.blogsoestado.com\/danielmatos\/fe-abalada\/#breadcrumb"},"inLanguage":"pt-BR","potentialAction":[{"@type":"ReadAction","target":["https:\/\/www.blogsoestado.com\/danielmatos\/fe-abalada\/"]}]},{"@type":"BreadcrumbList","@id":"https:\/\/www.blogsoestado.com\/danielmatos\/fe-abalada\/#breadcrumb","itemListElement":[{"@type":"ListItem","position":1,"name":"In\u00edcio","item":"https:\/\/www.blogsoestado.com\/danielmatos\/"},{"@type":"ListItem","position":2,"name":"F\u00e9 abalada"}]},{"@type":"WebSite","@id":"https:\/\/www.blogsoestado.com\/danielmatos\/#website","url":"https:\/\/www.blogsoestado.com\/danielmatos\/","name":"Daniel Matos","description":"","potentialAction":[{"@type":"SearchAction","target":{"@type":"EntryPoint","urlTemplate":"https:\/\/www.blogsoestado.com\/danielmatos\/?s={search_term_string}"},"query-input":{"@type":"PropertyValueSpecification","valueRequired":true,"valueName":"search_term_string"}}],"inLanguage":"pt-BR"}]}},"jetpack_featured_media_url":"","_links":{"self":[{"href":"https:\/\/www.blogsoestado.com\/danielmatos\/wp-json\/wp\/v2\/posts\/17530","targetHints":{"allow":["GET"]}}],"collection":[{"href":"https:\/\/www.blogsoestado.com\/danielmatos\/wp-json\/wp\/v2\/posts"}],"about":[{"href":"https:\/\/www.blogsoestado.com\/danielmatos\/wp-json\/wp\/v2\/types\/post"}],"replies":[{"embeddable":true,"href":"https:\/\/www.blogsoestado.com\/danielmatos\/wp-json\/wp\/v2\/comments?post=17530"}],"version-history":[{"count":0,"href":"https:\/\/www.blogsoestado.com\/danielmatos\/wp-json\/wp\/v2\/posts\/17530\/revisions"}],"wp:attachment":[{"href":"https:\/\/www.blogsoestado.com\/danielmatos\/wp-json\/wp\/v2\/media?parent=17530"}],"wp:term":[{"taxonomy":"category","embeddable":true,"href":"https:\/\/www.blogsoestado.com\/danielmatos\/wp-json\/wp\/v2\/categories?post=17530"},{"taxonomy":"post_tag","embeddable":true,"href":"https:\/\/www.blogsoestado.com\/danielmatos\/wp-json\/wp\/v2\/tags?post=17530"}],"curies":[{"name":"wp","href":"https:\/\/api.w.org\/{rel}","templated":true}]}}