{"id":17544,"date":"2014-06-30T12:06:23","date_gmt":"2014-06-30T15:06:23","guid":{"rendered":"https:\/\/www.blogsoestado.com\/danielmatos\/?p=17544"},"modified":"2014-06-30T12:06:23","modified_gmt":"2014-06-30T15:06:23","slug":"mais-de-110-mil-pessoas-prestigiaram-arraial-da-maria-aragao","status":"publish","type":"post","link":"https:\/\/www.blogsoestado.com\/danielmatos\/mais-de-110-mil-pessoas-prestigiaram-arraial-da-maria-aragao\/","title":{"rendered":"Mais de 110 mil pessoas prestigiaram arraial da Maria Arag\u00e3o"},"content":{"rendered":"<figure id=\"attachment_17545\" aria-describedby=\"caption-attachment-17545\" style=\"width: 640px\" class=\"wp-caption aligncenter\"><a href=\"https:\/\/www.blogsoestado.com\/danielmatos\/files\/2014\/06\/arraial-da-maria-arag\u00e3o2.jpg\"><img fetchpriority=\"high\" decoding=\"async\" class=\"size-full wp-image-17545\" src=\"https:\/\/www.blogsoestado.com\/danielmatos\/files\/2014\/06\/arraial-da-maria-arag\u00e3o2.jpg\" alt=\"P\u00fablico numeroso prestigiou o Terreiro da Maria, montado pela Prefeitura de S\u00e3o Lu\u00eds na Pra\u00e7a Maria Arag\u00e3o\" width=\"640\" height=\"380\" \/><\/a><figcaption id=\"caption-attachment-17545\" class=\"wp-caption-text\">P\u00fablico numeroso prestigiou o Terreiro da Maria, montado pela Prefeitura de S\u00e3o Lu\u00eds na Pra\u00e7a Maria Arag\u00e3o<\/figcaption><\/figure>\n<p>Com 17 dias de programa\u00e7\u00e3o ininterrupta, apresenta\u00e7\u00f5es de 204 atra\u00e7\u00f5es culturais e um p\u00fablico estimado pela Guarda Municipal e Pol\u00edcia Militar de mais de 110 mil pessoas, o Arraial Terreiro da Maria na Pra\u00e7a Maria Arag\u00e3o repetiu o sucesso das edi\u00e7\u00f5es anteriores e superou a expectativa de p\u00fablico. O encerramento da programa\u00e7\u00e3o ocorreu no domingo (29), dia de S\u00e3o Pedro.<\/p>\n<p>Promovido pela Prefeitura de S\u00e3o Lu\u00eds, por meio da Funda\u00e7\u00e3o Municipal de Cultura (Func), o \u00faltimo dia da festa foi iniciado \u00e0s 18h, com o derrubamento do mastro erguido no dia 13 deste m\u00eas, dia da abertura do arraial. O momento especial foi acompanhado pelas caixeiras do Divino Esp\u00edrito Santo.<\/p>\n<p>J\u00e1 o palco da Pra\u00e7a Maria Arag\u00e3o recebeu como primeira atra\u00e7\u00e3o da noite o Tambor de Crioula do Laborarte (Laborat\u00f3rio de Express\u00f5es Art\u00edsticas do Maranh\u00e3o), grupo com mais de 40 anos e que trabalha com artistas locais em oficinas de tambor de crioula, cacuri\u00e1, capoeira, percuss\u00e3o, teatro, dan\u00e7a popular e outras produ\u00e7\u00f5es.<\/p>\n<p>A cantora Teresa Canto tamb\u00e9m foi uma das atra\u00e7\u00f5es do Terreiro da Maria. No repert\u00f3rio, a artista interpretou m\u00fasicas de grupos juninos como Boi da Maioba e do cantor Pablo do Arrocha. \u201cEu gosto demais do per\u00edodo junino, das brincadeiras, dos grupos de bumba-meu-boi, sou f\u00e3 da nossa cultura\u201d, declarou ao p\u00fablico.<\/p>\n<p>O Terreiro da Maria tamb\u00e9m recebeu ainda os grupos de boi F\u00e9 em Deus (zabumba), Vargem Grande (sotaque de orquestra) e de Maracan\u00e3 (matraca). \u201cEstamos nos apresentando pela primeira vez aqui na Pra\u00e7a Maria Arag\u00e3o. O que \u00e9 uma honra para os nossos brincantes, pois esse \u00e9 o maior arraial de S\u00e3o Lu\u00eds\u201d, destacou a presidente do Boi de Vargem Grande, Elizangela Raposo. O folguedo tem 21 anos de funda\u00e7\u00e3o e 60 componentes.<\/p>\n<p>Por sua vez, o Barrac\u00e3o do Forr\u00f3 contou com as apresenta\u00e7\u00f5es da banda Ra\u00edzes da Terra e de Marinaldo do Forr\u00f3, este \u00faltimo tamb\u00e9m participou da \u201cNoite do Forr\u00f3\u201d, promovido pela Func na Pra\u00e7a Maria Arag\u00e3o no \u00faltimo dia 26.<\/p>\n<p><strong>Novidades<\/strong><\/p>\n<figure id=\"attachment_17546\" aria-describedby=\"caption-attachment-17546\" style=\"width: 640px\" class=\"wp-caption aligncenter\"><a href=\"https:\/\/www.blogsoestado.com\/danielmatos\/files\/2014\/06\/arraial-da-maria-arag\u00e3o.jpg\"><img decoding=\"async\" class=\"size-full wp-image-17546\" src=\"https:\/\/www.blogsoestado.com\/danielmatos\/files\/2014\/06\/arraial-da-maria-arag\u00e3o.jpg\" alt=\"Multid\u00e3o assistiu \u00e0s apresenta\u00e7\u00f5es de dezenas de brincadeiras juninas nas 17 noites de programa\u00e7\u00e3o\" width=\"640\" height=\"425\" \/><\/a><figcaption id=\"caption-attachment-17546\" class=\"wp-caption-text\">Multid\u00e3o assistiu \u00e0s apresenta\u00e7\u00f5es de dezenas de brincadeiras juninas nas 17 noites de programa\u00e7\u00e3o do arraial<\/figcaption><\/figure>\n<p>Com o encerramento da programa\u00e7\u00e3o deste ano do S\u00e3o Jo\u00e3o de S\u00e3o Lu\u00eds, o presidente da Func, Francisco Gon\u00e7alves, anunciou os projetos para a edi\u00e7\u00e3o do Terreiro da Maria de 2015, na qual pretende ampliar a infraestrutura do arraial montado na Pra\u00e7a Maria Arag\u00e3o e trazer mais novidades para incrementar a programa\u00e7\u00e3o junina, com a montagem de espa\u00e7os onde ser\u00e3o oferecidas oficinas de dan\u00e7a para ensinar o cacuri\u00e1, o tambor de crioula e outros folguedos t\u00edpicos da capital maranhense.<\/p>\n<p>\u201cO arraial da Pra\u00e7a Maria Arag\u00e3o se consolidou como o maior e mais importante terreiro da cidade, n\u00e3o s\u00f3 pelo p\u00fablico presente, mas porque toda S\u00e3o Lu\u00eds se encontrou aqui. Desse ano, para o ano passado, tivemos uma maior diversidade das brincadeiras, ou seja, a oportunidade de ver um panorama da diversidade cultural do Maranh\u00e3o, ao mesmo tempo em que acrescentamos a pol\u00edtica de salvaguarda no terreiro de brincadeiras que correm o risco de desaparecer, como a dan\u00e7a do Lel\u00ea e do Coco\u201d, informou Francisco Gon\u00e7alves.<\/p>\n<p>Segundo Francisco Gon\u00e7alves, a Func pretende fazer uma s\u00e9rie de modifica\u00e7\u00f5es no arraial da Maria Arag\u00e3o em 2015, tanto no formato como na programa\u00e7\u00e3o. Na montagem do terreiro, a ideia \u00e9 a possibilidade de incorporar o espa\u00e7o da Pra\u00e7a Gon\u00e7alves Dias ao acampamento junino, sobretudo para a realiza\u00e7\u00e3o de atividades com crian\u00e7as.<\/p>\n<p>\u201cAinda sobre os espa\u00e7os, vamos criar mais um que \u00e9 o Barrac\u00e3o do S\u00e3o Jo\u00e3o, para que quem venha \u00e0 Pra\u00e7a tamb\u00e9m tenha a oportunidade de aprender a dan\u00e7ar o tambor de crioula, o cacuri\u00e1 e outras brincadeiras\u201d, explica.<\/p>\n<p>Em 2014, a montagem do terreiro teve 20 barracas, sendo 16 barracas para a comercializa\u00e7\u00e3o de bebidas e comidas t\u00edpicas; uma para o Espa\u00e7o do Artesanato, o Barrac\u00e3o do Forr\u00f3, dois espa\u00e7os institucionais para a presta\u00e7\u00e3o de servi\u00e7os e o Espa\u00e7o do Turista.<\/p>\n<p><strong>Fonte:<\/strong> Secretaria Municipal de Comunica\u00e7\u00e3o (Secom)<\/p>\n","protected":false},"excerpt":{"rendered":"<p>Com 17 dias de programa\u00e7\u00e3o ininterrupta, apresenta\u00e7\u00f5es de 204 atra\u00e7\u00f5es culturais e um p\u00fablico estimado pela Guarda Municipal e Pol\u00edcia [&hellip;]<\/p>\n","protected":false},"author":0,"featured_media":0,"comment_status":"open","ping_status":"open","sticky":false,"template":"","format":"standard","meta":{"site-sidebar-layout":"default","site-content-layout":"","ast-site-content-layout":"default","site-content-style":"default","site-sidebar-style":"default","ast-global-header-display":"","ast-banner-title-visibility":"","ast-main-header-display":"","ast-hfb-above-header-display":"","ast-hfb-below-header-display":"","ast-hfb-mobile-header-display":"","site-post-title":"","ast-breadcrumbs-content":"","ast-featured-img":"","footer-sml-layout":"","ast-disable-related-posts":"","theme-transparent-header-meta":"","adv-header-id-meta":"","stick-header-meta":"","header-above-stick-meta":"","header-main-stick-meta":"","header-below-stick-meta":"","astra-migrate-meta-layouts":"default","ast-page-background-enabled":"default","ast-page-background-meta":{"desktop":{"background-color":"var(--ast-global-color-5)","background-image":"","background-repeat":"repeat","background-position":"center center","background-size":"auto","background-attachment":"scroll","background-type":"","background-media":"","overlay-type":"","overlay-color":"","overlay-opacity":"","overlay-gradient":""},"tablet":{"background-color":"","background-image":"","background-repeat":"repeat","background-position":"center center","background-size":"auto","background-attachment":"scroll","background-type":"","background-media":"","overlay-type":"","overlay-color":"","overlay-opacity":"","overlay-gradient":""},"mobile":{"background-color":"","background-image":"","background-repeat":"repeat","background-position":"center center","background-size":"auto","background-attachment":"scroll","background-type":"","background-media":"","overlay-type":"","overlay-color":"","overlay-opacity":"","overlay-gradient":""}},"ast-content-background-meta":{"desktop":{"background-color":"var(--ast-global-color-4)","background-image":"","background-repeat":"repeat","background-position":"center center","background-size":"auto","background-attachment":"scroll","background-type":"","background-media":"","overlay-type":"","overlay-color":"","overlay-opacity":"","overlay-gradient":""},"tablet":{"background-color":"var(--ast-global-color-4)","background-image":"","background-repeat":"repeat","background-position":"center center","background-size":"auto","background-attachment":"scroll","background-type":"","background-media":"","overlay-type":"","overlay-color":"","overlay-opacity":"","overlay-gradient":""},"mobile":{"background-color":"var(--ast-global-color-4)","background-image":"","background-repeat":"repeat","background-position":"center center","background-size":"auto","background-attachment":"scroll","background-type":"","background-media":"","overlay-type":"","overlay-color":"","overlay-opacity":"","overlay-gradient":""}},"footnotes":""},"categories":[1],"tags":[],"class_list":["post-17544","post","type-post","status-publish","format-standard","hentry","category-sem-categoria"],"yoast_head":"<!-- This site is optimized with the Yoast SEO plugin v26.6 - https:\/\/yoast.com\/wordpress\/plugins\/seo\/ -->\n<title>Mais de 110 mil pessoas prestigiaram arraial da Maria Arag\u00e3o - Daniel Matos<\/title>\n<meta name=\"robots\" content=\"index, follow, max-snippet:-1, max-image-preview:large, max-video-preview:-1\" \/>\n<link rel=\"canonical\" href=\"https:\/\/www.blogsoestado.com\/danielmatos\/mais-de-110-mil-pessoas-prestigiaram-arraial-da-maria-aragao\/\" \/>\n<meta property=\"og:locale\" content=\"pt_BR\" \/>\n<meta property=\"og:type\" content=\"article\" \/>\n<meta property=\"og:title\" content=\"Mais de 110 mil pessoas prestigiaram arraial da Maria Arag\u00e3o - Daniel Matos\" \/>\n<meta property=\"og:description\" content=\"Com 17 dias de programa\u00e7\u00e3o ininterrupta, apresenta\u00e7\u00f5es de 204 atra\u00e7\u00f5es culturais e um p\u00fablico estimado pela Guarda Municipal e Pol\u00edcia [&hellip;]\" \/>\n<meta property=\"og:url\" content=\"https:\/\/www.blogsoestado.com\/danielmatos\/mais-de-110-mil-pessoas-prestigiaram-arraial-da-maria-aragao\/\" \/>\n<meta property=\"og:site_name\" content=\"Daniel Matos\" \/>\n<meta property=\"article:published_time\" content=\"2014-06-30T15:06:23+00:00\" \/>\n<meta name=\"twitter:card\" content=\"summary_large_image\" \/>\n<meta name=\"twitter:label1\" content=\"Est. tempo de leitura\" \/>\n\t<meta name=\"twitter:data1\" content=\"4 minutos\" \/>\n<script type=\"application\/ld+json\" class=\"yoast-schema-graph\">{\"@context\":\"https:\/\/schema.org\",\"@graph\":[{\"@type\":\"WebPage\",\"@id\":\"https:\/\/www.blogsoestado.com\/danielmatos\/mais-de-110-mil-pessoas-prestigiaram-arraial-da-maria-aragao\/\",\"url\":\"https:\/\/www.blogsoestado.com\/danielmatos\/mais-de-110-mil-pessoas-prestigiaram-arraial-da-maria-aragao\/\",\"name\":\"Mais de 110 mil pessoas prestigiaram arraial da Maria Arag\u00e3o - Daniel Matos\",\"isPartOf\":{\"@id\":\"https:\/\/www.blogsoestado.com\/danielmatos\/#website\"},\"datePublished\":\"2014-06-30T15:06:23+00:00\",\"author\":{\"@id\":\"\"},\"breadcrumb\":{\"@id\":\"https:\/\/www.blogsoestado.com\/danielmatos\/mais-de-110-mil-pessoas-prestigiaram-arraial-da-maria-aragao\/#breadcrumb\"},\"inLanguage\":\"pt-BR\",\"potentialAction\":[{\"@type\":\"ReadAction\",\"target\":[\"https:\/\/www.blogsoestado.com\/danielmatos\/mais-de-110-mil-pessoas-prestigiaram-arraial-da-maria-aragao\/\"]}]},{\"@type\":\"BreadcrumbList\",\"@id\":\"https:\/\/www.blogsoestado.com\/danielmatos\/mais-de-110-mil-pessoas-prestigiaram-arraial-da-maria-aragao\/#breadcrumb\",\"itemListElement\":[{\"@type\":\"ListItem\",\"position\":1,\"name\":\"In\u00edcio\",\"item\":\"https:\/\/www.blogsoestado.com\/danielmatos\/\"},{\"@type\":\"ListItem\",\"position\":2,\"name\":\"Mais de 110 mil pessoas prestigiaram arraial da Maria Arag\u00e3o\"}]},{\"@type\":\"WebSite\",\"@id\":\"https:\/\/www.blogsoestado.com\/danielmatos\/#website\",\"url\":\"https:\/\/www.blogsoestado.com\/danielmatos\/\",\"name\":\"Daniel Matos\",\"description\":\"\",\"potentialAction\":[{\"@type\":\"SearchAction\",\"target\":{\"@type\":\"EntryPoint\",\"urlTemplate\":\"https:\/\/www.blogsoestado.com\/danielmatos\/?s={search_term_string}\"},\"query-input\":{\"@type\":\"PropertyValueSpecification\",\"valueRequired\":true,\"valueName\":\"search_term_string\"}}],\"inLanguage\":\"pt-BR\"}]}<\/script>\n<!-- \/ Yoast SEO plugin. -->","yoast_head_json":{"title":"Mais de 110 mil pessoas prestigiaram arraial da Maria Arag\u00e3o - Daniel Matos","robots":{"index":"index","follow":"follow","max-snippet":"max-snippet:-1","max-image-preview":"max-image-preview:large","max-video-preview":"max-video-preview:-1"},"canonical":"https:\/\/www.blogsoestado.com\/danielmatos\/mais-de-110-mil-pessoas-prestigiaram-arraial-da-maria-aragao\/","og_locale":"pt_BR","og_type":"article","og_title":"Mais de 110 mil pessoas prestigiaram arraial da Maria Arag\u00e3o - Daniel Matos","og_description":"Com 17 dias de programa\u00e7\u00e3o ininterrupta, apresenta\u00e7\u00f5es de 204 atra\u00e7\u00f5es culturais e um p\u00fablico estimado pela Guarda Municipal e Pol\u00edcia [&hellip;]","og_url":"https:\/\/www.blogsoestado.com\/danielmatos\/mais-de-110-mil-pessoas-prestigiaram-arraial-da-maria-aragao\/","og_site_name":"Daniel Matos","article_published_time":"2014-06-30T15:06:23+00:00","twitter_card":"summary_large_image","twitter_misc":{"Est. tempo de leitura":"4 minutos"},"schema":{"@context":"https:\/\/schema.org","@graph":[{"@type":"WebPage","@id":"https:\/\/www.blogsoestado.com\/danielmatos\/mais-de-110-mil-pessoas-prestigiaram-arraial-da-maria-aragao\/","url":"https:\/\/www.blogsoestado.com\/danielmatos\/mais-de-110-mil-pessoas-prestigiaram-arraial-da-maria-aragao\/","name":"Mais de 110 mil pessoas prestigiaram arraial da Maria Arag\u00e3o - Daniel Matos","isPartOf":{"@id":"https:\/\/www.blogsoestado.com\/danielmatos\/#website"},"datePublished":"2014-06-30T15:06:23+00:00","author":{"@id":""},"breadcrumb":{"@id":"https:\/\/www.blogsoestado.com\/danielmatos\/mais-de-110-mil-pessoas-prestigiaram-arraial-da-maria-aragao\/#breadcrumb"},"inLanguage":"pt-BR","potentialAction":[{"@type":"ReadAction","target":["https:\/\/www.blogsoestado.com\/danielmatos\/mais-de-110-mil-pessoas-prestigiaram-arraial-da-maria-aragao\/"]}]},{"@type":"BreadcrumbList","@id":"https:\/\/www.blogsoestado.com\/danielmatos\/mais-de-110-mil-pessoas-prestigiaram-arraial-da-maria-aragao\/#breadcrumb","itemListElement":[{"@type":"ListItem","position":1,"name":"In\u00edcio","item":"https:\/\/www.blogsoestado.com\/danielmatos\/"},{"@type":"ListItem","position":2,"name":"Mais de 110 mil pessoas prestigiaram arraial da Maria Arag\u00e3o"}]},{"@type":"WebSite","@id":"https:\/\/www.blogsoestado.com\/danielmatos\/#website","url":"https:\/\/www.blogsoestado.com\/danielmatos\/","name":"Daniel Matos","description":"","potentialAction":[{"@type":"SearchAction","target":{"@type":"EntryPoint","urlTemplate":"https:\/\/www.blogsoestado.com\/danielmatos\/?s={search_term_string}"},"query-input":{"@type":"PropertyValueSpecification","valueRequired":true,"valueName":"search_term_string"}}],"inLanguage":"pt-BR"}]}},"jetpack_featured_media_url":"","_links":{"self":[{"href":"https:\/\/www.blogsoestado.com\/danielmatos\/wp-json\/wp\/v2\/posts\/17544","targetHints":{"allow":["GET"]}}],"collection":[{"href":"https:\/\/www.blogsoestado.com\/danielmatos\/wp-json\/wp\/v2\/posts"}],"about":[{"href":"https:\/\/www.blogsoestado.com\/danielmatos\/wp-json\/wp\/v2\/types\/post"}],"replies":[{"embeddable":true,"href":"https:\/\/www.blogsoestado.com\/danielmatos\/wp-json\/wp\/v2\/comments?post=17544"}],"version-history":[{"count":0,"href":"https:\/\/www.blogsoestado.com\/danielmatos\/wp-json\/wp\/v2\/posts\/17544\/revisions"}],"wp:attachment":[{"href":"https:\/\/www.blogsoestado.com\/danielmatos\/wp-json\/wp\/v2\/media?parent=17544"}],"wp:term":[{"taxonomy":"category","embeddable":true,"href":"https:\/\/www.blogsoestado.com\/danielmatos\/wp-json\/wp\/v2\/categories?post=17544"},{"taxonomy":"post_tag","embeddable":true,"href":"https:\/\/www.blogsoestado.com\/danielmatos\/wp-json\/wp\/v2\/tags?post=17544"}],"curies":[{"name":"wp","href":"https:\/\/api.w.org\/{rel}","templated":true}]}}