{"id":17548,"date":"2014-06-30T16:09:01","date_gmt":"2014-06-30T19:09:01","guid":{"rendered":"https:\/\/www.blogsoestado.com\/danielmatos\/?p=17548"},"modified":"2014-06-30T16:09:01","modified_gmt":"2014-06-30T19:09:01","slug":"ze-inacio-oficaliza-candidatura-a-deputado-estadual","status":"publish","type":"post","link":"https:\/\/www.blogsoestado.com\/danielmatos\/ze-inacio-oficaliza-candidatura-a-deputado-estadual\/","title":{"rendered":"Z\u00e9 In\u00e1cio oficaliza candidatura a deputado estadual"},"content":{"rendered":"<figure id=\"attachment_17549\" aria-describedby=\"caption-attachment-17549\" style=\"width: 640px\" class=\"wp-caption aligncenter\"><a href=\"https:\/\/www.blogsoestado.com\/danielmatos\/files\/2014\/06\/z\u00e9-in\u00e1cio-conven\u00e7\u00e3o.jpg\"><img fetchpriority=\"high\" decoding=\"async\" class=\"size-full wp-image-17549\" src=\"https:\/\/www.blogsoestado.com\/danielmatos\/files\/2014\/06\/z\u00e9-in\u00e1cio-conven\u00e7\u00e3o.jpg\" alt=\"O candidato a deputado estadual Z\u00e9 In\u00e1cio (PT) \u00e9 conclamado por v\u00e1rias lideran\u00e7as\" width=\"640\" height=\"395\" \/><\/a><figcaption id=\"caption-attachment-17549\" class=\"wp-caption-text\">O candidato a deputado estadual Z\u00e9 In\u00e1cio (PT) \u00e9 conclamado por v\u00e1rias lideran\u00e7as<\/figcaption><\/figure>\n<p>Durante conven\u00e7\u00e3o do Partido dos Trabalhadores, na \u00faltimasexta-feira (27), Z\u00e9 In\u00e1cio teve a sua candidatura como candidato a Deputado Estadual oficializado. Z\u00e9 In\u00e1cio \u00e9 um dos dirigentes pol\u00edticos dos mais influentes na defesa do Desenvolvimento Sustent\u00e1vel e da Agricultura Familiar no atual cen\u00e1rio maranhense.<\/p>\n<p>A trajet\u00f3ria pol\u00edtica do candidato a deputado estadual peloPT, Z\u00e9 In\u00e1cio \u00e9 marcada pela luta, na defesa da melhoria da qualidade de vida do homem e da mulher do campo, por meio do acesso as pol\u00edticas p\u00fablicas de qualidade, voltadas para a redu\u00e7\u00e3o das desigualdades de pobreza no Maranh\u00e3o.<\/p>\n<figure id=\"attachment_17550\" aria-describedby=\"caption-attachment-17550\" style=\"width: 640px\" class=\"wp-caption aligncenter\"><a href=\"https:\/\/www.blogsoestado.com\/danielmatos\/files\/2014\/06\/z\u00e9-in\u00e1cio-conven\u00e7\u00e3o2.jpg\"><img decoding=\"async\" class=\"size-full wp-image-17550\" src=\"https:\/\/www.blogsoestado.com\/danielmatos\/files\/2014\/06\/z\u00e9-in\u00e1cio-conven\u00e7\u00e3o2.jpg\" alt=\"Z\u00e9 In\u00e1cio com militantes do PT ap\u00f3s homologa\u00e7\u00e3o da da sua candidatura a uma vaga na Assembleia Legislativa\" width=\"640\" height=\"360\" \/><\/a><figcaption id=\"caption-attachment-17550\" class=\"wp-caption-text\">Z\u00e9 In\u00e1cio com militantes do PT ap\u00f3s homologa\u00e7\u00e3o da da sua candidatura a uma vaga na Assembleia Legislativa<\/figcaption><\/figure>\n<p>Ainda muito jovem Z\u00e9 In\u00e1cio iniciou suamilit\u00e2ncia pol\u00edtica no movimento estudantil e como advogado atuou em defesa dos direitos humanos, dos trabalhadores e trabalhadoras rurais e da popula\u00e7\u00e3o negra nas seguintes institui\u00e7\u00f5es: Sociedade Maranhense de Direitos Humanos, Federa\u00e7\u00e3o dos Trabalhadores (as) Rurais do Maranh\u00e3o (FETAEMA), Comiss\u00e3o Pastoral da Terra (PT), Centro de Cultura Negra (CCN). Na Justi\u00e7a Global atuou junto a Comiss\u00e3o Interamericana de Direitos Humanos (OEA) tendo como destaque os seguintes processos: deslocamentos compuls\u00f3rios das fam\u00edlias quilombolas de Alc\u00e2ntara e o caso dos meninos emasculados. Atuou como membro da Comiss\u00e3o de Direitos Humanos da Ordem dos Advogados do Brasil (OAB-MA).<\/p>\n<p>Como Delegado do Minist\u00e9rio do Desenvolvimento Agr\u00e1rio (MDA) no Maranh\u00e3o, Z\u00e9 In\u00e1cio teve umaatua\u00e7\u00e3o mais voltada para a implanta\u00e7\u00e3o dos programas do governo Lula, tais como: os Territ\u00f3rios Rurais, o Programa Territ\u00f3rios da Cidadania, os Colegiados Territoriais, os Projetos de investimento para os Munic\u00edpios rurais (casas familiar rural, agroind\u00fastrias, centros de comercializa\u00e7\u00e3o, etc), Cr\u00e9dito para Agricultura Familiar, atrav\u00e9s do PRONAF, cria\u00e7\u00e3o e apoio aos assentamentos rurais e outras a\u00e7\u00f5es de infra estrutura, s\u00f3cio-econ\u00f4mica e produtiva.<\/p>\n<figure id=\"attachment_17551\" aria-describedby=\"caption-attachment-17551\" style=\"width: 448px\" class=\"wp-caption alignright\"><a href=\"https:\/\/www.blogsoestado.com\/danielmatos\/files\/2014\/06\/z\u00e9-in\u00e1cio-conven\u00e7\u00e3o3.jpg\"><img decoding=\"async\" class=\"size-full wp-image-17551\" src=\"https:\/\/www.blogsoestado.com\/danielmatos\/files\/2014\/06\/z\u00e9-in\u00e1cio-conven\u00e7\u00e3o3.jpg\" alt=\"V\u00e1rias lideran\u00e7as de S\u00e3o Lu\u00eds e do interior apoiam a candidatura de Z\u00e9 In\u00e1cio a deputado estadual\" width=\"448\" height=\"336\" \/><\/a><figcaption id=\"caption-attachment-17551\" class=\"wp-caption-text\">V\u00e1rias lideran\u00e7as de S\u00e3o Lu\u00eds e do interior apoiam a candidatura de Z\u00e9 In\u00e1cio<\/figcaption><\/figure>\n<p>No per\u00edodo em que esteve Superintendente Regional do Incra no Maranh\u00e3o, Z\u00e9 In\u00e1cio fez uma gest\u00e3o orientada para a reforma agr\u00e1ria, num dialogo permanente com as organiza\u00e7\u00f5es da sociedade civil e \u00f3rg\u00e3os executivos e judici\u00e1rios, objetivando o desenvolvimento das \u00e1reas de assentamentos, melhoria de vida e cidadania \u00e0s fam\u00edlias assentadas.<br \/>\nEm 2013, O Maranh\u00e3o foi um dos Estados que teve mais \u00e1reas desapropriadas; Foi o Estado que criou o maior n\u00famero de assentamentos no Pa\u00eds, ficando em primeiro lugar entre as Superintend\u00eancias do Nordeste quanto \u00e0 quantidade de fam\u00edlias assentadas.<\/p>\n<p><strong>Conven\u00e7\u00e3o<\/strong><\/p>\n<p>Na \u00faltima sexta-feira (27), durante conven\u00e7\u00e3o do PT, no Centro de Conven\u00e7\u00e3o Paulo Freire, na UFMA, o\u00a0pr\u00e9-candidato a deputado estadual Z\u00e9 In\u00e1cio foi conclamado em sua chegada por centenas de lideran\u00e7as de v\u00e1rios munic\u00edpios Maranhenses. Estiveram presentes caravanas de Alc\u00e2ntara,Brejo, Bom Jardim, Bequim\u00e3o,Chapadinha, Itapecuru, Itinga, Santa Rita, todas para dar apoio \u00e0 candidatura de Z\u00e9 In\u00e1cio (PT).<\/p>\n<p>Da grande S\u00e3o Lu\u00eds estiveram presentes lideran\u00e7as dos bairros Anjo da Guarda, Cidade Oper\u00e1ria, Coroadinho,liberdade,Madre de Deus, Pa\u00e7o do Lumiar, Ribamar e Turu.<\/p>\n","protected":false},"excerpt":{"rendered":"<p>Durante conven\u00e7\u00e3o do Partido dos Trabalhadores, na \u00faltimasexta-feira (27), Z\u00e9 In\u00e1cio teve a sua candidatura como candidato a Deputado Estadual [&hellip;]<\/p>\n","protected":false},"author":0,"featured_media":0,"comment_status":"open","ping_status":"open","sticky":false,"template":"","format":"standard","meta":{"site-sidebar-layout":"default","site-content-layout":"","ast-site-content-layout":"default","site-content-style":"default","site-sidebar-style":"default","ast-global-header-display":"","ast-banner-title-visibility":"","ast-main-header-display":"","ast-hfb-above-header-display":"","ast-hfb-below-header-display":"","ast-hfb-mobile-header-display":"","site-post-title":"","ast-breadcrumbs-content":"","ast-featured-img":"","footer-sml-layout":"","ast-disable-related-posts":"","theme-transparent-header-meta":"","adv-header-id-meta":"","stick-header-meta":"","header-above-stick-meta":"","header-main-stick-meta":"","header-below-stick-meta":"","astra-migrate-meta-layouts":"default","ast-page-background-enabled":"default","ast-page-background-meta":{"desktop":{"background-color":"var(--ast-global-color-5)","background-image":"","background-repeat":"repeat","background-position":"center center","background-size":"auto","background-attachment":"scroll","background-type":"","background-media":"","overlay-type":"","overlay-color":"","overlay-opacity":"","overlay-gradient":""},"tablet":{"background-color":"","background-image":"","background-repeat":"repeat","background-position":"center center","background-size":"auto","background-attachment":"scroll","background-type":"","background-media":"","overlay-type":"","overlay-color":"","overlay-opacity":"","overlay-gradient":""},"mobile":{"background-color":"","background-image":"","background-repeat":"repeat","background-position":"center center","background-size":"auto","background-attachment":"scroll","background-type":"","background-media":"","overlay-type":"","overlay-color":"","overlay-opacity":"","overlay-gradient":""}},"ast-content-background-meta":{"desktop":{"background-color":"var(--ast-global-color-4)","background-image":"","background-repeat":"repeat","background-position":"center center","background-size":"auto","background-attachment":"scroll","background-type":"","background-media":"","overlay-type":"","overlay-color":"","overlay-opacity":"","overlay-gradient":""},"tablet":{"background-color":"var(--ast-global-color-4)","background-image":"","background-repeat":"repeat","background-position":"center center","background-size":"auto","background-attachment":"scroll","background-type":"","background-media":"","overlay-type":"","overlay-color":"","overlay-opacity":"","overlay-gradient":""},"mobile":{"background-color":"var(--ast-global-color-4)","background-image":"","background-repeat":"repeat","background-position":"center center","background-size":"auto","background-attachment":"scroll","background-type":"","background-media":"","overlay-type":"","overlay-color":"","overlay-opacity":"","overlay-gradient":""}},"footnotes":""},"categories":[1],"tags":[],"class_list":["post-17548","post","type-post","status-publish","format-standard","hentry","category-sem-categoria"],"yoast_head":"<!-- This site is optimized with the Yoast SEO plugin v26.6 - https:\/\/yoast.com\/wordpress\/plugins\/seo\/ -->\n<title>Z\u00e9 In\u00e1cio oficaliza candidatura a deputado estadual - Daniel Matos<\/title>\n<meta name=\"robots\" content=\"index, follow, max-snippet:-1, max-image-preview:large, max-video-preview:-1\" \/>\n<link rel=\"canonical\" href=\"https:\/\/www.blogsoestado.com\/danielmatos\/ze-inacio-oficaliza-candidatura-a-deputado-estadual\/\" \/>\n<meta property=\"og:locale\" content=\"pt_BR\" \/>\n<meta property=\"og:type\" content=\"article\" \/>\n<meta property=\"og:title\" content=\"Z\u00e9 In\u00e1cio oficaliza candidatura a deputado estadual - Daniel Matos\" \/>\n<meta property=\"og:description\" content=\"Durante conven\u00e7\u00e3o do Partido dos Trabalhadores, na \u00faltimasexta-feira (27), Z\u00e9 In\u00e1cio teve a sua candidatura como candidato a Deputado Estadual [&hellip;]\" \/>\n<meta property=\"og:url\" content=\"https:\/\/www.blogsoestado.com\/danielmatos\/ze-inacio-oficaliza-candidatura-a-deputado-estadual\/\" \/>\n<meta property=\"og:site_name\" content=\"Daniel Matos\" \/>\n<meta property=\"article:published_time\" content=\"2014-06-30T19:09:01+00:00\" \/>\n<meta name=\"twitter:card\" content=\"summary_large_image\" \/>\n<meta name=\"twitter:label1\" content=\"Est. tempo de leitura\" \/>\n\t<meta name=\"twitter:data1\" content=\"3 minutos\" \/>\n<script type=\"application\/ld+json\" class=\"yoast-schema-graph\">{\"@context\":\"https:\/\/schema.org\",\"@graph\":[{\"@type\":\"WebPage\",\"@id\":\"https:\/\/www.blogsoestado.com\/danielmatos\/ze-inacio-oficaliza-candidatura-a-deputado-estadual\/\",\"url\":\"https:\/\/www.blogsoestado.com\/danielmatos\/ze-inacio-oficaliza-candidatura-a-deputado-estadual\/\",\"name\":\"Z\u00e9 In\u00e1cio oficaliza candidatura a deputado estadual - Daniel Matos\",\"isPartOf\":{\"@id\":\"https:\/\/www.blogsoestado.com\/danielmatos\/#website\"},\"datePublished\":\"2014-06-30T19:09:01+00:00\",\"author\":{\"@id\":\"\"},\"breadcrumb\":{\"@id\":\"https:\/\/www.blogsoestado.com\/danielmatos\/ze-inacio-oficaliza-candidatura-a-deputado-estadual\/#breadcrumb\"},\"inLanguage\":\"pt-BR\",\"potentialAction\":[{\"@type\":\"ReadAction\",\"target\":[\"https:\/\/www.blogsoestado.com\/danielmatos\/ze-inacio-oficaliza-candidatura-a-deputado-estadual\/\"]}]},{\"@type\":\"BreadcrumbList\",\"@id\":\"https:\/\/www.blogsoestado.com\/danielmatos\/ze-inacio-oficaliza-candidatura-a-deputado-estadual\/#breadcrumb\",\"itemListElement\":[{\"@type\":\"ListItem\",\"position\":1,\"name\":\"In\u00edcio\",\"item\":\"https:\/\/www.blogsoestado.com\/danielmatos\/\"},{\"@type\":\"ListItem\",\"position\":2,\"name\":\"Z\u00e9 In\u00e1cio oficaliza candidatura a deputado estadual\"}]},{\"@type\":\"WebSite\",\"@id\":\"https:\/\/www.blogsoestado.com\/danielmatos\/#website\",\"url\":\"https:\/\/www.blogsoestado.com\/danielmatos\/\",\"name\":\"Daniel Matos\",\"description\":\"\",\"potentialAction\":[{\"@type\":\"SearchAction\",\"target\":{\"@type\":\"EntryPoint\",\"urlTemplate\":\"https:\/\/www.blogsoestado.com\/danielmatos\/?s={search_term_string}\"},\"query-input\":{\"@type\":\"PropertyValueSpecification\",\"valueRequired\":true,\"valueName\":\"search_term_string\"}}],\"inLanguage\":\"pt-BR\"}]}<\/script>\n<!-- \/ Yoast SEO plugin. -->","yoast_head_json":{"title":"Z\u00e9 In\u00e1cio oficaliza candidatura a deputado estadual - Daniel Matos","robots":{"index":"index","follow":"follow","max-snippet":"max-snippet:-1","max-image-preview":"max-image-preview:large","max-video-preview":"max-video-preview:-1"},"canonical":"https:\/\/www.blogsoestado.com\/danielmatos\/ze-inacio-oficaliza-candidatura-a-deputado-estadual\/","og_locale":"pt_BR","og_type":"article","og_title":"Z\u00e9 In\u00e1cio oficaliza candidatura a deputado estadual - Daniel Matos","og_description":"Durante conven\u00e7\u00e3o do Partido dos Trabalhadores, na \u00faltimasexta-feira (27), Z\u00e9 In\u00e1cio teve a sua candidatura como candidato a Deputado Estadual [&hellip;]","og_url":"https:\/\/www.blogsoestado.com\/danielmatos\/ze-inacio-oficaliza-candidatura-a-deputado-estadual\/","og_site_name":"Daniel Matos","article_published_time":"2014-06-30T19:09:01+00:00","twitter_card":"summary_large_image","twitter_misc":{"Est. tempo de leitura":"3 minutos"},"schema":{"@context":"https:\/\/schema.org","@graph":[{"@type":"WebPage","@id":"https:\/\/www.blogsoestado.com\/danielmatos\/ze-inacio-oficaliza-candidatura-a-deputado-estadual\/","url":"https:\/\/www.blogsoestado.com\/danielmatos\/ze-inacio-oficaliza-candidatura-a-deputado-estadual\/","name":"Z\u00e9 In\u00e1cio oficaliza candidatura a deputado estadual - Daniel Matos","isPartOf":{"@id":"https:\/\/www.blogsoestado.com\/danielmatos\/#website"},"datePublished":"2014-06-30T19:09:01+00:00","author":{"@id":""},"breadcrumb":{"@id":"https:\/\/www.blogsoestado.com\/danielmatos\/ze-inacio-oficaliza-candidatura-a-deputado-estadual\/#breadcrumb"},"inLanguage":"pt-BR","potentialAction":[{"@type":"ReadAction","target":["https:\/\/www.blogsoestado.com\/danielmatos\/ze-inacio-oficaliza-candidatura-a-deputado-estadual\/"]}]},{"@type":"BreadcrumbList","@id":"https:\/\/www.blogsoestado.com\/danielmatos\/ze-inacio-oficaliza-candidatura-a-deputado-estadual\/#breadcrumb","itemListElement":[{"@type":"ListItem","position":1,"name":"In\u00edcio","item":"https:\/\/www.blogsoestado.com\/danielmatos\/"},{"@type":"ListItem","position":2,"name":"Z\u00e9 In\u00e1cio oficaliza candidatura a deputado estadual"}]},{"@type":"WebSite","@id":"https:\/\/www.blogsoestado.com\/danielmatos\/#website","url":"https:\/\/www.blogsoestado.com\/danielmatos\/","name":"Daniel Matos","description":"","potentialAction":[{"@type":"SearchAction","target":{"@type":"EntryPoint","urlTemplate":"https:\/\/www.blogsoestado.com\/danielmatos\/?s={search_term_string}"},"query-input":{"@type":"PropertyValueSpecification","valueRequired":true,"valueName":"search_term_string"}}],"inLanguage":"pt-BR"}]}},"jetpack_featured_media_url":"","_links":{"self":[{"href":"https:\/\/www.blogsoestado.com\/danielmatos\/wp-json\/wp\/v2\/posts\/17548","targetHints":{"allow":["GET"]}}],"collection":[{"href":"https:\/\/www.blogsoestado.com\/danielmatos\/wp-json\/wp\/v2\/posts"}],"about":[{"href":"https:\/\/www.blogsoestado.com\/danielmatos\/wp-json\/wp\/v2\/types\/post"}],"replies":[{"embeddable":true,"href":"https:\/\/www.blogsoestado.com\/danielmatos\/wp-json\/wp\/v2\/comments?post=17548"}],"version-history":[{"count":0,"href":"https:\/\/www.blogsoestado.com\/danielmatos\/wp-json\/wp\/v2\/posts\/17548\/revisions"}],"wp:attachment":[{"href":"https:\/\/www.blogsoestado.com\/danielmatos\/wp-json\/wp\/v2\/media?parent=17548"}],"wp:term":[{"taxonomy":"category","embeddable":true,"href":"https:\/\/www.blogsoestado.com\/danielmatos\/wp-json\/wp\/v2\/categories?post=17548"},{"taxonomy":"post_tag","embeddable":true,"href":"https:\/\/www.blogsoestado.com\/danielmatos\/wp-json\/wp\/v2\/tags?post=17548"}],"curies":[{"name":"wp","href":"https:\/\/api.w.org\/{rel}","templated":true}]}}