{"id":17851,"date":"2014-07-15T20:26:10","date_gmt":"2014-07-15T23:26:10","guid":{"rendered":"https:\/\/www.blogsoestado.com\/danielmatos\/?p=17851"},"modified":"2014-07-15T20:26:10","modified_gmt":"2014-07-15T23:26:10","slug":"prefeitura-conclui-sinalizacao-e-ordenamento-do-transito-na-litoranea-e-na-ponta-do-farol","status":"publish","type":"post","link":"https:\/\/www.blogsoestado.com\/danielmatos\/prefeitura-conclui-sinalizacao-e-ordenamento-do-transito-na-litoranea-e-na-ponta-do-farol\/","title":{"rendered":"Prefeitura conclui sinaliza\u00e7\u00e3o e ordenamento do tr\u00e2nsito na Litor\u00e2nea e na Ponta do Farol"},"content":{"rendered":"<figure id=\"attachment_17852\" aria-describedby=\"caption-attachment-17852\" style=\"width: 640px\" class=\"wp-caption aligncenter\"><a href=\"https:\/\/www.blogsoestado.com\/danielmatos\/files\/2014\/07\/litoranea.jpg\"><img fetchpriority=\"high\" decoding=\"async\" class=\"size-full wp-image-17852\" src=\"https:\/\/www.blogsoestado.com\/danielmatos\/files\/2014\/07\/litoranea.jpg\" alt=\"Medida proporciona melhor estrutura de seguran\u00e7a para motoristas e pedestres que utilizam a Litor\u00e2nea\" width=\"640\" height=\"372\" \/><\/a><figcaption id=\"caption-attachment-17852\" class=\"wp-caption-text\">Medida proporciona melhor estrutura de seguran\u00e7a para motoristas e pedestres que utilizam a Litor\u00e2nea<\/figcaption><\/figure>\n<p>A Prefeitura de S\u00e3o Lu\u00eds, atrav\u00e9s da Secretaria de Tr\u00e2nsito e Transportes (SMTT), concluiu esta semana as obras de sinaliza\u00e7\u00e3o e novo ordenamento do tr\u00e2nsito na Avenida Litor\u00e2nea. As interven\u00e7\u00f5es fazem parte do Plano Estrat\u00e9gico de Melhorias no Tr\u00e2nsito, lan\u00e7ado pelo prefeito Edivaldo em maio deste ano.<\/p>\n<p>\u201cEssas s\u00e3o as primeiras interven\u00e7\u00f5es do Plano Estrat\u00e9gico de Melhorias para o Tr\u00e2nsito que conclu\u00edmos para proporcionar para a \u00e1rea maior fluidez no tr\u00e2nsito, principalmente nos hor\u00e1rios de pico. Continuamos com v\u00e1rias outras frentes de obras para que as demais interven\u00e7\u00f5es de curto prazo continuem avan\u00e7ando com agilidade\u201d, disse o prefeito Edivaldo.<\/p>\n<p>O objetivo das obras \u00e9 dar maior fluidez ao tr\u00e2nsito no local, proporcionando mais seguran\u00e7a a motoristas e pedestres, diminuindo com isso a possibilidade de acidentes em uma das vias mais movimentadas da capital. Ainda na semana passada, come\u00e7aram a funcionar as primeiras altera\u00e7\u00f5es na infraestrutura da \u00e1rea, uma nova faixa de pedestre e um conjunto semaf\u00f3rico no cruzamento entre Litor\u00e2nea e a Holandeses.<\/p>\n<p>Na extens\u00e3o da orla mar\u00edtima, tamb\u00e9m foram realizados servi\u00e7os de sinaliza\u00e7\u00e3o horizontal e vertical com instala\u00e7\u00e3o de placas de regulamenta\u00e7\u00e3o de tr\u00e2nsito, informando sobre o limite de velocidade permitido para ve\u00edculos na pista. Tamb\u00e9m foi feito o disciplinamento do estacionamento, com a delimita\u00e7\u00e3o de espa\u00e7o, implanta\u00e7\u00e3o de faixas, rampas padronizadas e instala\u00e7\u00e3o de radar, em fase de teste, nos dois sentidos da via.<\/p>\n<p>Para acesso \u00e0 Avenida Litor\u00e2nea, ve\u00edculos que seguem em descida pela Rua Altamira (descida do Canto da Pizza), a partir de agora, podem optar por acessar o sentido da Pra\u00e7a do Pescador pelo novo retorno, que coincide com a sa\u00edda da Rua Altamira. A mudan\u00e7a libera o fluxo nos dois sentidos e remove a possibilidade de forma\u00e7\u00e3o da fila dupla do antigo retorno, o que aumentava a possibilidade de congestionamento na regi\u00e3o. No cruzamento, foram instalados conjuntos semaf\u00f3ricos, que facilitam o tr\u00e1fego dos pedestres e coordenam a libera\u00e7\u00e3o dos ve\u00edculos. A Rua Altamira permanece uma via de m\u00e3o dupla.<\/p>\n<p><strong>Tr\u00eas faixas<\/strong><\/p>\n<figure id=\"attachment_17853\" aria-describedby=\"caption-attachment-17853\" style=\"width: 640px\" class=\"wp-caption aligncenter\"><a href=\"https:\/\/www.blogsoestado.com\/danielmatos\/files\/2014\/07\/litoranea2.jpg\"><img decoding=\"async\" class=\"size-full wp-image-17853\" src=\"https:\/\/www.blogsoestado.com\/danielmatos\/files\/2014\/07\/litoranea2.jpg\" alt=\"A Ponta do Farol ganhou novas sinaliza\u00e7\u00f5es vertical e horizontal para tornar o tr\u00e2nsito mais seguro e organizado \" width=\"640\" height=\"402\" \/><\/a><figcaption id=\"caption-attachment-17853\" class=\"wp-caption-text\">A Ponta do Farol ganhou novas sinaliza\u00e7\u00f5es vertical e horizontal para tornar o tr\u00e2nsito seguro e organizado<\/figcaption><\/figure>\n<p>J\u00e1 na sa\u00edda do Calhau para a entrada na Lagoa da Jansen, na Ponta do Farol, onde havia apenas uma faixa, outras duas foram acrescentadas com a redu\u00e7\u00e3o do canteiro central. O condutor, al\u00e9m das tr\u00eas faixas dispon\u00edveis para a realiza\u00e7\u00e3o da manobra, conta ainda com sinaliza\u00e7\u00e3o semaf\u00f3rica e faixas de pedestres para prosseguir com o percurso. As altera\u00e7\u00f5es garantem aos motoristas e pedestres maior seguran\u00e7a no tr\u00e2nsito da regi\u00e3o.<\/p>\n<p>\u201cPara promover a paz no tr\u00e2nsito e compor o conjunto de melhorias do setor, o prefeito Edivaldo tem investido no refor\u00e7o da fiscaliza\u00e7\u00e3o. Com a campanha educativa e a troca dos radares e das placas de sinaliza\u00e7\u00e3o, os condutores e pedestres j\u00e1 perceber\u00e3o importantes avan\u00e7os\u201d, afirmou o titular da SMTT, Canind\u00e9 Barros.<\/p>\n<p>As a\u00e7\u00f5es de disciplinamento do tr\u00e2nsito est\u00e3o sendo intensificadas em toda a cidade com a instala\u00e7\u00e3o dos novos equipamentos de fiscaliza\u00e7\u00e3o eletr\u00f4nica. Os novos radares e barreiras eletr\u00f4nicas est\u00e3o em fase de teste e v\u00e3o contribuir para o processo de conscientiza\u00e7\u00e3o dos condutores no respeito \u00e0s leis de tr\u00e2nsito. Tamb\u00e9m est\u00e3o sendo intensificadas as a\u00e7\u00f5es de sinaliza\u00e7\u00e3o vertical e horizontal nas principais vias.<\/p>\n<p><strong>Fonte:<\/strong> Secretaria Municipal de Comunica\u00e7\u00e3o (Secom)<\/p>\n","protected":false},"excerpt":{"rendered":"<p>A Prefeitura de S\u00e3o Lu\u00eds, atrav\u00e9s da Secretaria de Tr\u00e2nsito e Transportes (SMTT), concluiu esta semana as obras de sinaliza\u00e7\u00e3o [&hellip;]<\/p>\n","protected":false},"author":0,"featured_media":0,"comment_status":"open","ping_status":"open","sticky":false,"template":"","format":"standard","meta":{"site-sidebar-layout":"default","site-content-layout":"","ast-site-content-layout":"default","site-content-style":"default","site-sidebar-style":"default","ast-global-header-display":"","ast-banner-title-visibility":"","ast-main-header-display":"","ast-hfb-above-header-display":"","ast-hfb-below-header-display":"","ast-hfb-mobile-header-display":"","site-post-title":"","ast-breadcrumbs-content":"","ast-featured-img":"","footer-sml-layout":"","ast-disable-related-posts":"","theme-transparent-header-meta":"","adv-header-id-meta":"","stick-header-meta":"","header-above-stick-meta":"","header-main-stick-meta":"","header-below-stick-meta":"","astra-migrate-meta-layouts":"default","ast-page-background-enabled":"default","ast-page-background-meta":{"desktop":{"background-color":"var(--ast-global-color-5)","background-image":"","background-repeat":"repeat","background-position":"center center","background-size":"auto","background-attachment":"scroll","background-type":"","background-media":"","overlay-type":"","overlay-color":"","overlay-opacity":"","overlay-gradient":""},"tablet":{"background-color":"","background-image":"","background-repeat":"repeat","background-position":"center center","background-size":"auto","background-attachment":"scroll","background-type":"","background-media":"","overlay-type":"","overlay-color":"","overlay-opacity":"","overlay-gradient":""},"mobile":{"background-color":"","background-image":"","background-repeat":"repeat","background-position":"center center","background-size":"auto","background-attachment":"scroll","background-type":"","background-media":"","overlay-type":"","overlay-color":"","overlay-opacity":"","overlay-gradient":""}},"ast-content-background-meta":{"desktop":{"background-color":"var(--ast-global-color-4)","background-image":"","background-repeat":"repeat","background-position":"center center","background-size":"auto","background-attachment":"scroll","background-type":"","background-media":"","overlay-type":"","overlay-color":"","overlay-opacity":"","overlay-gradient":""},"tablet":{"background-color":"var(--ast-global-color-4)","background-image":"","background-repeat":"repeat","background-position":"center center","background-size":"auto","background-attachment":"scroll","background-type":"","background-media":"","overlay-type":"","overlay-color":"","overlay-opacity":"","overlay-gradient":""},"mobile":{"background-color":"var(--ast-global-color-4)","background-image":"","background-repeat":"repeat","background-position":"center center","background-size":"auto","background-attachment":"scroll","background-type":"","background-media":"","overlay-type":"","overlay-color":"","overlay-opacity":"","overlay-gradient":""}},"footnotes":""},"categories":[1],"tags":[],"class_list":["post-17851","post","type-post","status-publish","format-standard","hentry","category-sem-categoria"],"yoast_head":"<!-- This site is optimized with the Yoast SEO plugin v26.6 - https:\/\/yoast.com\/wordpress\/plugins\/seo\/ -->\n<title>Prefeitura conclui sinaliza\u00e7\u00e3o e ordenamento do tr\u00e2nsito na Litor\u00e2nea e na Ponta do Farol - Daniel Matos<\/title>\n<meta name=\"robots\" content=\"index, follow, max-snippet:-1, max-image-preview:large, max-video-preview:-1\" \/>\n<link rel=\"canonical\" href=\"https:\/\/www.blogsoestado.com\/danielmatos\/prefeitura-conclui-sinalizacao-e-ordenamento-do-transito-na-litoranea-e-na-ponta-do-farol\/\" \/>\n<meta property=\"og:locale\" content=\"pt_BR\" \/>\n<meta property=\"og:type\" content=\"article\" \/>\n<meta property=\"og:title\" content=\"Prefeitura conclui sinaliza\u00e7\u00e3o e ordenamento do tr\u00e2nsito na Litor\u00e2nea e na Ponta do Farol - Daniel Matos\" \/>\n<meta property=\"og:description\" content=\"A Prefeitura de S\u00e3o Lu\u00eds, atrav\u00e9s da Secretaria de Tr\u00e2nsito e Transportes (SMTT), concluiu esta semana as obras de sinaliza\u00e7\u00e3o [&hellip;]\" \/>\n<meta property=\"og:url\" content=\"https:\/\/www.blogsoestado.com\/danielmatos\/prefeitura-conclui-sinalizacao-e-ordenamento-do-transito-na-litoranea-e-na-ponta-do-farol\/\" \/>\n<meta property=\"og:site_name\" content=\"Daniel Matos\" \/>\n<meta property=\"article:published_time\" content=\"2014-07-15T23:26:10+00:00\" \/>\n<meta property=\"og:image\" content=\"https:\/\/www.blogsoestado.com\/danielmatos\/files\/2014\/07\/litoranea.jpg\" \/>\n<meta name=\"twitter:card\" content=\"summary_large_image\" \/>\n<meta name=\"twitter:label1\" content=\"Est. tempo de leitura\" \/>\n\t<meta name=\"twitter:data1\" content=\"3 minutos\" \/>\n<script type=\"application\/ld+json\" class=\"yoast-schema-graph\">{\"@context\":\"https:\/\/schema.org\",\"@graph\":[{\"@type\":\"WebPage\",\"@id\":\"https:\/\/www.blogsoestado.com\/danielmatos\/prefeitura-conclui-sinalizacao-e-ordenamento-do-transito-na-litoranea-e-na-ponta-do-farol\/\",\"url\":\"https:\/\/www.blogsoestado.com\/danielmatos\/prefeitura-conclui-sinalizacao-e-ordenamento-do-transito-na-litoranea-e-na-ponta-do-farol\/\",\"name\":\"Prefeitura conclui sinaliza\u00e7\u00e3o e ordenamento do tr\u00e2nsito na Litor\u00e2nea e na Ponta do Farol - Daniel Matos\",\"isPartOf\":{\"@id\":\"https:\/\/www.blogsoestado.com\/danielmatos\/#website\"},\"primaryImageOfPage\":{\"@id\":\"https:\/\/www.blogsoestado.com\/danielmatos\/prefeitura-conclui-sinalizacao-e-ordenamento-do-transito-na-litoranea-e-na-ponta-do-farol\/#primaryimage\"},\"image\":{\"@id\":\"https:\/\/www.blogsoestado.com\/danielmatos\/prefeitura-conclui-sinalizacao-e-ordenamento-do-transito-na-litoranea-e-na-ponta-do-farol\/#primaryimage\"},\"thumbnailUrl\":\"https:\/\/www.blogsoestado.com\/danielmatos\/files\/2014\/07\/litoranea.jpg\",\"datePublished\":\"2014-07-15T23:26:10+00:00\",\"author\":{\"@id\":\"\"},\"breadcrumb\":{\"@id\":\"https:\/\/www.blogsoestado.com\/danielmatos\/prefeitura-conclui-sinalizacao-e-ordenamento-do-transito-na-litoranea-e-na-ponta-do-farol\/#breadcrumb\"},\"inLanguage\":\"pt-BR\",\"potentialAction\":[{\"@type\":\"ReadAction\",\"target\":[\"https:\/\/www.blogsoestado.com\/danielmatos\/prefeitura-conclui-sinalizacao-e-ordenamento-do-transito-na-litoranea-e-na-ponta-do-farol\/\"]}]},{\"@type\":\"ImageObject\",\"inLanguage\":\"pt-BR\",\"@id\":\"https:\/\/www.blogsoestado.com\/danielmatos\/prefeitura-conclui-sinalizacao-e-ordenamento-do-transito-na-litoranea-e-na-ponta-do-farol\/#primaryimage\",\"url\":\"https:\/\/www.blogsoestado.com\/danielmatos\/files\/2014\/07\/litoranea.jpg\",\"contentUrl\":\"https:\/\/www.blogsoestado.com\/danielmatos\/files\/2014\/07\/litoranea.jpg\"},{\"@type\":\"BreadcrumbList\",\"@id\":\"https:\/\/www.blogsoestado.com\/danielmatos\/prefeitura-conclui-sinalizacao-e-ordenamento-do-transito-na-litoranea-e-na-ponta-do-farol\/#breadcrumb\",\"itemListElement\":[{\"@type\":\"ListItem\",\"position\":1,\"name\":\"In\u00edcio\",\"item\":\"https:\/\/www.blogsoestado.com\/danielmatos\/\"},{\"@type\":\"ListItem\",\"position\":2,\"name\":\"Prefeitura conclui sinaliza\u00e7\u00e3o e ordenamento do tr\u00e2nsito na Litor\u00e2nea e na Ponta do Farol\"}]},{\"@type\":\"WebSite\",\"@id\":\"https:\/\/www.blogsoestado.com\/danielmatos\/#website\",\"url\":\"https:\/\/www.blogsoestado.com\/danielmatos\/\",\"name\":\"Daniel Matos\",\"description\":\"\",\"potentialAction\":[{\"@type\":\"SearchAction\",\"target\":{\"@type\":\"EntryPoint\",\"urlTemplate\":\"https:\/\/www.blogsoestado.com\/danielmatos\/?s={search_term_string}\"},\"query-input\":{\"@type\":\"PropertyValueSpecification\",\"valueRequired\":true,\"valueName\":\"search_term_string\"}}],\"inLanguage\":\"pt-BR\"}]}<\/script>\n<!-- \/ Yoast SEO plugin. -->","yoast_head_json":{"title":"Prefeitura conclui sinaliza\u00e7\u00e3o e ordenamento do tr\u00e2nsito na Litor\u00e2nea e na Ponta do Farol - Daniel Matos","robots":{"index":"index","follow":"follow","max-snippet":"max-snippet:-1","max-image-preview":"max-image-preview:large","max-video-preview":"max-video-preview:-1"},"canonical":"https:\/\/www.blogsoestado.com\/danielmatos\/prefeitura-conclui-sinalizacao-e-ordenamento-do-transito-na-litoranea-e-na-ponta-do-farol\/","og_locale":"pt_BR","og_type":"article","og_title":"Prefeitura conclui sinaliza\u00e7\u00e3o e ordenamento do tr\u00e2nsito na Litor\u00e2nea e na Ponta do Farol - Daniel Matos","og_description":"A Prefeitura de S\u00e3o Lu\u00eds, atrav\u00e9s da Secretaria de Tr\u00e2nsito e Transportes (SMTT), concluiu esta semana as obras de sinaliza\u00e7\u00e3o [&hellip;]","og_url":"https:\/\/www.blogsoestado.com\/danielmatos\/prefeitura-conclui-sinalizacao-e-ordenamento-do-transito-na-litoranea-e-na-ponta-do-farol\/","og_site_name":"Daniel Matos","article_published_time":"2014-07-15T23:26:10+00:00","og_image":[{"url":"https:\/\/www.blogsoestado.com\/danielmatos\/files\/2014\/07\/litoranea.jpg","type":"","width":"","height":""}],"twitter_card":"summary_large_image","twitter_misc":{"Est. tempo de leitura":"3 minutos"},"schema":{"@context":"https:\/\/schema.org","@graph":[{"@type":"WebPage","@id":"https:\/\/www.blogsoestado.com\/danielmatos\/prefeitura-conclui-sinalizacao-e-ordenamento-do-transito-na-litoranea-e-na-ponta-do-farol\/","url":"https:\/\/www.blogsoestado.com\/danielmatos\/prefeitura-conclui-sinalizacao-e-ordenamento-do-transito-na-litoranea-e-na-ponta-do-farol\/","name":"Prefeitura conclui sinaliza\u00e7\u00e3o e ordenamento do tr\u00e2nsito na Litor\u00e2nea e na Ponta do Farol - Daniel Matos","isPartOf":{"@id":"https:\/\/www.blogsoestado.com\/danielmatos\/#website"},"primaryImageOfPage":{"@id":"https:\/\/www.blogsoestado.com\/danielmatos\/prefeitura-conclui-sinalizacao-e-ordenamento-do-transito-na-litoranea-e-na-ponta-do-farol\/#primaryimage"},"image":{"@id":"https:\/\/www.blogsoestado.com\/danielmatos\/prefeitura-conclui-sinalizacao-e-ordenamento-do-transito-na-litoranea-e-na-ponta-do-farol\/#primaryimage"},"thumbnailUrl":"https:\/\/www.blogsoestado.com\/danielmatos\/files\/2014\/07\/litoranea.jpg","datePublished":"2014-07-15T23:26:10+00:00","author":{"@id":""},"breadcrumb":{"@id":"https:\/\/www.blogsoestado.com\/danielmatos\/prefeitura-conclui-sinalizacao-e-ordenamento-do-transito-na-litoranea-e-na-ponta-do-farol\/#breadcrumb"},"inLanguage":"pt-BR","potentialAction":[{"@type":"ReadAction","target":["https:\/\/www.blogsoestado.com\/danielmatos\/prefeitura-conclui-sinalizacao-e-ordenamento-do-transito-na-litoranea-e-na-ponta-do-farol\/"]}]},{"@type":"ImageObject","inLanguage":"pt-BR","@id":"https:\/\/www.blogsoestado.com\/danielmatos\/prefeitura-conclui-sinalizacao-e-ordenamento-do-transito-na-litoranea-e-na-ponta-do-farol\/#primaryimage","url":"https:\/\/www.blogsoestado.com\/danielmatos\/files\/2014\/07\/litoranea.jpg","contentUrl":"https:\/\/www.blogsoestado.com\/danielmatos\/files\/2014\/07\/litoranea.jpg"},{"@type":"BreadcrumbList","@id":"https:\/\/www.blogsoestado.com\/danielmatos\/prefeitura-conclui-sinalizacao-e-ordenamento-do-transito-na-litoranea-e-na-ponta-do-farol\/#breadcrumb","itemListElement":[{"@type":"ListItem","position":1,"name":"In\u00edcio","item":"https:\/\/www.blogsoestado.com\/danielmatos\/"},{"@type":"ListItem","position":2,"name":"Prefeitura conclui sinaliza\u00e7\u00e3o e ordenamento do tr\u00e2nsito na Litor\u00e2nea e na Ponta do Farol"}]},{"@type":"WebSite","@id":"https:\/\/www.blogsoestado.com\/danielmatos\/#website","url":"https:\/\/www.blogsoestado.com\/danielmatos\/","name":"Daniel Matos","description":"","potentialAction":[{"@type":"SearchAction","target":{"@type":"EntryPoint","urlTemplate":"https:\/\/www.blogsoestado.com\/danielmatos\/?s={search_term_string}"},"query-input":{"@type":"PropertyValueSpecification","valueRequired":true,"valueName":"search_term_string"}}],"inLanguage":"pt-BR"}]}},"jetpack_featured_media_url":"","_links":{"self":[{"href":"https:\/\/www.blogsoestado.com\/danielmatos\/wp-json\/wp\/v2\/posts\/17851","targetHints":{"allow":["GET"]}}],"collection":[{"href":"https:\/\/www.blogsoestado.com\/danielmatos\/wp-json\/wp\/v2\/posts"}],"about":[{"href":"https:\/\/www.blogsoestado.com\/danielmatos\/wp-json\/wp\/v2\/types\/post"}],"replies":[{"embeddable":true,"href":"https:\/\/www.blogsoestado.com\/danielmatos\/wp-json\/wp\/v2\/comments?post=17851"}],"version-history":[{"count":0,"href":"https:\/\/www.blogsoestado.com\/danielmatos\/wp-json\/wp\/v2\/posts\/17851\/revisions"}],"wp:attachment":[{"href":"https:\/\/www.blogsoestado.com\/danielmatos\/wp-json\/wp\/v2\/media?parent=17851"}],"wp:term":[{"taxonomy":"category","embeddable":true,"href":"https:\/\/www.blogsoestado.com\/danielmatos\/wp-json\/wp\/v2\/categories?post=17851"},{"taxonomy":"post_tag","embeddable":true,"href":"https:\/\/www.blogsoestado.com\/danielmatos\/wp-json\/wp\/v2\/tags?post=17851"}],"curies":[{"name":"wp","href":"https:\/\/api.w.org\/{rel}","templated":true}]}}