{"id":17881,"date":"2014-07-17T08:41:52","date_gmt":"2014-07-17T11:41:52","guid":{"rendered":"https:\/\/www.blogsoestado.com\/danielmatos\/?p=17881"},"modified":"2014-07-17T08:41:52","modified_gmt":"2014-07-17T11:41:52","slug":"seme-realizara-serie-de-oficinas-para-elaboracao-do-plano-de-mineracao-do-maranhao","status":"publish","type":"post","link":"https:\/\/www.blogsoestado.com\/danielmatos\/seme-realizara-serie-de-oficinas-para-elaboracao-do-plano-de-mineracao-do-maranhao\/","title":{"rendered":"Seme realizar\u00e1 s\u00e9rie de oficinas para elabora\u00e7\u00e3o do Plano de Minera\u00e7\u00e3o do Maranh\u00e3o"},"content":{"rendered":"<figure id=\"attachment_17882\" aria-describedby=\"caption-attachment-17882\" style=\"width: 321px\" class=\"wp-caption alignright\"><a href=\"https:\/\/www.blogsoestado.com\/danielmatos\/files\/2014\/07\/ricardo-seme.jpg\"><img fetchpriority=\"high\" decoding=\"async\" class=\"size-full wp-image-17882\" src=\"https:\/\/www.blogsoestado.com\/danielmatos\/files\/2014\/07\/ricardo-seme.jpg\" alt=\"Secret\u00e1rio de Minas e Energia, Ricardo Guterres\" width=\"321\" height=\"448\" \/><\/a><figcaption id=\"caption-attachment-17882\" class=\"wp-caption-text\">Secret\u00e1rio estadual de Minas e Energia, Ricardo Guterres<\/figcaption><\/figure>\n<p>A Secretaria de Estado de Minas e Energia (Seme) inicia nesta sexta-feira (18), pelo munic\u00edpio de Bacabeira, uma s\u00e9rie de oficinas tem\u00e1ticas, audi\u00eancias p\u00fablicas e semin\u00e1rios que ir\u00e3o subsidiar o \u201cDiagn\u00f3stico do Setor Mineral do Maranh\u00e3o: Levantamento de Cadeias Produtivas e Plano de A\u00e7\u00f5es\u201d. Esse esfor\u00e7o tem como objetivo a elabora\u00e7\u00e3o do Plano de Minera\u00e7\u00e3o do Maranh\u00e3o 2030.<\/p>\n<p>A proposta, com essas discuss\u00f5es \u00e9 provir o Estado das informa\u00e7\u00f5es geol\u00f3gicas, minerais, log\u00edsticas, de recursos humanos, sobre o arcabou\u00e7o institucional e res\u00edduos s\u00f3lidos, produzidos pela minera\u00e7\u00e3o. \u201cEsse \u00e9 um trabalho fundamental de levantamento da cadeia produtiva mineral, com \u00eanfase para os bens minerais importantes para a economia local\/regional e das reservas e consumo para futuros empreendimentos industriais ou agr\u00edcolas.\u201d, destacou o secret\u00e1rio de Minas e Energia, Ricardo Guterres, que participar\u00e1 das oficinas.<\/p>\n<p>Na elabora\u00e7\u00e3o do Plano de Minera\u00e7\u00e3o do Maranh\u00e3o 2030, a Seme firmou conv\u00eanio com o Minist\u00e9rio de Minas e Energia, que assegurou recursos no valor de R$ 522.300,00, sendo R$ 52.000,00 de contrapartida estadual. O prazo de conclus\u00e3o do plano \u00e9 fim de dezembro deste ano.<\/p>\n<p>\u201cDiante do potencial do estado, vislumbram-se promissores horizontes para o crescimento da produ\u00e7\u00e3o mineral nos pr\u00f3ximos anos, atendendo a uma demanda crescente provocada pelo desenvolvimento agr\u00edcola, incluindo cana de a\u00e7\u00facar, eucalipto, al\u00e9m do setor sider\u00fargico, da minera\u00e7\u00e3o propriamente dita e da constru\u00e7\u00e3o civil, que exerce uma forte demanda por areia, argila e brita, principalmente nos centros pr\u00f3ximos destes importantes polos de desenvolvimento\u201d, assinalou Ricardo Guterres.<\/p>\n<p>A primeira oficina acontece nesta sexta-feira (18), em Bacabeira, e ter\u00e1 como tema central a brita, bem mineral da maior import\u00e2ncia para o munic\u00edpio. O ciclo de oficinas ser\u00e1 realizado ainda este m\u00eas em Graja\u00fa (dia 21) com a tem\u00e1tica Gipsita; em Godofredo Viana (dia 25), sobre ouro. Em agosto est\u00e3o programadas oficinas em Balsas (dia 1o) sobre calc\u00e1rio; em Itapecuru-Mirim (dia 8) sobre argila; em S\u00e3o Jos\u00e9 de Ribamar (dia 18), com a tem\u00e1tica da \u00e1gua mineral; e em Imperatriz (dia 25), sobre Saibro, Cascalho e Laterita.<\/p>\n<p>A Seme informou que no m\u00eas de outubro ser\u00e3o realizadas audi\u00eancias p\u00fablicas e semin\u00e1rios nos munic\u00edpios de Imperatriz e S\u00e3o Lu\u00eds.<\/p>\n<p><strong>Fonte:<\/strong> Secretaria Estadual de Comunica\u00e7\u00e3o (Secom)<\/p>\n","protected":false},"excerpt":{"rendered":"<p>A Secretaria de Estado de Minas e Energia (Seme) inicia nesta sexta-feira (18), pelo munic\u00edpio de Bacabeira, uma s\u00e9rie de [&hellip;]<\/p>\n","protected":false},"author":0,"featured_media":0,"comment_status":"open","ping_status":"open","sticky":false,"template":"","format":"standard","meta":{"site-sidebar-layout":"default","site-content-layout":"","ast-site-content-layout":"default","site-content-style":"default","site-sidebar-style":"default","ast-global-header-display":"","ast-banner-title-visibility":"","ast-main-header-display":"","ast-hfb-above-header-display":"","ast-hfb-below-header-display":"","ast-hfb-mobile-header-display":"","site-post-title":"","ast-breadcrumbs-content":"","ast-featured-img":"","footer-sml-layout":"","ast-disable-related-posts":"","theme-transparent-header-meta":"","adv-header-id-meta":"","stick-header-meta":"","header-above-stick-meta":"","header-main-stick-meta":"","header-below-stick-meta":"","astra-migrate-meta-layouts":"default","ast-page-background-enabled":"default","ast-page-background-meta":{"desktop":{"background-color":"var(--ast-global-color-5)","background-image":"","background-repeat":"repeat","background-position":"center center","background-size":"auto","background-attachment":"scroll","background-type":"","background-media":"","overlay-type":"","overlay-color":"","overlay-opacity":"","overlay-gradient":""},"tablet":{"background-color":"","background-image":"","background-repeat":"repeat","background-position":"center center","background-size":"auto","background-attachment":"scroll","background-type":"","background-media":"","overlay-type":"","overlay-color":"","overlay-opacity":"","overlay-gradient":""},"mobile":{"background-color":"","background-image":"","background-repeat":"repeat","background-position":"center center","background-size":"auto","background-attachment":"scroll","background-type":"","background-media":"","overlay-type":"","overlay-color":"","overlay-opacity":"","overlay-gradient":""}},"ast-content-background-meta":{"desktop":{"background-color":"var(--ast-global-color-4)","background-image":"","background-repeat":"repeat","background-position":"center center","background-size":"auto","background-attachment":"scroll","background-type":"","background-media":"","overlay-type":"","overlay-color":"","overlay-opacity":"","overlay-gradient":""},"tablet":{"background-color":"var(--ast-global-color-4)","background-image":"","background-repeat":"repeat","background-position":"center center","background-size":"auto","background-attachment":"scroll","background-type":"","background-media":"","overlay-type":"","overlay-color":"","overlay-opacity":"","overlay-gradient":""},"mobile":{"background-color":"var(--ast-global-color-4)","background-image":"","background-repeat":"repeat","background-position":"center center","background-size":"auto","background-attachment":"scroll","background-type":"","background-media":"","overlay-type":"","overlay-color":"","overlay-opacity":"","overlay-gradient":""}},"footnotes":""},"categories":[1],"tags":[],"class_list":["post-17881","post","type-post","status-publish","format-standard","hentry","category-sem-categoria"],"yoast_head":"<!-- This site is optimized with the Yoast SEO plugin v26.6 - https:\/\/yoast.com\/wordpress\/plugins\/seo\/ -->\n<title>Seme realizar\u00e1 s\u00e9rie de oficinas para elabora\u00e7\u00e3o do Plano de Minera\u00e7\u00e3o do Maranh\u00e3o - Daniel Matos<\/title>\n<meta name=\"robots\" content=\"index, follow, max-snippet:-1, max-image-preview:large, max-video-preview:-1\" \/>\n<link rel=\"canonical\" href=\"https:\/\/www.blogsoestado.com\/danielmatos\/seme-realizara-serie-de-oficinas-para-elaboracao-do-plano-de-mineracao-do-maranhao\/\" \/>\n<meta property=\"og:locale\" content=\"pt_BR\" \/>\n<meta property=\"og:type\" content=\"article\" \/>\n<meta property=\"og:title\" content=\"Seme realizar\u00e1 s\u00e9rie de oficinas para elabora\u00e7\u00e3o do Plano de Minera\u00e7\u00e3o do Maranh\u00e3o - Daniel Matos\" \/>\n<meta property=\"og:description\" content=\"A Secretaria de Estado de Minas e Energia (Seme) inicia nesta sexta-feira (18), pelo munic\u00edpio de Bacabeira, uma s\u00e9rie de [&hellip;]\" \/>\n<meta property=\"og:url\" content=\"https:\/\/www.blogsoestado.com\/danielmatos\/seme-realizara-serie-de-oficinas-para-elaboracao-do-plano-de-mineracao-do-maranhao\/\" \/>\n<meta property=\"og:site_name\" content=\"Daniel Matos\" \/>\n<meta property=\"article:published_time\" content=\"2014-07-17T11:41:52+00:00\" \/>\n<meta property=\"og:image\" content=\"https:\/\/www.blogsoestado.com\/danielmatos\/files\/2014\/07\/ricardo-seme.jpg\" \/>\n<meta name=\"twitter:card\" content=\"summary_large_image\" \/>\n<meta name=\"twitter:label1\" content=\"Est. tempo de leitura\" \/>\n\t<meta name=\"twitter:data1\" content=\"2 minutos\" \/>\n<script type=\"application\/ld+json\" class=\"yoast-schema-graph\">{\"@context\":\"https:\/\/schema.org\",\"@graph\":[{\"@type\":\"WebPage\",\"@id\":\"https:\/\/www.blogsoestado.com\/danielmatos\/seme-realizara-serie-de-oficinas-para-elaboracao-do-plano-de-mineracao-do-maranhao\/\",\"url\":\"https:\/\/www.blogsoestado.com\/danielmatos\/seme-realizara-serie-de-oficinas-para-elaboracao-do-plano-de-mineracao-do-maranhao\/\",\"name\":\"Seme realizar\u00e1 s\u00e9rie de oficinas para elabora\u00e7\u00e3o do Plano de Minera\u00e7\u00e3o do Maranh\u00e3o - Daniel Matos\",\"isPartOf\":{\"@id\":\"https:\/\/www.blogsoestado.com\/danielmatos\/#website\"},\"primaryImageOfPage\":{\"@id\":\"https:\/\/www.blogsoestado.com\/danielmatos\/seme-realizara-serie-de-oficinas-para-elaboracao-do-plano-de-mineracao-do-maranhao\/#primaryimage\"},\"image\":{\"@id\":\"https:\/\/www.blogsoestado.com\/danielmatos\/seme-realizara-serie-de-oficinas-para-elaboracao-do-plano-de-mineracao-do-maranhao\/#primaryimage\"},\"thumbnailUrl\":\"https:\/\/www.blogsoestado.com\/danielmatos\/files\/2014\/07\/ricardo-seme.jpg\",\"datePublished\":\"2014-07-17T11:41:52+00:00\",\"author\":{\"@id\":\"\"},\"breadcrumb\":{\"@id\":\"https:\/\/www.blogsoestado.com\/danielmatos\/seme-realizara-serie-de-oficinas-para-elaboracao-do-plano-de-mineracao-do-maranhao\/#breadcrumb\"},\"inLanguage\":\"pt-BR\",\"potentialAction\":[{\"@type\":\"ReadAction\",\"target\":[\"https:\/\/www.blogsoestado.com\/danielmatos\/seme-realizara-serie-de-oficinas-para-elaboracao-do-plano-de-mineracao-do-maranhao\/\"]}]},{\"@type\":\"ImageObject\",\"inLanguage\":\"pt-BR\",\"@id\":\"https:\/\/www.blogsoestado.com\/danielmatos\/seme-realizara-serie-de-oficinas-para-elaboracao-do-plano-de-mineracao-do-maranhao\/#primaryimage\",\"url\":\"https:\/\/www.blogsoestado.com\/danielmatos\/files\/2014\/07\/ricardo-seme.jpg\",\"contentUrl\":\"https:\/\/www.blogsoestado.com\/danielmatos\/files\/2014\/07\/ricardo-seme.jpg\"},{\"@type\":\"BreadcrumbList\",\"@id\":\"https:\/\/www.blogsoestado.com\/danielmatos\/seme-realizara-serie-de-oficinas-para-elaboracao-do-plano-de-mineracao-do-maranhao\/#breadcrumb\",\"itemListElement\":[{\"@type\":\"ListItem\",\"position\":1,\"name\":\"In\u00edcio\",\"item\":\"https:\/\/www.blogsoestado.com\/danielmatos\/\"},{\"@type\":\"ListItem\",\"position\":2,\"name\":\"Seme realizar\u00e1 s\u00e9rie de oficinas para elabora\u00e7\u00e3o do Plano de Minera\u00e7\u00e3o do Maranh\u00e3o\"}]},{\"@type\":\"WebSite\",\"@id\":\"https:\/\/www.blogsoestado.com\/danielmatos\/#website\",\"url\":\"https:\/\/www.blogsoestado.com\/danielmatos\/\",\"name\":\"Daniel Matos\",\"description\":\"\",\"potentialAction\":[{\"@type\":\"SearchAction\",\"target\":{\"@type\":\"EntryPoint\",\"urlTemplate\":\"https:\/\/www.blogsoestado.com\/danielmatos\/?s={search_term_string}\"},\"query-input\":{\"@type\":\"PropertyValueSpecification\",\"valueRequired\":true,\"valueName\":\"search_term_string\"}}],\"inLanguage\":\"pt-BR\"}]}<\/script>\n<!-- \/ Yoast SEO plugin. -->","yoast_head_json":{"title":"Seme realizar\u00e1 s\u00e9rie de oficinas para elabora\u00e7\u00e3o do Plano de Minera\u00e7\u00e3o do Maranh\u00e3o - Daniel Matos","robots":{"index":"index","follow":"follow","max-snippet":"max-snippet:-1","max-image-preview":"max-image-preview:large","max-video-preview":"max-video-preview:-1"},"canonical":"https:\/\/www.blogsoestado.com\/danielmatos\/seme-realizara-serie-de-oficinas-para-elaboracao-do-plano-de-mineracao-do-maranhao\/","og_locale":"pt_BR","og_type":"article","og_title":"Seme realizar\u00e1 s\u00e9rie de oficinas para elabora\u00e7\u00e3o do Plano de Minera\u00e7\u00e3o do Maranh\u00e3o - Daniel Matos","og_description":"A Secretaria de Estado de Minas e Energia (Seme) inicia nesta sexta-feira (18), pelo munic\u00edpio de Bacabeira, uma s\u00e9rie de [&hellip;]","og_url":"https:\/\/www.blogsoestado.com\/danielmatos\/seme-realizara-serie-de-oficinas-para-elaboracao-do-plano-de-mineracao-do-maranhao\/","og_site_name":"Daniel Matos","article_published_time":"2014-07-17T11:41:52+00:00","og_image":[{"url":"https:\/\/www.blogsoestado.com\/danielmatos\/files\/2014\/07\/ricardo-seme.jpg","type":"","width":"","height":""}],"twitter_card":"summary_large_image","twitter_misc":{"Est. tempo de leitura":"2 minutos"},"schema":{"@context":"https:\/\/schema.org","@graph":[{"@type":"WebPage","@id":"https:\/\/www.blogsoestado.com\/danielmatos\/seme-realizara-serie-de-oficinas-para-elaboracao-do-plano-de-mineracao-do-maranhao\/","url":"https:\/\/www.blogsoestado.com\/danielmatos\/seme-realizara-serie-de-oficinas-para-elaboracao-do-plano-de-mineracao-do-maranhao\/","name":"Seme realizar\u00e1 s\u00e9rie de oficinas para elabora\u00e7\u00e3o do Plano de Minera\u00e7\u00e3o do Maranh\u00e3o - Daniel Matos","isPartOf":{"@id":"https:\/\/www.blogsoestado.com\/danielmatos\/#website"},"primaryImageOfPage":{"@id":"https:\/\/www.blogsoestado.com\/danielmatos\/seme-realizara-serie-de-oficinas-para-elaboracao-do-plano-de-mineracao-do-maranhao\/#primaryimage"},"image":{"@id":"https:\/\/www.blogsoestado.com\/danielmatos\/seme-realizara-serie-de-oficinas-para-elaboracao-do-plano-de-mineracao-do-maranhao\/#primaryimage"},"thumbnailUrl":"https:\/\/www.blogsoestado.com\/danielmatos\/files\/2014\/07\/ricardo-seme.jpg","datePublished":"2014-07-17T11:41:52+00:00","author":{"@id":""},"breadcrumb":{"@id":"https:\/\/www.blogsoestado.com\/danielmatos\/seme-realizara-serie-de-oficinas-para-elaboracao-do-plano-de-mineracao-do-maranhao\/#breadcrumb"},"inLanguage":"pt-BR","potentialAction":[{"@type":"ReadAction","target":["https:\/\/www.blogsoestado.com\/danielmatos\/seme-realizara-serie-de-oficinas-para-elaboracao-do-plano-de-mineracao-do-maranhao\/"]}]},{"@type":"ImageObject","inLanguage":"pt-BR","@id":"https:\/\/www.blogsoestado.com\/danielmatos\/seme-realizara-serie-de-oficinas-para-elaboracao-do-plano-de-mineracao-do-maranhao\/#primaryimage","url":"https:\/\/www.blogsoestado.com\/danielmatos\/files\/2014\/07\/ricardo-seme.jpg","contentUrl":"https:\/\/www.blogsoestado.com\/danielmatos\/files\/2014\/07\/ricardo-seme.jpg"},{"@type":"BreadcrumbList","@id":"https:\/\/www.blogsoestado.com\/danielmatos\/seme-realizara-serie-de-oficinas-para-elaboracao-do-plano-de-mineracao-do-maranhao\/#breadcrumb","itemListElement":[{"@type":"ListItem","position":1,"name":"In\u00edcio","item":"https:\/\/www.blogsoestado.com\/danielmatos\/"},{"@type":"ListItem","position":2,"name":"Seme realizar\u00e1 s\u00e9rie de oficinas para elabora\u00e7\u00e3o do Plano de Minera\u00e7\u00e3o do Maranh\u00e3o"}]},{"@type":"WebSite","@id":"https:\/\/www.blogsoestado.com\/danielmatos\/#website","url":"https:\/\/www.blogsoestado.com\/danielmatos\/","name":"Daniel Matos","description":"","potentialAction":[{"@type":"SearchAction","target":{"@type":"EntryPoint","urlTemplate":"https:\/\/www.blogsoestado.com\/danielmatos\/?s={search_term_string}"},"query-input":{"@type":"PropertyValueSpecification","valueRequired":true,"valueName":"search_term_string"}}],"inLanguage":"pt-BR"}]}},"jetpack_featured_media_url":"","_links":{"self":[{"href":"https:\/\/www.blogsoestado.com\/danielmatos\/wp-json\/wp\/v2\/posts\/17881","targetHints":{"allow":["GET"]}}],"collection":[{"href":"https:\/\/www.blogsoestado.com\/danielmatos\/wp-json\/wp\/v2\/posts"}],"about":[{"href":"https:\/\/www.blogsoestado.com\/danielmatos\/wp-json\/wp\/v2\/types\/post"}],"replies":[{"embeddable":true,"href":"https:\/\/www.blogsoestado.com\/danielmatos\/wp-json\/wp\/v2\/comments?post=17881"}],"version-history":[{"count":0,"href":"https:\/\/www.blogsoestado.com\/danielmatos\/wp-json\/wp\/v2\/posts\/17881\/revisions"}],"wp:attachment":[{"href":"https:\/\/www.blogsoestado.com\/danielmatos\/wp-json\/wp\/v2\/media?parent=17881"}],"wp:term":[{"taxonomy":"category","embeddable":true,"href":"https:\/\/www.blogsoestado.com\/danielmatos\/wp-json\/wp\/v2\/categories?post=17881"},{"taxonomy":"post_tag","embeddable":true,"href":"https:\/\/www.blogsoestado.com\/danielmatos\/wp-json\/wp\/v2\/tags?post=17881"}],"curies":[{"name":"wp","href":"https:\/\/api.w.org\/{rel}","templated":true}]}}