{"id":17899,"date":"2014-07-18T08:57:41","date_gmt":"2014-07-18T11:57:41","guid":{"rendered":"https:\/\/www.blogsoestado.com\/danielmatos\/?p=17899"},"modified":"2014-07-18T08:57:41","modified_gmt":"2014-07-18T11:57:41","slug":"lobao-filho-realiza-primeira-carreata-da-campanha-em-sao-domingos","status":"publish","type":"post","link":"https:\/\/www.blogsoestado.com\/danielmatos\/lobao-filho-realiza-primeira-carreata-da-campanha-em-sao-domingos\/","title":{"rendered":"Lob\u00e3o Filho realiza primeira carreata da campanha em S\u00e3o Domingos"},"content":{"rendered":"<figure id=\"attachment_17900\" aria-describedby=\"caption-attachment-17900\" style=\"width: 640px\" class=\"wp-caption aligncenter\"><a href=\"https:\/\/www.blogsoestado.com\/danielmatos\/files\/2014\/07\/carreata-s\u00e3o-domingos.jpg\"><img fetchpriority=\"high\" decoding=\"async\" class=\"size-full wp-image-17900\" src=\"https:\/\/www.blogsoestado.com\/danielmatos\/files\/2014\/07\/carreata-s\u00e3o-domingos.jpg\" alt=\"Lob\u00e3o Filho percorreu em  carreata as principais localidades de S\u00e3o Domingos do Maranh\u00e3o\" width=\"640\" height=\"409\" \/><\/a><figcaption id=\"caption-attachment-17900\" class=\"wp-caption-text\">Lob\u00e3o Filho percorreu em megacarreata v\u00e1rias localidades de S\u00e3o Domingos do Maranh\u00e3o (<strong>Fotos:<\/strong> Biaman Prado e Gilson Teixeira)<\/figcaption><\/figure>\n<p>O candidato a governador Lob\u00e3o Filho (PMDB) realizou nesta quinta-feira (17) duas megacarreatas em S\u00e3o Domingos do Maranh\u00e3o. A largada foi dada na sede do munic\u00edpio e a segunda carreata partiu do povoado Baix\u00e3o Grande, unindo, novamente, uma multid\u00e3o em todo o percurso de 40km.<\/p>\n<p>\u00c0 frente da coliga\u00e7\u00e3o \u201cPra Frente, Maranh\u00e3o\u201d, o candidato ao governo do Estado reuniu cerca de 200 ve\u00edculos que percorreram ruas e povoados. Ao lado do candidato a vice-governador Arnaldo Melo e o do deputado federal, candidato a senador Gast\u00e3o Vieira, ambos do PMDB, o peemedebista foi acolhido com carinho e entusiasmo por milhares de eleitores, desde a chegada a S\u00e3o Domingos.<\/p>\n<p>\u201c\u00c9 muito gratificante chegar ao primeiro munic\u00edpio que escolhemos para iniciar nossas carreatas e receber o carinho do povo\u201d, declarou Lob\u00e3o Filho.<\/p>\n<p>O ex-prefeito Z\u00e9 da Folha, que acompanhou a caravana da coliga\u00e7\u00e3o \u201cPra Frente Maranh\u00e3o\u201d disse ser essa a largada para uma grande campanha vitoriosa. \u201cEstamos todos unidos em um s\u00f3 prop\u00f3sito, eleger nosso candidato que \u00e9 o homem mais preparado para assumir a miss\u00e3o de governar o Maranh\u00e3o\u201d, ressaltou o ex-prefeito.<\/p>\n<p>O presidente da C\u00e2mara, Nen\u00e9m Le\u00e3o, que comp\u00f5e o bloco de nove vereadores que apoiam a candidatura de Lob\u00e3o Filho, disse ser ele o nome da verdadeira mudan\u00e7a. \u201cApoio Lob\u00e3o Filho e com muita convic\u00e7\u00e3o, porque acredito que ele, sim, pode mudar a realidade do nosso munic\u00edpio e melhorar ainda mais o nosso estado\u201d, afirmou.<\/p>\n<p>Lob\u00e3o Filho falou ainda sobre o ideal de resgatar o orgulho dos maranhenses. \u201cEstou assumindo com o povo do Maranh\u00e3o um compromisso de alma: transformar o nosso Estado em um local onde todos os maranhenses tenham orgulho de sua terra, tenham a altivez de afirmar \u2018sou maranhense\u2019 em qualquer do mundo\u201d, destacou.<\/p>\n<p>Satisfeito com o resultado das primeiras carreatas, Lob\u00e3o Filho disse ainda que vai intensificar as suas visitas ao interior do Maranh\u00e3o para conversar olhos nos olhos com os maranhenses. \u201cQuero ouvir suas demandas e, em especial, sentir o seu carinho, a sua energia, pois essa \u00e9 a for\u00e7a que me move nessa grande caminhada rumo ao governo do Estado e rumo ao Maranh\u00e3o com grande desenvolvimento econ\u00f4mico e justi\u00e7a social\u201d, finalizou Lob\u00e3o Filho.<\/p>\n<p>Abaixo, mais imagens da megacarreata:<\/p>\n<p><a href=\"https:\/\/www.blogsoestado.com\/danielmatos\/files\/2014\/07\/carreata-s\u00e3o-domingos2.jpg\"><img decoding=\"async\" class=\"aligncenter size-full wp-image-17901\" src=\"https:\/\/www.blogsoestado.com\/danielmatos\/files\/2014\/07\/carreata-s\u00e3o-domingos2.jpg\" alt=\"carreata s\u00e3o domingos2\" width=\"640\" height=\"385\" \/><\/a><\/p>\n<p><a href=\"https:\/\/www.blogsoestado.com\/danielmatos\/files\/2014\/07\/carreata-s\u00e3o-domingos3.jpg\"><img decoding=\"async\" class=\"aligncenter size-full wp-image-17902\" src=\"https:\/\/www.blogsoestado.com\/danielmatos\/files\/2014\/07\/carreata-s\u00e3o-domingos3.jpg\" alt=\"carreata s\u00e3o domingos3\" width=\"640\" height=\"341\" \/><\/a><\/p>\n<p><a href=\"https:\/\/www.blogsoestado.com\/danielmatos\/files\/2014\/07\/carreata-s\u00e3o-domingos4.jpg\"><img loading=\"lazy\" decoding=\"async\" class=\"aligncenter size-full wp-image-17903\" src=\"https:\/\/www.blogsoestado.com\/danielmatos\/files\/2014\/07\/carreata-s\u00e3o-domingos4.jpg\" alt=\"carreata s\u00e3o domingos4\" width=\"640\" height=\"387\" \/><\/a><\/p>\n","protected":false},"excerpt":{"rendered":"<p>O candidato a governador Lob\u00e3o Filho (PMDB) realizou nesta quinta-feira (17) duas megacarreatas em S\u00e3o Domingos do Maranh\u00e3o. A largada [&hellip;]<\/p>\n","protected":false},"author":0,"featured_media":0,"comment_status":"open","ping_status":"open","sticky":false,"template":"","format":"standard","meta":{"site-sidebar-layout":"default","site-content-layout":"","ast-site-content-layout":"default","site-content-style":"default","site-sidebar-style":"default","ast-global-header-display":"","ast-banner-title-visibility":"","ast-main-header-display":"","ast-hfb-above-header-display":"","ast-hfb-below-header-display":"","ast-hfb-mobile-header-display":"","site-post-title":"","ast-breadcrumbs-content":"","ast-featured-img":"","footer-sml-layout":"","ast-disable-related-posts":"","theme-transparent-header-meta":"","adv-header-id-meta":"","stick-header-meta":"","header-above-stick-meta":"","header-main-stick-meta":"","header-below-stick-meta":"","astra-migrate-meta-layouts":"default","ast-page-background-enabled":"default","ast-page-background-meta":{"desktop":{"background-color":"var(--ast-global-color-5)","background-image":"","background-repeat":"repeat","background-position":"center center","background-size":"auto","background-attachment":"scroll","background-type":"","background-media":"","overlay-type":"","overlay-color":"","overlay-opacity":"","overlay-gradient":""},"tablet":{"background-color":"","background-image":"","background-repeat":"repeat","background-position":"center center","background-size":"auto","background-attachment":"scroll","background-type":"","background-media":"","overlay-type":"","overlay-color":"","overlay-opacity":"","overlay-gradient":""},"mobile":{"background-color":"","background-image":"","background-repeat":"repeat","background-position":"center center","background-size":"auto","background-attachment":"scroll","background-type":"","background-media":"","overlay-type":"","overlay-color":"","overlay-opacity":"","overlay-gradient":""}},"ast-content-background-meta":{"desktop":{"background-color":"var(--ast-global-color-4)","background-image":"","background-repeat":"repeat","background-position":"center center","background-size":"auto","background-attachment":"scroll","background-type":"","background-media":"","overlay-type":"","overlay-color":"","overlay-opacity":"","overlay-gradient":""},"tablet":{"background-color":"var(--ast-global-color-4)","background-image":"","background-repeat":"repeat","background-position":"center center","background-size":"auto","background-attachment":"scroll","background-type":"","background-media":"","overlay-type":"","overlay-color":"","overlay-opacity":"","overlay-gradient":""},"mobile":{"background-color":"var(--ast-global-color-4)","background-image":"","background-repeat":"repeat","background-position":"center center","background-size":"auto","background-attachment":"scroll","background-type":"","background-media":"","overlay-type":"","overlay-color":"","overlay-opacity":"","overlay-gradient":""}},"footnotes":""},"categories":[1],"tags":[],"class_list":["post-17899","post","type-post","status-publish","format-standard","hentry","category-sem-categoria"],"yoast_head":"<!-- This site is optimized with the Yoast SEO plugin v26.6 - https:\/\/yoast.com\/wordpress\/plugins\/seo\/ -->\n<title>Lob\u00e3o Filho realiza primeira carreata da campanha em S\u00e3o Domingos - Daniel Matos<\/title>\n<meta name=\"robots\" content=\"index, follow, max-snippet:-1, max-image-preview:large, max-video-preview:-1\" \/>\n<link rel=\"canonical\" href=\"https:\/\/www.blogsoestado.com\/danielmatos\/lobao-filho-realiza-primeira-carreata-da-campanha-em-sao-domingos\/\" \/>\n<meta property=\"og:locale\" content=\"pt_BR\" \/>\n<meta property=\"og:type\" content=\"article\" \/>\n<meta property=\"og:title\" content=\"Lob\u00e3o Filho realiza primeira carreata da campanha em S\u00e3o Domingos - Daniel Matos\" \/>\n<meta property=\"og:description\" content=\"O candidato a governador Lob\u00e3o Filho (PMDB) realizou nesta quinta-feira (17) duas megacarreatas em S\u00e3o Domingos do Maranh\u00e3o. A largada [&hellip;]\" \/>\n<meta property=\"og:url\" content=\"https:\/\/www.blogsoestado.com\/danielmatos\/lobao-filho-realiza-primeira-carreata-da-campanha-em-sao-domingos\/\" \/>\n<meta property=\"og:site_name\" content=\"Daniel Matos\" \/>\n<meta property=\"article:published_time\" content=\"2014-07-18T11:57:41+00:00\" \/>\n<meta name=\"twitter:card\" content=\"summary_large_image\" \/>\n<meta name=\"twitter:label1\" content=\"Est. tempo de leitura\" \/>\n\t<meta name=\"twitter:data1\" content=\"2 minutos\" \/>\n<script type=\"application\/ld+json\" class=\"yoast-schema-graph\">{\"@context\":\"https:\/\/schema.org\",\"@graph\":[{\"@type\":\"WebPage\",\"@id\":\"https:\/\/www.blogsoestado.com\/danielmatos\/lobao-filho-realiza-primeira-carreata-da-campanha-em-sao-domingos\/\",\"url\":\"https:\/\/www.blogsoestado.com\/danielmatos\/lobao-filho-realiza-primeira-carreata-da-campanha-em-sao-domingos\/\",\"name\":\"Lob\u00e3o Filho realiza primeira carreata da campanha em S\u00e3o Domingos - Daniel Matos\",\"isPartOf\":{\"@id\":\"https:\/\/www.blogsoestado.com\/danielmatos\/#website\"},\"datePublished\":\"2014-07-18T11:57:41+00:00\",\"author\":{\"@id\":\"\"},\"breadcrumb\":{\"@id\":\"https:\/\/www.blogsoestado.com\/danielmatos\/lobao-filho-realiza-primeira-carreata-da-campanha-em-sao-domingos\/#breadcrumb\"},\"inLanguage\":\"pt-BR\",\"potentialAction\":[{\"@type\":\"ReadAction\",\"target\":[\"https:\/\/www.blogsoestado.com\/danielmatos\/lobao-filho-realiza-primeira-carreata-da-campanha-em-sao-domingos\/\"]}]},{\"@type\":\"BreadcrumbList\",\"@id\":\"https:\/\/www.blogsoestado.com\/danielmatos\/lobao-filho-realiza-primeira-carreata-da-campanha-em-sao-domingos\/#breadcrumb\",\"itemListElement\":[{\"@type\":\"ListItem\",\"position\":1,\"name\":\"In\u00edcio\",\"item\":\"https:\/\/www.blogsoestado.com\/danielmatos\/\"},{\"@type\":\"ListItem\",\"position\":2,\"name\":\"Lob\u00e3o Filho realiza primeira carreata da campanha em S\u00e3o Domingos\"}]},{\"@type\":\"WebSite\",\"@id\":\"https:\/\/www.blogsoestado.com\/danielmatos\/#website\",\"url\":\"https:\/\/www.blogsoestado.com\/danielmatos\/\",\"name\":\"Daniel Matos\",\"description\":\"\",\"potentialAction\":[{\"@type\":\"SearchAction\",\"target\":{\"@type\":\"EntryPoint\",\"urlTemplate\":\"https:\/\/www.blogsoestado.com\/danielmatos\/?s={search_term_string}\"},\"query-input\":{\"@type\":\"PropertyValueSpecification\",\"valueRequired\":true,\"valueName\":\"search_term_string\"}}],\"inLanguage\":\"pt-BR\"}]}<\/script>\n<!-- \/ Yoast SEO plugin. -->","yoast_head_json":{"title":"Lob\u00e3o Filho realiza primeira carreata da campanha em S\u00e3o Domingos - Daniel Matos","robots":{"index":"index","follow":"follow","max-snippet":"max-snippet:-1","max-image-preview":"max-image-preview:large","max-video-preview":"max-video-preview:-1"},"canonical":"https:\/\/www.blogsoestado.com\/danielmatos\/lobao-filho-realiza-primeira-carreata-da-campanha-em-sao-domingos\/","og_locale":"pt_BR","og_type":"article","og_title":"Lob\u00e3o Filho realiza primeira carreata da campanha em S\u00e3o Domingos - Daniel Matos","og_description":"O candidato a governador Lob\u00e3o Filho (PMDB) realizou nesta quinta-feira (17) duas megacarreatas em S\u00e3o Domingos do Maranh\u00e3o. A largada [&hellip;]","og_url":"https:\/\/www.blogsoestado.com\/danielmatos\/lobao-filho-realiza-primeira-carreata-da-campanha-em-sao-domingos\/","og_site_name":"Daniel Matos","article_published_time":"2014-07-18T11:57:41+00:00","twitter_card":"summary_large_image","twitter_misc":{"Est. tempo de leitura":"2 minutos"},"schema":{"@context":"https:\/\/schema.org","@graph":[{"@type":"WebPage","@id":"https:\/\/www.blogsoestado.com\/danielmatos\/lobao-filho-realiza-primeira-carreata-da-campanha-em-sao-domingos\/","url":"https:\/\/www.blogsoestado.com\/danielmatos\/lobao-filho-realiza-primeira-carreata-da-campanha-em-sao-domingos\/","name":"Lob\u00e3o Filho realiza primeira carreata da campanha em S\u00e3o Domingos - Daniel Matos","isPartOf":{"@id":"https:\/\/www.blogsoestado.com\/danielmatos\/#website"},"datePublished":"2014-07-18T11:57:41+00:00","author":{"@id":""},"breadcrumb":{"@id":"https:\/\/www.blogsoestado.com\/danielmatos\/lobao-filho-realiza-primeira-carreata-da-campanha-em-sao-domingos\/#breadcrumb"},"inLanguage":"pt-BR","potentialAction":[{"@type":"ReadAction","target":["https:\/\/www.blogsoestado.com\/danielmatos\/lobao-filho-realiza-primeira-carreata-da-campanha-em-sao-domingos\/"]}]},{"@type":"BreadcrumbList","@id":"https:\/\/www.blogsoestado.com\/danielmatos\/lobao-filho-realiza-primeira-carreata-da-campanha-em-sao-domingos\/#breadcrumb","itemListElement":[{"@type":"ListItem","position":1,"name":"In\u00edcio","item":"https:\/\/www.blogsoestado.com\/danielmatos\/"},{"@type":"ListItem","position":2,"name":"Lob\u00e3o Filho realiza primeira carreata da campanha em S\u00e3o Domingos"}]},{"@type":"WebSite","@id":"https:\/\/www.blogsoestado.com\/danielmatos\/#website","url":"https:\/\/www.blogsoestado.com\/danielmatos\/","name":"Daniel Matos","description":"","potentialAction":[{"@type":"SearchAction","target":{"@type":"EntryPoint","urlTemplate":"https:\/\/www.blogsoestado.com\/danielmatos\/?s={search_term_string}"},"query-input":{"@type":"PropertyValueSpecification","valueRequired":true,"valueName":"search_term_string"}}],"inLanguage":"pt-BR"}]}},"jetpack_featured_media_url":"","_links":{"self":[{"href":"https:\/\/www.blogsoestado.com\/danielmatos\/wp-json\/wp\/v2\/posts\/17899","targetHints":{"allow":["GET"]}}],"collection":[{"href":"https:\/\/www.blogsoestado.com\/danielmatos\/wp-json\/wp\/v2\/posts"}],"about":[{"href":"https:\/\/www.blogsoestado.com\/danielmatos\/wp-json\/wp\/v2\/types\/post"}],"replies":[{"embeddable":true,"href":"https:\/\/www.blogsoestado.com\/danielmatos\/wp-json\/wp\/v2\/comments?post=17899"}],"version-history":[{"count":0,"href":"https:\/\/www.blogsoestado.com\/danielmatos\/wp-json\/wp\/v2\/posts\/17899\/revisions"}],"wp:attachment":[{"href":"https:\/\/www.blogsoestado.com\/danielmatos\/wp-json\/wp\/v2\/media?parent=17899"}],"wp:term":[{"taxonomy":"category","embeddable":true,"href":"https:\/\/www.blogsoestado.com\/danielmatos\/wp-json\/wp\/v2\/categories?post=17899"},{"taxonomy":"post_tag","embeddable":true,"href":"https:\/\/www.blogsoestado.com\/danielmatos\/wp-json\/wp\/v2\/tags?post=17899"}],"curies":[{"name":"wp","href":"https:\/\/api.w.org\/{rel}","templated":true}]}}