{"id":17905,"date":"2014-07-18T09:12:46","date_gmt":"2014-07-18T12:12:46","guid":{"rendered":"https:\/\/www.blogsoestado.com\/danielmatos\/?p=17905"},"modified":"2014-07-18T09:12:46","modified_gmt":"2014-07-18T12:12:46","slug":"prefeito-edivaldo-vistoria-obras-no-sao-francisco-e-ivar-saldanha","status":"publish","type":"post","link":"https:\/\/www.blogsoestado.com\/danielmatos\/prefeito-edivaldo-vistoria-obras-no-sao-francisco-e-ivar-saldanha\/","title":{"rendered":"Prefeito Edivaldo vistoria obras no S\u00e3o Francisco e Ivar Saldanha"},"content":{"rendered":"<figure id=\"attachment_17906\" aria-describedby=\"caption-attachment-17906\" style=\"width: 640px\" class=\"wp-caption aligncenter\"><a href=\"https:\/\/www.blogsoestado.com\/danielmatos\/files\/2014\/07\/edivaldo-ilhinha.jpg\"><img fetchpriority=\"high\" decoding=\"async\" class=\"size-full wp-image-17906\" src=\"https:\/\/www.blogsoestado.com\/danielmatos\/files\/2014\/07\/edivaldo-ilhinha.jpg\" alt=\"Prefeito Edivaldo Holanda J\u00fanior aproveitou vistoria das obras para ouvir os anseios da comunidade\" width=\"640\" height=\"408\" \/><\/a><figcaption id=\"caption-attachment-17906\" class=\"wp-caption-text\">Prefeito Edivaldo Holanda J\u00fanior aproveitou vistoria das obras para ouvir os anseios da comunidade<\/figcaption><\/figure>\n<p>O prefeito Edivaldo passou a manh\u00e3 desta quinta-feira (17) nos bairros S\u00e3o Francisco e Ivar Saldanha. Nas duas localidades, Edivaldo acompanhou os trabalhos de recupera\u00e7\u00e3o asf\u00e1ltica realizados pela Secretaria de Obras e Servi\u00e7os P\u00fablicos (Semosp). O prefeito tem dedicado as manh\u00e3s para a fiscaliza\u00e7\u00e3o dos servi\u00e7os desenvolvidos em diversos bairros da capital.<\/p>\n<p>No S\u00e3o Francisco, o prefeito monitorou os servi\u00e7os de reparo do pavimento na Rua 7 e Travessa Roseana Sarney. A Prefeitura esta restaurando totalmente as vias, aplicando massa asf\u00e1ltica nos pontos defeituosos e corrigindo imperfei\u00e7\u00f5es na camada asf\u00e1ltica. Esses servi\u00e7os tamb\u00e9m foram estendidos \u00e0 rua Dr. Santos Neto, no bairro Ivar Saldanha.<\/p>\n<p>Nos dois bairros, al\u00e9m de vistoriar os servi\u00e7os, o prefeito reservou um espa\u00e7o para interagir com os moradores. Edivaldo foi \u00e0s casas e com\u00e9rcios, nesse contato mais direto com a comunidade, para ouvir os principais anseios e demandas, al\u00e9m das impress\u00f5es sobre as a\u00e7\u00f5es realizadas pela gest\u00e3o municipal.<\/p>\n<figure id=\"attachment_17907\" aria-describedby=\"caption-attachment-17907\" style=\"width: 640px\" class=\"wp-caption aligncenter\"><a href=\"https:\/\/www.blogsoestado.com\/danielmatos\/files\/2014\/07\/edivaldo-ilhinha2.jpg\"><img decoding=\"async\" class=\"size-full wp-image-17907\" src=\"https:\/\/www.blogsoestado.com\/danielmatos\/files\/2014\/07\/edivaldo-ilhinha2.jpg\" alt=\"Prefeitura cumprimenta moradora durante execu\u00e7\u00e3o de obra em benef\u00edcio da comunidade\" width=\"640\" height=\"448\" \/><\/a><figcaption id=\"caption-attachment-17907\" class=\"wp-caption-text\">Prefeitura cumprimenta moradora durante execu\u00e7\u00e3o de obra em benef\u00edcio da comunidade<\/figcaption><\/figure>\n<p>Morador h\u00e1 duas d\u00e9cadas do bairro Ivar Saldanha, Jo\u00e3o Gualberto recebeu a visita de Edivaldo no com\u00e9rcio localizado na Rua Dr. Santos Neto. Ele parabenizou o prefeito pelas melhorias na recupera\u00e7\u00e3o asf\u00e1ltica e aprovou o di\u00e1logo com a comunidade. \u201cEle est\u00e1 correto, \u00e9 na rua, nesse corpo a corpo com a popula\u00e7\u00e3o, que ele vai saber realmente do que precisamos\u201d, declarou o comerciante.<\/p>\n<p>\u201cTodos os dias somos surpreendidos com algo diferente, hoje, al\u00e9m do apoio, tivemos o afeto imenso da popula\u00e7\u00e3o. Isso s\u00f3 mostra que estamos avan\u00e7ando e nos estimula a trabalhar mais por essa cidade que merece toda a nossa dedica\u00e7\u00e3o e esfor\u00e7o para faz\u00ea-la um lugar bem melhor de morar\u201d, avaliou Edivaldo.<\/p>\n<p>No decorrer da visita, tanto no Ivar Saldanha quanto no S\u00e3o Francisco, os populares puderam expor ao prefeito os principais problemas que afligem a comunidade. Acompanhado do l\u00edder do governo na C\u00e2mara, vereador Osmar Filho (PSB), Edivaldo ouviu atentamente todas as solicita\u00e7\u00f5es e encaminhou medidas a serem adotadas dentro das possibilidades da administra\u00e7\u00e3o.<\/p>\n<p><strong>Fonte:<\/strong> Secretaria Municipal de Comunica\u00e7\u00e3o (Secom)<\/p>\n","protected":false},"excerpt":{"rendered":"<p>O prefeito Edivaldo passou a manh\u00e3 desta quinta-feira (17) nos bairros S\u00e3o Francisco e Ivar Saldanha. Nas duas localidades, Edivaldo [&hellip;]<\/p>\n","protected":false},"author":0,"featured_media":0,"comment_status":"open","ping_status":"open","sticky":false,"template":"","format":"standard","meta":{"site-sidebar-layout":"default","site-content-layout":"","ast-site-content-layout":"default","site-content-style":"default","site-sidebar-style":"default","ast-global-header-display":"","ast-banner-title-visibility":"","ast-main-header-display":"","ast-hfb-above-header-display":"","ast-hfb-below-header-display":"","ast-hfb-mobile-header-display":"","site-post-title":"","ast-breadcrumbs-content":"","ast-featured-img":"","footer-sml-layout":"","ast-disable-related-posts":"","theme-transparent-header-meta":"","adv-header-id-meta":"","stick-header-meta":"","header-above-stick-meta":"","header-main-stick-meta":"","header-below-stick-meta":"","astra-migrate-meta-layouts":"default","ast-page-background-enabled":"default","ast-page-background-meta":{"desktop":{"background-color":"var(--ast-global-color-5)","background-image":"","background-repeat":"repeat","background-position":"center center","background-size":"auto","background-attachment":"scroll","background-type":"","background-media":"","overlay-type":"","overlay-color":"","overlay-opacity":"","overlay-gradient":""},"tablet":{"background-color":"","background-image":"","background-repeat":"repeat","background-position":"center center","background-size":"auto","background-attachment":"scroll","background-type":"","background-media":"","overlay-type":"","overlay-color":"","overlay-opacity":"","overlay-gradient":""},"mobile":{"background-color":"","background-image":"","background-repeat":"repeat","background-position":"center center","background-size":"auto","background-attachment":"scroll","background-type":"","background-media":"","overlay-type":"","overlay-color":"","overlay-opacity":"","overlay-gradient":""}},"ast-content-background-meta":{"desktop":{"background-color":"var(--ast-global-color-4)","background-image":"","background-repeat":"repeat","background-position":"center center","background-size":"auto","background-attachment":"scroll","background-type":"","background-media":"","overlay-type":"","overlay-color":"","overlay-opacity":"","overlay-gradient":""},"tablet":{"background-color":"var(--ast-global-color-4)","background-image":"","background-repeat":"repeat","background-position":"center center","background-size":"auto","background-attachment":"scroll","background-type":"","background-media":"","overlay-type":"","overlay-color":"","overlay-opacity":"","overlay-gradient":""},"mobile":{"background-color":"var(--ast-global-color-4)","background-image":"","background-repeat":"repeat","background-position":"center center","background-size":"auto","background-attachment":"scroll","background-type":"","background-media":"","overlay-type":"","overlay-color":"","overlay-opacity":"","overlay-gradient":""}},"footnotes":""},"categories":[1],"tags":[],"class_list":["post-17905","post","type-post","status-publish","format-standard","hentry","category-sem-categoria"],"yoast_head":"<!-- This site is optimized with the Yoast SEO plugin v26.6 - https:\/\/yoast.com\/wordpress\/plugins\/seo\/ -->\n<title>Prefeito Edivaldo vistoria obras no S\u00e3o Francisco e Ivar Saldanha - Daniel Matos<\/title>\n<meta name=\"robots\" content=\"index, follow, max-snippet:-1, max-image-preview:large, max-video-preview:-1\" \/>\n<link rel=\"canonical\" href=\"https:\/\/www.blogsoestado.com\/danielmatos\/prefeito-edivaldo-vistoria-obras-no-sao-francisco-e-ivar-saldanha\/\" \/>\n<meta property=\"og:locale\" content=\"pt_BR\" \/>\n<meta property=\"og:type\" content=\"article\" \/>\n<meta property=\"og:title\" content=\"Prefeito Edivaldo vistoria obras no S\u00e3o Francisco e Ivar Saldanha - Daniel Matos\" \/>\n<meta property=\"og:description\" content=\"O prefeito Edivaldo passou a manh\u00e3 desta quinta-feira (17) nos bairros S\u00e3o Francisco e Ivar Saldanha. Nas duas localidades, Edivaldo [&hellip;]\" \/>\n<meta property=\"og:url\" content=\"https:\/\/www.blogsoestado.com\/danielmatos\/prefeito-edivaldo-vistoria-obras-no-sao-francisco-e-ivar-saldanha\/\" \/>\n<meta property=\"og:site_name\" content=\"Daniel Matos\" \/>\n<meta property=\"article:published_time\" content=\"2014-07-18T12:12:46+00:00\" \/>\n<meta property=\"og:image\" content=\"https:\/\/www.blogsoestado.com\/danielmatos\/files\/2014\/07\/edivaldo-ilhinha.jpg\" \/>\n<meta name=\"twitter:card\" content=\"summary_large_image\" \/>\n<meta name=\"twitter:label1\" content=\"Est. tempo de leitura\" \/>\n\t<meta name=\"twitter:data1\" content=\"2 minutos\" \/>\n<script type=\"application\/ld+json\" class=\"yoast-schema-graph\">{\"@context\":\"https:\/\/schema.org\",\"@graph\":[{\"@type\":\"WebPage\",\"@id\":\"https:\/\/www.blogsoestado.com\/danielmatos\/prefeito-edivaldo-vistoria-obras-no-sao-francisco-e-ivar-saldanha\/\",\"url\":\"https:\/\/www.blogsoestado.com\/danielmatos\/prefeito-edivaldo-vistoria-obras-no-sao-francisco-e-ivar-saldanha\/\",\"name\":\"Prefeito Edivaldo vistoria obras no S\u00e3o Francisco e Ivar Saldanha - Daniel Matos\",\"isPartOf\":{\"@id\":\"https:\/\/www.blogsoestado.com\/danielmatos\/#website\"},\"primaryImageOfPage\":{\"@id\":\"https:\/\/www.blogsoestado.com\/danielmatos\/prefeito-edivaldo-vistoria-obras-no-sao-francisco-e-ivar-saldanha\/#primaryimage\"},\"image\":{\"@id\":\"https:\/\/www.blogsoestado.com\/danielmatos\/prefeito-edivaldo-vistoria-obras-no-sao-francisco-e-ivar-saldanha\/#primaryimage\"},\"thumbnailUrl\":\"https:\/\/www.blogsoestado.com\/danielmatos\/files\/2014\/07\/edivaldo-ilhinha.jpg\",\"datePublished\":\"2014-07-18T12:12:46+00:00\",\"author\":{\"@id\":\"\"},\"breadcrumb\":{\"@id\":\"https:\/\/www.blogsoestado.com\/danielmatos\/prefeito-edivaldo-vistoria-obras-no-sao-francisco-e-ivar-saldanha\/#breadcrumb\"},\"inLanguage\":\"pt-BR\",\"potentialAction\":[{\"@type\":\"ReadAction\",\"target\":[\"https:\/\/www.blogsoestado.com\/danielmatos\/prefeito-edivaldo-vistoria-obras-no-sao-francisco-e-ivar-saldanha\/\"]}]},{\"@type\":\"ImageObject\",\"inLanguage\":\"pt-BR\",\"@id\":\"https:\/\/www.blogsoestado.com\/danielmatos\/prefeito-edivaldo-vistoria-obras-no-sao-francisco-e-ivar-saldanha\/#primaryimage\",\"url\":\"https:\/\/www.blogsoestado.com\/danielmatos\/files\/2014\/07\/edivaldo-ilhinha.jpg\",\"contentUrl\":\"https:\/\/www.blogsoestado.com\/danielmatos\/files\/2014\/07\/edivaldo-ilhinha.jpg\"},{\"@type\":\"BreadcrumbList\",\"@id\":\"https:\/\/www.blogsoestado.com\/danielmatos\/prefeito-edivaldo-vistoria-obras-no-sao-francisco-e-ivar-saldanha\/#breadcrumb\",\"itemListElement\":[{\"@type\":\"ListItem\",\"position\":1,\"name\":\"In\u00edcio\",\"item\":\"https:\/\/www.blogsoestado.com\/danielmatos\/\"},{\"@type\":\"ListItem\",\"position\":2,\"name\":\"Prefeito Edivaldo vistoria obras no S\u00e3o Francisco e Ivar Saldanha\"}]},{\"@type\":\"WebSite\",\"@id\":\"https:\/\/www.blogsoestado.com\/danielmatos\/#website\",\"url\":\"https:\/\/www.blogsoestado.com\/danielmatos\/\",\"name\":\"Daniel Matos\",\"description\":\"\",\"potentialAction\":[{\"@type\":\"SearchAction\",\"target\":{\"@type\":\"EntryPoint\",\"urlTemplate\":\"https:\/\/www.blogsoestado.com\/danielmatos\/?s={search_term_string}\"},\"query-input\":{\"@type\":\"PropertyValueSpecification\",\"valueRequired\":true,\"valueName\":\"search_term_string\"}}],\"inLanguage\":\"pt-BR\"}]}<\/script>\n<!-- \/ Yoast SEO plugin. -->","yoast_head_json":{"title":"Prefeito Edivaldo vistoria obras no S\u00e3o Francisco e Ivar Saldanha - Daniel Matos","robots":{"index":"index","follow":"follow","max-snippet":"max-snippet:-1","max-image-preview":"max-image-preview:large","max-video-preview":"max-video-preview:-1"},"canonical":"https:\/\/www.blogsoestado.com\/danielmatos\/prefeito-edivaldo-vistoria-obras-no-sao-francisco-e-ivar-saldanha\/","og_locale":"pt_BR","og_type":"article","og_title":"Prefeito Edivaldo vistoria obras no S\u00e3o Francisco e Ivar Saldanha - Daniel Matos","og_description":"O prefeito Edivaldo passou a manh\u00e3 desta quinta-feira (17) nos bairros S\u00e3o Francisco e Ivar Saldanha. Nas duas localidades, Edivaldo [&hellip;]","og_url":"https:\/\/www.blogsoestado.com\/danielmatos\/prefeito-edivaldo-vistoria-obras-no-sao-francisco-e-ivar-saldanha\/","og_site_name":"Daniel Matos","article_published_time":"2014-07-18T12:12:46+00:00","og_image":[{"url":"https:\/\/www.blogsoestado.com\/danielmatos\/files\/2014\/07\/edivaldo-ilhinha.jpg","type":"","width":"","height":""}],"twitter_card":"summary_large_image","twitter_misc":{"Est. tempo de leitura":"2 minutos"},"schema":{"@context":"https:\/\/schema.org","@graph":[{"@type":"WebPage","@id":"https:\/\/www.blogsoestado.com\/danielmatos\/prefeito-edivaldo-vistoria-obras-no-sao-francisco-e-ivar-saldanha\/","url":"https:\/\/www.blogsoestado.com\/danielmatos\/prefeito-edivaldo-vistoria-obras-no-sao-francisco-e-ivar-saldanha\/","name":"Prefeito Edivaldo vistoria obras no S\u00e3o Francisco e Ivar Saldanha - Daniel Matos","isPartOf":{"@id":"https:\/\/www.blogsoestado.com\/danielmatos\/#website"},"primaryImageOfPage":{"@id":"https:\/\/www.blogsoestado.com\/danielmatos\/prefeito-edivaldo-vistoria-obras-no-sao-francisco-e-ivar-saldanha\/#primaryimage"},"image":{"@id":"https:\/\/www.blogsoestado.com\/danielmatos\/prefeito-edivaldo-vistoria-obras-no-sao-francisco-e-ivar-saldanha\/#primaryimage"},"thumbnailUrl":"https:\/\/www.blogsoestado.com\/danielmatos\/files\/2014\/07\/edivaldo-ilhinha.jpg","datePublished":"2014-07-18T12:12:46+00:00","author":{"@id":""},"breadcrumb":{"@id":"https:\/\/www.blogsoestado.com\/danielmatos\/prefeito-edivaldo-vistoria-obras-no-sao-francisco-e-ivar-saldanha\/#breadcrumb"},"inLanguage":"pt-BR","potentialAction":[{"@type":"ReadAction","target":["https:\/\/www.blogsoestado.com\/danielmatos\/prefeito-edivaldo-vistoria-obras-no-sao-francisco-e-ivar-saldanha\/"]}]},{"@type":"ImageObject","inLanguage":"pt-BR","@id":"https:\/\/www.blogsoestado.com\/danielmatos\/prefeito-edivaldo-vistoria-obras-no-sao-francisco-e-ivar-saldanha\/#primaryimage","url":"https:\/\/www.blogsoestado.com\/danielmatos\/files\/2014\/07\/edivaldo-ilhinha.jpg","contentUrl":"https:\/\/www.blogsoestado.com\/danielmatos\/files\/2014\/07\/edivaldo-ilhinha.jpg"},{"@type":"BreadcrumbList","@id":"https:\/\/www.blogsoestado.com\/danielmatos\/prefeito-edivaldo-vistoria-obras-no-sao-francisco-e-ivar-saldanha\/#breadcrumb","itemListElement":[{"@type":"ListItem","position":1,"name":"In\u00edcio","item":"https:\/\/www.blogsoestado.com\/danielmatos\/"},{"@type":"ListItem","position":2,"name":"Prefeito Edivaldo vistoria obras no S\u00e3o Francisco e Ivar Saldanha"}]},{"@type":"WebSite","@id":"https:\/\/www.blogsoestado.com\/danielmatos\/#website","url":"https:\/\/www.blogsoestado.com\/danielmatos\/","name":"Daniel Matos","description":"","potentialAction":[{"@type":"SearchAction","target":{"@type":"EntryPoint","urlTemplate":"https:\/\/www.blogsoestado.com\/danielmatos\/?s={search_term_string}"},"query-input":{"@type":"PropertyValueSpecification","valueRequired":true,"valueName":"search_term_string"}}],"inLanguage":"pt-BR"}]}},"jetpack_featured_media_url":"","_links":{"self":[{"href":"https:\/\/www.blogsoestado.com\/danielmatos\/wp-json\/wp\/v2\/posts\/17905","targetHints":{"allow":["GET"]}}],"collection":[{"href":"https:\/\/www.blogsoestado.com\/danielmatos\/wp-json\/wp\/v2\/posts"}],"about":[{"href":"https:\/\/www.blogsoestado.com\/danielmatos\/wp-json\/wp\/v2\/types\/post"}],"replies":[{"embeddable":true,"href":"https:\/\/www.blogsoestado.com\/danielmatos\/wp-json\/wp\/v2\/comments?post=17905"}],"version-history":[{"count":0,"href":"https:\/\/www.blogsoestado.com\/danielmatos\/wp-json\/wp\/v2\/posts\/17905\/revisions"}],"wp:attachment":[{"href":"https:\/\/www.blogsoestado.com\/danielmatos\/wp-json\/wp\/v2\/media?parent=17905"}],"wp:term":[{"taxonomy":"category","embeddable":true,"href":"https:\/\/www.blogsoestado.com\/danielmatos\/wp-json\/wp\/v2\/categories?post=17905"},{"taxonomy":"post_tag","embeddable":true,"href":"https:\/\/www.blogsoestado.com\/danielmatos\/wp-json\/wp\/v2\/tags?post=17905"}],"curies":[{"name":"wp","href":"https:\/\/api.w.org\/{rel}","templated":true}]}}