{"id":17917,"date":"2014-07-18T11:47:01","date_gmt":"2014-07-18T14:47:01","guid":{"rendered":"https:\/\/www.blogsoestado.com\/danielmatos\/?p=17917"},"modified":"2014-07-18T11:47:01","modified_gmt":"2014-07-18T14:47:01","slug":"lobao-filho-reune-centenas-de-pessoas-para-primeiro-comicio-em-passagem-franca","status":"publish","type":"post","link":"https:\/\/www.blogsoestado.com\/danielmatos\/lobao-filho-reune-centenas-de-pessoas-para-primeiro-comicio-em-passagem-franca\/","title":{"rendered":"Lob\u00e3o Filho re\u00fane centenas de pessoas para primeiro com\u00edcio em Passagem Franca"},"content":{"rendered":"<figure id=\"attachment_17918\" aria-describedby=\"caption-attachment-17918\" style=\"width: 640px\" class=\"wp-caption aligncenter\"><a href=\"https:\/\/www.blogsoestado.com\/danielmatos\/files\/2014\/07\/lob\u00e3o-filho-com\u00edcio.jpg\"><img fetchpriority=\"high\" decoding=\"async\" class=\"size-full wp-image-17918\" src=\"https:\/\/www.blogsoestado.com\/danielmatos\/files\/2014\/07\/lob\u00e3o-filho-com\u00edcio.jpg\" alt=\"Militantes empunham bandeira durante com\u00edcio de Lob\u00e3o Filho em Passagem Franca\" width=\"640\" height=\"406\" \/><\/a><figcaption id=\"caption-attachment-17918\" class=\"wp-caption-text\">Militantes empunham bandeira durante com\u00edcio de Lob\u00e3o Filho em Passagem Franca<\/figcaption><\/figure>\n<p>O senador Lob\u00e3o Filho (PMDB), candidato ao governo do Maranh\u00e3o realizou nesta quinta-feira (17), no munic\u00edpio de Passagem Franca, seu primeiro grande com\u00edcio. A agenda pelo interior do estado teve in\u00edcio na cidade de S\u00e3o Domingos, local onde foram realizadas duas grandes carreatas que percorreram ruas e povoados.<\/p>\n<p>J\u00e1 era noite quando Lob\u00e3o Filho, Arnaldo Melo (candidato a vice-governador) e Gast\u00e3o Vieira (candidato ao Senado), todos do PMDB, chegaram ao munic\u00edpio de Passagem Franca, acompanhados de centenas de ve\u00edculos, entre carros e motos que fizeram todo o trajeto passando ainda pela cidade de Colinas.<\/p>\n<p>Depois de percorrer toda a cidade at\u00e9 o palco montado na pra\u00e7a principal, a comitiva foi recebida pelo prefeito Gordinho (PTB), que caracterizou o momento \u201ccomo \u00fanico e de grande alegria\u201d. Tamb\u00e9m aguardavam o candidato, deputados, vereadores e lideran\u00e7as pol\u00edticas e comunit\u00e1rias de v\u00e1rios munic\u00edpios da regi\u00e3o do M\u00e9dio Sert\u00e3o maranhense.<\/p>\n<p>Lob\u00e3o Filho destacou a sua satisfa\u00e7\u00e3o de voltar \u00e0 regi\u00e3o s\u00f3 que agora como candidato ao governo do Maranh\u00e3o. \u201cVamos seguir construindo esse novo Maranh\u00e3o porque me preparei para isso. Com muita humildade pe\u00e7o hoje o apoio de voc\u00eas para juntos construirmos um estado de oportunidades para todos\u201d, convidou, lembrando de sua trajet\u00f3ria de trabalho ao longo dos sete anos no Senado Federal em prol do desenvolvimento do estado.<\/p>\n<p>O peemedebista pontuou ainda que o munic\u00edpio sertanejo contar\u00e1, a partir do seu governo, com investimentos para o desenvolvimento da agricultura. \u201cNosso grupo j\u00e1 implantou nesta regi\u00e3o muitos dos servi\u00e7os essenciais como energia el\u00e9trica, rede telef\u00f4nica al\u00e9m de hospitais. Como governador, vamos investir tamb\u00e9m na agricultura para que o manejo seja um gerador de renda para as fam\u00edlias\u201d, destacou.<\/p>\n<p>Arnaldo Melo, l\u00edder pol\u00edtico na regi\u00e3o, lembrou os benef\u00edcios assegurados ao local. \u201cJ\u00e1 temos garantidos asfalto de Passagem Franca a Lagoa do Mato, trechos de extrema import\u00e2ncia. Vamos deixar aprovados no or\u00e7amento do estado cerca de 40 milh\u00f5es para a estrada do Caf\u00e9 Buriti at\u00e9 Parnarama, se Deus quiser, j\u00e1 com Lob\u00e3o Filho no governo do Maranh\u00e3o\u201d, assinalou o parlamentar ao lado da esposa, Valder\u00eas Melo, ex-prefeita de Passagem Franca e da filha, Nina Melo, que concorre a vaga na Assembleia Legislativa no pleito de 2014.<\/p>\n<p>Gast\u00e3o Vieira disse estar preparado para enfrentar mais um grande desafio em sua vida pol\u00edtica, \u201cNosso grupo j\u00e1 fez muito n\u00e3o apenas nesta regi\u00e3o como em todo o Maranh\u00e3o. Um homem para enfrentar desafios precisa ser forte e n\u00f3s somos\u201d, disse, referindo-se a sua trajet\u00f3ria parlamentar como deputado estadual e federal, al\u00e9m dos cargos de secret\u00e1rio de educa\u00e7\u00e3o e ministro de turismo.<\/p>\n<p><strong>Milit\u00e2ncia na rua<\/strong><\/p>\n<figure id=\"attachment_17919\" aria-describedby=\"caption-attachment-17919\" style=\"width: 640px\" class=\"wp-caption aligncenter\"><a href=\"https:\/\/www.blogsoestado.com\/danielmatos\/files\/2014\/07\/lob\u00e3o-filho-com\u00edcio2.jpg\"><img decoding=\"async\" class=\"size-full wp-image-17919\" src=\"https:\/\/www.blogsoestado.com\/danielmatos\/files\/2014\/07\/lob\u00e3o-filho-com\u00edcio2.jpg\" alt=\"Lob\u00e3o Filho, Arnaldo Melo e Gast\u00e3o Vieira juntos no palanque no com\u00edcio que reuniu centenas de pessoas em Passagem Franca\" width=\"640\" height=\"428\" \/><\/a><figcaption id=\"caption-attachment-17919\" class=\"wp-caption-text\">Lob\u00e3o Filho, Arnaldo Melo e Gast\u00e3o Vieira juntos no com\u00edcio que reuniu centenas de pessoas em Passagem Franca<\/figcaption><\/figure>\n<p>A escolha de Passagem Franca para a realiza\u00e7\u00e3o da primeira carreata da coliga\u00e7\u00e3o \u201cPra Frente, Maranh\u00e3o\u201d foi motivada pelo forte hist\u00f3rico pol\u00edtico da regi\u00e3o, a exemplo da participa\u00e7\u00e3o em peso da milit\u00e2ncia e l\u00edderes pol\u00edticos.<\/p>\n<p>Participaram do primeiro com\u00edcio caravanas de pelo menos 15 munic\u00edpios da regi\u00e3o, entre eles,\u00a0S\u00e3o Jo\u00e3o dos Patos, Paraibano, Pastos Bons, Nova Iorque, Buriti-Bravo, Lagoa do Mato, S\u00e3o Francisco, Colinas, Sucupira do Riach\u00e3o, Sucupira do Norte, S\u00e3o Domingos\u00a0al\u00e9m de Mirador, Alto Alegre, Colinas e S\u00e3o Francisco do Maranh\u00e3o.<\/p>\n<p><strong>Agenda<\/strong><\/p>\n<p>Nesta sexta-feira (18), Lob\u00e3o Filho segue com agenda pol\u00edtica nas seguintes cidades:<\/p>\n<p>Santa Filomena, caminhada \u00e0s 9h;<\/p>\n<p>Gra\u00e7a Aranha, caminhada \u00e0s 11h;<\/p>\n<p>Tuntum, caminhada 15h;<\/p>\n<p>Presidente Dutra, carreata 17h.<\/p>\n","protected":false},"excerpt":{"rendered":"<p>O senador Lob\u00e3o Filho (PMDB), candidato ao governo do Maranh\u00e3o realizou nesta quinta-feira (17), no munic\u00edpio de Passagem Franca, seu [&hellip;]<\/p>\n","protected":false},"author":0,"featured_media":0,"comment_status":"open","ping_status":"open","sticky":false,"template":"","format":"standard","meta":{"site-sidebar-layout":"default","site-content-layout":"","ast-site-content-layout":"default","site-content-style":"default","site-sidebar-style":"default","ast-global-header-display":"","ast-banner-title-visibility":"","ast-main-header-display":"","ast-hfb-above-header-display":"","ast-hfb-below-header-display":"","ast-hfb-mobile-header-display":"","site-post-title":"","ast-breadcrumbs-content":"","ast-featured-img":"","footer-sml-layout":"","ast-disable-related-posts":"","theme-transparent-header-meta":"","adv-header-id-meta":"","stick-header-meta":"","header-above-stick-meta":"","header-main-stick-meta":"","header-below-stick-meta":"","astra-migrate-meta-layouts":"default","ast-page-background-enabled":"default","ast-page-background-meta":{"desktop":{"background-color":"var(--ast-global-color-5)","background-image":"","background-repeat":"repeat","background-position":"center center","background-size":"auto","background-attachment":"scroll","background-type":"","background-media":"","overlay-type":"","overlay-color":"","overlay-opacity":"","overlay-gradient":""},"tablet":{"background-color":"","background-image":"","background-repeat":"repeat","background-position":"center center","background-size":"auto","background-attachment":"scroll","background-type":"","background-media":"","overlay-type":"","overlay-color":"","overlay-opacity":"","overlay-gradient":""},"mobile":{"background-color":"","background-image":"","background-repeat":"repeat","background-position":"center center","background-size":"auto","background-attachment":"scroll","background-type":"","background-media":"","overlay-type":"","overlay-color":"","overlay-opacity":"","overlay-gradient":""}},"ast-content-background-meta":{"desktop":{"background-color":"var(--ast-global-color-4)","background-image":"","background-repeat":"repeat","background-position":"center center","background-size":"auto","background-attachment":"scroll","background-type":"","background-media":"","overlay-type":"","overlay-color":"","overlay-opacity":"","overlay-gradient":""},"tablet":{"background-color":"var(--ast-global-color-4)","background-image":"","background-repeat":"repeat","background-position":"center center","background-size":"auto","background-attachment":"scroll","background-type":"","background-media":"","overlay-type":"","overlay-color":"","overlay-opacity":"","overlay-gradient":""},"mobile":{"background-color":"var(--ast-global-color-4)","background-image":"","background-repeat":"repeat","background-position":"center center","background-size":"auto","background-attachment":"scroll","background-type":"","background-media":"","overlay-type":"","overlay-color":"","overlay-opacity":"","overlay-gradient":""}},"footnotes":""},"categories":[1],"tags":[],"class_list":["post-17917","post","type-post","status-publish","format-standard","hentry","category-sem-categoria"],"yoast_head":"<!-- This site is optimized with the Yoast SEO plugin v26.6 - https:\/\/yoast.com\/wordpress\/plugins\/seo\/ -->\n<title>Lob\u00e3o Filho re\u00fane centenas de pessoas para primeiro com\u00edcio em Passagem Franca - Daniel Matos<\/title>\n<meta name=\"robots\" content=\"index, follow, max-snippet:-1, max-image-preview:large, max-video-preview:-1\" \/>\n<link rel=\"canonical\" href=\"https:\/\/www.blogsoestado.com\/danielmatos\/lobao-filho-reune-centenas-de-pessoas-para-primeiro-comicio-em-passagem-franca\/\" \/>\n<meta property=\"og:locale\" content=\"pt_BR\" \/>\n<meta property=\"og:type\" content=\"article\" \/>\n<meta property=\"og:title\" content=\"Lob\u00e3o Filho re\u00fane centenas de pessoas para primeiro com\u00edcio em Passagem Franca - Daniel Matos\" \/>\n<meta property=\"og:description\" content=\"O senador Lob\u00e3o Filho (PMDB), candidato ao governo do Maranh\u00e3o realizou nesta quinta-feira (17), no munic\u00edpio de Passagem Franca, seu [&hellip;]\" \/>\n<meta property=\"og:url\" content=\"https:\/\/www.blogsoestado.com\/danielmatos\/lobao-filho-reune-centenas-de-pessoas-para-primeiro-comicio-em-passagem-franca\/\" \/>\n<meta property=\"og:site_name\" content=\"Daniel Matos\" \/>\n<meta property=\"article:published_time\" content=\"2014-07-18T14:47:01+00:00\" \/>\n<meta name=\"twitter:card\" content=\"summary_large_image\" \/>\n<meta name=\"twitter:label1\" content=\"Est. tempo de leitura\" \/>\n\t<meta name=\"twitter:data1\" content=\"3 minutos\" \/>\n<script type=\"application\/ld+json\" class=\"yoast-schema-graph\">{\"@context\":\"https:\/\/schema.org\",\"@graph\":[{\"@type\":\"WebPage\",\"@id\":\"https:\/\/www.blogsoestado.com\/danielmatos\/lobao-filho-reune-centenas-de-pessoas-para-primeiro-comicio-em-passagem-franca\/\",\"url\":\"https:\/\/www.blogsoestado.com\/danielmatos\/lobao-filho-reune-centenas-de-pessoas-para-primeiro-comicio-em-passagem-franca\/\",\"name\":\"Lob\u00e3o Filho re\u00fane centenas de pessoas para primeiro com\u00edcio em Passagem Franca - Daniel Matos\",\"isPartOf\":{\"@id\":\"https:\/\/www.blogsoestado.com\/danielmatos\/#website\"},\"datePublished\":\"2014-07-18T14:47:01+00:00\",\"author\":{\"@id\":\"\"},\"breadcrumb\":{\"@id\":\"https:\/\/www.blogsoestado.com\/danielmatos\/lobao-filho-reune-centenas-de-pessoas-para-primeiro-comicio-em-passagem-franca\/#breadcrumb\"},\"inLanguage\":\"pt-BR\",\"potentialAction\":[{\"@type\":\"ReadAction\",\"target\":[\"https:\/\/www.blogsoestado.com\/danielmatos\/lobao-filho-reune-centenas-de-pessoas-para-primeiro-comicio-em-passagem-franca\/\"]}]},{\"@type\":\"BreadcrumbList\",\"@id\":\"https:\/\/www.blogsoestado.com\/danielmatos\/lobao-filho-reune-centenas-de-pessoas-para-primeiro-comicio-em-passagem-franca\/#breadcrumb\",\"itemListElement\":[{\"@type\":\"ListItem\",\"position\":1,\"name\":\"In\u00edcio\",\"item\":\"https:\/\/www.blogsoestado.com\/danielmatos\/\"},{\"@type\":\"ListItem\",\"position\":2,\"name\":\"Lob\u00e3o Filho re\u00fane centenas de pessoas para primeiro com\u00edcio em Passagem Franca\"}]},{\"@type\":\"WebSite\",\"@id\":\"https:\/\/www.blogsoestado.com\/danielmatos\/#website\",\"url\":\"https:\/\/www.blogsoestado.com\/danielmatos\/\",\"name\":\"Daniel Matos\",\"description\":\"\",\"potentialAction\":[{\"@type\":\"SearchAction\",\"target\":{\"@type\":\"EntryPoint\",\"urlTemplate\":\"https:\/\/www.blogsoestado.com\/danielmatos\/?s={search_term_string}\"},\"query-input\":{\"@type\":\"PropertyValueSpecification\",\"valueRequired\":true,\"valueName\":\"search_term_string\"}}],\"inLanguage\":\"pt-BR\"}]}<\/script>\n<!-- \/ Yoast SEO plugin. -->","yoast_head_json":{"title":"Lob\u00e3o Filho re\u00fane centenas de pessoas para primeiro com\u00edcio em Passagem Franca - Daniel Matos","robots":{"index":"index","follow":"follow","max-snippet":"max-snippet:-1","max-image-preview":"max-image-preview:large","max-video-preview":"max-video-preview:-1"},"canonical":"https:\/\/www.blogsoestado.com\/danielmatos\/lobao-filho-reune-centenas-de-pessoas-para-primeiro-comicio-em-passagem-franca\/","og_locale":"pt_BR","og_type":"article","og_title":"Lob\u00e3o Filho re\u00fane centenas de pessoas para primeiro com\u00edcio em Passagem Franca - Daniel Matos","og_description":"O senador Lob\u00e3o Filho (PMDB), candidato ao governo do Maranh\u00e3o realizou nesta quinta-feira (17), no munic\u00edpio de Passagem Franca, seu [&hellip;]","og_url":"https:\/\/www.blogsoestado.com\/danielmatos\/lobao-filho-reune-centenas-de-pessoas-para-primeiro-comicio-em-passagem-franca\/","og_site_name":"Daniel Matos","article_published_time":"2014-07-18T14:47:01+00:00","twitter_card":"summary_large_image","twitter_misc":{"Est. tempo de leitura":"3 minutos"},"schema":{"@context":"https:\/\/schema.org","@graph":[{"@type":"WebPage","@id":"https:\/\/www.blogsoestado.com\/danielmatos\/lobao-filho-reune-centenas-de-pessoas-para-primeiro-comicio-em-passagem-franca\/","url":"https:\/\/www.blogsoestado.com\/danielmatos\/lobao-filho-reune-centenas-de-pessoas-para-primeiro-comicio-em-passagem-franca\/","name":"Lob\u00e3o Filho re\u00fane centenas de pessoas para primeiro com\u00edcio em Passagem Franca - Daniel Matos","isPartOf":{"@id":"https:\/\/www.blogsoestado.com\/danielmatos\/#website"},"datePublished":"2014-07-18T14:47:01+00:00","author":{"@id":""},"breadcrumb":{"@id":"https:\/\/www.blogsoestado.com\/danielmatos\/lobao-filho-reune-centenas-de-pessoas-para-primeiro-comicio-em-passagem-franca\/#breadcrumb"},"inLanguage":"pt-BR","potentialAction":[{"@type":"ReadAction","target":["https:\/\/www.blogsoestado.com\/danielmatos\/lobao-filho-reune-centenas-de-pessoas-para-primeiro-comicio-em-passagem-franca\/"]}]},{"@type":"BreadcrumbList","@id":"https:\/\/www.blogsoestado.com\/danielmatos\/lobao-filho-reune-centenas-de-pessoas-para-primeiro-comicio-em-passagem-franca\/#breadcrumb","itemListElement":[{"@type":"ListItem","position":1,"name":"In\u00edcio","item":"https:\/\/www.blogsoestado.com\/danielmatos\/"},{"@type":"ListItem","position":2,"name":"Lob\u00e3o Filho re\u00fane centenas de pessoas para primeiro com\u00edcio em Passagem Franca"}]},{"@type":"WebSite","@id":"https:\/\/www.blogsoestado.com\/danielmatos\/#website","url":"https:\/\/www.blogsoestado.com\/danielmatos\/","name":"Daniel Matos","description":"","potentialAction":[{"@type":"SearchAction","target":{"@type":"EntryPoint","urlTemplate":"https:\/\/www.blogsoestado.com\/danielmatos\/?s={search_term_string}"},"query-input":{"@type":"PropertyValueSpecification","valueRequired":true,"valueName":"search_term_string"}}],"inLanguage":"pt-BR"}]}},"jetpack_featured_media_url":"","_links":{"self":[{"href":"https:\/\/www.blogsoestado.com\/danielmatos\/wp-json\/wp\/v2\/posts\/17917","targetHints":{"allow":["GET"]}}],"collection":[{"href":"https:\/\/www.blogsoestado.com\/danielmatos\/wp-json\/wp\/v2\/posts"}],"about":[{"href":"https:\/\/www.blogsoestado.com\/danielmatos\/wp-json\/wp\/v2\/types\/post"}],"replies":[{"embeddable":true,"href":"https:\/\/www.blogsoestado.com\/danielmatos\/wp-json\/wp\/v2\/comments?post=17917"}],"version-history":[{"count":0,"href":"https:\/\/www.blogsoestado.com\/danielmatos\/wp-json\/wp\/v2\/posts\/17917\/revisions"}],"wp:attachment":[{"href":"https:\/\/www.blogsoestado.com\/danielmatos\/wp-json\/wp\/v2\/media?parent=17917"}],"wp:term":[{"taxonomy":"category","embeddable":true,"href":"https:\/\/www.blogsoestado.com\/danielmatos\/wp-json\/wp\/v2\/categories?post=17917"},{"taxonomy":"post_tag","embeddable":true,"href":"https:\/\/www.blogsoestado.com\/danielmatos\/wp-json\/wp\/v2\/tags?post=17917"}],"curies":[{"name":"wp","href":"https:\/\/api.w.org\/{rel}","templated":true}]}}