{"id":17925,"date":"2014-07-18T15:21:52","date_gmt":"2014-07-18T18:21:52","guid":{"rendered":"https:\/\/www.blogsoestado.com\/danielmatos\/?p=17925"},"modified":"2014-07-18T15:21:52","modified_gmt":"2014-07-18T18:21:52","slug":"justica-determina-reducao-da-tarifa-de-onibus","status":"publish","type":"post","link":"https:\/\/www.blogsoestado.com\/danielmatos\/justica-determina-reducao-da-tarifa-de-onibus\/","title":{"rendered":"Justi\u00e7a determina redu\u00e7\u00e3o da tarifa de \u00f4nibus"},"content":{"rendered":"<p>Em senten\u00e7a divulgada nesta sexta-feira (18), a Vara de Interesses Difusos e Coletivos de S\u00e3o Luis determina que a Prefeitura de S\u00e3o Luis reveja o percentual de aumento das tarifas de transporte coletivo. De acordo com a decis\u00e3o, assinada pelo juiz Cl\u00e9sio Coelho Cunha, o reajuste da tarifa do servi\u00e7o de transporte coletivo de passageiros de S\u00e3o Lu\u00eds, concedido em 8 de junho de 2014, deve, para todas as tarifas, limitar-se ao \u00cdndice Nacional de Pre\u00e7os ao Consumidor Amplo acumulado nos \u00faltimos doze meses.<\/p>\n<p>Esse percentual, segundo relat\u00f3rio do Minist\u00e9rio P\u00fablico, ficaria em torno de 6,37%, bem diferente dos \u00edndices aplicados pela Prefeitura de S\u00e3o Luis, que foram de 14,2 a 23%. Para o MP, isso viola o ordenamento jur\u00eddico.<\/p>\n<p>A decis\u00e3o do juiz cita: \u201cProssegue aduzindo que o ente municipal n\u00e3o cuidou de promover um sistema de transporte p\u00fablico de qualidade, a despeito de ser diversas vezes instados pelo \u00f3rg\u00e3o ministerial para tanto e, embora tenha firmado em novembro de 2011, Termo de Ajustamento de Conduta \u2013 TAC visando melhorias no transporte coletivo, deixou de cumprir suas cl\u00e1usulas\u201d.<\/p>\n<p>Ainda de acordo com o pedido do MP, o aumento tarif\u00e1rio teria superado o dobro dos \u00edndices de infla\u00e7\u00e3o, sem, contudo, ter apresentado contrapartida aos usu\u00e1rios do sistema de transporte coletivo, no que diz respeito \u00e0 qualidade do servi\u00e7o p\u00fablico prestado. O pedido do Minist\u00e9rio P\u00fablico era para que o decreto que possibilitou o aumento das tarifas fosse anulado, retornando, imediatamente, ao valor antes cobrado pelas respectivas passagens.<\/p>\n<p><strong>Discrep\u00e2ncia<\/strong><\/p>\n<p>Na senten\u00e7a, o magistrado afirma: \u201cSendo assim, volvendo a hip\u00f3tese dos autos, em ju\u00edzo de cogni\u00e7\u00e3o sum\u00e1ria, n\u00e3o se mostra razo\u00e1vel a eleva\u00e7\u00e3o dos pre\u00e7os das tarifas aos usu\u00e1rios de transporte p\u00fablicos em patamar acentuadamente superior \u00e0 infla\u00e7\u00e3o apurada pelos \u00edndices oficiais, mormente pelo fato do aumento ter ocorrido em percentuais discrepantes para cada trajeto.<\/p>\n<p>Para ele, o aumento excessivo das tarifas, n\u00e3o acompanhado da melhoria na qualidade do servi\u00e7o prestado, afronta diretamente dispositivos da Lei n\u00ba 8.987\/1995 e da Lei n\u00ba 8.078\/1990 (C\u00f3digo de Defesa do Consumidor). \u201cToda concess\u00e3o ou permiss\u00e3o pressup\u00f5e a presta\u00e7\u00e3o de servi\u00e7o adequado ao pleno atendimento dos usu\u00e1rios, conforme estabelecido nesta Lei, nas normas pertinentes e no respectivo contrato. Servi\u00e7o adequado \u00e9 o que satisfaz as condi\u00e7\u00f5es de regularidade, continuidade, efici\u00eancia, seguran\u00e7a, atualidade, generalidade, cortesia na sua presta\u00e7\u00e3o e modicidade das tarifas\u201d, destaca a senten\u00e7a, citando a legisla\u00e7\u00e3o.<\/p>\n<p><strong>IPCA<\/strong><\/p>\n<p>Diante de tudo que foi apresentado, o magistrado decidiu acolher, em parte, o pedido de antecipa\u00e7\u00e3o dos efeitos da tutela pretendida, e determinou que o reajuste da tarifa do servi\u00e7o de transporte coletivo de passageiros de S\u00e3o Lu\u00eds, concedido a partir do dia 8 de junho de 2014, deve, para todas as tarifas, limitar-se ao \u00cdndice Nacional de Pre\u00e7os ao Consumidor Amplo acumulado nos \u00faltimos doze meses, impondo-se, no prazo de 48 horas, a revis\u00e3o do valor das tarifas conforme o ora determinado, sob pena de multa di\u00e1ria de R$10.000,00 (dez mil reais), a ser revertido ao Fundo de Direitos Difusos em caso de descumprimento.<\/p>\n<p>De imediato, o juiz determinou a intima\u00e7\u00e3o do r\u00e9u, o Munic\u00edpio de S\u00e3o Lu\u00eds, na pessoa do Procurador Geral do Munic\u00edpio, para todos os fins legais, inclusive, de cumprimento da tutela judicial espec\u00edfica ora concedida.<\/p>\n<p><strong>Fonte:<\/strong> Corregedoria Geral de Justi\u00e7a<\/p>\n","protected":false},"excerpt":{"rendered":"<p>Em senten\u00e7a divulgada nesta sexta-feira (18), a Vara de Interesses Difusos e Coletivos de S\u00e3o Luis determina que a Prefeitura [&hellip;]<\/p>\n","protected":false},"author":0,"featured_media":0,"comment_status":"open","ping_status":"open","sticky":false,"template":"","format":"standard","meta":{"site-sidebar-layout":"default","site-content-layout":"","ast-site-content-layout":"default","site-content-style":"default","site-sidebar-style":"default","ast-global-header-display":"","ast-banner-title-visibility":"","ast-main-header-display":"","ast-hfb-above-header-display":"","ast-hfb-below-header-display":"","ast-hfb-mobile-header-display":"","site-post-title":"","ast-breadcrumbs-content":"","ast-featured-img":"","footer-sml-layout":"","ast-disable-related-posts":"","theme-transparent-header-meta":"","adv-header-id-meta":"","stick-header-meta":"","header-above-stick-meta":"","header-main-stick-meta":"","header-below-stick-meta":"","astra-migrate-meta-layouts":"default","ast-page-background-enabled":"default","ast-page-background-meta":{"desktop":{"background-color":"var(--ast-global-color-5)","background-image":"","background-repeat":"repeat","background-position":"center center","background-size":"auto","background-attachment":"scroll","background-type":"","background-media":"","overlay-type":"","overlay-color":"","overlay-opacity":"","overlay-gradient":""},"tablet":{"background-color":"","background-image":"","background-repeat":"repeat","background-position":"center center","background-size":"auto","background-attachment":"scroll","background-type":"","background-media":"","overlay-type":"","overlay-color":"","overlay-opacity":"","overlay-gradient":""},"mobile":{"background-color":"","background-image":"","background-repeat":"repeat","background-position":"center center","background-size":"auto","background-attachment":"scroll","background-type":"","background-media":"","overlay-type":"","overlay-color":"","overlay-opacity":"","overlay-gradient":""}},"ast-content-background-meta":{"desktop":{"background-color":"var(--ast-global-color-4)","background-image":"","background-repeat":"repeat","background-position":"center center","background-size":"auto","background-attachment":"scroll","background-type":"","background-media":"","overlay-type":"","overlay-color":"","overlay-opacity":"","overlay-gradient":""},"tablet":{"background-color":"var(--ast-global-color-4)","background-image":"","background-repeat":"repeat","background-position":"center center","background-size":"auto","background-attachment":"scroll","background-type":"","background-media":"","overlay-type":"","overlay-color":"","overlay-opacity":"","overlay-gradient":""},"mobile":{"background-color":"var(--ast-global-color-4)","background-image":"","background-repeat":"repeat","background-position":"center center","background-size":"auto","background-attachment":"scroll","background-type":"","background-media":"","overlay-type":"","overlay-color":"","overlay-opacity":"","overlay-gradient":""}},"footnotes":""},"categories":[1],"tags":[],"class_list":["post-17925","post","type-post","status-publish","format-standard","hentry","category-sem-categoria"],"yoast_head":"<!-- This site is optimized with the Yoast SEO plugin v26.6 - https:\/\/yoast.com\/wordpress\/plugins\/seo\/ -->\n<title>Justi\u00e7a determina redu\u00e7\u00e3o da tarifa de \u00f4nibus - Daniel Matos<\/title>\n<meta name=\"robots\" content=\"index, follow, max-snippet:-1, max-image-preview:large, max-video-preview:-1\" \/>\n<link rel=\"canonical\" href=\"https:\/\/www.blogsoestado.com\/danielmatos\/justica-determina-reducao-da-tarifa-de-onibus\/\" \/>\n<meta property=\"og:locale\" content=\"pt_BR\" \/>\n<meta property=\"og:type\" content=\"article\" \/>\n<meta property=\"og:title\" content=\"Justi\u00e7a determina redu\u00e7\u00e3o da tarifa de \u00f4nibus - Daniel Matos\" \/>\n<meta property=\"og:description\" content=\"Em senten\u00e7a divulgada nesta sexta-feira (18), a Vara de Interesses Difusos e Coletivos de S\u00e3o Luis determina que a Prefeitura [&hellip;]\" \/>\n<meta property=\"og:url\" content=\"https:\/\/www.blogsoestado.com\/danielmatos\/justica-determina-reducao-da-tarifa-de-onibus\/\" \/>\n<meta property=\"og:site_name\" content=\"Daniel Matos\" \/>\n<meta property=\"article:published_time\" content=\"2014-07-18T18:21:52+00:00\" \/>\n<meta name=\"twitter:card\" content=\"summary_large_image\" \/>\n<meta name=\"twitter:label1\" content=\"Est. tempo de leitura\" \/>\n\t<meta name=\"twitter:data1\" content=\"3 minutos\" \/>\n<script type=\"application\/ld+json\" class=\"yoast-schema-graph\">{\"@context\":\"https:\/\/schema.org\",\"@graph\":[{\"@type\":\"WebPage\",\"@id\":\"https:\/\/www.blogsoestado.com\/danielmatos\/justica-determina-reducao-da-tarifa-de-onibus\/\",\"url\":\"https:\/\/www.blogsoestado.com\/danielmatos\/justica-determina-reducao-da-tarifa-de-onibus\/\",\"name\":\"Justi\u00e7a determina redu\u00e7\u00e3o da tarifa de \u00f4nibus - Daniel Matos\",\"isPartOf\":{\"@id\":\"https:\/\/www.blogsoestado.com\/danielmatos\/#website\"},\"datePublished\":\"2014-07-18T18:21:52+00:00\",\"author\":{\"@id\":\"\"},\"breadcrumb\":{\"@id\":\"https:\/\/www.blogsoestado.com\/danielmatos\/justica-determina-reducao-da-tarifa-de-onibus\/#breadcrumb\"},\"inLanguage\":\"pt-BR\",\"potentialAction\":[{\"@type\":\"ReadAction\",\"target\":[\"https:\/\/www.blogsoestado.com\/danielmatos\/justica-determina-reducao-da-tarifa-de-onibus\/\"]}]},{\"@type\":\"BreadcrumbList\",\"@id\":\"https:\/\/www.blogsoestado.com\/danielmatos\/justica-determina-reducao-da-tarifa-de-onibus\/#breadcrumb\",\"itemListElement\":[{\"@type\":\"ListItem\",\"position\":1,\"name\":\"In\u00edcio\",\"item\":\"https:\/\/www.blogsoestado.com\/danielmatos\/\"},{\"@type\":\"ListItem\",\"position\":2,\"name\":\"Justi\u00e7a determina redu\u00e7\u00e3o da tarifa de \u00f4nibus\"}]},{\"@type\":\"WebSite\",\"@id\":\"https:\/\/www.blogsoestado.com\/danielmatos\/#website\",\"url\":\"https:\/\/www.blogsoestado.com\/danielmatos\/\",\"name\":\"Daniel Matos\",\"description\":\"\",\"potentialAction\":[{\"@type\":\"SearchAction\",\"target\":{\"@type\":\"EntryPoint\",\"urlTemplate\":\"https:\/\/www.blogsoestado.com\/danielmatos\/?s={search_term_string}\"},\"query-input\":{\"@type\":\"PropertyValueSpecification\",\"valueRequired\":true,\"valueName\":\"search_term_string\"}}],\"inLanguage\":\"pt-BR\"}]}<\/script>\n<!-- \/ Yoast SEO plugin. -->","yoast_head_json":{"title":"Justi\u00e7a determina redu\u00e7\u00e3o da tarifa de \u00f4nibus - Daniel Matos","robots":{"index":"index","follow":"follow","max-snippet":"max-snippet:-1","max-image-preview":"max-image-preview:large","max-video-preview":"max-video-preview:-1"},"canonical":"https:\/\/www.blogsoestado.com\/danielmatos\/justica-determina-reducao-da-tarifa-de-onibus\/","og_locale":"pt_BR","og_type":"article","og_title":"Justi\u00e7a determina redu\u00e7\u00e3o da tarifa de \u00f4nibus - Daniel Matos","og_description":"Em senten\u00e7a divulgada nesta sexta-feira (18), a Vara de Interesses Difusos e Coletivos de S\u00e3o Luis determina que a Prefeitura [&hellip;]","og_url":"https:\/\/www.blogsoestado.com\/danielmatos\/justica-determina-reducao-da-tarifa-de-onibus\/","og_site_name":"Daniel Matos","article_published_time":"2014-07-18T18:21:52+00:00","twitter_card":"summary_large_image","twitter_misc":{"Est. tempo de leitura":"3 minutos"},"schema":{"@context":"https:\/\/schema.org","@graph":[{"@type":"WebPage","@id":"https:\/\/www.blogsoestado.com\/danielmatos\/justica-determina-reducao-da-tarifa-de-onibus\/","url":"https:\/\/www.blogsoestado.com\/danielmatos\/justica-determina-reducao-da-tarifa-de-onibus\/","name":"Justi\u00e7a determina redu\u00e7\u00e3o da tarifa de \u00f4nibus - Daniel Matos","isPartOf":{"@id":"https:\/\/www.blogsoestado.com\/danielmatos\/#website"},"datePublished":"2014-07-18T18:21:52+00:00","author":{"@id":""},"breadcrumb":{"@id":"https:\/\/www.blogsoestado.com\/danielmatos\/justica-determina-reducao-da-tarifa-de-onibus\/#breadcrumb"},"inLanguage":"pt-BR","potentialAction":[{"@type":"ReadAction","target":["https:\/\/www.blogsoestado.com\/danielmatos\/justica-determina-reducao-da-tarifa-de-onibus\/"]}]},{"@type":"BreadcrumbList","@id":"https:\/\/www.blogsoestado.com\/danielmatos\/justica-determina-reducao-da-tarifa-de-onibus\/#breadcrumb","itemListElement":[{"@type":"ListItem","position":1,"name":"In\u00edcio","item":"https:\/\/www.blogsoestado.com\/danielmatos\/"},{"@type":"ListItem","position":2,"name":"Justi\u00e7a determina redu\u00e7\u00e3o da tarifa de \u00f4nibus"}]},{"@type":"WebSite","@id":"https:\/\/www.blogsoestado.com\/danielmatos\/#website","url":"https:\/\/www.blogsoestado.com\/danielmatos\/","name":"Daniel Matos","description":"","potentialAction":[{"@type":"SearchAction","target":{"@type":"EntryPoint","urlTemplate":"https:\/\/www.blogsoestado.com\/danielmatos\/?s={search_term_string}"},"query-input":{"@type":"PropertyValueSpecification","valueRequired":true,"valueName":"search_term_string"}}],"inLanguage":"pt-BR"}]}},"jetpack_featured_media_url":"","_links":{"self":[{"href":"https:\/\/www.blogsoestado.com\/danielmatos\/wp-json\/wp\/v2\/posts\/17925","targetHints":{"allow":["GET"]}}],"collection":[{"href":"https:\/\/www.blogsoestado.com\/danielmatos\/wp-json\/wp\/v2\/posts"}],"about":[{"href":"https:\/\/www.blogsoestado.com\/danielmatos\/wp-json\/wp\/v2\/types\/post"}],"replies":[{"embeddable":true,"href":"https:\/\/www.blogsoestado.com\/danielmatos\/wp-json\/wp\/v2\/comments?post=17925"}],"version-history":[{"count":0,"href":"https:\/\/www.blogsoestado.com\/danielmatos\/wp-json\/wp\/v2\/posts\/17925\/revisions"}],"wp:attachment":[{"href":"https:\/\/www.blogsoestado.com\/danielmatos\/wp-json\/wp\/v2\/media?parent=17925"}],"wp:term":[{"taxonomy":"category","embeddable":true,"href":"https:\/\/www.blogsoestado.com\/danielmatos\/wp-json\/wp\/v2\/categories?post=17925"},{"taxonomy":"post_tag","embeddable":true,"href":"https:\/\/www.blogsoestado.com\/danielmatos\/wp-json\/wp\/v2\/tags?post=17925"}],"curies":[{"name":"wp","href":"https:\/\/api.w.org\/{rel}","templated":true}]}}