{"id":17927,"date":"2014-07-18T18:23:04","date_gmt":"2014-07-18T21:23:04","guid":{"rendered":"https:\/\/www.blogsoestado.com\/danielmatos\/?p=17927"},"modified":"2014-07-18T18:23:04","modified_gmt":"2014-07-18T21:23:04","slug":"prefeito-edivaldo-acompanha-trabalhos-do-plano-de-melhorias-para-o-transito-na-cohama","status":"publish","type":"post","link":"https:\/\/www.blogsoestado.com\/danielmatos\/prefeito-edivaldo-acompanha-trabalhos-do-plano-de-melhorias-para-o-transito-na-cohama\/","title":{"rendered":"Prefeito Edivaldo acompanha trabalhos do Plano de Melhorias para o Tr\u00e2nsito na Cohama"},"content":{"rendered":"<figure id=\"attachment_17928\" aria-describedby=\"caption-attachment-17928\" style=\"width: 640px\" class=\"wp-caption aligncenter\"><a href=\"https:\/\/www.blogsoestado.com\/danielmatos\/files\/2014\/07\/edivaldo-tr\u00e2nsito.jpg\"><img fetchpriority=\"high\" decoding=\"async\" class=\"size-full wp-image-17928\" src=\"https:\/\/www.blogsoestado.com\/danielmatos\/files\/2014\/07\/edivaldo-tr\u00e2nsito.jpg\" alt=\"Prefeito Edivaldo conferiu as interven\u00e7\u00f5es para cria\u00e7\u00e3o de uma via alternativa para o tr\u00e1fego na Cohama\" width=\"640\" height=\"372\" \/><\/a><figcaption id=\"caption-attachment-17928\" class=\"wp-caption-text\">Prefeito Edivaldo conferiu as interven\u00e7\u00f5es para cria\u00e7\u00e3o de uma via alternativa para o tr\u00e1fego na Cohama<\/figcaption><\/figure>\n<p>Em mais um dia de visitas \u00e0s obras, o prefeito Edivaldo vistoriou na manh\u00e3 desta sexta-feira (18) as interven\u00e7\u00f5es nas Ruas 5 e 8, pr\u00f3ximas \u00e0 Avenida Daniel de La Touche, na Cohama. As a\u00e7\u00f5es fazem parte do Plano Estrat\u00e9gico de Melhorias no Tr\u00e2nsito para a garantia da mobilidade urbana. De acordo com o prefeito, as interven\u00e7\u00f5es acarretar\u00e3o em melhora no fluxo de ve\u00edculos na via, um dos corredores de maior trafegabilidade da capital.<\/p>\n<p>\u201cEsse trabalho faz parte de um conjunto de medidas que estamos promovendo em v\u00e1rios pontos da cidade. Aqui, na Cohama, a cria\u00e7\u00e3o desse novo trecho permitir\u00e1 uma melhoria significativa, desafogando o tr\u00e1fego dessa regi\u00e3o\u201d, destacou Edivaldo. O projeto consiste na abertura de uma via alternativa atr\u00e1s do antigo quiosque da lanchonete Big Gago, pr\u00f3ximo \u00e0 Pra\u00e7a da Cohama. Ser\u00e1 feita uma interliga\u00e7\u00e3o entre as Ruas 5 e 8 criando uma via transversal \u00e0 Daniel de La Touche.<\/p>\n<p>A fase de imprima\u00e7\u00e3o foi iniciada nesta sexta-feira com a aplica\u00e7\u00e3o de impermeabilizante na nova via. Esta etapa antecede o servi\u00e7o de asfaltamento previsto para a pr\u00f3xima semana. O projeto inclui ainda servi\u00e7os de drenagem e implanta\u00e7\u00e3o do conjunto semaf\u00f3rico, sinaliza\u00e7\u00e3o horizontal e vertical, al\u00e9m de nova ilumina\u00e7\u00e3o na \u00e1rea e reforma da pra\u00e7a.<\/p>\n<p>Durante o acompanhamento dos trabalhos, o prefeito Edivaldo novamente ouviu a popula\u00e7\u00e3o. Ele tem dedicado parte do dia para a fiscaliza\u00e7\u00e3o dos servi\u00e7os desenvolvidos em diversos bairros da capital, chegando inclusive a despachar documentos nos locais de vistoria. \u201cEstamos podendo, assim, conversar todos os dias com a popula\u00e7\u00e3o e ouvir as cr\u00edticas, do que precisa ser aperfei\u00e7oado e, desse modo, encaminhando as solu\u00e7\u00f5es necess\u00e1rias\u201d, comentou o prefeito.<\/p>\n<p>O comerciante Marconi Emmanuel Amorim, que mora h\u00e1 18 anos na Cohama, aprovou o trabalho que est\u00e1 sendo desenvolvido pela Prefeitura para dar mais fluidez ao tr\u00e2nsito. \u201cIsso facilitar\u00e1 muito a vida de n\u00f3s motoristas. No nosso entendimento, \u00e9 o melhor a ser feito, por\u00e9m nunca ningu\u00e9m tinha colocado em pr\u00e1tica. Agora vejo acontecer, portanto, se pudesse, dava nota mil\u201d, disse.<\/p>\n<p><strong>Fonte:<\/strong> Secretaria Municipal de Comunica\u00e7\u00e3o (Secom)<\/p>\n","protected":false},"excerpt":{"rendered":"<p>Em mais um dia de visitas \u00e0s obras, o prefeito Edivaldo vistoriou na manh\u00e3 desta sexta-feira (18) as interven\u00e7\u00f5es nas [&hellip;]<\/p>\n","protected":false},"author":0,"featured_media":0,"comment_status":"open","ping_status":"open","sticky":false,"template":"","format":"standard","meta":{"site-sidebar-layout":"default","site-content-layout":"","ast-site-content-layout":"default","site-content-style":"default","site-sidebar-style":"default","ast-global-header-display":"","ast-banner-title-visibility":"","ast-main-header-display":"","ast-hfb-above-header-display":"","ast-hfb-below-header-display":"","ast-hfb-mobile-header-display":"","site-post-title":"","ast-breadcrumbs-content":"","ast-featured-img":"","footer-sml-layout":"","ast-disable-related-posts":"","theme-transparent-header-meta":"","adv-header-id-meta":"","stick-header-meta":"","header-above-stick-meta":"","header-main-stick-meta":"","header-below-stick-meta":"","astra-migrate-meta-layouts":"default","ast-page-background-enabled":"default","ast-page-background-meta":{"desktop":{"background-color":"var(--ast-global-color-5)","background-image":"","background-repeat":"repeat","background-position":"center center","background-size":"auto","background-attachment":"scroll","background-type":"","background-media":"","overlay-type":"","overlay-color":"","overlay-opacity":"","overlay-gradient":""},"tablet":{"background-color":"","background-image":"","background-repeat":"repeat","background-position":"center center","background-size":"auto","background-attachment":"scroll","background-type":"","background-media":"","overlay-type":"","overlay-color":"","overlay-opacity":"","overlay-gradient":""},"mobile":{"background-color":"","background-image":"","background-repeat":"repeat","background-position":"center center","background-size":"auto","background-attachment":"scroll","background-type":"","background-media":"","overlay-type":"","overlay-color":"","overlay-opacity":"","overlay-gradient":""}},"ast-content-background-meta":{"desktop":{"background-color":"var(--ast-global-color-4)","background-image":"","background-repeat":"repeat","background-position":"center center","background-size":"auto","background-attachment":"scroll","background-type":"","background-media":"","overlay-type":"","overlay-color":"","overlay-opacity":"","overlay-gradient":""},"tablet":{"background-color":"var(--ast-global-color-4)","background-image":"","background-repeat":"repeat","background-position":"center center","background-size":"auto","background-attachment":"scroll","background-type":"","background-media":"","overlay-type":"","overlay-color":"","overlay-opacity":"","overlay-gradient":""},"mobile":{"background-color":"var(--ast-global-color-4)","background-image":"","background-repeat":"repeat","background-position":"center center","background-size":"auto","background-attachment":"scroll","background-type":"","background-media":"","overlay-type":"","overlay-color":"","overlay-opacity":"","overlay-gradient":""}},"footnotes":""},"categories":[1],"tags":[],"class_list":["post-17927","post","type-post","status-publish","format-standard","hentry","category-sem-categoria"],"yoast_head":"<!-- This site is optimized with the Yoast SEO plugin v26.6 - https:\/\/yoast.com\/wordpress\/plugins\/seo\/ -->\n<title>Prefeito Edivaldo acompanha trabalhos do Plano de Melhorias para o Tr\u00e2nsito na Cohama - Daniel Matos<\/title>\n<meta name=\"robots\" content=\"index, follow, max-snippet:-1, max-image-preview:large, max-video-preview:-1\" \/>\n<link rel=\"canonical\" href=\"https:\/\/www.blogsoestado.com\/danielmatos\/prefeito-edivaldo-acompanha-trabalhos-do-plano-de-melhorias-para-o-transito-na-cohama\/\" \/>\n<meta property=\"og:locale\" content=\"pt_BR\" \/>\n<meta property=\"og:type\" content=\"article\" \/>\n<meta property=\"og:title\" content=\"Prefeito Edivaldo acompanha trabalhos do Plano de Melhorias para o Tr\u00e2nsito na Cohama - Daniel Matos\" \/>\n<meta property=\"og:description\" content=\"Em mais um dia de visitas \u00e0s obras, o prefeito Edivaldo vistoriou na manh\u00e3 desta sexta-feira (18) as interven\u00e7\u00f5es nas [&hellip;]\" \/>\n<meta property=\"og:url\" content=\"https:\/\/www.blogsoestado.com\/danielmatos\/prefeito-edivaldo-acompanha-trabalhos-do-plano-de-melhorias-para-o-transito-na-cohama\/\" \/>\n<meta property=\"og:site_name\" content=\"Daniel Matos\" \/>\n<meta property=\"article:published_time\" content=\"2014-07-18T21:23:04+00:00\" \/>\n<meta name=\"twitter:card\" content=\"summary_large_image\" \/>\n<meta name=\"twitter:label1\" content=\"Est. tempo de leitura\" \/>\n\t<meta name=\"twitter:data1\" content=\"2 minutos\" \/>\n<script type=\"application\/ld+json\" class=\"yoast-schema-graph\">{\"@context\":\"https:\/\/schema.org\",\"@graph\":[{\"@type\":\"WebPage\",\"@id\":\"https:\/\/www.blogsoestado.com\/danielmatos\/prefeito-edivaldo-acompanha-trabalhos-do-plano-de-melhorias-para-o-transito-na-cohama\/\",\"url\":\"https:\/\/www.blogsoestado.com\/danielmatos\/prefeito-edivaldo-acompanha-trabalhos-do-plano-de-melhorias-para-o-transito-na-cohama\/\",\"name\":\"Prefeito Edivaldo acompanha trabalhos do Plano de Melhorias para o Tr\u00e2nsito na Cohama - Daniel Matos\",\"isPartOf\":{\"@id\":\"https:\/\/www.blogsoestado.com\/danielmatos\/#website\"},\"datePublished\":\"2014-07-18T21:23:04+00:00\",\"author\":{\"@id\":\"\"},\"breadcrumb\":{\"@id\":\"https:\/\/www.blogsoestado.com\/danielmatos\/prefeito-edivaldo-acompanha-trabalhos-do-plano-de-melhorias-para-o-transito-na-cohama\/#breadcrumb\"},\"inLanguage\":\"pt-BR\",\"potentialAction\":[{\"@type\":\"ReadAction\",\"target\":[\"https:\/\/www.blogsoestado.com\/danielmatos\/prefeito-edivaldo-acompanha-trabalhos-do-plano-de-melhorias-para-o-transito-na-cohama\/\"]}]},{\"@type\":\"BreadcrumbList\",\"@id\":\"https:\/\/www.blogsoestado.com\/danielmatos\/prefeito-edivaldo-acompanha-trabalhos-do-plano-de-melhorias-para-o-transito-na-cohama\/#breadcrumb\",\"itemListElement\":[{\"@type\":\"ListItem\",\"position\":1,\"name\":\"In\u00edcio\",\"item\":\"https:\/\/www.blogsoestado.com\/danielmatos\/\"},{\"@type\":\"ListItem\",\"position\":2,\"name\":\"Prefeito Edivaldo acompanha trabalhos do Plano de Melhorias para o Tr\u00e2nsito na Cohama\"}]},{\"@type\":\"WebSite\",\"@id\":\"https:\/\/www.blogsoestado.com\/danielmatos\/#website\",\"url\":\"https:\/\/www.blogsoestado.com\/danielmatos\/\",\"name\":\"Daniel Matos\",\"description\":\"\",\"potentialAction\":[{\"@type\":\"SearchAction\",\"target\":{\"@type\":\"EntryPoint\",\"urlTemplate\":\"https:\/\/www.blogsoestado.com\/danielmatos\/?s={search_term_string}\"},\"query-input\":{\"@type\":\"PropertyValueSpecification\",\"valueRequired\":true,\"valueName\":\"search_term_string\"}}],\"inLanguage\":\"pt-BR\"}]}<\/script>\n<!-- \/ Yoast SEO plugin. -->","yoast_head_json":{"title":"Prefeito Edivaldo acompanha trabalhos do Plano de Melhorias para o Tr\u00e2nsito na Cohama - Daniel Matos","robots":{"index":"index","follow":"follow","max-snippet":"max-snippet:-1","max-image-preview":"max-image-preview:large","max-video-preview":"max-video-preview:-1"},"canonical":"https:\/\/www.blogsoestado.com\/danielmatos\/prefeito-edivaldo-acompanha-trabalhos-do-plano-de-melhorias-para-o-transito-na-cohama\/","og_locale":"pt_BR","og_type":"article","og_title":"Prefeito Edivaldo acompanha trabalhos do Plano de Melhorias para o Tr\u00e2nsito na Cohama - Daniel Matos","og_description":"Em mais um dia de visitas \u00e0s obras, o prefeito Edivaldo vistoriou na manh\u00e3 desta sexta-feira (18) as interven\u00e7\u00f5es nas [&hellip;]","og_url":"https:\/\/www.blogsoestado.com\/danielmatos\/prefeito-edivaldo-acompanha-trabalhos-do-plano-de-melhorias-para-o-transito-na-cohama\/","og_site_name":"Daniel Matos","article_published_time":"2014-07-18T21:23:04+00:00","twitter_card":"summary_large_image","twitter_misc":{"Est. tempo de leitura":"2 minutos"},"schema":{"@context":"https:\/\/schema.org","@graph":[{"@type":"WebPage","@id":"https:\/\/www.blogsoestado.com\/danielmatos\/prefeito-edivaldo-acompanha-trabalhos-do-plano-de-melhorias-para-o-transito-na-cohama\/","url":"https:\/\/www.blogsoestado.com\/danielmatos\/prefeito-edivaldo-acompanha-trabalhos-do-plano-de-melhorias-para-o-transito-na-cohama\/","name":"Prefeito Edivaldo acompanha trabalhos do Plano de Melhorias para o Tr\u00e2nsito na Cohama - Daniel Matos","isPartOf":{"@id":"https:\/\/www.blogsoestado.com\/danielmatos\/#website"},"datePublished":"2014-07-18T21:23:04+00:00","author":{"@id":""},"breadcrumb":{"@id":"https:\/\/www.blogsoestado.com\/danielmatos\/prefeito-edivaldo-acompanha-trabalhos-do-plano-de-melhorias-para-o-transito-na-cohama\/#breadcrumb"},"inLanguage":"pt-BR","potentialAction":[{"@type":"ReadAction","target":["https:\/\/www.blogsoestado.com\/danielmatos\/prefeito-edivaldo-acompanha-trabalhos-do-plano-de-melhorias-para-o-transito-na-cohama\/"]}]},{"@type":"BreadcrumbList","@id":"https:\/\/www.blogsoestado.com\/danielmatos\/prefeito-edivaldo-acompanha-trabalhos-do-plano-de-melhorias-para-o-transito-na-cohama\/#breadcrumb","itemListElement":[{"@type":"ListItem","position":1,"name":"In\u00edcio","item":"https:\/\/www.blogsoestado.com\/danielmatos\/"},{"@type":"ListItem","position":2,"name":"Prefeito Edivaldo acompanha trabalhos do Plano de Melhorias para o Tr\u00e2nsito na Cohama"}]},{"@type":"WebSite","@id":"https:\/\/www.blogsoestado.com\/danielmatos\/#website","url":"https:\/\/www.blogsoestado.com\/danielmatos\/","name":"Daniel Matos","description":"","potentialAction":[{"@type":"SearchAction","target":{"@type":"EntryPoint","urlTemplate":"https:\/\/www.blogsoestado.com\/danielmatos\/?s={search_term_string}"},"query-input":{"@type":"PropertyValueSpecification","valueRequired":true,"valueName":"search_term_string"}}],"inLanguage":"pt-BR"}]}},"jetpack_featured_media_url":"","_links":{"self":[{"href":"https:\/\/www.blogsoestado.com\/danielmatos\/wp-json\/wp\/v2\/posts\/17927","targetHints":{"allow":["GET"]}}],"collection":[{"href":"https:\/\/www.blogsoestado.com\/danielmatos\/wp-json\/wp\/v2\/posts"}],"about":[{"href":"https:\/\/www.blogsoestado.com\/danielmatos\/wp-json\/wp\/v2\/types\/post"}],"replies":[{"embeddable":true,"href":"https:\/\/www.blogsoestado.com\/danielmatos\/wp-json\/wp\/v2\/comments?post=17927"}],"version-history":[{"count":0,"href":"https:\/\/www.blogsoestado.com\/danielmatos\/wp-json\/wp\/v2\/posts\/17927\/revisions"}],"wp:attachment":[{"href":"https:\/\/www.blogsoestado.com\/danielmatos\/wp-json\/wp\/v2\/media?parent=17927"}],"wp:term":[{"taxonomy":"category","embeddable":true,"href":"https:\/\/www.blogsoestado.com\/danielmatos\/wp-json\/wp\/v2\/categories?post=17927"},{"taxonomy":"post_tag","embeddable":true,"href":"https:\/\/www.blogsoestado.com\/danielmatos\/wp-json\/wp\/v2\/tags?post=17927"}],"curies":[{"name":"wp","href":"https:\/\/api.w.org\/{rel}","templated":true}]}}