{"id":17931,"date":"2014-07-20T08:03:12","date_gmt":"2014-07-20T11:03:12","guid":{"rendered":"https:\/\/www.blogsoestado.com\/danielmatos\/?p=17931"},"modified":"2014-07-20T08:03:12","modified_gmt":"2014-07-20T11:03:12","slug":"em-grajau-lobao-filho-se-reune-com-evangelicos-e-participa-de-cavalgada","status":"publish","type":"post","link":"https:\/\/www.blogsoestado.com\/danielmatos\/em-grajau-lobao-filho-se-reune-com-evangelicos-e-participa-de-cavalgada\/","title":{"rendered":"Em Graja\u00fa, Lob\u00e3o Filho se re\u00fane com evang\u00e9licos e participa de cavalgada"},"content":{"rendered":"<figure id=\"attachment_17932\" aria-describedby=\"caption-attachment-17932\" style=\"width: 640px\" class=\"wp-caption aligncenter\"><a href=\"https:\/\/www.blogsoestado.com\/danielmatos\/files\/2014\/07\/lob\u00e3o-crentes.jpg\"><img fetchpriority=\"high\" decoding=\"async\" class=\"size-full wp-image-17932\" src=\"https:\/\/www.blogsoestado.com\/danielmatos\/files\/2014\/07\/lob\u00e3o-crentes.jpg\" alt=\"Lob\u00e3o Filho diz a evang\u00e9licos que sempre a vida nos ensina muito, nos faz olhar que os sentimentos da gratid\u00e3o, solidariedade e compaix\u00e3o s\u00e3o muitos mais nobres\" width=\"640\" height=\"359\" \/><\/a><figcaption id=\"caption-attachment-17932\" class=\"wp-caption-text\">Lob\u00e3o Filho:\u00a0&#8220;a vida nos ensina muito, nos faz olhar que os sentimentos da gratid\u00e3o, solidariedade e compaix\u00e3o s\u00e3o muitos mais nobres&#8221; (<strong>Fotos:<\/strong> Gilson Teixeira\/Biaman Prado)<\/figcaption><\/figure>\n<p>\u201cOs Ensinamentos da Vida\u201d foi o tema principal do Congresso Estadual das Assembleias de Deus (COMADESMA), realizado na cidade de Graja\u00fa, na manh\u00e3 deste s\u00e1bado (19). O evento contou com a participa\u00e7\u00e3o do senador Lob\u00e3o Filho (PMDB), que aproveitou o momento para agradecer as ben\u00e7\u00f5es recebidas em sua vida.<\/p>\n<p>\u201cQuase morri por duas vezes. Estive em coma por 23 dias. Quando acordei, tomei a decis\u00e3o de ser, a cada dia, um ser humano melhor do que fui no outro dia. Tomei tamb\u00e9m a decis\u00e3o de contribuir de forma pr\u00e1tica e eficiente para melhor a vida dos 6,8 milh\u00f5es de brasileiros que decidiram morar no Maranh\u00e3o\u201d, revelou Lob\u00e3o Filho durante testemunho em que tamb\u00e9m afirmou: \u201csempre a vida nos ensina muito, nos faz olhar que os sentimentos da gratid\u00e3o, solidariedade e compaix\u00e3o s\u00e3o muitos mais nobres\u201d.<\/p>\n<figure id=\"attachment_17933\" aria-describedby=\"caption-attachment-17933\" style=\"width: 640px\" class=\"wp-caption aligncenter\"><a href=\"https:\/\/www.blogsoestado.com\/danielmatos\/files\/2014\/07\/lob\u00e3o-crentes2.jpg\"><img decoding=\"async\" class=\"size-full wp-image-17933\" src=\"https:\/\/www.blogsoestado.com\/danielmatos\/files\/2014\/07\/lob\u00e3o-crentes2.jpg\" alt=\"Peemedebista agradeceu a acolhida na Assembleia de Deus e pediu a todos que orassem por um melhor destino para o Maranh\u00e3o\" width=\"640\" height=\"386\" \/><\/a><figcaption id=\"caption-attachment-17933\" class=\"wp-caption-text\">Peemedebista agradeceu a acolhida na Assembleia de Deus e pediu a todos que orassem por um melhor destino para o Maranh\u00e3o<\/figcaption><\/figure>\n<p>Lob\u00e3o Filho revelou ainda que, mesmo aos 49 anos, com uma carreira empresarial bem sucedida e uma fam\u00edlia bem estruturada, n\u00e3o poderia deixar de seguir os des\u00edgnios de Deus. \u201cDepois de estar por duas vezes com a vida a fio e internado por duas vezes no mesmo leito de uma UTI, n\u00e3o poderia simplesmente acreditar em mera coincid\u00eancia, mas sim em um chamado para renovar um compromisso, n\u00e3o s\u00f3 com a minha vida, mas tamb\u00e9m com as vidas de todos os maranhenses\u201d, emocionou-se o candidato ao governo Estado pela coliga\u00e7\u00e3o \u201cPra Frente, Maranh\u00e3o\u201d.<\/p>\n<p>Ao finalizar a ora\u00e7\u00e3o, o candidato agradeceu a acolhida na Assembleia de Deus e pediu a todos que orassem por um melhor destino para o Maranh\u00e3o. \u201cHoje, eu n\u00e3o estou pedindo votos, mas pedindo ora\u00e7\u00f5es para que Deus aben\u00e7oe nossas vidas e, a partir do dia primeiro de janeiro, que o Maranh\u00e3o siga em frente com um futuro melhor para todos n\u00f3s\u201d, endossou.<\/p>\n<p><strong>Cavalgada<\/strong><\/p>\n<figure id=\"attachment_17934\" aria-describedby=\"caption-attachment-17934\" style=\"width: 480px\" class=\"wp-caption aligncenter\"><a href=\"https:\/\/www.blogsoestado.com\/danielmatos\/files\/2014\/07\/lob\u00e3o-cavalgada.jpg\"><img decoding=\"async\" class=\"size-full wp-image-17934\" src=\"https:\/\/www.blogsoestado.com\/danielmatos\/files\/2014\/07\/lob\u00e3o-cavalgada.jpg\" alt=\"Lob\u00e3o Filho prestigiou a abertura da 37\u00aa edi\u00e7\u00e3o da tradicional Cavalgada de Graja\u00fa \" width=\"480\" height=\"636\" \/><\/a><figcaption id=\"caption-attachment-17934\" class=\"wp-caption-text\">Lob\u00e3o Filho prestigiou a abertura da 37\u00aa edi\u00e7\u00e3o da tradicional Cavalgada de Graja\u00fa<\/figcaption><\/figure>\n<p>A agenda do candidato Lob\u00e3o Filho (PMDB) segue movimentada desde o \u00faltimo dia 17, em caravana pelo interior do estado. Neste s\u00e1bado (19), ap\u00f3s compromisso com membros da Assembleia de Deus, ele participou da abertura da37\u00aa edi\u00e7\u00e3o da tradicional Cavalgada de Graja\u00fa.<\/p>\n<p>Lob\u00e3o Filho chegou \u00e0 concentra\u00e7\u00e3o do desfile acompanhado de centenas de carros que o seguiram durante a carreata que antecedeu o evento. L\u00e1, ele fez quest\u00e3o de descer do trio el\u00e9trico para integrar-se aos milhares de cavaleiros e amazonas. \u201cEsse \u00e9 nosso Maranh\u00e3o. \u00c9 contagiante ver a tradi\u00e7\u00e3o do meu povo que se une em torno de uma festa que simboliza nossa gente, nossa cultura\u201d, alegrou-seo candidato, cavalgando ao lado de seus companheiros de chapa.<\/p>\n<figure id=\"attachment_17935\" aria-describedby=\"caption-attachment-17935\" style=\"width: 640px\" class=\"wp-caption aligncenter\"><a href=\"https:\/\/www.blogsoestado.com\/danielmatos\/files\/2014\/07\/lob\u00e3o-cavalgada2.jpg\"><img loading=\"lazy\" decoding=\"async\" class=\"size-full wp-image-17935\" src=\"https:\/\/www.blogsoestado.com\/danielmatos\/files\/2014\/07\/lob\u00e3o-cavalgada2.jpg\" alt=\"Candidato do PMDB fez quest\u00e3o de descer do trio el\u00e9trico para integrar-se aos milhares de cavaleiros e amazonas\" width=\"640\" height=\"425\" \/><\/a><figcaption id=\"caption-attachment-17935\" class=\"wp-caption-text\">Candidato do PMDB fez quest\u00e3o de descer do trio el\u00e9trico para integrar-se aos milhares de cavaleiros e amazonas<\/figcaption><\/figure>\n<p>Estiveram com ele nesta manh\u00e3 o prefeito do munic\u00edpio, Capit\u00e3o Otsuka (PT), o candidato a vice-governador, Arnaldo Melo (PMDB) e o candidato ao Senado, Gast\u00e3o Vieira (PMDB), al\u00e9m dos deputados \u00e0 reelei\u00e7\u00e3o, Rigo Teles, Ant\u00f4nio Pereira, Alberto Filho, o secret\u00e1rio de agricultura, Claudio Azevedo, vereadores e outras lideran\u00e7as pol\u00edticas.<\/p>\n<p>Vamos seguir juntos com Lob\u00e3o Filho e todo nosso grupo pol\u00edtico porque acreditamos no governo municipalista, onde ele (Lob\u00e3o Filho) pode fazer muito mais por Graja\u00fa e todo o Maranh\u00e3o\u201d, disse o prefeito Otsuka, reiterando ainda o apoio em sua totalidade dos 15 vereadores da regi\u00e3o.<\/p>\n<figure id=\"attachment_17936\" aria-describedby=\"caption-attachment-17936\" style=\"width: 640px\" class=\"wp-caption aligncenter\"><a href=\"https:\/\/www.blogsoestado.com\/danielmatos\/files\/2014\/07\/lob\u00e3o-cavalgada3.jpg\"><img loading=\"lazy\" decoding=\"async\" class=\"size-full wp-image-17936\" src=\"https:\/\/www.blogsoestado.com\/danielmatos\/files\/2014\/07\/lob\u00e3o-cavalgada3.jpg\" alt=\"Entre o prefeito de Graja\u00fa, Capit\u00e3o Otsuka, e os deputados Rigo Teles e Ant\u00f4nio Pereira, Lob\u00e3o Filho faz sauda\u00e7\u00e3o ao p\u00fablico\" width=\"640\" height=\"425\" \/><\/a><figcaption id=\"caption-attachment-17936\" class=\"wp-caption-text\">Entre o prefeito de Graja\u00fa, Capit\u00e3o Otsuka, e os deputados Rigo Teles e Ant\u00f4nio Pereira, Lob\u00e3o Filho faz sauda\u00e7\u00e3o ao p\u00fablico<\/figcaption><\/figure>\n<p>Rigo Teles, candidato a reelei\u00e7\u00e3o avaliou positivamente o in\u00edcio da campanha. \u201c\u00c9 primoroso. Esse movimento contagia e apaixona a popula\u00e7\u00e3o pelo mesmo prop\u00f3sito: seguir em frente\u201d, declarou.<\/p>\n<p><strong>Exposi\u00e7\u00e3o Agropecu\u00e1ria de Graja\u00fa<\/strong><\/p>\n<figure id=\"attachment_17937\" aria-describedby=\"caption-attachment-17937\" style=\"width: 640px\" class=\"wp-caption aligncenter\"><a href=\"https:\/\/www.blogsoestado.com\/danielmatos\/files\/2014\/07\/lob\u00e3o-cavalgada4.jpg\"><img loading=\"lazy\" decoding=\"async\" class=\"size-full wp-image-17937\" src=\"https:\/\/www.blogsoestado.com\/danielmatos\/files\/2014\/07\/lob\u00e3o-cavalgada4.jpg\" alt=\"Lob\u00e3o carrega menino no colo em momento de descontra\u00e7\u00e3o da sua passagem por Graja\u00fa\" width=\"640\" height=\"425\" \/><\/a><figcaption id=\"caption-attachment-17937\" class=\"wp-caption-text\">Lob\u00e3o Filho carrega menino no colo durante\u00a0a cavalgada em Graja\u00fa, onde a popula\u00e7\u00e3o o recebeu calorosamente<\/figcaption><\/figure>\n<p>A cavalgada marca oficialmente o in\u00edcio das atividades da Exposi\u00e7\u00e3o Agropecu\u00e1ria de Graja\u00fa. O evento reconhecido em todo o estado por sua tradi\u00e7\u00e3o reuniu mais de 20 mil pessoas entre maranhenses e turistas.<\/p>\n<p>\u00c0s 22h,Lob\u00e3o Filho e sua comitiva participar\u00e3o da abertura oficial do evento, no Parque de Exposi\u00e7\u00f5es, em Graja\u00fa.<\/p>\n","protected":false},"excerpt":{"rendered":"<p>\u201cOs Ensinamentos da Vida\u201d foi o tema principal do Congresso Estadual das Assembleias de Deus (COMADESMA), realizado na cidade de [&hellip;]<\/p>\n","protected":false},"author":0,"featured_media":0,"comment_status":"open","ping_status":"open","sticky":false,"template":"","format":"standard","meta":{"site-sidebar-layout":"default","site-content-layout":"","ast-site-content-layout":"default","site-content-style":"default","site-sidebar-style":"default","ast-global-header-display":"","ast-banner-title-visibility":"","ast-main-header-display":"","ast-hfb-above-header-display":"","ast-hfb-below-header-display":"","ast-hfb-mobile-header-display":"","site-post-title":"","ast-breadcrumbs-content":"","ast-featured-img":"","footer-sml-layout":"","ast-disable-related-posts":"","theme-transparent-header-meta":"","adv-header-id-meta":"","stick-header-meta":"","header-above-stick-meta":"","header-main-stick-meta":"","header-below-stick-meta":"","astra-migrate-meta-layouts":"default","ast-page-background-enabled":"default","ast-page-background-meta":{"desktop":{"background-color":"var(--ast-global-color-5)","background-image":"","background-repeat":"repeat","background-position":"center center","background-size":"auto","background-attachment":"scroll","background-type":"","background-media":"","overlay-type":"","overlay-color":"","overlay-opacity":"","overlay-gradient":""},"tablet":{"background-color":"","background-image":"","background-repeat":"repeat","background-position":"center center","background-size":"auto","background-attachment":"scroll","background-type":"","background-media":"","overlay-type":"","overlay-color":"","overlay-opacity":"","overlay-gradient":""},"mobile":{"background-color":"","background-image":"","background-repeat":"repeat","background-position":"center center","background-size":"auto","background-attachment":"scroll","background-type":"","background-media":"","overlay-type":"","overlay-color":"","overlay-opacity":"","overlay-gradient":""}},"ast-content-background-meta":{"desktop":{"background-color":"var(--ast-global-color-4)","background-image":"","background-repeat":"repeat","background-position":"center center","background-size":"auto","background-attachment":"scroll","background-type":"","background-media":"","overlay-type":"","overlay-color":"","overlay-opacity":"","overlay-gradient":""},"tablet":{"background-color":"var(--ast-global-color-4)","background-image":"","background-repeat":"repeat","background-position":"center center","background-size":"auto","background-attachment":"scroll","background-type":"","background-media":"","overlay-type":"","overlay-color":"","overlay-opacity":"","overlay-gradient":""},"mobile":{"background-color":"var(--ast-global-color-4)","background-image":"","background-repeat":"repeat","background-position":"center center","background-size":"auto","background-attachment":"scroll","background-type":"","background-media":"","overlay-type":"","overlay-color":"","overlay-opacity":"","overlay-gradient":""}},"footnotes":""},"categories":[1],"tags":[],"class_list":["post-17931","post","type-post","status-publish","format-standard","hentry","category-sem-categoria"],"yoast_head":"<!-- This site is optimized with the Yoast SEO plugin v26.6 - https:\/\/yoast.com\/wordpress\/plugins\/seo\/ -->\n<title>Em Graja\u00fa, Lob\u00e3o Filho se re\u00fane com evang\u00e9licos e participa de cavalgada - Daniel Matos<\/title>\n<meta name=\"robots\" content=\"index, follow, max-snippet:-1, max-image-preview:large, max-video-preview:-1\" \/>\n<link rel=\"canonical\" href=\"https:\/\/www.blogsoestado.com\/danielmatos\/em-grajau-lobao-filho-se-reune-com-evangelicos-e-participa-de-cavalgada\/\" \/>\n<meta property=\"og:locale\" content=\"pt_BR\" \/>\n<meta property=\"og:type\" content=\"article\" \/>\n<meta property=\"og:title\" content=\"Em Graja\u00fa, Lob\u00e3o Filho se re\u00fane com evang\u00e9licos e participa de cavalgada - Daniel Matos\" \/>\n<meta property=\"og:description\" content=\"\u201cOs Ensinamentos da Vida\u201d foi o tema principal do Congresso Estadual das Assembleias de Deus (COMADESMA), realizado na cidade de [&hellip;]\" \/>\n<meta property=\"og:url\" content=\"https:\/\/www.blogsoestado.com\/danielmatos\/em-grajau-lobao-filho-se-reune-com-evangelicos-e-participa-de-cavalgada\/\" \/>\n<meta property=\"og:site_name\" content=\"Daniel Matos\" \/>\n<meta property=\"article:published_time\" content=\"2014-07-20T11:03:12+00:00\" \/>\n<meta name=\"twitter:card\" content=\"summary_large_image\" \/>\n<meta name=\"twitter:label1\" content=\"Est. tempo de leitura\" \/>\n\t<meta name=\"twitter:data1\" content=\"4 minutos\" \/>\n<script type=\"application\/ld+json\" class=\"yoast-schema-graph\">{\"@context\":\"https:\/\/schema.org\",\"@graph\":[{\"@type\":\"WebPage\",\"@id\":\"https:\/\/www.blogsoestado.com\/danielmatos\/em-grajau-lobao-filho-se-reune-com-evangelicos-e-participa-de-cavalgada\/\",\"url\":\"https:\/\/www.blogsoestado.com\/danielmatos\/em-grajau-lobao-filho-se-reune-com-evangelicos-e-participa-de-cavalgada\/\",\"name\":\"Em Graja\u00fa, Lob\u00e3o Filho se re\u00fane com evang\u00e9licos e participa de cavalgada - Daniel Matos\",\"isPartOf\":{\"@id\":\"https:\/\/www.blogsoestado.com\/danielmatos\/#website\"},\"datePublished\":\"2014-07-20T11:03:12+00:00\",\"author\":{\"@id\":\"\"},\"breadcrumb\":{\"@id\":\"https:\/\/www.blogsoestado.com\/danielmatos\/em-grajau-lobao-filho-se-reune-com-evangelicos-e-participa-de-cavalgada\/#breadcrumb\"},\"inLanguage\":\"pt-BR\",\"potentialAction\":[{\"@type\":\"ReadAction\",\"target\":[\"https:\/\/www.blogsoestado.com\/danielmatos\/em-grajau-lobao-filho-se-reune-com-evangelicos-e-participa-de-cavalgada\/\"]}]},{\"@type\":\"BreadcrumbList\",\"@id\":\"https:\/\/www.blogsoestado.com\/danielmatos\/em-grajau-lobao-filho-se-reune-com-evangelicos-e-participa-de-cavalgada\/#breadcrumb\",\"itemListElement\":[{\"@type\":\"ListItem\",\"position\":1,\"name\":\"In\u00edcio\",\"item\":\"https:\/\/www.blogsoestado.com\/danielmatos\/\"},{\"@type\":\"ListItem\",\"position\":2,\"name\":\"Em Graja\u00fa, Lob\u00e3o Filho se re\u00fane com evang\u00e9licos e participa de cavalgada\"}]},{\"@type\":\"WebSite\",\"@id\":\"https:\/\/www.blogsoestado.com\/danielmatos\/#website\",\"url\":\"https:\/\/www.blogsoestado.com\/danielmatos\/\",\"name\":\"Daniel Matos\",\"description\":\"\",\"potentialAction\":[{\"@type\":\"SearchAction\",\"target\":{\"@type\":\"EntryPoint\",\"urlTemplate\":\"https:\/\/www.blogsoestado.com\/danielmatos\/?s={search_term_string}\"},\"query-input\":{\"@type\":\"PropertyValueSpecification\",\"valueRequired\":true,\"valueName\":\"search_term_string\"}}],\"inLanguage\":\"pt-BR\"}]}<\/script>\n<!-- \/ Yoast SEO plugin. -->","yoast_head_json":{"title":"Em Graja\u00fa, Lob\u00e3o Filho se re\u00fane com evang\u00e9licos e participa de cavalgada - Daniel Matos","robots":{"index":"index","follow":"follow","max-snippet":"max-snippet:-1","max-image-preview":"max-image-preview:large","max-video-preview":"max-video-preview:-1"},"canonical":"https:\/\/www.blogsoestado.com\/danielmatos\/em-grajau-lobao-filho-se-reune-com-evangelicos-e-participa-de-cavalgada\/","og_locale":"pt_BR","og_type":"article","og_title":"Em Graja\u00fa, Lob\u00e3o Filho se re\u00fane com evang\u00e9licos e participa de cavalgada - Daniel Matos","og_description":"\u201cOs Ensinamentos da Vida\u201d foi o tema principal do Congresso Estadual das Assembleias de Deus (COMADESMA), realizado na cidade de [&hellip;]","og_url":"https:\/\/www.blogsoestado.com\/danielmatos\/em-grajau-lobao-filho-se-reune-com-evangelicos-e-participa-de-cavalgada\/","og_site_name":"Daniel Matos","article_published_time":"2014-07-20T11:03:12+00:00","twitter_card":"summary_large_image","twitter_misc":{"Est. tempo de leitura":"4 minutos"},"schema":{"@context":"https:\/\/schema.org","@graph":[{"@type":"WebPage","@id":"https:\/\/www.blogsoestado.com\/danielmatos\/em-grajau-lobao-filho-se-reune-com-evangelicos-e-participa-de-cavalgada\/","url":"https:\/\/www.blogsoestado.com\/danielmatos\/em-grajau-lobao-filho-se-reune-com-evangelicos-e-participa-de-cavalgada\/","name":"Em Graja\u00fa, Lob\u00e3o Filho se re\u00fane com evang\u00e9licos e participa de cavalgada - Daniel Matos","isPartOf":{"@id":"https:\/\/www.blogsoestado.com\/danielmatos\/#website"},"datePublished":"2014-07-20T11:03:12+00:00","author":{"@id":""},"breadcrumb":{"@id":"https:\/\/www.blogsoestado.com\/danielmatos\/em-grajau-lobao-filho-se-reune-com-evangelicos-e-participa-de-cavalgada\/#breadcrumb"},"inLanguage":"pt-BR","potentialAction":[{"@type":"ReadAction","target":["https:\/\/www.blogsoestado.com\/danielmatos\/em-grajau-lobao-filho-se-reune-com-evangelicos-e-participa-de-cavalgada\/"]}]},{"@type":"BreadcrumbList","@id":"https:\/\/www.blogsoestado.com\/danielmatos\/em-grajau-lobao-filho-se-reune-com-evangelicos-e-participa-de-cavalgada\/#breadcrumb","itemListElement":[{"@type":"ListItem","position":1,"name":"In\u00edcio","item":"https:\/\/www.blogsoestado.com\/danielmatos\/"},{"@type":"ListItem","position":2,"name":"Em Graja\u00fa, Lob\u00e3o Filho se re\u00fane com evang\u00e9licos e participa de cavalgada"}]},{"@type":"WebSite","@id":"https:\/\/www.blogsoestado.com\/danielmatos\/#website","url":"https:\/\/www.blogsoestado.com\/danielmatos\/","name":"Daniel Matos","description":"","potentialAction":[{"@type":"SearchAction","target":{"@type":"EntryPoint","urlTemplate":"https:\/\/www.blogsoestado.com\/danielmatos\/?s={search_term_string}"},"query-input":{"@type":"PropertyValueSpecification","valueRequired":true,"valueName":"search_term_string"}}],"inLanguage":"pt-BR"}]}},"jetpack_featured_media_url":"","_links":{"self":[{"href":"https:\/\/www.blogsoestado.com\/danielmatos\/wp-json\/wp\/v2\/posts\/17931","targetHints":{"allow":["GET"]}}],"collection":[{"href":"https:\/\/www.blogsoestado.com\/danielmatos\/wp-json\/wp\/v2\/posts"}],"about":[{"href":"https:\/\/www.blogsoestado.com\/danielmatos\/wp-json\/wp\/v2\/types\/post"}],"replies":[{"embeddable":true,"href":"https:\/\/www.blogsoestado.com\/danielmatos\/wp-json\/wp\/v2\/comments?post=17931"}],"version-history":[{"count":0,"href":"https:\/\/www.blogsoestado.com\/danielmatos\/wp-json\/wp\/v2\/posts\/17931\/revisions"}],"wp:attachment":[{"href":"https:\/\/www.blogsoestado.com\/danielmatos\/wp-json\/wp\/v2\/media?parent=17931"}],"wp:term":[{"taxonomy":"category","embeddable":true,"href":"https:\/\/www.blogsoestado.com\/danielmatos\/wp-json\/wp\/v2\/categories?post=17931"},{"taxonomy":"post_tag","embeddable":true,"href":"https:\/\/www.blogsoestado.com\/danielmatos\/wp-json\/wp\/v2\/tags?post=17931"}],"curies":[{"name":"wp","href":"https:\/\/api.w.org\/{rel}","templated":true}]}}