{"id":17967,"date":"2014-07-21T17:52:03","date_gmt":"2014-07-21T20:52:03","guid":{"rendered":"https:\/\/www.blogsoestado.com\/danielmatos\/?p=17967"},"modified":"2014-07-21T17:52:03","modified_gmt":"2014-07-21T20:52:03","slug":"vacina-contra-hepatite-a-ja-esta-disponivel-em-paco-do-lumiar","status":"publish","type":"post","link":"https:\/\/www.blogsoestado.com\/danielmatos\/vacina-contra-hepatite-a-ja-esta-disponivel-em-paco-do-lumiar\/","title":{"rendered":"Vacina contra hepatite A j\u00e1 est\u00e1 dispon\u00edvel em Pa\u00e7o do Lumiar"},"content":{"rendered":"<p><a href=\"https:\/\/www.blogsoestado.com\/danielmatos\/files\/2014\/07\/vacina.jpg\"><img fetchpriority=\"high\" decoding=\"async\" class=\"alignright size-full wp-image-17968\" src=\"https:\/\/www.blogsoestado.com\/danielmatos\/files\/2014\/07\/vacina.jpg\" alt=\"vacina\" width=\"502\" height=\"350\" \/><\/a>A Secretaria Municipal de Sa\u00fade de Pa\u00e7o do Lumiar (SEMUS) convoca pais e respons\u00e1veis para levar at\u00e9 o dia 31 de julho, as crian\u00e7as entre 1 e 2 anos para tomar a dose da vacina contra a Hepatite A.\u00a0Em Pa\u00e7o do Lumiar, todas as Unidades B\u00e1sicas de Sa\u00fade e Centros de Sa\u00fade est\u00e3o abastecidas com as doses desta, e de outras vacinas do calend\u00e1rio infantil e adulto.<\/p>\n<p>A mobiliza\u00e7\u00e3o estadual contra a Hepatite teve in\u00edcio no dia 14 de julho. As UBS e Centros de Sa\u00fade funcionam de segunda a sexta-feira, das 08h \u00e0s 17h.<\/p>\n<p>A Hepatite A \u00e9 uma doen\u00e7a contagiosa, causada pelo v\u00edrus A (VHA) e tamb\u00e9m conhecida como \u201chepatite infecciosa\u201d. Sua transmiss\u00e3o \u00e9 fecal-oral, por contato entre indiv\u00edduos ou por meio de \u00e1gua ou alimentos contaminados pelo v\u00edrus. Geralmente, n\u00e3o apresenta sintomas. Por\u00e9m, os mais frequentes s\u00e3o: cansa\u00e7o, tontura, enjoo e\/ou v\u00f4mitos, febre, dor abdominal, pele e olhos amarelados, urina escura e fezes claras. Quando surgem, costumam aparecer de 15 a 50 dias ap\u00f3s a infec\u00e7\u00e3o. Como as hepatites virais s\u00e3o doen\u00e7as silenciosas, consulte regularmente um m\u00e9dico e fa\u00e7a o teste.<\/p>\n<p><strong>Previna-se<\/strong><\/p>\n<p>A melhor forma de se evitar a doen\u00e7a \u00e9 melhorando as condi\u00e7\u00f5es de higiene e de saneamento b\u00e1sico, como por exemplo:<\/p>\n<p>\u00b7 Lavar as m\u00e3os ap\u00f3s ir ao banheiro, trocar fraldas e antes de comer ou preparar alimentos;<\/p>\n<p>\u00b7 Lavar bem, com \u00e1gua tratada, clorada ou fervida, os alimentos que s\u00e3o consumidos crus, deixando-os de molho por 30 minutos;<\/p>\n<p>\u00b7 Cozinhar bem os alimentos antes de consumi-los, principalmente mariscos, frutos do mar e carne de porco;<\/p>\n<p>\u00b7 Lavar adequadamente pratos, copos, talheres e mamadeiras, entre outros cuidados.<\/p>\n<p><strong>UBS e CS<\/strong><\/p>\n<p>UBS Maiob\u00e3o; UBS Tamba\u00fa; UBS Igua\u00edba; UBS Maioba; UBS Pir\u00e2mide; UBS; Itapera\/Mocajituba; UBS Pindoba; UBS Lima Verde; CS Santa Rita de C\u00e1ssia; CS Ns\u00aa Senhora da Luz; CS Vila S\u00e3o Pedro; CS Vila Cafeteira; CS Paran\u00e3; CS Nova Cana\u00e3; CS Vila S\u00e3o Jos\u00e9.<\/p>\n","protected":false},"excerpt":{"rendered":"<p>A Secretaria Municipal de Sa\u00fade de Pa\u00e7o do Lumiar (SEMUS) convoca pais e respons\u00e1veis para levar at\u00e9 o dia 31 [&hellip;]<\/p>\n","protected":false},"author":0,"featured_media":0,"comment_status":"open","ping_status":"open","sticky":false,"template":"","format":"standard","meta":{"site-sidebar-layout":"default","site-content-layout":"","ast-site-content-layout":"default","site-content-style":"default","site-sidebar-style":"default","ast-global-header-display":"","ast-banner-title-visibility":"","ast-main-header-display":"","ast-hfb-above-header-display":"","ast-hfb-below-header-display":"","ast-hfb-mobile-header-display":"","site-post-title":"","ast-breadcrumbs-content":"","ast-featured-img":"","footer-sml-layout":"","ast-disable-related-posts":"","theme-transparent-header-meta":"","adv-header-id-meta":"","stick-header-meta":"","header-above-stick-meta":"","header-main-stick-meta":"","header-below-stick-meta":"","astra-migrate-meta-layouts":"default","ast-page-background-enabled":"default","ast-page-background-meta":{"desktop":{"background-color":"var(--ast-global-color-5)","background-image":"","background-repeat":"repeat","background-position":"center center","background-size":"auto","background-attachment":"scroll","background-type":"","background-media":"","overlay-type":"","overlay-color":"","overlay-opacity":"","overlay-gradient":""},"tablet":{"background-color":"","background-image":"","background-repeat":"repeat","background-position":"center center","background-size":"auto","background-attachment":"scroll","background-type":"","background-media":"","overlay-type":"","overlay-color":"","overlay-opacity":"","overlay-gradient":""},"mobile":{"background-color":"","background-image":"","background-repeat":"repeat","background-position":"center center","background-size":"auto","background-attachment":"scroll","background-type":"","background-media":"","overlay-type":"","overlay-color":"","overlay-opacity":"","overlay-gradient":""}},"ast-content-background-meta":{"desktop":{"background-color":"var(--ast-global-color-4)","background-image":"","background-repeat":"repeat","background-position":"center center","background-size":"auto","background-attachment":"scroll","background-type":"","background-media":"","overlay-type":"","overlay-color":"","overlay-opacity":"","overlay-gradient":""},"tablet":{"background-color":"var(--ast-global-color-4)","background-image":"","background-repeat":"repeat","background-position":"center center","background-size":"auto","background-attachment":"scroll","background-type":"","background-media":"","overlay-type":"","overlay-color":"","overlay-opacity":"","overlay-gradient":""},"mobile":{"background-color":"var(--ast-global-color-4)","background-image":"","background-repeat":"repeat","background-position":"center center","background-size":"auto","background-attachment":"scroll","background-type":"","background-media":"","overlay-type":"","overlay-color":"","overlay-opacity":"","overlay-gradient":""}},"footnotes":""},"categories":[1],"tags":[],"class_list":["post-17967","post","type-post","status-publish","format-standard","hentry","category-sem-categoria"],"yoast_head":"<!-- This site is optimized with the Yoast SEO plugin v26.6 - https:\/\/yoast.com\/wordpress\/plugins\/seo\/ -->\n<title>Vacina contra hepatite A j\u00e1 est\u00e1 dispon\u00edvel em Pa\u00e7o do Lumiar - Daniel Matos<\/title>\n<meta name=\"robots\" content=\"index, follow, max-snippet:-1, max-image-preview:large, max-video-preview:-1\" \/>\n<link rel=\"canonical\" href=\"https:\/\/www.blogsoestado.com\/danielmatos\/vacina-contra-hepatite-a-ja-esta-disponivel-em-paco-do-lumiar\/\" \/>\n<meta property=\"og:locale\" content=\"pt_BR\" \/>\n<meta property=\"og:type\" content=\"article\" \/>\n<meta property=\"og:title\" content=\"Vacina contra hepatite A j\u00e1 est\u00e1 dispon\u00edvel em Pa\u00e7o do Lumiar - Daniel Matos\" \/>\n<meta property=\"og:description\" content=\"A Secretaria Municipal de Sa\u00fade de Pa\u00e7o do Lumiar (SEMUS) convoca pais e respons\u00e1veis para levar at\u00e9 o dia 31 [&hellip;]\" \/>\n<meta property=\"og:url\" content=\"https:\/\/www.blogsoestado.com\/danielmatos\/vacina-contra-hepatite-a-ja-esta-disponivel-em-paco-do-lumiar\/\" \/>\n<meta property=\"og:site_name\" content=\"Daniel Matos\" \/>\n<meta property=\"article:published_time\" content=\"2014-07-21T20:52:03+00:00\" \/>\n<meta property=\"og:image\" content=\"https:\/\/www.blogsoestado.com\/danielmatos\/files\/2014\/07\/vacina.jpg\" \/>\n<meta name=\"twitter:card\" content=\"summary_large_image\" \/>\n<meta name=\"twitter:label1\" content=\"Est. tempo de leitura\" \/>\n\t<meta name=\"twitter:data1\" content=\"2 minutos\" \/>\n<script type=\"application\/ld+json\" class=\"yoast-schema-graph\">{\"@context\":\"https:\/\/schema.org\",\"@graph\":[{\"@type\":\"WebPage\",\"@id\":\"https:\/\/www.blogsoestado.com\/danielmatos\/vacina-contra-hepatite-a-ja-esta-disponivel-em-paco-do-lumiar\/\",\"url\":\"https:\/\/www.blogsoestado.com\/danielmatos\/vacina-contra-hepatite-a-ja-esta-disponivel-em-paco-do-lumiar\/\",\"name\":\"Vacina contra hepatite A j\u00e1 est\u00e1 dispon\u00edvel em Pa\u00e7o do Lumiar - Daniel Matos\",\"isPartOf\":{\"@id\":\"https:\/\/www.blogsoestado.com\/danielmatos\/#website\"},\"primaryImageOfPage\":{\"@id\":\"https:\/\/www.blogsoestado.com\/danielmatos\/vacina-contra-hepatite-a-ja-esta-disponivel-em-paco-do-lumiar\/#primaryimage\"},\"image\":{\"@id\":\"https:\/\/www.blogsoestado.com\/danielmatos\/vacina-contra-hepatite-a-ja-esta-disponivel-em-paco-do-lumiar\/#primaryimage\"},\"thumbnailUrl\":\"https:\/\/www.blogsoestado.com\/danielmatos\/files\/2014\/07\/vacina.jpg\",\"datePublished\":\"2014-07-21T20:52:03+00:00\",\"author\":{\"@id\":\"\"},\"breadcrumb\":{\"@id\":\"https:\/\/www.blogsoestado.com\/danielmatos\/vacina-contra-hepatite-a-ja-esta-disponivel-em-paco-do-lumiar\/#breadcrumb\"},\"inLanguage\":\"pt-BR\",\"potentialAction\":[{\"@type\":\"ReadAction\",\"target\":[\"https:\/\/www.blogsoestado.com\/danielmatos\/vacina-contra-hepatite-a-ja-esta-disponivel-em-paco-do-lumiar\/\"]}]},{\"@type\":\"ImageObject\",\"inLanguage\":\"pt-BR\",\"@id\":\"https:\/\/www.blogsoestado.com\/danielmatos\/vacina-contra-hepatite-a-ja-esta-disponivel-em-paco-do-lumiar\/#primaryimage\",\"url\":\"https:\/\/www.blogsoestado.com\/danielmatos\/files\/2014\/07\/vacina.jpg\",\"contentUrl\":\"https:\/\/www.blogsoestado.com\/danielmatos\/files\/2014\/07\/vacina.jpg\"},{\"@type\":\"BreadcrumbList\",\"@id\":\"https:\/\/www.blogsoestado.com\/danielmatos\/vacina-contra-hepatite-a-ja-esta-disponivel-em-paco-do-lumiar\/#breadcrumb\",\"itemListElement\":[{\"@type\":\"ListItem\",\"position\":1,\"name\":\"In\u00edcio\",\"item\":\"https:\/\/www.blogsoestado.com\/danielmatos\/\"},{\"@type\":\"ListItem\",\"position\":2,\"name\":\"Vacina contra hepatite A j\u00e1 est\u00e1 dispon\u00edvel em Pa\u00e7o do Lumiar\"}]},{\"@type\":\"WebSite\",\"@id\":\"https:\/\/www.blogsoestado.com\/danielmatos\/#website\",\"url\":\"https:\/\/www.blogsoestado.com\/danielmatos\/\",\"name\":\"Daniel Matos\",\"description\":\"\",\"potentialAction\":[{\"@type\":\"SearchAction\",\"target\":{\"@type\":\"EntryPoint\",\"urlTemplate\":\"https:\/\/www.blogsoestado.com\/danielmatos\/?s={search_term_string}\"},\"query-input\":{\"@type\":\"PropertyValueSpecification\",\"valueRequired\":true,\"valueName\":\"search_term_string\"}}],\"inLanguage\":\"pt-BR\"}]}<\/script>\n<!-- \/ Yoast SEO plugin. -->","yoast_head_json":{"title":"Vacina contra hepatite A j\u00e1 est\u00e1 dispon\u00edvel em Pa\u00e7o do Lumiar - Daniel Matos","robots":{"index":"index","follow":"follow","max-snippet":"max-snippet:-1","max-image-preview":"max-image-preview:large","max-video-preview":"max-video-preview:-1"},"canonical":"https:\/\/www.blogsoestado.com\/danielmatos\/vacina-contra-hepatite-a-ja-esta-disponivel-em-paco-do-lumiar\/","og_locale":"pt_BR","og_type":"article","og_title":"Vacina contra hepatite A j\u00e1 est\u00e1 dispon\u00edvel em Pa\u00e7o do Lumiar - Daniel Matos","og_description":"A Secretaria Municipal de Sa\u00fade de Pa\u00e7o do Lumiar (SEMUS) convoca pais e respons\u00e1veis para levar at\u00e9 o dia 31 [&hellip;]","og_url":"https:\/\/www.blogsoestado.com\/danielmatos\/vacina-contra-hepatite-a-ja-esta-disponivel-em-paco-do-lumiar\/","og_site_name":"Daniel Matos","article_published_time":"2014-07-21T20:52:03+00:00","og_image":[{"url":"https:\/\/www.blogsoestado.com\/danielmatos\/files\/2014\/07\/vacina.jpg","type":"","width":"","height":""}],"twitter_card":"summary_large_image","twitter_misc":{"Est. tempo de leitura":"2 minutos"},"schema":{"@context":"https:\/\/schema.org","@graph":[{"@type":"WebPage","@id":"https:\/\/www.blogsoestado.com\/danielmatos\/vacina-contra-hepatite-a-ja-esta-disponivel-em-paco-do-lumiar\/","url":"https:\/\/www.blogsoestado.com\/danielmatos\/vacina-contra-hepatite-a-ja-esta-disponivel-em-paco-do-lumiar\/","name":"Vacina contra hepatite A j\u00e1 est\u00e1 dispon\u00edvel em Pa\u00e7o do Lumiar - Daniel Matos","isPartOf":{"@id":"https:\/\/www.blogsoestado.com\/danielmatos\/#website"},"primaryImageOfPage":{"@id":"https:\/\/www.blogsoestado.com\/danielmatos\/vacina-contra-hepatite-a-ja-esta-disponivel-em-paco-do-lumiar\/#primaryimage"},"image":{"@id":"https:\/\/www.blogsoestado.com\/danielmatos\/vacina-contra-hepatite-a-ja-esta-disponivel-em-paco-do-lumiar\/#primaryimage"},"thumbnailUrl":"https:\/\/www.blogsoestado.com\/danielmatos\/files\/2014\/07\/vacina.jpg","datePublished":"2014-07-21T20:52:03+00:00","author":{"@id":""},"breadcrumb":{"@id":"https:\/\/www.blogsoestado.com\/danielmatos\/vacina-contra-hepatite-a-ja-esta-disponivel-em-paco-do-lumiar\/#breadcrumb"},"inLanguage":"pt-BR","potentialAction":[{"@type":"ReadAction","target":["https:\/\/www.blogsoestado.com\/danielmatos\/vacina-contra-hepatite-a-ja-esta-disponivel-em-paco-do-lumiar\/"]}]},{"@type":"ImageObject","inLanguage":"pt-BR","@id":"https:\/\/www.blogsoestado.com\/danielmatos\/vacina-contra-hepatite-a-ja-esta-disponivel-em-paco-do-lumiar\/#primaryimage","url":"https:\/\/www.blogsoestado.com\/danielmatos\/files\/2014\/07\/vacina.jpg","contentUrl":"https:\/\/www.blogsoestado.com\/danielmatos\/files\/2014\/07\/vacina.jpg"},{"@type":"BreadcrumbList","@id":"https:\/\/www.blogsoestado.com\/danielmatos\/vacina-contra-hepatite-a-ja-esta-disponivel-em-paco-do-lumiar\/#breadcrumb","itemListElement":[{"@type":"ListItem","position":1,"name":"In\u00edcio","item":"https:\/\/www.blogsoestado.com\/danielmatos\/"},{"@type":"ListItem","position":2,"name":"Vacina contra hepatite A j\u00e1 est\u00e1 dispon\u00edvel em Pa\u00e7o do Lumiar"}]},{"@type":"WebSite","@id":"https:\/\/www.blogsoestado.com\/danielmatos\/#website","url":"https:\/\/www.blogsoestado.com\/danielmatos\/","name":"Daniel Matos","description":"","potentialAction":[{"@type":"SearchAction","target":{"@type":"EntryPoint","urlTemplate":"https:\/\/www.blogsoestado.com\/danielmatos\/?s={search_term_string}"},"query-input":{"@type":"PropertyValueSpecification","valueRequired":true,"valueName":"search_term_string"}}],"inLanguage":"pt-BR"}]}},"jetpack_featured_media_url":"","_links":{"self":[{"href":"https:\/\/www.blogsoestado.com\/danielmatos\/wp-json\/wp\/v2\/posts\/17967","targetHints":{"allow":["GET"]}}],"collection":[{"href":"https:\/\/www.blogsoestado.com\/danielmatos\/wp-json\/wp\/v2\/posts"}],"about":[{"href":"https:\/\/www.blogsoestado.com\/danielmatos\/wp-json\/wp\/v2\/types\/post"}],"replies":[{"embeddable":true,"href":"https:\/\/www.blogsoestado.com\/danielmatos\/wp-json\/wp\/v2\/comments?post=17967"}],"version-history":[{"count":0,"href":"https:\/\/www.blogsoestado.com\/danielmatos\/wp-json\/wp\/v2\/posts\/17967\/revisions"}],"wp:attachment":[{"href":"https:\/\/www.blogsoestado.com\/danielmatos\/wp-json\/wp\/v2\/media?parent=17967"}],"wp:term":[{"taxonomy":"category","embeddable":true,"href":"https:\/\/www.blogsoestado.com\/danielmatos\/wp-json\/wp\/v2\/categories?post=17967"},{"taxonomy":"post_tag","embeddable":true,"href":"https:\/\/www.blogsoestado.com\/danielmatos\/wp-json\/wp\/v2\/tags?post=17967"}],"curies":[{"name":"wp","href":"https:\/\/api.w.org\/{rel}","templated":true}]}}