{"id":17976,"date":"2014-07-22T08:18:41","date_gmt":"2014-07-22T11:18:41","guid":{"rendered":"https:\/\/www.blogsoestado.com\/danielmatos\/?p=17976"},"modified":"2014-07-22T08:18:41","modified_gmt":"2014-07-22T11:18:41","slug":"lobao-filho-recebe-apoio-de-mais-liderancas","status":"publish","type":"post","link":"https:\/\/www.blogsoestado.com\/danielmatos\/lobao-filho-recebe-apoio-de-mais-liderancas\/","title":{"rendered":"Lob\u00e3o Filho recebe apoio de mais lideran\u00e7as"},"content":{"rendered":"<p>O candidato a governador Lob\u00e3o Filho (PMDB) foi recebido nesta segunda-feira em almo\u00e7o com prefeitos de 60 munic\u00edpios maranhenses, a convite da governadora Roseana Sarney, os gestores municipais reiteraram o apoio ao senador peemedebista. A reuni\u00e3o ocorreu um dia ap\u00f3s Lob\u00e3o Filho percorrer 13 munic\u00edpios do m\u00e9dio sert\u00e3o maranhense com a caravana Pra Frente Maranh\u00e3o.<\/p>\n<p>Al\u00e9m dos gestores municipais e da governadora do estado, estiveram presentes na reuni\u00e3o, os peemedebistas Gast\u00e3o Vieira, candidato ao Senado pela chapa de Lob\u00e3o Filho, o senador Jo\u00e3o Alberto e o ex-presidente da Rep\u00fablica, tamb\u00e9m senador, Jos\u00e9 Sarney.<\/p>\n<p>Durante a reuni\u00e3o, todos os l\u00edderes fizeram quest\u00e3o de reafirmar o compromisso de seus munic\u00edpios em eleger Lob\u00e3o Filho. O prefeito de S\u00e3o Bento, Carlos Alberto Pereira (PSDB), confirmou apoio \u00e0 candidatura do peemedebista, mesmo filiado a um partido da oposi\u00e7\u00e3o.<\/p>\n<p>\u201cSou prefeito do PSDB, oposi\u00e7\u00e3o, mas apoio Lob\u00e3o Filho porque acredito que ele far\u00e1 um grande governo e tamb\u00e9m porque a governadora j\u00e1 vem ajudando todos os munic\u00edpios. Defendo a Roseana e defendo Lob\u00e3o Filho, por ele ser o municipalista que \u00e9. Temos que nos aliar a quem ajuda nosso munic\u00edpio, temos que estar ao lado de quem olha por n\u00f3s\u201d, confirmou.<\/p>\n<p>O prefeito do munic\u00edpio Governador Edison Lob\u00e3o, Evandro Viana (PRB), tamb\u00e9m acredita na continua\u00e7\u00e3o de um governo atuante. \u201cO Lob\u00e3o Filho faz parte de um grupo que j\u00e1 vem administrando o estado com seriedade. Nosso munic\u00edpio hoje \u00e9 um canteiro de obras, gra\u00e7as \u00e0 parceria com este grupo pol\u00edtico, ent\u00e3o s\u00f3 podemos querer essa continuidade. Mudar pra qu\u00ea? Pra parar? Queremos que nosso Maranh\u00e3o siga progredindo\u201d, declarou o l\u00edder municipal.<\/p>\n<p>O munic\u00edpio de Bom Jesus das Selvas, representado pela prefeita Cristiane Dami\u00e3o (PTdoB) tamb\u00e9m declarou apoio e o desejo de continuidade. \u201cLob\u00e3o Filho \u00e9 a continuidade do progresso, do nosso trabalho. Quando meu povo precisa de alguma coisa, ele recorre a mim, e eu quando preciso de alguma coisa recorro \u00e0 governadora. Por isso essa continuidade \u00e9 importante. Ele est\u00e1 na pol\u00edtica h\u00e1 muito tempo, faz um excelente trabalho no Senado, tenho certeza que ele ir\u00e1 honrar o nome do pai que j\u00e1 fez tanto por esse estado\u201d, disse confiante.<\/p>\n<p>Em seguida, Lob\u00e3o Filho esteve com lideran\u00e7as de S\u00e3o Lu\u00eds e do interior em seu comit\u00ea, onde recebeu mais demonstra\u00e7\u00f5es de apoio.<\/p>\n<p>O presidente do grupo For\u00e7a Jovem, eixo Itaqui-Bacanga, Don Diego, declarou seu apoio e destacou a necessidade de pol\u00edticas p\u00fablicas voltadas para a juventude na capital. \u201cApoiamos Lob\u00e3o Filho porque precisamos de um nome forte no governo para olhar pela juventude do Maranh\u00e3o. N\u00e3o \u00e9 qualquer pessoa que tem a capacidade e a responsabilidade de assumir um cargo como esse, mas o Lob\u00e3o \u00e9 de extrema confian\u00e7a, um homem de compet\u00eancia e com historia no Maranh\u00e3o. Hoje a juventude est\u00e1 \u00e0 merc\u00ea, n\u00e3o tem oportunidades e o \u00edndice de usu\u00e1rios de drogas cresce a cada dia. Esperamos e acreditamos que ele ir\u00e1 acolher a nossa causa\u201d, afirmou o l\u00edder comunit\u00e1rio.<\/p>\n<p>O munic\u00edpio de Lago da Pedra tamb\u00e9m esteve no comit\u00ea com uma comitiva de oito vereadores, a prefeita Maura Jorge (DEM) e o vice-prefeito La\u00e9rcio Arruda (PTB). O vereador Thiago S\u00e1 (DEM) de Lago da Pedra destacou: \u201cAdmiramos o trabalho realizado pela fam\u00edlia Lob\u00e3o e seu grupo pol\u00edtico no Maranh\u00e3o. Somos um grupo unido e essa uni\u00e3o est\u00e1 nas ruas levando a mensagem do senador. Temos total convic\u00e7\u00e3o de que essa for\u00e7a nos far\u00e1 vitoriosos\u201d<\/p>\n","protected":false},"excerpt":{"rendered":"<p>O candidato a governador Lob\u00e3o Filho (PMDB) foi recebido nesta segunda-feira em almo\u00e7o com prefeitos de 60 munic\u00edpios maranhenses, a [&hellip;]<\/p>\n","protected":false},"author":0,"featured_media":0,"comment_status":"open","ping_status":"open","sticky":false,"template":"","format":"standard","meta":{"site-sidebar-layout":"default","site-content-layout":"","ast-site-content-layout":"default","site-content-style":"default","site-sidebar-style":"default","ast-global-header-display":"","ast-banner-title-visibility":"","ast-main-header-display":"","ast-hfb-above-header-display":"","ast-hfb-below-header-display":"","ast-hfb-mobile-header-display":"","site-post-title":"","ast-breadcrumbs-content":"","ast-featured-img":"","footer-sml-layout":"","ast-disable-related-posts":"","theme-transparent-header-meta":"","adv-header-id-meta":"","stick-header-meta":"","header-above-stick-meta":"","header-main-stick-meta":"","header-below-stick-meta":"","astra-migrate-meta-layouts":"default","ast-page-background-enabled":"default","ast-page-background-meta":{"desktop":{"background-color":"var(--ast-global-color-5)","background-image":"","background-repeat":"repeat","background-position":"center center","background-size":"auto","background-attachment":"scroll","background-type":"","background-media":"","overlay-type":"","overlay-color":"","overlay-opacity":"","overlay-gradient":""},"tablet":{"background-color":"","background-image":"","background-repeat":"repeat","background-position":"center center","background-size":"auto","background-attachment":"scroll","background-type":"","background-media":"","overlay-type":"","overlay-color":"","overlay-opacity":"","overlay-gradient":""},"mobile":{"background-color":"","background-image":"","background-repeat":"repeat","background-position":"center center","background-size":"auto","background-attachment":"scroll","background-type":"","background-media":"","overlay-type":"","overlay-color":"","overlay-opacity":"","overlay-gradient":""}},"ast-content-background-meta":{"desktop":{"background-color":"var(--ast-global-color-4)","background-image":"","background-repeat":"repeat","background-position":"center center","background-size":"auto","background-attachment":"scroll","background-type":"","background-media":"","overlay-type":"","overlay-color":"","overlay-opacity":"","overlay-gradient":""},"tablet":{"background-color":"var(--ast-global-color-4)","background-image":"","background-repeat":"repeat","background-position":"center center","background-size":"auto","background-attachment":"scroll","background-type":"","background-media":"","overlay-type":"","overlay-color":"","overlay-opacity":"","overlay-gradient":""},"mobile":{"background-color":"var(--ast-global-color-4)","background-image":"","background-repeat":"repeat","background-position":"center center","background-size":"auto","background-attachment":"scroll","background-type":"","background-media":"","overlay-type":"","overlay-color":"","overlay-opacity":"","overlay-gradient":""}},"footnotes":""},"categories":[1],"tags":[],"class_list":["post-17976","post","type-post","status-publish","format-standard","hentry","category-sem-categoria"],"yoast_head":"<!-- This site is optimized with the Yoast SEO plugin v26.6 - https:\/\/yoast.com\/wordpress\/plugins\/seo\/ -->\n<title>Lob\u00e3o Filho recebe apoio de mais lideran\u00e7as - Daniel Matos<\/title>\n<meta name=\"robots\" content=\"index, follow, max-snippet:-1, max-image-preview:large, max-video-preview:-1\" \/>\n<link rel=\"canonical\" href=\"https:\/\/www.blogsoestado.com\/danielmatos\/lobao-filho-recebe-apoio-de-mais-liderancas\/\" \/>\n<meta property=\"og:locale\" content=\"pt_BR\" \/>\n<meta property=\"og:type\" content=\"article\" \/>\n<meta property=\"og:title\" content=\"Lob\u00e3o Filho recebe apoio de mais lideran\u00e7as - Daniel Matos\" \/>\n<meta property=\"og:description\" content=\"O candidato a governador Lob\u00e3o Filho (PMDB) foi recebido nesta segunda-feira em almo\u00e7o com prefeitos de 60 munic\u00edpios maranhenses, a [&hellip;]\" \/>\n<meta property=\"og:url\" content=\"https:\/\/www.blogsoestado.com\/danielmatos\/lobao-filho-recebe-apoio-de-mais-liderancas\/\" \/>\n<meta property=\"og:site_name\" content=\"Daniel Matos\" \/>\n<meta property=\"article:published_time\" content=\"2014-07-22T11:18:41+00:00\" \/>\n<meta name=\"twitter:card\" content=\"summary_large_image\" \/>\n<meta name=\"twitter:label1\" content=\"Est. tempo de leitura\" \/>\n\t<meta name=\"twitter:data1\" content=\"3 minutos\" \/>\n<script type=\"application\/ld+json\" class=\"yoast-schema-graph\">{\"@context\":\"https:\/\/schema.org\",\"@graph\":[{\"@type\":\"WebPage\",\"@id\":\"https:\/\/www.blogsoestado.com\/danielmatos\/lobao-filho-recebe-apoio-de-mais-liderancas\/\",\"url\":\"https:\/\/www.blogsoestado.com\/danielmatos\/lobao-filho-recebe-apoio-de-mais-liderancas\/\",\"name\":\"Lob\u00e3o Filho recebe apoio de mais lideran\u00e7as - Daniel Matos\",\"isPartOf\":{\"@id\":\"https:\/\/www.blogsoestado.com\/danielmatos\/#website\"},\"datePublished\":\"2014-07-22T11:18:41+00:00\",\"author\":{\"@id\":\"\"},\"breadcrumb\":{\"@id\":\"https:\/\/www.blogsoestado.com\/danielmatos\/lobao-filho-recebe-apoio-de-mais-liderancas\/#breadcrumb\"},\"inLanguage\":\"pt-BR\",\"potentialAction\":[{\"@type\":\"ReadAction\",\"target\":[\"https:\/\/www.blogsoestado.com\/danielmatos\/lobao-filho-recebe-apoio-de-mais-liderancas\/\"]}]},{\"@type\":\"BreadcrumbList\",\"@id\":\"https:\/\/www.blogsoestado.com\/danielmatos\/lobao-filho-recebe-apoio-de-mais-liderancas\/#breadcrumb\",\"itemListElement\":[{\"@type\":\"ListItem\",\"position\":1,\"name\":\"In\u00edcio\",\"item\":\"https:\/\/www.blogsoestado.com\/danielmatos\/\"},{\"@type\":\"ListItem\",\"position\":2,\"name\":\"Lob\u00e3o Filho recebe apoio de mais lideran\u00e7as\"}]},{\"@type\":\"WebSite\",\"@id\":\"https:\/\/www.blogsoestado.com\/danielmatos\/#website\",\"url\":\"https:\/\/www.blogsoestado.com\/danielmatos\/\",\"name\":\"Daniel Matos\",\"description\":\"\",\"potentialAction\":[{\"@type\":\"SearchAction\",\"target\":{\"@type\":\"EntryPoint\",\"urlTemplate\":\"https:\/\/www.blogsoestado.com\/danielmatos\/?s={search_term_string}\"},\"query-input\":{\"@type\":\"PropertyValueSpecification\",\"valueRequired\":true,\"valueName\":\"search_term_string\"}}],\"inLanguage\":\"pt-BR\"}]}<\/script>\n<!-- \/ Yoast SEO plugin. -->","yoast_head_json":{"title":"Lob\u00e3o Filho recebe apoio de mais lideran\u00e7as - Daniel Matos","robots":{"index":"index","follow":"follow","max-snippet":"max-snippet:-1","max-image-preview":"max-image-preview:large","max-video-preview":"max-video-preview:-1"},"canonical":"https:\/\/www.blogsoestado.com\/danielmatos\/lobao-filho-recebe-apoio-de-mais-liderancas\/","og_locale":"pt_BR","og_type":"article","og_title":"Lob\u00e3o Filho recebe apoio de mais lideran\u00e7as - Daniel Matos","og_description":"O candidato a governador Lob\u00e3o Filho (PMDB) foi recebido nesta segunda-feira em almo\u00e7o com prefeitos de 60 munic\u00edpios maranhenses, a [&hellip;]","og_url":"https:\/\/www.blogsoestado.com\/danielmatos\/lobao-filho-recebe-apoio-de-mais-liderancas\/","og_site_name":"Daniel Matos","article_published_time":"2014-07-22T11:18:41+00:00","twitter_card":"summary_large_image","twitter_misc":{"Est. tempo de leitura":"3 minutos"},"schema":{"@context":"https:\/\/schema.org","@graph":[{"@type":"WebPage","@id":"https:\/\/www.blogsoestado.com\/danielmatos\/lobao-filho-recebe-apoio-de-mais-liderancas\/","url":"https:\/\/www.blogsoestado.com\/danielmatos\/lobao-filho-recebe-apoio-de-mais-liderancas\/","name":"Lob\u00e3o Filho recebe apoio de mais lideran\u00e7as - Daniel Matos","isPartOf":{"@id":"https:\/\/www.blogsoestado.com\/danielmatos\/#website"},"datePublished":"2014-07-22T11:18:41+00:00","author":{"@id":""},"breadcrumb":{"@id":"https:\/\/www.blogsoestado.com\/danielmatos\/lobao-filho-recebe-apoio-de-mais-liderancas\/#breadcrumb"},"inLanguage":"pt-BR","potentialAction":[{"@type":"ReadAction","target":["https:\/\/www.blogsoestado.com\/danielmatos\/lobao-filho-recebe-apoio-de-mais-liderancas\/"]}]},{"@type":"BreadcrumbList","@id":"https:\/\/www.blogsoestado.com\/danielmatos\/lobao-filho-recebe-apoio-de-mais-liderancas\/#breadcrumb","itemListElement":[{"@type":"ListItem","position":1,"name":"In\u00edcio","item":"https:\/\/www.blogsoestado.com\/danielmatos\/"},{"@type":"ListItem","position":2,"name":"Lob\u00e3o Filho recebe apoio de mais lideran\u00e7as"}]},{"@type":"WebSite","@id":"https:\/\/www.blogsoestado.com\/danielmatos\/#website","url":"https:\/\/www.blogsoestado.com\/danielmatos\/","name":"Daniel Matos","description":"","potentialAction":[{"@type":"SearchAction","target":{"@type":"EntryPoint","urlTemplate":"https:\/\/www.blogsoestado.com\/danielmatos\/?s={search_term_string}"},"query-input":{"@type":"PropertyValueSpecification","valueRequired":true,"valueName":"search_term_string"}}],"inLanguage":"pt-BR"}]}},"jetpack_featured_media_url":"","_links":{"self":[{"href":"https:\/\/www.blogsoestado.com\/danielmatos\/wp-json\/wp\/v2\/posts\/17976","targetHints":{"allow":["GET"]}}],"collection":[{"href":"https:\/\/www.blogsoestado.com\/danielmatos\/wp-json\/wp\/v2\/posts"}],"about":[{"href":"https:\/\/www.blogsoestado.com\/danielmatos\/wp-json\/wp\/v2\/types\/post"}],"replies":[{"embeddable":true,"href":"https:\/\/www.blogsoestado.com\/danielmatos\/wp-json\/wp\/v2\/comments?post=17976"}],"version-history":[{"count":0,"href":"https:\/\/www.blogsoestado.com\/danielmatos\/wp-json\/wp\/v2\/posts\/17976\/revisions"}],"wp:attachment":[{"href":"https:\/\/www.blogsoestado.com\/danielmatos\/wp-json\/wp\/v2\/media?parent=17976"}],"wp:term":[{"taxonomy":"category","embeddable":true,"href":"https:\/\/www.blogsoestado.com\/danielmatos\/wp-json\/wp\/v2\/categories?post=17976"},{"taxonomy":"post_tag","embeddable":true,"href":"https:\/\/www.blogsoestado.com\/danielmatos\/wp-json\/wp\/v2\/tags?post=17976"}],"curies":[{"name":"wp","href":"https:\/\/api.w.org\/{rel}","templated":true}]}}