{"id":17981,"date":"2014-07-22T11:28:37","date_gmt":"2014-07-22T14:28:37","guid":{"rendered":"https:\/\/www.blogsoestado.com\/danielmatos\/?p=17981"},"modified":"2014-07-22T11:28:37","modified_gmt":"2014-07-22T14:28:37","slug":"mesmo-com-greve-de-professores-prefeitura-inicia-segundo-semestre-em-escolas","status":"publish","type":"post","link":"https:\/\/www.blogsoestado.com\/danielmatos\/mesmo-com-greve-de-professores-prefeitura-inicia-segundo-semestre-em-escolas\/","title":{"rendered":"Mesmo com greve de professores, Prefeitura inicia segundo semestre em escolas"},"content":{"rendered":"<figure id=\"attachment_17982\" aria-describedby=\"caption-attachment-17982\" style=\"width: 640px\" class=\"wp-caption aligncenter\"><a href=\"https:\/\/www.blogsoestado.com\/danielmatos\/files\/2014\/07\/segundo-semestre2.jpg\"><img fetchpriority=\"high\" decoding=\"async\" class=\"size-full wp-image-17982\" src=\"https:\/\/www.blogsoestado.com\/danielmatos\/files\/2014\/07\/segundo-semestre2.jpg\" alt=\"O rein\u00edcio das aulas ocorreu nesta segunda-feira (21), respeitando o calend\u00e1rio escolar\" width=\"640\" height=\"424\" \/><\/a><figcaption id=\"caption-attachment-17982\" class=\"wp-caption-text\">O rein\u00edcio das aulas ocorreu nesta segunda-feira (21), respeitando o calend\u00e1rio escolar<\/figcaption><\/figure>\n<p>A Prefeitura de S\u00e3o Lu\u00eds iniciou nesta segunda-feira (21) o segundo semestre letivo nas escolas p\u00fablicas do munic\u00edpio, apesar da greve de professores, que hoje completa dois meses, sem previs\u00e3o de desfecho. Atualmente, a rede municipal de ensino possui 85 mil estudantes, distribu\u00eddos em 252 escolas.<\/p>\n<p>O secret\u00e1rio de Educa\u00e7\u00e3o, Geraldo Castro, destacou o cumprimento do calend\u00e1rio escolar no recome\u00e7o das aulas. \u201cAgrade\u00e7o a Deus a gra\u00e7a de podermos iniciar mais um semestre letivo em nossas escolas. Tenho a certeza que teremos bons resultados, com a atua\u00e7\u00e3o da nossa competente equipe pedag\u00f3gica e com a vontade que nossas crian\u00e7as t\u00eam de aprender\u201d, declarou.<\/p>\n<p>O rein\u00edcio das aulas contou com uma programa\u00e7\u00e3o diferenciada na Unidade de Educa\u00e7\u00e3o B\u00e1sica (U.E.B.) Pedro Marcosini Bertol, no bairro do Jaracaty. As crian\u00e7as foram recebidas com atividades de acolhida pelos professores e refor\u00e7o do sentimento c\u00edvico. Estudantes e docentes participaram do hasteamento da bandeira, hino nacional e um momento de ora\u00e7\u00e3o.<\/p>\n<p><strong>Revis\u00e3o<\/strong><\/p>\n<figure id=\"attachment_17983\" aria-describedby=\"caption-attachment-17983\" style=\"width: 640px\" class=\"wp-caption aligncenter\"><a href=\"https:\/\/www.blogsoestado.com\/danielmatos\/files\/2014\/07\/segundo-semestre.jpg\"><img decoding=\"async\" class=\"size-full wp-image-17983\" src=\"https:\/\/www.blogsoestado.com\/danielmatos\/files\/2014\/07\/segundo-semestre.jpg\" alt=\"Crian\u00e7as foram recebidas com atividades de acolhida pelos professores e refor\u00e7o do sentimento c\u00edvico\" width=\"640\" height=\"412\" \/><\/a><figcaption id=\"caption-attachment-17983\" class=\"wp-caption-text\">Crian\u00e7as foram recebidas com atividades de acolhida pelos professores e refor\u00e7o do sentimento c\u00edvico<\/figcaption><\/figure>\n<p>Em sala de aula, o primeiro dia foi direcionado \u00e0 revis\u00e3o do conte\u00fado aprendido no semestre anterior e as atividades foram encerradas com um lanche coletivo. A U.E.B. Pedro Marcosini Bertol atende 229 crian\u00e7as do 1\u00ba ao 5\u00ba ano do Ensino Fundamental.<\/p>\n<p>\u201cFizemos o poss\u00edvel para que nossas crian\u00e7as se sentissem acolhidas e bem recebidas, de modo que pudessem come\u00e7ar o novo semestre com toda vontade de aprender\u201d, frisou a gestora adjunta da escola, Soraia de F\u00e1tima Nunes Pinheiro.<\/p>\n<p>Na U.E.B. Maria Rocha, no bairro da Areinha, que atende 308 crian\u00e7as do Ensino Fundamental, os estudantes estavam ansiosos pelo rein\u00edcio das aulas. \u201cEstou muito animada com o in\u00edcio de mais esse semestre\u201d, comentou a estudante Carolina Silva, do 5\u00ba ano.<\/p>\n<p>A gestora da U.E.B. Maria Rocha, Miriam de Jesus Passos Martins, informou que a volta \u00e0s aulas foi tranquila. \u201cEsperamos os estudantes com toda a estrutura de que a escola disp\u00f5e. Confiamos no trabalho dos nossos professores e tenho certeza que este ser\u00e1 um semestre de muito aprendizado e de muitos bons projetos na nossa escola\u201d, disse.<\/p>\n<p><strong>Fonte:<\/strong> Secretaria Municipal de Comunica\u00e7\u00e3o (Secom)<\/p>\n","protected":false},"excerpt":{"rendered":"<p>A Prefeitura de S\u00e3o Lu\u00eds iniciou nesta segunda-feira (21) o segundo semestre letivo nas escolas p\u00fablicas do munic\u00edpio, apesar da [&hellip;]<\/p>\n","protected":false},"author":0,"featured_media":0,"comment_status":"open","ping_status":"open","sticky":false,"template":"","format":"standard","meta":{"site-sidebar-layout":"default","site-content-layout":"","ast-site-content-layout":"default","site-content-style":"default","site-sidebar-style":"default","ast-global-header-display":"","ast-banner-title-visibility":"","ast-main-header-display":"","ast-hfb-above-header-display":"","ast-hfb-below-header-display":"","ast-hfb-mobile-header-display":"","site-post-title":"","ast-breadcrumbs-content":"","ast-featured-img":"","footer-sml-layout":"","ast-disable-related-posts":"","theme-transparent-header-meta":"","adv-header-id-meta":"","stick-header-meta":"","header-above-stick-meta":"","header-main-stick-meta":"","header-below-stick-meta":"","astra-migrate-meta-layouts":"default","ast-page-background-enabled":"default","ast-page-background-meta":{"desktop":{"background-color":"var(--ast-global-color-5)","background-image":"","background-repeat":"repeat","background-position":"center center","background-size":"auto","background-attachment":"scroll","background-type":"","background-media":"","overlay-type":"","overlay-color":"","overlay-opacity":"","overlay-gradient":""},"tablet":{"background-color":"","background-image":"","background-repeat":"repeat","background-position":"center center","background-size":"auto","background-attachment":"scroll","background-type":"","background-media":"","overlay-type":"","overlay-color":"","overlay-opacity":"","overlay-gradient":""},"mobile":{"background-color":"","background-image":"","background-repeat":"repeat","background-position":"center center","background-size":"auto","background-attachment":"scroll","background-type":"","background-media":"","overlay-type":"","overlay-color":"","overlay-opacity":"","overlay-gradient":""}},"ast-content-background-meta":{"desktop":{"background-color":"var(--ast-global-color-4)","background-image":"","background-repeat":"repeat","background-position":"center center","background-size":"auto","background-attachment":"scroll","background-type":"","background-media":"","overlay-type":"","overlay-color":"","overlay-opacity":"","overlay-gradient":""},"tablet":{"background-color":"var(--ast-global-color-4)","background-image":"","background-repeat":"repeat","background-position":"center center","background-size":"auto","background-attachment":"scroll","background-type":"","background-media":"","overlay-type":"","overlay-color":"","overlay-opacity":"","overlay-gradient":""},"mobile":{"background-color":"var(--ast-global-color-4)","background-image":"","background-repeat":"repeat","background-position":"center center","background-size":"auto","background-attachment":"scroll","background-type":"","background-media":"","overlay-type":"","overlay-color":"","overlay-opacity":"","overlay-gradient":""}},"footnotes":""},"categories":[1],"tags":[],"class_list":["post-17981","post","type-post","status-publish","format-standard","hentry","category-sem-categoria"],"yoast_head":"<!-- This site is optimized with the Yoast SEO plugin v26.6 - https:\/\/yoast.com\/wordpress\/plugins\/seo\/ -->\n<title>Mesmo com greve de professores, Prefeitura inicia segundo semestre em escolas - Daniel Matos<\/title>\n<meta name=\"robots\" content=\"index, follow, max-snippet:-1, max-image-preview:large, max-video-preview:-1\" \/>\n<link rel=\"canonical\" href=\"https:\/\/www.blogsoestado.com\/danielmatos\/mesmo-com-greve-de-professores-prefeitura-inicia-segundo-semestre-em-escolas\/\" \/>\n<meta property=\"og:locale\" content=\"pt_BR\" \/>\n<meta property=\"og:type\" content=\"article\" \/>\n<meta property=\"og:title\" content=\"Mesmo com greve de professores, Prefeitura inicia segundo semestre em escolas - Daniel Matos\" \/>\n<meta property=\"og:description\" content=\"A Prefeitura de S\u00e3o Lu\u00eds iniciou nesta segunda-feira (21) o segundo semestre letivo nas escolas p\u00fablicas do munic\u00edpio, apesar da [&hellip;]\" \/>\n<meta property=\"og:url\" content=\"https:\/\/www.blogsoestado.com\/danielmatos\/mesmo-com-greve-de-professores-prefeitura-inicia-segundo-semestre-em-escolas\/\" \/>\n<meta property=\"og:site_name\" content=\"Daniel Matos\" \/>\n<meta property=\"article:published_time\" content=\"2014-07-22T14:28:37+00:00\" \/>\n<meta property=\"og:image\" content=\"https:\/\/www.blogsoestado.com\/danielmatos\/files\/2014\/07\/segundo-semestre2.jpg\" \/>\n<meta name=\"twitter:card\" content=\"summary_large_image\" \/>\n<meta name=\"twitter:label1\" content=\"Est. tempo de leitura\" \/>\n\t<meta name=\"twitter:data1\" content=\"2 minutos\" \/>\n<script type=\"application\/ld+json\" class=\"yoast-schema-graph\">{\"@context\":\"https:\/\/schema.org\",\"@graph\":[{\"@type\":\"WebPage\",\"@id\":\"https:\/\/www.blogsoestado.com\/danielmatos\/mesmo-com-greve-de-professores-prefeitura-inicia-segundo-semestre-em-escolas\/\",\"url\":\"https:\/\/www.blogsoestado.com\/danielmatos\/mesmo-com-greve-de-professores-prefeitura-inicia-segundo-semestre-em-escolas\/\",\"name\":\"Mesmo com greve de professores, Prefeitura inicia segundo semestre em escolas - Daniel Matos\",\"isPartOf\":{\"@id\":\"https:\/\/www.blogsoestado.com\/danielmatos\/#website\"},\"primaryImageOfPage\":{\"@id\":\"https:\/\/www.blogsoestado.com\/danielmatos\/mesmo-com-greve-de-professores-prefeitura-inicia-segundo-semestre-em-escolas\/#primaryimage\"},\"image\":{\"@id\":\"https:\/\/www.blogsoestado.com\/danielmatos\/mesmo-com-greve-de-professores-prefeitura-inicia-segundo-semestre-em-escolas\/#primaryimage\"},\"thumbnailUrl\":\"https:\/\/www.blogsoestado.com\/danielmatos\/files\/2014\/07\/segundo-semestre2.jpg\",\"datePublished\":\"2014-07-22T14:28:37+00:00\",\"author\":{\"@id\":\"\"},\"breadcrumb\":{\"@id\":\"https:\/\/www.blogsoestado.com\/danielmatos\/mesmo-com-greve-de-professores-prefeitura-inicia-segundo-semestre-em-escolas\/#breadcrumb\"},\"inLanguage\":\"pt-BR\",\"potentialAction\":[{\"@type\":\"ReadAction\",\"target\":[\"https:\/\/www.blogsoestado.com\/danielmatos\/mesmo-com-greve-de-professores-prefeitura-inicia-segundo-semestre-em-escolas\/\"]}]},{\"@type\":\"ImageObject\",\"inLanguage\":\"pt-BR\",\"@id\":\"https:\/\/www.blogsoestado.com\/danielmatos\/mesmo-com-greve-de-professores-prefeitura-inicia-segundo-semestre-em-escolas\/#primaryimage\",\"url\":\"https:\/\/www.blogsoestado.com\/danielmatos\/files\/2014\/07\/segundo-semestre2.jpg\",\"contentUrl\":\"https:\/\/www.blogsoestado.com\/danielmatos\/files\/2014\/07\/segundo-semestre2.jpg\"},{\"@type\":\"BreadcrumbList\",\"@id\":\"https:\/\/www.blogsoestado.com\/danielmatos\/mesmo-com-greve-de-professores-prefeitura-inicia-segundo-semestre-em-escolas\/#breadcrumb\",\"itemListElement\":[{\"@type\":\"ListItem\",\"position\":1,\"name\":\"In\u00edcio\",\"item\":\"https:\/\/www.blogsoestado.com\/danielmatos\/\"},{\"@type\":\"ListItem\",\"position\":2,\"name\":\"Mesmo com greve de professores, Prefeitura inicia segundo semestre em escolas\"}]},{\"@type\":\"WebSite\",\"@id\":\"https:\/\/www.blogsoestado.com\/danielmatos\/#website\",\"url\":\"https:\/\/www.blogsoestado.com\/danielmatos\/\",\"name\":\"Daniel Matos\",\"description\":\"\",\"potentialAction\":[{\"@type\":\"SearchAction\",\"target\":{\"@type\":\"EntryPoint\",\"urlTemplate\":\"https:\/\/www.blogsoestado.com\/danielmatos\/?s={search_term_string}\"},\"query-input\":{\"@type\":\"PropertyValueSpecification\",\"valueRequired\":true,\"valueName\":\"search_term_string\"}}],\"inLanguage\":\"pt-BR\"}]}<\/script>\n<!-- \/ Yoast SEO plugin. -->","yoast_head_json":{"title":"Mesmo com greve de professores, Prefeitura inicia segundo semestre em escolas - Daniel Matos","robots":{"index":"index","follow":"follow","max-snippet":"max-snippet:-1","max-image-preview":"max-image-preview:large","max-video-preview":"max-video-preview:-1"},"canonical":"https:\/\/www.blogsoestado.com\/danielmatos\/mesmo-com-greve-de-professores-prefeitura-inicia-segundo-semestre-em-escolas\/","og_locale":"pt_BR","og_type":"article","og_title":"Mesmo com greve de professores, Prefeitura inicia segundo semestre em escolas - Daniel Matos","og_description":"A Prefeitura de S\u00e3o Lu\u00eds iniciou nesta segunda-feira (21) o segundo semestre letivo nas escolas p\u00fablicas do munic\u00edpio, apesar da [&hellip;]","og_url":"https:\/\/www.blogsoestado.com\/danielmatos\/mesmo-com-greve-de-professores-prefeitura-inicia-segundo-semestre-em-escolas\/","og_site_name":"Daniel Matos","article_published_time":"2014-07-22T14:28:37+00:00","og_image":[{"url":"https:\/\/www.blogsoestado.com\/danielmatos\/files\/2014\/07\/segundo-semestre2.jpg","type":"","width":"","height":""}],"twitter_card":"summary_large_image","twitter_misc":{"Est. tempo de leitura":"2 minutos"},"schema":{"@context":"https:\/\/schema.org","@graph":[{"@type":"WebPage","@id":"https:\/\/www.blogsoestado.com\/danielmatos\/mesmo-com-greve-de-professores-prefeitura-inicia-segundo-semestre-em-escolas\/","url":"https:\/\/www.blogsoestado.com\/danielmatos\/mesmo-com-greve-de-professores-prefeitura-inicia-segundo-semestre-em-escolas\/","name":"Mesmo com greve de professores, Prefeitura inicia segundo semestre em escolas - Daniel Matos","isPartOf":{"@id":"https:\/\/www.blogsoestado.com\/danielmatos\/#website"},"primaryImageOfPage":{"@id":"https:\/\/www.blogsoestado.com\/danielmatos\/mesmo-com-greve-de-professores-prefeitura-inicia-segundo-semestre-em-escolas\/#primaryimage"},"image":{"@id":"https:\/\/www.blogsoestado.com\/danielmatos\/mesmo-com-greve-de-professores-prefeitura-inicia-segundo-semestre-em-escolas\/#primaryimage"},"thumbnailUrl":"https:\/\/www.blogsoestado.com\/danielmatos\/files\/2014\/07\/segundo-semestre2.jpg","datePublished":"2014-07-22T14:28:37+00:00","author":{"@id":""},"breadcrumb":{"@id":"https:\/\/www.blogsoestado.com\/danielmatos\/mesmo-com-greve-de-professores-prefeitura-inicia-segundo-semestre-em-escolas\/#breadcrumb"},"inLanguage":"pt-BR","potentialAction":[{"@type":"ReadAction","target":["https:\/\/www.blogsoestado.com\/danielmatos\/mesmo-com-greve-de-professores-prefeitura-inicia-segundo-semestre-em-escolas\/"]}]},{"@type":"ImageObject","inLanguage":"pt-BR","@id":"https:\/\/www.blogsoestado.com\/danielmatos\/mesmo-com-greve-de-professores-prefeitura-inicia-segundo-semestre-em-escolas\/#primaryimage","url":"https:\/\/www.blogsoestado.com\/danielmatos\/files\/2014\/07\/segundo-semestre2.jpg","contentUrl":"https:\/\/www.blogsoestado.com\/danielmatos\/files\/2014\/07\/segundo-semestre2.jpg"},{"@type":"BreadcrumbList","@id":"https:\/\/www.blogsoestado.com\/danielmatos\/mesmo-com-greve-de-professores-prefeitura-inicia-segundo-semestre-em-escolas\/#breadcrumb","itemListElement":[{"@type":"ListItem","position":1,"name":"In\u00edcio","item":"https:\/\/www.blogsoestado.com\/danielmatos\/"},{"@type":"ListItem","position":2,"name":"Mesmo com greve de professores, Prefeitura inicia segundo semestre em escolas"}]},{"@type":"WebSite","@id":"https:\/\/www.blogsoestado.com\/danielmatos\/#website","url":"https:\/\/www.blogsoestado.com\/danielmatos\/","name":"Daniel Matos","description":"","potentialAction":[{"@type":"SearchAction","target":{"@type":"EntryPoint","urlTemplate":"https:\/\/www.blogsoestado.com\/danielmatos\/?s={search_term_string}"},"query-input":{"@type":"PropertyValueSpecification","valueRequired":true,"valueName":"search_term_string"}}],"inLanguage":"pt-BR"}]}},"jetpack_featured_media_url":"","_links":{"self":[{"href":"https:\/\/www.blogsoestado.com\/danielmatos\/wp-json\/wp\/v2\/posts\/17981","targetHints":{"allow":["GET"]}}],"collection":[{"href":"https:\/\/www.blogsoestado.com\/danielmatos\/wp-json\/wp\/v2\/posts"}],"about":[{"href":"https:\/\/www.blogsoestado.com\/danielmatos\/wp-json\/wp\/v2\/types\/post"}],"replies":[{"embeddable":true,"href":"https:\/\/www.blogsoestado.com\/danielmatos\/wp-json\/wp\/v2\/comments?post=17981"}],"version-history":[{"count":0,"href":"https:\/\/www.blogsoestado.com\/danielmatos\/wp-json\/wp\/v2\/posts\/17981\/revisions"}],"wp:attachment":[{"href":"https:\/\/www.blogsoestado.com\/danielmatos\/wp-json\/wp\/v2\/media?parent=17981"}],"wp:term":[{"taxonomy":"category","embeddable":true,"href":"https:\/\/www.blogsoestado.com\/danielmatos\/wp-json\/wp\/v2\/categories?post=17981"},{"taxonomy":"post_tag","embeddable":true,"href":"https:\/\/www.blogsoestado.com\/danielmatos\/wp-json\/wp\/v2\/tags?post=17981"}],"curies":[{"name":"wp","href":"https:\/\/api.w.org\/{rel}","templated":true}]}}