{"id":17997,"date":"2014-07-22T16:40:26","date_gmt":"2014-07-22T19:40:26","guid":{"rendered":"https:\/\/www.blogsoestado.com\/danielmatos\/?p=17997"},"modified":"2014-07-22T16:40:26","modified_gmt":"2014-07-22T19:40:26","slug":"villa-mix-sao-luis-recebe-jorge-mateus-e-gusttavo-lima-com-grande-estrutura","status":"publish","type":"post","link":"https:\/\/www.blogsoestado.com\/danielmatos\/villa-mix-sao-luis-recebe-jorge-mateus-e-gusttavo-lima-com-grande-estrutura\/","title":{"rendered":"Villa Mix S\u00e3o Lu\u00eds recebe Jorge &#038; Mateus e Gusttavo Lima com grande estrutura"},"content":{"rendered":"<p><em>O Festival sertanejo ser\u00e1 realizado no dia 27 de julho, \u00e0s 17h, no Espa\u00e7o Reserva. Os cantores Israel Novaes e Matheus &amp; Kauan, tamb\u00e9m participam do evento<\/em><\/p>\n<figure id=\"attachment_17998\" aria-describedby=\"caption-attachment-17998\" style=\"width: 617px\" class=\"wp-caption aligncenter\"><a href=\"https:\/\/www.blogsoestado.com\/danielmatos\/files\/2014\/07\/vila-mix.jpg\"><img fetchpriority=\"high\" decoding=\"async\" class=\"size-full wp-image-17998\" src=\"https:\/\/www.blogsoestado.com\/danielmatos\/files\/2014\/07\/vila-mix.jpg\" alt=\"Villa Mix S\u00e3o Lu\u00eds ter\u00e1 megaestrutura de palco, luz e som\" width=\"617\" height=\"393\" \/><\/a><figcaption id=\"caption-attachment-17998\" class=\"wp-caption-text\">Villa Mix S\u00e3o Lu\u00eds ter\u00e1 megaestrutura de palco, luz e som e grandes atra\u00e7\u00f5es do\u00a0sertanejo universit\u00e1rio<\/figcaption><\/figure>\n<p>O maior festival de m\u00fasica sertaneja do Brasil retorna a S\u00e3o Lu\u00eds, no pr\u00f3ximo dia 27 de julho, com uma estrutura compat\u00edvel aos grandes shows nacionais que come\u00e7a a ser montada no Espa\u00e7o Reserva, onde ser\u00e1 realizado o Festival Villa Mix. Durante uma semana, cerca de 200 oper\u00e1rios de v\u00e1rias partes do pa\u00eds fazem a montagem do palco que recebe Jorge &amp; Mateus, Gusttavo Lima, Israel Novaes, Matheus &amp; Kauan, Jhonatan &amp; Jardel, Stanley e Cristian, Pep\u00ea J\u00fanior e Trio Brassalis, a partir das 17h.<\/p>\n<p>Para carregar toda a estrutura, que totaliza mais de 500 toneladas de metal, foram necess\u00e1rias 20 carretas. Destas, tr\u00eas foram destinadas apenas ao transporte de cabos e fia\u00e7\u00e3o el\u00e9trica.<\/p>\n<figure id=\"attachment_18000\" aria-describedby=\"caption-attachment-18000\" style=\"width: 430px\" class=\"wp-caption alignleft\"><a href=\"https:\/\/www.blogsoestado.com\/danielmatos\/files\/2014\/07\/gusttavoi-lima-jorge-e-mateus.jpg\"><img decoding=\"async\" class=\"size-full wp-image-18000\" src=\"https:\/\/www.blogsoestado.com\/danielmatos\/files\/2014\/07\/gusttavoi-lima-jorge-e-mateus.jpg\" alt=\"Gusttavo Lima e a dupla Jorge e Mateus ser\u00e3o duas das principais atra\u00e7\u00f5es do Villa Mix S\u00e3o Lu\u00eds\" width=\"430\" height=\"274\" \/><\/a><figcaption id=\"caption-attachment-18000\" class=\"wp-caption-text\">Gusttavo Lima e a dupla Jorge &amp;\u00a0Mateus ser\u00e3o duas das principais atra\u00e7\u00f5es do Villa Mix S\u00e3o Lu\u00eds, s\u00e1bado, no Espa\u00e7o Reserva, no Shopping da Ilha<\/figcaption><\/figure>\n<p>Outras sete trouxeram os pain\u00e9is de LED: s\u00e3o mil metros quadrados em tecnologia High Definition (HD). Os pain\u00e9is v\u00e3o transmitir imagens de grafismo e efeitos de ilumina\u00e7\u00e3o enquanto as oito atra\u00e7\u00f5es sertanejas estiverem se apresentando.<\/p>\n<p>Para estabilizar o palco, com 100 metros de largura por 20 metros de altura, s\u00e3o necess\u00e1rias v\u00e1rias caixas d\u2019\u00e1gua cheias. Elas estabilizam as torres e neutralizam uma poss\u00edvel ventania que possa acontecer durante o show.<\/p>\n<p>Foram reservados mais de 130 apartamentos e 30 carros de vans receptivos, 16 camarins, 10 geradores de energia, 250 cabines sanit\u00e1rias, 20 esta\u00e7\u00f5es de bares, 02 est\u00fadios de imprensa, 03 ambulat\u00f3rios, 3.000 m\u00b2 de tenda GeoSpace, 2.800 profissionais envolvidos, 03 entradas de independentes, 30 mil m\u00b2 de \u00e1rea, 2.500m lineares de grid, 700m de barricada e ainda 10 postos de observa\u00e7\u00f5es.<\/p>\n<p>Segundo os produtores do evento, o palco do Villa Mix \u00e9 maior que o utilizado em um dos mais tradicionais eventos do pa\u00eds, o Festival de Ver\u00e3o de Salvador. \u201cA estrutura vai impressionar S\u00e3o Lu\u00eds, quem participou do evento ano passado, n\u00e3o pode perder esse ano, pois vamos impressionais ainda mais\u201d, aposta o diretor do Marafolia, Marcelo Arag\u00e3o.<\/p>\n<p>O equipamento de som tamb\u00e9m tem uma aten\u00e7\u00e3o importante, com a capacidade de emiss\u00e3o ac\u00fastica para 90 mil pessoas, quase o triplo do p\u00fablico esperado pelos organizadores.<\/p>\n<p><strong>Shows<\/strong><\/p>\n<figure id=\"attachment_18001\" aria-describedby=\"caption-attachment-18001\" style=\"width: 448px\" class=\"wp-caption alignright\"><a href=\"https:\/\/www.blogsoestado.com\/danielmatos\/files\/2014\/07\/israel-novaes2.jpg\"><img decoding=\"async\" class=\"size-full wp-image-18001\" src=\"https:\/\/www.blogsoestado.com\/danielmatos\/files\/2014\/07\/israel-novaes2.jpg\" alt=\"Israel Novaes tamb\u00e9m subir\u00e1 ao palco para animar o p\u00fablico presente ao festival\" width=\"448\" height=\"299\" \/><\/a><figcaption id=\"caption-attachment-18001\" class=\"wp-caption-text\">Israel Novaes tamb\u00e9m subir\u00e1 ao palco para animar o p\u00fablico presente ao festival<\/figcaption><\/figure>\n<p>O encontro sertanejo ter\u00e1 shows de Jorge e Mateus, Gusttavo Lima que ano passou participou do evento, Israel Novaes e Matheus e Kauan. Al\u00e9m das participa\u00e7\u00f5es especiais do Trio Brassalis, Pep\u00ea J\u00fanior, Stanley e Cristian e Jhonatan e Jardel.<\/p>\n<p>Esse ano, o evento conta com dois palcos, um para atra\u00e7\u00f5es nacionais e outro para atra\u00e7\u00f5es locais, garantindo mais conforto aos convidados, pois n\u00e3o ter\u00e3o intervalos, ao todo, o evento contar\u00e1 com 10 horas de m\u00fasica.<\/p>\n<p>Os ingressos est\u00e3o \u00e0 venda na Central da Folia (Jaracati Shopping) nas \u00d3ticas Carol (Shopping da Ilha, Rio Anil Shopping, Rua Grande e Tropical). Os valores variam entre R$ 45 a R$ 150.\u00a0Qualquer outra informa\u00e7\u00e3o voc\u00ea ligar no (98) 3221 0120.<\/p>\n","protected":false},"excerpt":{"rendered":"<p>O Festival sertanejo ser\u00e1 realizado no dia 27 de julho, \u00e0s 17h, no Espa\u00e7o Reserva. Os cantores Israel Novaes e [&hellip;]<\/p>\n","protected":false},"author":0,"featured_media":0,"comment_status":"open","ping_status":"open","sticky":false,"template":"","format":"standard","meta":{"site-sidebar-layout":"default","site-content-layout":"","ast-site-content-layout":"default","site-content-style":"default","site-sidebar-style":"default","ast-global-header-display":"","ast-banner-title-visibility":"","ast-main-header-display":"","ast-hfb-above-header-display":"","ast-hfb-below-header-display":"","ast-hfb-mobile-header-display":"","site-post-title":"","ast-breadcrumbs-content":"","ast-featured-img":"","footer-sml-layout":"","ast-disable-related-posts":"","theme-transparent-header-meta":"","adv-header-id-meta":"","stick-header-meta":"","header-above-stick-meta":"","header-main-stick-meta":"","header-below-stick-meta":"","astra-migrate-meta-layouts":"default","ast-page-background-enabled":"default","ast-page-background-meta":{"desktop":{"background-color":"var(--ast-global-color-5)","background-image":"","background-repeat":"repeat","background-position":"center center","background-size":"auto","background-attachment":"scroll","background-type":"","background-media":"","overlay-type":"","overlay-color":"","overlay-opacity":"","overlay-gradient":""},"tablet":{"background-color":"","background-image":"","background-repeat":"repeat","background-position":"center center","background-size":"auto","background-attachment":"scroll","background-type":"","background-media":"","overlay-type":"","overlay-color":"","overlay-opacity":"","overlay-gradient":""},"mobile":{"background-color":"","background-image":"","background-repeat":"repeat","background-position":"center center","background-size":"auto","background-attachment":"scroll","background-type":"","background-media":"","overlay-type":"","overlay-color":"","overlay-opacity":"","overlay-gradient":""}},"ast-content-background-meta":{"desktop":{"background-color":"var(--ast-global-color-4)","background-image":"","background-repeat":"repeat","background-position":"center center","background-size":"auto","background-attachment":"scroll","background-type":"","background-media":"","overlay-type":"","overlay-color":"","overlay-opacity":"","overlay-gradient":""},"tablet":{"background-color":"var(--ast-global-color-4)","background-image":"","background-repeat":"repeat","background-position":"center center","background-size":"auto","background-attachment":"scroll","background-type":"","background-media":"","overlay-type":"","overlay-color":"","overlay-opacity":"","overlay-gradient":""},"mobile":{"background-color":"var(--ast-global-color-4)","background-image":"","background-repeat":"repeat","background-position":"center center","background-size":"auto","background-attachment":"scroll","background-type":"","background-media":"","overlay-type":"","overlay-color":"","overlay-opacity":"","overlay-gradient":""}},"footnotes":""},"categories":[1],"tags":[],"class_list":["post-17997","post","type-post","status-publish","format-standard","hentry","category-sem-categoria"],"yoast_head":"<!-- This site is optimized with the Yoast SEO plugin v26.6 - https:\/\/yoast.com\/wordpress\/plugins\/seo\/ -->\n<title>Villa Mix S\u00e3o Lu\u00eds recebe Jorge &amp; Mateus e Gusttavo Lima com grande estrutura - Daniel Matos<\/title>\n<meta name=\"robots\" content=\"index, follow, max-snippet:-1, max-image-preview:large, max-video-preview:-1\" \/>\n<link rel=\"canonical\" href=\"https:\/\/www.blogsoestado.com\/danielmatos\/villa-mix-sao-luis-recebe-jorge-mateus-e-gusttavo-lima-com-grande-estrutura\/\" \/>\n<meta property=\"og:locale\" content=\"pt_BR\" \/>\n<meta property=\"og:type\" content=\"article\" \/>\n<meta property=\"og:title\" content=\"Villa Mix S\u00e3o Lu\u00eds recebe Jorge &amp; Mateus e Gusttavo Lima com grande estrutura - Daniel Matos\" \/>\n<meta property=\"og:description\" content=\"O Festival sertanejo ser\u00e1 realizado no dia 27 de julho, \u00e0s 17h, no Espa\u00e7o Reserva. Os cantores Israel Novaes e [&hellip;]\" \/>\n<meta property=\"og:url\" content=\"https:\/\/www.blogsoestado.com\/danielmatos\/villa-mix-sao-luis-recebe-jorge-mateus-e-gusttavo-lima-com-grande-estrutura\/\" \/>\n<meta property=\"og:site_name\" content=\"Daniel Matos\" \/>\n<meta property=\"article:published_time\" content=\"2014-07-22T19:40:26+00:00\" \/>\n<meta property=\"og:image\" content=\"https:\/\/www.blogsoestado.com\/danielmatos\/files\/2014\/07\/vila-mix.jpg\" \/>\n<meta name=\"twitter:card\" content=\"summary_large_image\" \/>\n<meta name=\"twitter:label1\" content=\"Est. tempo de leitura\" \/>\n\t<meta name=\"twitter:data1\" content=\"3 minutos\" \/>\n<script type=\"application\/ld+json\" class=\"yoast-schema-graph\">{\"@context\":\"https:\/\/schema.org\",\"@graph\":[{\"@type\":\"WebPage\",\"@id\":\"https:\/\/www.blogsoestado.com\/danielmatos\/villa-mix-sao-luis-recebe-jorge-mateus-e-gusttavo-lima-com-grande-estrutura\/\",\"url\":\"https:\/\/www.blogsoestado.com\/danielmatos\/villa-mix-sao-luis-recebe-jorge-mateus-e-gusttavo-lima-com-grande-estrutura\/\",\"name\":\"Villa Mix S\u00e3o Lu\u00eds recebe Jorge & Mateus e Gusttavo Lima com grande estrutura - Daniel Matos\",\"isPartOf\":{\"@id\":\"https:\/\/www.blogsoestado.com\/danielmatos\/#website\"},\"primaryImageOfPage\":{\"@id\":\"https:\/\/www.blogsoestado.com\/danielmatos\/villa-mix-sao-luis-recebe-jorge-mateus-e-gusttavo-lima-com-grande-estrutura\/#primaryimage\"},\"image\":{\"@id\":\"https:\/\/www.blogsoestado.com\/danielmatos\/villa-mix-sao-luis-recebe-jorge-mateus-e-gusttavo-lima-com-grande-estrutura\/#primaryimage\"},\"thumbnailUrl\":\"https:\/\/www.blogsoestado.com\/danielmatos\/files\/2014\/07\/vila-mix.jpg\",\"datePublished\":\"2014-07-22T19:40:26+00:00\",\"author\":{\"@id\":\"\"},\"breadcrumb\":{\"@id\":\"https:\/\/www.blogsoestado.com\/danielmatos\/villa-mix-sao-luis-recebe-jorge-mateus-e-gusttavo-lima-com-grande-estrutura\/#breadcrumb\"},\"inLanguage\":\"pt-BR\",\"potentialAction\":[{\"@type\":\"ReadAction\",\"target\":[\"https:\/\/www.blogsoestado.com\/danielmatos\/villa-mix-sao-luis-recebe-jorge-mateus-e-gusttavo-lima-com-grande-estrutura\/\"]}]},{\"@type\":\"ImageObject\",\"inLanguage\":\"pt-BR\",\"@id\":\"https:\/\/www.blogsoestado.com\/danielmatos\/villa-mix-sao-luis-recebe-jorge-mateus-e-gusttavo-lima-com-grande-estrutura\/#primaryimage\",\"url\":\"https:\/\/www.blogsoestado.com\/danielmatos\/files\/2014\/07\/vila-mix.jpg\",\"contentUrl\":\"https:\/\/www.blogsoestado.com\/danielmatos\/files\/2014\/07\/vila-mix.jpg\"},{\"@type\":\"BreadcrumbList\",\"@id\":\"https:\/\/www.blogsoestado.com\/danielmatos\/villa-mix-sao-luis-recebe-jorge-mateus-e-gusttavo-lima-com-grande-estrutura\/#breadcrumb\",\"itemListElement\":[{\"@type\":\"ListItem\",\"position\":1,\"name\":\"In\u00edcio\",\"item\":\"https:\/\/www.blogsoestado.com\/danielmatos\/\"},{\"@type\":\"ListItem\",\"position\":2,\"name\":\"Villa Mix S\u00e3o Lu\u00eds recebe Jorge &#038; Mateus e Gusttavo Lima com grande estrutura\"}]},{\"@type\":\"WebSite\",\"@id\":\"https:\/\/www.blogsoestado.com\/danielmatos\/#website\",\"url\":\"https:\/\/www.blogsoestado.com\/danielmatos\/\",\"name\":\"Daniel Matos\",\"description\":\"\",\"potentialAction\":[{\"@type\":\"SearchAction\",\"target\":{\"@type\":\"EntryPoint\",\"urlTemplate\":\"https:\/\/www.blogsoestado.com\/danielmatos\/?s={search_term_string}\"},\"query-input\":{\"@type\":\"PropertyValueSpecification\",\"valueRequired\":true,\"valueName\":\"search_term_string\"}}],\"inLanguage\":\"pt-BR\"}]}<\/script>\n<!-- \/ Yoast SEO plugin. -->","yoast_head_json":{"title":"Villa Mix S\u00e3o Lu\u00eds recebe Jorge & Mateus e Gusttavo Lima com grande estrutura - Daniel Matos","robots":{"index":"index","follow":"follow","max-snippet":"max-snippet:-1","max-image-preview":"max-image-preview:large","max-video-preview":"max-video-preview:-1"},"canonical":"https:\/\/www.blogsoestado.com\/danielmatos\/villa-mix-sao-luis-recebe-jorge-mateus-e-gusttavo-lima-com-grande-estrutura\/","og_locale":"pt_BR","og_type":"article","og_title":"Villa Mix S\u00e3o Lu\u00eds recebe Jorge & Mateus e Gusttavo Lima com grande estrutura - Daniel Matos","og_description":"O Festival sertanejo ser\u00e1 realizado no dia 27 de julho, \u00e0s 17h, no Espa\u00e7o Reserva. Os cantores Israel Novaes e [&hellip;]","og_url":"https:\/\/www.blogsoestado.com\/danielmatos\/villa-mix-sao-luis-recebe-jorge-mateus-e-gusttavo-lima-com-grande-estrutura\/","og_site_name":"Daniel Matos","article_published_time":"2014-07-22T19:40:26+00:00","og_image":[{"url":"https:\/\/www.blogsoestado.com\/danielmatos\/files\/2014\/07\/vila-mix.jpg","type":"","width":"","height":""}],"twitter_card":"summary_large_image","twitter_misc":{"Est. tempo de leitura":"3 minutos"},"schema":{"@context":"https:\/\/schema.org","@graph":[{"@type":"WebPage","@id":"https:\/\/www.blogsoestado.com\/danielmatos\/villa-mix-sao-luis-recebe-jorge-mateus-e-gusttavo-lima-com-grande-estrutura\/","url":"https:\/\/www.blogsoestado.com\/danielmatos\/villa-mix-sao-luis-recebe-jorge-mateus-e-gusttavo-lima-com-grande-estrutura\/","name":"Villa Mix S\u00e3o Lu\u00eds recebe Jorge & Mateus e Gusttavo Lima com grande estrutura - Daniel Matos","isPartOf":{"@id":"https:\/\/www.blogsoestado.com\/danielmatos\/#website"},"primaryImageOfPage":{"@id":"https:\/\/www.blogsoestado.com\/danielmatos\/villa-mix-sao-luis-recebe-jorge-mateus-e-gusttavo-lima-com-grande-estrutura\/#primaryimage"},"image":{"@id":"https:\/\/www.blogsoestado.com\/danielmatos\/villa-mix-sao-luis-recebe-jorge-mateus-e-gusttavo-lima-com-grande-estrutura\/#primaryimage"},"thumbnailUrl":"https:\/\/www.blogsoestado.com\/danielmatos\/files\/2014\/07\/vila-mix.jpg","datePublished":"2014-07-22T19:40:26+00:00","author":{"@id":""},"breadcrumb":{"@id":"https:\/\/www.blogsoestado.com\/danielmatos\/villa-mix-sao-luis-recebe-jorge-mateus-e-gusttavo-lima-com-grande-estrutura\/#breadcrumb"},"inLanguage":"pt-BR","potentialAction":[{"@type":"ReadAction","target":["https:\/\/www.blogsoestado.com\/danielmatos\/villa-mix-sao-luis-recebe-jorge-mateus-e-gusttavo-lima-com-grande-estrutura\/"]}]},{"@type":"ImageObject","inLanguage":"pt-BR","@id":"https:\/\/www.blogsoestado.com\/danielmatos\/villa-mix-sao-luis-recebe-jorge-mateus-e-gusttavo-lima-com-grande-estrutura\/#primaryimage","url":"https:\/\/www.blogsoestado.com\/danielmatos\/files\/2014\/07\/vila-mix.jpg","contentUrl":"https:\/\/www.blogsoestado.com\/danielmatos\/files\/2014\/07\/vila-mix.jpg"},{"@type":"BreadcrumbList","@id":"https:\/\/www.blogsoestado.com\/danielmatos\/villa-mix-sao-luis-recebe-jorge-mateus-e-gusttavo-lima-com-grande-estrutura\/#breadcrumb","itemListElement":[{"@type":"ListItem","position":1,"name":"In\u00edcio","item":"https:\/\/www.blogsoestado.com\/danielmatos\/"},{"@type":"ListItem","position":2,"name":"Villa Mix S\u00e3o Lu\u00eds recebe Jorge &#038; Mateus e Gusttavo Lima com grande estrutura"}]},{"@type":"WebSite","@id":"https:\/\/www.blogsoestado.com\/danielmatos\/#website","url":"https:\/\/www.blogsoestado.com\/danielmatos\/","name":"Daniel Matos","description":"","potentialAction":[{"@type":"SearchAction","target":{"@type":"EntryPoint","urlTemplate":"https:\/\/www.blogsoestado.com\/danielmatos\/?s={search_term_string}"},"query-input":{"@type":"PropertyValueSpecification","valueRequired":true,"valueName":"search_term_string"}}],"inLanguage":"pt-BR"}]}},"jetpack_featured_media_url":"","_links":{"self":[{"href":"https:\/\/www.blogsoestado.com\/danielmatos\/wp-json\/wp\/v2\/posts\/17997","targetHints":{"allow":["GET"]}}],"collection":[{"href":"https:\/\/www.blogsoestado.com\/danielmatos\/wp-json\/wp\/v2\/posts"}],"about":[{"href":"https:\/\/www.blogsoestado.com\/danielmatos\/wp-json\/wp\/v2\/types\/post"}],"replies":[{"embeddable":true,"href":"https:\/\/www.blogsoestado.com\/danielmatos\/wp-json\/wp\/v2\/comments?post=17997"}],"version-history":[{"count":0,"href":"https:\/\/www.blogsoestado.com\/danielmatos\/wp-json\/wp\/v2\/posts\/17997\/revisions"}],"wp:attachment":[{"href":"https:\/\/www.blogsoestado.com\/danielmatos\/wp-json\/wp\/v2\/media?parent=17997"}],"wp:term":[{"taxonomy":"category","embeddable":true,"href":"https:\/\/www.blogsoestado.com\/danielmatos\/wp-json\/wp\/v2\/categories?post=17997"},{"taxonomy":"post_tag","embeddable":true,"href":"https:\/\/www.blogsoestado.com\/danielmatos\/wp-json\/wp\/v2\/tags?post=17997"}],"curies":[{"name":"wp","href":"https:\/\/api.w.org\/{rel}","templated":true}]}}