{"id":18012,"date":"2014-07-22T21:41:41","date_gmt":"2014-07-23T00:41:41","guid":{"rendered":"https:\/\/www.blogsoestado.com\/danielmatos\/?p=18012"},"modified":"2014-07-22T21:41:41","modified_gmt":"2014-07-23T00:41:41","slug":"lisca-e-o-novo-tecnico-do-sampaio","status":"publish","type":"post","link":"https:\/\/www.blogsoestado.com\/danielmatos\/lisca-e-o-novo-tecnico-do-sampaio\/","title":{"rendered":"Lisca \u00e9 o novo t\u00e9cnico do Sampaio"},"content":{"rendered":"<figure id=\"attachment_18013\" aria-describedby=\"caption-attachment-18013\" style=\"width: 448px\" class=\"wp-caption alignright\"><a href=\"https:\/\/www.blogsoestado.com\/danielmatos\/files\/2014\/07\/lisca.jpg\"><img fetchpriority=\"high\" decoding=\"async\" class=\"size-full wp-image-18013\" src=\"https:\/\/www.blogsoestado.com\/danielmatos\/files\/2014\/07\/lisca.jpg\" alt=\"Lisca tem agora a miss\u00e3o de levar o Sampaio ao G-4 e conquistar o t\u00e3o sonhado acesso \u00e0 S\u00e9rie A\" width=\"448\" height=\"336\" \/><\/a><figcaption id=\"caption-attachment-18013\" class=\"wp-caption-text\">Lisca tem agora a miss\u00e3o de levar o Sampaio ao G-4 e conquistar o t\u00e3o sonhado acesso \u00e0 S\u00e9rie A<\/figcaption><\/figure>\n<p>A diretoria do Sampaio Corr\u00eaa confirmou, no in\u00edcio da noite de hoje, a contrata\u00e7\u00e3o do t\u00e9cnico Lisca para substituir Fl\u00e1vio Ara\u00fajo, que pediu demiss\u00e3o. O novo treinador desembarcar\u00e1 em S\u00e3o Lu\u00eds nas pr\u00f3ximas horas e nesta quarta-feira\u00a0j\u00e1\u00a0comandar\u00e1 o seu primeiro treino \u00e0 frente do Tricolor, visando ao pr\u00f3ximo jogo do time no Campeonato Brasileiro da S\u00e9rie B, contra o Vila Nova-GO, s\u00e1bado,\u00a0\u00e0s 21h, no Castel\u00e3o.<\/p>\n<p>O ga\u00facho Lisca, de 41 anos, j\u00e1 esteve \u00e0 frente\u00a0das categorias de base do Gr\u00eamio-RS e do Fluminense-RJ. No profissional j\u00e1 foi t\u00e9cnico do\u00a0Brasil de Pelotas, Juventude B, Porto Alegre e Caxias, todos do Rio Grande do Sul. Depois, foi para o Mato Grosso, onde treinou o Luverdense.<\/p>\n<p>Em 2012, assumiu o Novo Hamburgo-RS e em julho do mesmo ano retornou ao Juventude, dessa vez para comandar o elenco principal. Em dezembro de 2013 foi anunciado como treinador do Clube N\u00e1utico Capibaribe para a temporada 2014. Se demitiu do comando do N\u00e1utico em maio, ap\u00f3s a derrota na Copa do Brasil para o Am\u00e9rica-RN.<\/p>\n<p>O t\u00e9cnico j\u00e1 conquistou alguns t\u00edtulos em categorias de base, entre os quais\u00a0o Campeonato Brasileiro Juvenil, em 1998. Entre os profissionais sagrou-se campe\u00e3o da Copa Mato Grosso com o Luverdense, em 2011, e da Copa Federa\u00e7\u00e3o Ga\u00facha de Futebol, no ano seguinte.<\/p>\n<p>Ap\u00f3s 12 rodadas, o Sampaio ocupa a 7\u00aa coloca\u00e7\u00e3o na S\u00e9rie B. A miss\u00e3o de Lisca \u00e9 levar o time ao G-4 e ao t\u00e3o sonhado acesso \u00e0 S\u00e9rie A.<\/p>\n","protected":false},"excerpt":{"rendered":"<p>A diretoria do Sampaio Corr\u00eaa confirmou, no in\u00edcio da noite de hoje, a contrata\u00e7\u00e3o do t\u00e9cnico Lisca para substituir Fl\u00e1vio [&hellip;]<\/p>\n","protected":false},"author":0,"featured_media":0,"comment_status":"open","ping_status":"open","sticky":false,"template":"","format":"standard","meta":{"site-sidebar-layout":"default","site-content-layout":"","ast-site-content-layout":"default","site-content-style":"default","site-sidebar-style":"default","ast-global-header-display":"","ast-banner-title-visibility":"","ast-main-header-display":"","ast-hfb-above-header-display":"","ast-hfb-below-header-display":"","ast-hfb-mobile-header-display":"","site-post-title":"","ast-breadcrumbs-content":"","ast-featured-img":"","footer-sml-layout":"","ast-disable-related-posts":"","theme-transparent-header-meta":"","adv-header-id-meta":"","stick-header-meta":"","header-above-stick-meta":"","header-main-stick-meta":"","header-below-stick-meta":"","astra-migrate-meta-layouts":"default","ast-page-background-enabled":"default","ast-page-background-meta":{"desktop":{"background-color":"var(--ast-global-color-5)","background-image":"","background-repeat":"repeat","background-position":"center center","background-size":"auto","background-attachment":"scroll","background-type":"","background-media":"","overlay-type":"","overlay-color":"","overlay-opacity":"","overlay-gradient":""},"tablet":{"background-color":"","background-image":"","background-repeat":"repeat","background-position":"center center","background-size":"auto","background-attachment":"scroll","background-type":"","background-media":"","overlay-type":"","overlay-color":"","overlay-opacity":"","overlay-gradient":""},"mobile":{"background-color":"","background-image":"","background-repeat":"repeat","background-position":"center center","background-size":"auto","background-attachment":"scroll","background-type":"","background-media":"","overlay-type":"","overlay-color":"","overlay-opacity":"","overlay-gradient":""}},"ast-content-background-meta":{"desktop":{"background-color":"var(--ast-global-color-4)","background-image":"","background-repeat":"repeat","background-position":"center center","background-size":"auto","background-attachment":"scroll","background-type":"","background-media":"","overlay-type":"","overlay-color":"","overlay-opacity":"","overlay-gradient":""},"tablet":{"background-color":"var(--ast-global-color-4)","background-image":"","background-repeat":"repeat","background-position":"center center","background-size":"auto","background-attachment":"scroll","background-type":"","background-media":"","overlay-type":"","overlay-color":"","overlay-opacity":"","overlay-gradient":""},"mobile":{"background-color":"var(--ast-global-color-4)","background-image":"","background-repeat":"repeat","background-position":"center center","background-size":"auto","background-attachment":"scroll","background-type":"","background-media":"","overlay-type":"","overlay-color":"","overlay-opacity":"","overlay-gradient":""}},"footnotes":""},"categories":[1],"tags":[],"class_list":["post-18012","post","type-post","status-publish","format-standard","hentry","category-sem-categoria"],"yoast_head":"<!-- This site is optimized with the Yoast SEO plugin v26.6 - https:\/\/yoast.com\/wordpress\/plugins\/seo\/ -->\n<title>Lisca \u00e9 o novo t\u00e9cnico do Sampaio - Daniel Matos<\/title>\n<meta name=\"robots\" content=\"index, follow, max-snippet:-1, max-image-preview:large, max-video-preview:-1\" \/>\n<link rel=\"canonical\" href=\"https:\/\/www.blogsoestado.com\/danielmatos\/lisca-e-o-novo-tecnico-do-sampaio\/\" \/>\n<meta property=\"og:locale\" content=\"pt_BR\" \/>\n<meta property=\"og:type\" content=\"article\" \/>\n<meta property=\"og:title\" content=\"Lisca \u00e9 o novo t\u00e9cnico do Sampaio - Daniel Matos\" \/>\n<meta property=\"og:description\" content=\"A diretoria do Sampaio Corr\u00eaa confirmou, no in\u00edcio da noite de hoje, a contrata\u00e7\u00e3o do t\u00e9cnico Lisca para substituir Fl\u00e1vio [&hellip;]\" \/>\n<meta property=\"og:url\" content=\"https:\/\/www.blogsoestado.com\/danielmatos\/lisca-e-o-novo-tecnico-do-sampaio\/\" \/>\n<meta property=\"og:site_name\" content=\"Daniel Matos\" \/>\n<meta property=\"article:published_time\" content=\"2014-07-23T00:41:41+00:00\" \/>\n<meta property=\"og:image\" content=\"https:\/\/www.blogsoestado.com\/danielmatos\/files\/2014\/07\/lisca.jpg\" \/>\n<meta name=\"twitter:card\" content=\"summary_large_image\" \/>\n<meta name=\"twitter:label1\" content=\"Est. tempo de leitura\" \/>\n\t<meta name=\"twitter:data1\" content=\"1 minuto\" \/>\n<script type=\"application\/ld+json\" class=\"yoast-schema-graph\">{\"@context\":\"https:\/\/schema.org\",\"@graph\":[{\"@type\":\"WebPage\",\"@id\":\"https:\/\/www.blogsoestado.com\/danielmatos\/lisca-e-o-novo-tecnico-do-sampaio\/\",\"url\":\"https:\/\/www.blogsoestado.com\/danielmatos\/lisca-e-o-novo-tecnico-do-sampaio\/\",\"name\":\"Lisca \u00e9 o novo t\u00e9cnico do Sampaio - Daniel Matos\",\"isPartOf\":{\"@id\":\"https:\/\/www.blogsoestado.com\/danielmatos\/#website\"},\"primaryImageOfPage\":{\"@id\":\"https:\/\/www.blogsoestado.com\/danielmatos\/lisca-e-o-novo-tecnico-do-sampaio\/#primaryimage\"},\"image\":{\"@id\":\"https:\/\/www.blogsoestado.com\/danielmatos\/lisca-e-o-novo-tecnico-do-sampaio\/#primaryimage\"},\"thumbnailUrl\":\"https:\/\/www.blogsoestado.com\/danielmatos\/files\/2014\/07\/lisca.jpg\",\"datePublished\":\"2014-07-23T00:41:41+00:00\",\"author\":{\"@id\":\"\"},\"breadcrumb\":{\"@id\":\"https:\/\/www.blogsoestado.com\/danielmatos\/lisca-e-o-novo-tecnico-do-sampaio\/#breadcrumb\"},\"inLanguage\":\"pt-BR\",\"potentialAction\":[{\"@type\":\"ReadAction\",\"target\":[\"https:\/\/www.blogsoestado.com\/danielmatos\/lisca-e-o-novo-tecnico-do-sampaio\/\"]}]},{\"@type\":\"ImageObject\",\"inLanguage\":\"pt-BR\",\"@id\":\"https:\/\/www.blogsoestado.com\/danielmatos\/lisca-e-o-novo-tecnico-do-sampaio\/#primaryimage\",\"url\":\"https:\/\/www.blogsoestado.com\/danielmatos\/files\/2014\/07\/lisca.jpg\",\"contentUrl\":\"https:\/\/www.blogsoestado.com\/danielmatos\/files\/2014\/07\/lisca.jpg\"},{\"@type\":\"BreadcrumbList\",\"@id\":\"https:\/\/www.blogsoestado.com\/danielmatos\/lisca-e-o-novo-tecnico-do-sampaio\/#breadcrumb\",\"itemListElement\":[{\"@type\":\"ListItem\",\"position\":1,\"name\":\"In\u00edcio\",\"item\":\"https:\/\/www.blogsoestado.com\/danielmatos\/\"},{\"@type\":\"ListItem\",\"position\":2,\"name\":\"Lisca \u00e9 o novo t\u00e9cnico do Sampaio\"}]},{\"@type\":\"WebSite\",\"@id\":\"https:\/\/www.blogsoestado.com\/danielmatos\/#website\",\"url\":\"https:\/\/www.blogsoestado.com\/danielmatos\/\",\"name\":\"Daniel Matos\",\"description\":\"\",\"potentialAction\":[{\"@type\":\"SearchAction\",\"target\":{\"@type\":\"EntryPoint\",\"urlTemplate\":\"https:\/\/www.blogsoestado.com\/danielmatos\/?s={search_term_string}\"},\"query-input\":{\"@type\":\"PropertyValueSpecification\",\"valueRequired\":true,\"valueName\":\"search_term_string\"}}],\"inLanguage\":\"pt-BR\"}]}<\/script>\n<!-- \/ Yoast SEO plugin. -->","yoast_head_json":{"title":"Lisca \u00e9 o novo t\u00e9cnico do Sampaio - Daniel Matos","robots":{"index":"index","follow":"follow","max-snippet":"max-snippet:-1","max-image-preview":"max-image-preview:large","max-video-preview":"max-video-preview:-1"},"canonical":"https:\/\/www.blogsoestado.com\/danielmatos\/lisca-e-o-novo-tecnico-do-sampaio\/","og_locale":"pt_BR","og_type":"article","og_title":"Lisca \u00e9 o novo t\u00e9cnico do Sampaio - Daniel Matos","og_description":"A diretoria do Sampaio Corr\u00eaa confirmou, no in\u00edcio da noite de hoje, a contrata\u00e7\u00e3o do t\u00e9cnico Lisca para substituir Fl\u00e1vio [&hellip;]","og_url":"https:\/\/www.blogsoestado.com\/danielmatos\/lisca-e-o-novo-tecnico-do-sampaio\/","og_site_name":"Daniel Matos","article_published_time":"2014-07-23T00:41:41+00:00","og_image":[{"url":"https:\/\/www.blogsoestado.com\/danielmatos\/files\/2014\/07\/lisca.jpg","type":"","width":"","height":""}],"twitter_card":"summary_large_image","twitter_misc":{"Est. tempo de leitura":"1 minuto"},"schema":{"@context":"https:\/\/schema.org","@graph":[{"@type":"WebPage","@id":"https:\/\/www.blogsoestado.com\/danielmatos\/lisca-e-o-novo-tecnico-do-sampaio\/","url":"https:\/\/www.blogsoestado.com\/danielmatos\/lisca-e-o-novo-tecnico-do-sampaio\/","name":"Lisca \u00e9 o novo t\u00e9cnico do Sampaio - Daniel Matos","isPartOf":{"@id":"https:\/\/www.blogsoestado.com\/danielmatos\/#website"},"primaryImageOfPage":{"@id":"https:\/\/www.blogsoestado.com\/danielmatos\/lisca-e-o-novo-tecnico-do-sampaio\/#primaryimage"},"image":{"@id":"https:\/\/www.blogsoestado.com\/danielmatos\/lisca-e-o-novo-tecnico-do-sampaio\/#primaryimage"},"thumbnailUrl":"https:\/\/www.blogsoestado.com\/danielmatos\/files\/2014\/07\/lisca.jpg","datePublished":"2014-07-23T00:41:41+00:00","author":{"@id":""},"breadcrumb":{"@id":"https:\/\/www.blogsoestado.com\/danielmatos\/lisca-e-o-novo-tecnico-do-sampaio\/#breadcrumb"},"inLanguage":"pt-BR","potentialAction":[{"@type":"ReadAction","target":["https:\/\/www.blogsoestado.com\/danielmatos\/lisca-e-o-novo-tecnico-do-sampaio\/"]}]},{"@type":"ImageObject","inLanguage":"pt-BR","@id":"https:\/\/www.blogsoestado.com\/danielmatos\/lisca-e-o-novo-tecnico-do-sampaio\/#primaryimage","url":"https:\/\/www.blogsoestado.com\/danielmatos\/files\/2014\/07\/lisca.jpg","contentUrl":"https:\/\/www.blogsoestado.com\/danielmatos\/files\/2014\/07\/lisca.jpg"},{"@type":"BreadcrumbList","@id":"https:\/\/www.blogsoestado.com\/danielmatos\/lisca-e-o-novo-tecnico-do-sampaio\/#breadcrumb","itemListElement":[{"@type":"ListItem","position":1,"name":"In\u00edcio","item":"https:\/\/www.blogsoestado.com\/danielmatos\/"},{"@type":"ListItem","position":2,"name":"Lisca \u00e9 o novo t\u00e9cnico do Sampaio"}]},{"@type":"WebSite","@id":"https:\/\/www.blogsoestado.com\/danielmatos\/#website","url":"https:\/\/www.blogsoestado.com\/danielmatos\/","name":"Daniel Matos","description":"","potentialAction":[{"@type":"SearchAction","target":{"@type":"EntryPoint","urlTemplate":"https:\/\/www.blogsoestado.com\/danielmatos\/?s={search_term_string}"},"query-input":{"@type":"PropertyValueSpecification","valueRequired":true,"valueName":"search_term_string"}}],"inLanguage":"pt-BR"}]}},"jetpack_featured_media_url":"","_links":{"self":[{"href":"https:\/\/www.blogsoestado.com\/danielmatos\/wp-json\/wp\/v2\/posts\/18012","targetHints":{"allow":["GET"]}}],"collection":[{"href":"https:\/\/www.blogsoestado.com\/danielmatos\/wp-json\/wp\/v2\/posts"}],"about":[{"href":"https:\/\/www.blogsoestado.com\/danielmatos\/wp-json\/wp\/v2\/types\/post"}],"replies":[{"embeddable":true,"href":"https:\/\/www.blogsoestado.com\/danielmatos\/wp-json\/wp\/v2\/comments?post=18012"}],"version-history":[{"count":0,"href":"https:\/\/www.blogsoestado.com\/danielmatos\/wp-json\/wp\/v2\/posts\/18012\/revisions"}],"wp:attachment":[{"href":"https:\/\/www.blogsoestado.com\/danielmatos\/wp-json\/wp\/v2\/media?parent=18012"}],"wp:term":[{"taxonomy":"category","embeddable":true,"href":"https:\/\/www.blogsoestado.com\/danielmatos\/wp-json\/wp\/v2\/categories?post=18012"},{"taxonomy":"post_tag","embeddable":true,"href":"https:\/\/www.blogsoestado.com\/danielmatos\/wp-json\/wp\/v2\/tags?post=18012"}],"curies":[{"name":"wp","href":"https:\/\/api.w.org\/{rel}","templated":true}]}}