{"id":18883,"date":"2014-08-27T15:31:14","date_gmt":"2014-08-27T18:31:14","guid":{"rendered":"https:\/\/www.blogsoestado.com\/danielmatos\/?p=18883"},"modified":"2014-08-27T15:31:14","modified_gmt":"2014-08-27T18:31:14","slug":"mp-pede-prisao-preventiva-e-afastamento-de-promotor","status":"publish","type":"post","link":"https:\/\/www.blogsoestado.com\/danielmatos\/mp-pede-prisao-preventiva-e-afastamento-de-promotor\/","title":{"rendered":"MP pede pris\u00e3o preventiva e afastamento de promotor"},"content":{"rendered":"<p>O Minist\u00e9rio P\u00fablico do Maranh\u00e3o requereu, nesta ter\u00e7a-feira, 26, que o Tribunal de Justi\u00e7a do Estado do Maranh\u00e3o decrete a pris\u00e3o preventiva do promotor de justi\u00e7a Carlos Serra Martins. Tamb\u00e9m foi pedido o afastamento do promotor de justi\u00e7a do cargo que ocupa, sendo suspensas as suas prerrogativas, inclusive o porte de arma. Qualquer arma em seu poder dever\u00e1 ser recolhida judicialmente.<\/p>\n<p>O afastamento de Carlos Serra Martins do cargo de promotor de justi\u00e7a j\u00e1 havia sido pedido \u00e0 Justi\u00e7a em 2013, com base no artigo 319, IV, do C\u00f3digo de Processo Penal. Na \u00e9poca, o Minist\u00e9rio P\u00fablico defendia que &#8220;nos autos, h\u00e1 provas suficientes da materialidade e autoria dos fatos delituosos para o recebimento da den\u00fancia, que s\u00e3o graves, especialmente porque praticados por membro do Minist\u00e9rio P\u00fablico&#8221;.<\/p>\n<p>O pedido de pris\u00e3o preventiva foi ofertado nos autos do processo n\u00ba 17310\/2014, tendo como relator o desembargador Jorge Rachid.<\/p>\n<p>Por decis\u00e3o do Conselho Nacional do Minist\u00e9rio P\u00fablico (CNMP), o promotor se encontra afastado de suas fun\u00e7\u00f5es administrativas desde fevereiro. A medida foi renovada por mais 90 dias.<\/p>\n<p>Devido a constantes amea\u00e7as e agress\u00f5es contra uma testemunha, j\u00e1 tinha sido pedida a pris\u00e3o preventiva do promotor. A relatora substituta, desembargadora Nelma Sarney, no entanto, indeferiu o pedido. O Minist\u00e9rio P\u00fablico do Maranh\u00e3o interp\u00f4s agravo contra a decis\u00e3o, novamente indeferido pelo Tribunal de Justi\u00e7a.<\/p>\n<p><strong>Disparos<\/strong><\/p>\n<p>No \u00faltimo dia 23, no entanto, o promotor Carlos Serra Martins foi conduzido ao Plant\u00e3o Central do Cohatrac. O promotor estava de posse de uma escopeta calibre 12 e uma pistola calibre 380, al\u00e9m de muni\u00e7\u00f5es.<\/p>\n<p>De acordo com o procedimento policial, o promotor de justi\u00e7a teria disparado por tr\u00eas vezes em dire\u00e7\u00e3o a um homem, em virtude de discuss\u00e3o sobre a propriedade de terras na localidade Igua\u00edba, em Pa\u00e7o do Lumiar. Durante sua condu\u00e7\u00e3o \u00e0 Pol\u00edcia Civil, Carlos Serra Martins tamb\u00e9m teria ofendido os policiais militares que o acompanhavam e agredido a v\u00edtima.<\/p>\n<p>Diante de tais fatos, o Minist\u00e9rio P\u00fablico do Maranh\u00e3o reiterou os pedidos de afastamento do cargo de promotor de justi\u00e7a e a decreta\u00e7\u00e3o da pris\u00e3o preventiva de Carlos Serra Martins.<\/p>\n<p><strong>Fonte:<\/strong> Minist\u00e9rio P\u00fablico do Maranh\u00e3o (MPMA)<\/p>\n","protected":false},"excerpt":{"rendered":"<p>O Minist\u00e9rio P\u00fablico do Maranh\u00e3o requereu, nesta ter\u00e7a-feira, 26, que o Tribunal de Justi\u00e7a do Estado do Maranh\u00e3o decrete a [&hellip;]<\/p>\n","protected":false},"author":0,"featured_media":0,"comment_status":"open","ping_status":"open","sticky":false,"template":"","format":"standard","meta":{"site-sidebar-layout":"default","site-content-layout":"","ast-site-content-layout":"default","site-content-style":"default","site-sidebar-style":"default","ast-global-header-display":"","ast-banner-title-visibility":"","ast-main-header-display":"","ast-hfb-above-header-display":"","ast-hfb-below-header-display":"","ast-hfb-mobile-header-display":"","site-post-title":"","ast-breadcrumbs-content":"","ast-featured-img":"","footer-sml-layout":"","ast-disable-related-posts":"","theme-transparent-header-meta":"","adv-header-id-meta":"","stick-header-meta":"","header-above-stick-meta":"","header-main-stick-meta":"","header-below-stick-meta":"","astra-migrate-meta-layouts":"default","ast-page-background-enabled":"default","ast-page-background-meta":{"desktop":{"background-color":"var(--ast-global-color-5)","background-image":"","background-repeat":"repeat","background-position":"center center","background-size":"auto","background-attachment":"scroll","background-type":"","background-media":"","overlay-type":"","overlay-color":"","overlay-opacity":"","overlay-gradient":""},"tablet":{"background-color":"","background-image":"","background-repeat":"repeat","background-position":"center center","background-size":"auto","background-attachment":"scroll","background-type":"","background-media":"","overlay-type":"","overlay-color":"","overlay-opacity":"","overlay-gradient":""},"mobile":{"background-color":"","background-image":"","background-repeat":"repeat","background-position":"center center","background-size":"auto","background-attachment":"scroll","background-type":"","background-media":"","overlay-type":"","overlay-color":"","overlay-opacity":"","overlay-gradient":""}},"ast-content-background-meta":{"desktop":{"background-color":"var(--ast-global-color-4)","background-image":"","background-repeat":"repeat","background-position":"center center","background-size":"auto","background-attachment":"scroll","background-type":"","background-media":"","overlay-type":"","overlay-color":"","overlay-opacity":"","overlay-gradient":""},"tablet":{"background-color":"var(--ast-global-color-4)","background-image":"","background-repeat":"repeat","background-position":"center center","background-size":"auto","background-attachment":"scroll","background-type":"","background-media":"","overlay-type":"","overlay-color":"","overlay-opacity":"","overlay-gradient":""},"mobile":{"background-color":"var(--ast-global-color-4)","background-image":"","background-repeat":"repeat","background-position":"center center","background-size":"auto","background-attachment":"scroll","background-type":"","background-media":"","overlay-type":"","overlay-color":"","overlay-opacity":"","overlay-gradient":""}},"footnotes":""},"categories":[1],"tags":[],"class_list":["post-18883","post","type-post","status-publish","format-standard","hentry","category-sem-categoria"],"yoast_head":"<!-- This site is optimized with the Yoast SEO plugin v26.6 - https:\/\/yoast.com\/wordpress\/plugins\/seo\/ -->\n<title>MP pede pris\u00e3o preventiva e afastamento de promotor - Daniel Matos<\/title>\n<meta name=\"robots\" content=\"index, follow, max-snippet:-1, max-image-preview:large, max-video-preview:-1\" \/>\n<link rel=\"canonical\" href=\"https:\/\/www.blogsoestado.com\/danielmatos\/mp-pede-prisao-preventiva-e-afastamento-de-promotor\/\" \/>\n<meta property=\"og:locale\" content=\"pt_BR\" \/>\n<meta property=\"og:type\" content=\"article\" \/>\n<meta property=\"og:title\" content=\"MP pede pris\u00e3o preventiva e afastamento de promotor - Daniel Matos\" \/>\n<meta property=\"og:description\" content=\"O Minist\u00e9rio P\u00fablico do Maranh\u00e3o requereu, nesta ter\u00e7a-feira, 26, que o Tribunal de Justi\u00e7a do Estado do Maranh\u00e3o decrete a [&hellip;]\" \/>\n<meta property=\"og:url\" content=\"https:\/\/www.blogsoestado.com\/danielmatos\/mp-pede-prisao-preventiva-e-afastamento-de-promotor\/\" \/>\n<meta property=\"og:site_name\" content=\"Daniel Matos\" \/>\n<meta property=\"article:published_time\" content=\"2014-08-27T18:31:14+00:00\" \/>\n<meta name=\"twitter:card\" content=\"summary_large_image\" \/>\n<meta name=\"twitter:label1\" content=\"Est. tempo de leitura\" \/>\n\t<meta name=\"twitter:data1\" content=\"2 minutos\" \/>\n<script type=\"application\/ld+json\" class=\"yoast-schema-graph\">{\"@context\":\"https:\/\/schema.org\",\"@graph\":[{\"@type\":\"WebPage\",\"@id\":\"https:\/\/www.blogsoestado.com\/danielmatos\/mp-pede-prisao-preventiva-e-afastamento-de-promotor\/\",\"url\":\"https:\/\/www.blogsoestado.com\/danielmatos\/mp-pede-prisao-preventiva-e-afastamento-de-promotor\/\",\"name\":\"MP pede pris\u00e3o preventiva e afastamento de promotor - Daniel Matos\",\"isPartOf\":{\"@id\":\"https:\/\/www.blogsoestado.com\/danielmatos\/#website\"},\"datePublished\":\"2014-08-27T18:31:14+00:00\",\"author\":{\"@id\":\"\"},\"breadcrumb\":{\"@id\":\"https:\/\/www.blogsoestado.com\/danielmatos\/mp-pede-prisao-preventiva-e-afastamento-de-promotor\/#breadcrumb\"},\"inLanguage\":\"pt-BR\",\"potentialAction\":[{\"@type\":\"ReadAction\",\"target\":[\"https:\/\/www.blogsoestado.com\/danielmatos\/mp-pede-prisao-preventiva-e-afastamento-de-promotor\/\"]}]},{\"@type\":\"BreadcrumbList\",\"@id\":\"https:\/\/www.blogsoestado.com\/danielmatos\/mp-pede-prisao-preventiva-e-afastamento-de-promotor\/#breadcrumb\",\"itemListElement\":[{\"@type\":\"ListItem\",\"position\":1,\"name\":\"In\u00edcio\",\"item\":\"https:\/\/www.blogsoestado.com\/danielmatos\/\"},{\"@type\":\"ListItem\",\"position\":2,\"name\":\"MP pede pris\u00e3o preventiva e afastamento de promotor\"}]},{\"@type\":\"WebSite\",\"@id\":\"https:\/\/www.blogsoestado.com\/danielmatos\/#website\",\"url\":\"https:\/\/www.blogsoestado.com\/danielmatos\/\",\"name\":\"Daniel Matos\",\"description\":\"\",\"potentialAction\":[{\"@type\":\"SearchAction\",\"target\":{\"@type\":\"EntryPoint\",\"urlTemplate\":\"https:\/\/www.blogsoestado.com\/danielmatos\/?s={search_term_string}\"},\"query-input\":{\"@type\":\"PropertyValueSpecification\",\"valueRequired\":true,\"valueName\":\"search_term_string\"}}],\"inLanguage\":\"pt-BR\"}]}<\/script>\n<!-- \/ Yoast SEO plugin. -->","yoast_head_json":{"title":"MP pede pris\u00e3o preventiva e afastamento de promotor - Daniel Matos","robots":{"index":"index","follow":"follow","max-snippet":"max-snippet:-1","max-image-preview":"max-image-preview:large","max-video-preview":"max-video-preview:-1"},"canonical":"https:\/\/www.blogsoestado.com\/danielmatos\/mp-pede-prisao-preventiva-e-afastamento-de-promotor\/","og_locale":"pt_BR","og_type":"article","og_title":"MP pede pris\u00e3o preventiva e afastamento de promotor - Daniel Matos","og_description":"O Minist\u00e9rio P\u00fablico do Maranh\u00e3o requereu, nesta ter\u00e7a-feira, 26, que o Tribunal de Justi\u00e7a do Estado do Maranh\u00e3o decrete a [&hellip;]","og_url":"https:\/\/www.blogsoestado.com\/danielmatos\/mp-pede-prisao-preventiva-e-afastamento-de-promotor\/","og_site_name":"Daniel Matos","article_published_time":"2014-08-27T18:31:14+00:00","twitter_card":"summary_large_image","twitter_misc":{"Est. tempo de leitura":"2 minutos"},"schema":{"@context":"https:\/\/schema.org","@graph":[{"@type":"WebPage","@id":"https:\/\/www.blogsoestado.com\/danielmatos\/mp-pede-prisao-preventiva-e-afastamento-de-promotor\/","url":"https:\/\/www.blogsoestado.com\/danielmatos\/mp-pede-prisao-preventiva-e-afastamento-de-promotor\/","name":"MP pede pris\u00e3o preventiva e afastamento de promotor - Daniel Matos","isPartOf":{"@id":"https:\/\/www.blogsoestado.com\/danielmatos\/#website"},"datePublished":"2014-08-27T18:31:14+00:00","author":{"@id":""},"breadcrumb":{"@id":"https:\/\/www.blogsoestado.com\/danielmatos\/mp-pede-prisao-preventiva-e-afastamento-de-promotor\/#breadcrumb"},"inLanguage":"pt-BR","potentialAction":[{"@type":"ReadAction","target":["https:\/\/www.blogsoestado.com\/danielmatos\/mp-pede-prisao-preventiva-e-afastamento-de-promotor\/"]}]},{"@type":"BreadcrumbList","@id":"https:\/\/www.blogsoestado.com\/danielmatos\/mp-pede-prisao-preventiva-e-afastamento-de-promotor\/#breadcrumb","itemListElement":[{"@type":"ListItem","position":1,"name":"In\u00edcio","item":"https:\/\/www.blogsoestado.com\/danielmatos\/"},{"@type":"ListItem","position":2,"name":"MP pede pris\u00e3o preventiva e afastamento de promotor"}]},{"@type":"WebSite","@id":"https:\/\/www.blogsoestado.com\/danielmatos\/#website","url":"https:\/\/www.blogsoestado.com\/danielmatos\/","name":"Daniel Matos","description":"","potentialAction":[{"@type":"SearchAction","target":{"@type":"EntryPoint","urlTemplate":"https:\/\/www.blogsoestado.com\/danielmatos\/?s={search_term_string}"},"query-input":{"@type":"PropertyValueSpecification","valueRequired":true,"valueName":"search_term_string"}}],"inLanguage":"pt-BR"}]}},"jetpack_featured_media_url":"","_links":{"self":[{"href":"https:\/\/www.blogsoestado.com\/danielmatos\/wp-json\/wp\/v2\/posts\/18883","targetHints":{"allow":["GET"]}}],"collection":[{"href":"https:\/\/www.blogsoestado.com\/danielmatos\/wp-json\/wp\/v2\/posts"}],"about":[{"href":"https:\/\/www.blogsoestado.com\/danielmatos\/wp-json\/wp\/v2\/types\/post"}],"replies":[{"embeddable":true,"href":"https:\/\/www.blogsoestado.com\/danielmatos\/wp-json\/wp\/v2\/comments?post=18883"}],"version-history":[{"count":0,"href":"https:\/\/www.blogsoestado.com\/danielmatos\/wp-json\/wp\/v2\/posts\/18883\/revisions"}],"wp:attachment":[{"href":"https:\/\/www.blogsoestado.com\/danielmatos\/wp-json\/wp\/v2\/media?parent=18883"}],"wp:term":[{"taxonomy":"category","embeddable":true,"href":"https:\/\/www.blogsoestado.com\/danielmatos\/wp-json\/wp\/v2\/categories?post=18883"},{"taxonomy":"post_tag","embeddable":true,"href":"https:\/\/www.blogsoestado.com\/danielmatos\/wp-json\/wp\/v2\/tags?post=18883"}],"curies":[{"name":"wp","href":"https:\/\/api.w.org\/{rel}","templated":true}]}}