{"id":18964,"date":"2014-09-01T08:58:55","date_gmt":"2014-09-01T11:58:55","guid":{"rendered":"https:\/\/www.blogsoestado.com\/danielmatos\/?p=18964"},"modified":"2014-09-01T08:58:55","modified_gmt":"2014-09-01T11:58:55","slug":"politicas-para-as-mulheres-foram-discutida-no-6o-semale","status":"publish","type":"post","link":"https:\/\/www.blogsoestado.com\/danielmatos\/politicas-para-as-mulheres-foram-discutida-no-6o-semale\/","title":{"rendered":"Pol\u00edticas para as mulheres foram discutida no 6\u00ba Semale"},"content":{"rendered":"<figure id=\"attachment_18965\" aria-describedby=\"caption-attachment-18965\" style=\"width: 640px\" class=\"wp-caption aligncenter\"><a href=\"https:\/\/www.blogsoestado.com\/danielmatos\/files\/2014\/09\/pa\u00e7o-sesmale2.jpg\"><img fetchpriority=\"high\" decoding=\"async\" class=\"size-full wp-image-18965\" src=\"https:\/\/www.blogsoestado.com\/danielmatos\/files\/2014\/09\/pa\u00e7o-sesmale2.jpg\" alt=\"Participantes da Semale discutiram pol\u00edticas p\u00fablicas de g\u00eanero, como enfrentamento a DST's\" width=\"640\" height=\"480\" \/><\/a><figcaption id=\"caption-attachment-18965\" class=\"wp-caption-text\">Participantes da Semale discutiram pol\u00edticas p\u00fablicas de g\u00eanero, como enfrentamento a DST&#8217;s e ao machismo<\/figcaption><\/figure>\n<p>Pa\u00e7o do Lumiar sediou no s\u00e1bado, 30, a 6\u00aa Edi\u00e7\u00e3o do Semin\u00e1rio Maranhense de L\u00e9sbicas &#8211; Semale. O encontro promovido pelo Grupo Lema e Passo Livre, em parceria com a Prefeitura Municipal, atrav\u00e9s da Secretaria Extraordin\u00e1ria de Pol\u00edticas para a Mulher, Secretaria Municipal de Sa\u00fade e Desenvolvimento Social pontuou pol\u00edticas p\u00fablicas voltadas ao g\u00eanero, al\u00e9m de discutir n\u00fameros da viol\u00eancia relativos ao preconceito homof\u00f3bico, preven\u00e7\u00e3o de doen\u00e7as e direitos.<\/p>\n<p>Durante a programa\u00e7\u00e3o do Semale, o p\u00fablico presente assistiu \u00e0s palestras sobre a \u201cLei Maria da Penha\u201d; \u201cO Enfrentamento das DSTS e do Machismo&#8221;, &#8220;Lesbofobia junto \u00e0 Juventude\u201d e a &#8220;Lesbianidade no Feminismo, no trabalho e no espa\u00e7o do poder\u201d.<\/p>\n<p>Presente no Semin\u00e1rio, a secret\u00e1ria da Mulher, Carla Sousa destacou as a\u00e7\u00f5es de pactua\u00e7\u00e3o de mulheres luminenses, entre elas, os mais de 50 cursos profissionalizantes realizados em apenas 13 meses de atividades, palestras de orienta\u00e7\u00e3o e a\u00e7\u00f5es sociais. \u201cJ\u00e1 formamos mais de 400 mulheres em pouco tempo de funcionamento da Secretaria, e estamos cada vez mais firmando parcerias com institutos de ensino, prestando acompanhamento psicol\u00f3gico e social de forma a atender amplamente a demanda de mulheres vulner\u00e1veis no munic\u00edpio\u201d, frisou Carla Sousa.<\/p>\n<p>A 7\u00aa edi\u00e7\u00e3o do Semale acontecer\u00e1 no pr\u00f3ximo ano, na cidade de Caxias.<\/p>\n","protected":false},"excerpt":{"rendered":"<p>Pa\u00e7o do Lumiar sediou no s\u00e1bado, 30, a 6\u00aa Edi\u00e7\u00e3o do Semin\u00e1rio Maranhense de L\u00e9sbicas &#8211; Semale. O encontro promovido [&hellip;]<\/p>\n","protected":false},"author":0,"featured_media":0,"comment_status":"open","ping_status":"open","sticky":false,"template":"","format":"standard","meta":{"site-sidebar-layout":"default","site-content-layout":"","ast-site-content-layout":"default","site-content-style":"default","site-sidebar-style":"default","ast-global-header-display":"","ast-banner-title-visibility":"","ast-main-header-display":"","ast-hfb-above-header-display":"","ast-hfb-below-header-display":"","ast-hfb-mobile-header-display":"","site-post-title":"","ast-breadcrumbs-content":"","ast-featured-img":"","footer-sml-layout":"","ast-disable-related-posts":"","theme-transparent-header-meta":"","adv-header-id-meta":"","stick-header-meta":"","header-above-stick-meta":"","header-main-stick-meta":"","header-below-stick-meta":"","astra-migrate-meta-layouts":"default","ast-page-background-enabled":"default","ast-page-background-meta":{"desktop":{"background-color":"var(--ast-global-color-5)","background-image":"","background-repeat":"repeat","background-position":"center center","background-size":"auto","background-attachment":"scroll","background-type":"","background-media":"","overlay-type":"","overlay-color":"","overlay-opacity":"","overlay-gradient":""},"tablet":{"background-color":"","background-image":"","background-repeat":"repeat","background-position":"center center","background-size":"auto","background-attachment":"scroll","background-type":"","background-media":"","overlay-type":"","overlay-color":"","overlay-opacity":"","overlay-gradient":""},"mobile":{"background-color":"","background-image":"","background-repeat":"repeat","background-position":"center center","background-size":"auto","background-attachment":"scroll","background-type":"","background-media":"","overlay-type":"","overlay-color":"","overlay-opacity":"","overlay-gradient":""}},"ast-content-background-meta":{"desktop":{"background-color":"var(--ast-global-color-4)","background-image":"","background-repeat":"repeat","background-position":"center center","background-size":"auto","background-attachment":"scroll","background-type":"","background-media":"","overlay-type":"","overlay-color":"","overlay-opacity":"","overlay-gradient":""},"tablet":{"background-color":"var(--ast-global-color-4)","background-image":"","background-repeat":"repeat","background-position":"center center","background-size":"auto","background-attachment":"scroll","background-type":"","background-media":"","overlay-type":"","overlay-color":"","overlay-opacity":"","overlay-gradient":""},"mobile":{"background-color":"var(--ast-global-color-4)","background-image":"","background-repeat":"repeat","background-position":"center center","background-size":"auto","background-attachment":"scroll","background-type":"","background-media":"","overlay-type":"","overlay-color":"","overlay-opacity":"","overlay-gradient":""}},"footnotes":""},"categories":[1],"tags":[],"class_list":["post-18964","post","type-post","status-publish","format-standard","hentry","category-sem-categoria"],"yoast_head":"<!-- This site is optimized with the Yoast SEO plugin v26.6 - https:\/\/yoast.com\/wordpress\/plugins\/seo\/ -->\n<title>Pol\u00edticas para as mulheres foram discutida no 6\u00ba Semale - Daniel Matos<\/title>\n<meta name=\"robots\" content=\"index, follow, max-snippet:-1, max-image-preview:large, max-video-preview:-1\" \/>\n<link rel=\"canonical\" href=\"https:\/\/www.blogsoestado.com\/danielmatos\/politicas-para-as-mulheres-foram-discutida-no-6o-semale\/\" \/>\n<meta property=\"og:locale\" content=\"pt_BR\" \/>\n<meta property=\"og:type\" content=\"article\" \/>\n<meta property=\"og:title\" content=\"Pol\u00edticas para as mulheres foram discutida no 6\u00ba Semale - Daniel Matos\" \/>\n<meta property=\"og:description\" content=\"Pa\u00e7o do Lumiar sediou no s\u00e1bado, 30, a 6\u00aa Edi\u00e7\u00e3o do Semin\u00e1rio Maranhense de L\u00e9sbicas &#8211; Semale. O encontro promovido [&hellip;]\" \/>\n<meta property=\"og:url\" content=\"https:\/\/www.blogsoestado.com\/danielmatos\/politicas-para-as-mulheres-foram-discutida-no-6o-semale\/\" \/>\n<meta property=\"og:site_name\" content=\"Daniel Matos\" \/>\n<meta property=\"article:published_time\" content=\"2014-09-01T11:58:55+00:00\" \/>\n<meta name=\"twitter:card\" content=\"summary_large_image\" \/>\n<meta name=\"twitter:label1\" content=\"Est. tempo de leitura\" \/>\n\t<meta name=\"twitter:data1\" content=\"1 minuto\" \/>\n<script type=\"application\/ld+json\" class=\"yoast-schema-graph\">{\"@context\":\"https:\/\/schema.org\",\"@graph\":[{\"@type\":\"WebPage\",\"@id\":\"https:\/\/www.blogsoestado.com\/danielmatos\/politicas-para-as-mulheres-foram-discutida-no-6o-semale\/\",\"url\":\"https:\/\/www.blogsoestado.com\/danielmatos\/politicas-para-as-mulheres-foram-discutida-no-6o-semale\/\",\"name\":\"Pol\u00edticas para as mulheres foram discutida no 6\u00ba Semale - Daniel Matos\",\"isPartOf\":{\"@id\":\"https:\/\/www.blogsoestado.com\/danielmatos\/#website\"},\"datePublished\":\"2014-09-01T11:58:55+00:00\",\"author\":{\"@id\":\"\"},\"breadcrumb\":{\"@id\":\"https:\/\/www.blogsoestado.com\/danielmatos\/politicas-para-as-mulheres-foram-discutida-no-6o-semale\/#breadcrumb\"},\"inLanguage\":\"pt-BR\",\"potentialAction\":[{\"@type\":\"ReadAction\",\"target\":[\"https:\/\/www.blogsoestado.com\/danielmatos\/politicas-para-as-mulheres-foram-discutida-no-6o-semale\/\"]}]},{\"@type\":\"BreadcrumbList\",\"@id\":\"https:\/\/www.blogsoestado.com\/danielmatos\/politicas-para-as-mulheres-foram-discutida-no-6o-semale\/#breadcrumb\",\"itemListElement\":[{\"@type\":\"ListItem\",\"position\":1,\"name\":\"In\u00edcio\",\"item\":\"https:\/\/www.blogsoestado.com\/danielmatos\/\"},{\"@type\":\"ListItem\",\"position\":2,\"name\":\"Pol\u00edticas para as mulheres foram discutida no 6\u00ba Semale\"}]},{\"@type\":\"WebSite\",\"@id\":\"https:\/\/www.blogsoestado.com\/danielmatos\/#website\",\"url\":\"https:\/\/www.blogsoestado.com\/danielmatos\/\",\"name\":\"Daniel Matos\",\"description\":\"\",\"potentialAction\":[{\"@type\":\"SearchAction\",\"target\":{\"@type\":\"EntryPoint\",\"urlTemplate\":\"https:\/\/www.blogsoestado.com\/danielmatos\/?s={search_term_string}\"},\"query-input\":{\"@type\":\"PropertyValueSpecification\",\"valueRequired\":true,\"valueName\":\"search_term_string\"}}],\"inLanguage\":\"pt-BR\"}]}<\/script>\n<!-- \/ Yoast SEO plugin. -->","yoast_head_json":{"title":"Pol\u00edticas para as mulheres foram discutida no 6\u00ba Semale - Daniel Matos","robots":{"index":"index","follow":"follow","max-snippet":"max-snippet:-1","max-image-preview":"max-image-preview:large","max-video-preview":"max-video-preview:-1"},"canonical":"https:\/\/www.blogsoestado.com\/danielmatos\/politicas-para-as-mulheres-foram-discutida-no-6o-semale\/","og_locale":"pt_BR","og_type":"article","og_title":"Pol\u00edticas para as mulheres foram discutida no 6\u00ba Semale - Daniel Matos","og_description":"Pa\u00e7o do Lumiar sediou no s\u00e1bado, 30, a 6\u00aa Edi\u00e7\u00e3o do Semin\u00e1rio Maranhense de L\u00e9sbicas &#8211; Semale. O encontro promovido [&hellip;]","og_url":"https:\/\/www.blogsoestado.com\/danielmatos\/politicas-para-as-mulheres-foram-discutida-no-6o-semale\/","og_site_name":"Daniel Matos","article_published_time":"2014-09-01T11:58:55+00:00","twitter_card":"summary_large_image","twitter_misc":{"Est. tempo de leitura":"1 minuto"},"schema":{"@context":"https:\/\/schema.org","@graph":[{"@type":"WebPage","@id":"https:\/\/www.blogsoestado.com\/danielmatos\/politicas-para-as-mulheres-foram-discutida-no-6o-semale\/","url":"https:\/\/www.blogsoestado.com\/danielmatos\/politicas-para-as-mulheres-foram-discutida-no-6o-semale\/","name":"Pol\u00edticas para as mulheres foram discutida no 6\u00ba Semale - Daniel Matos","isPartOf":{"@id":"https:\/\/www.blogsoestado.com\/danielmatos\/#website"},"datePublished":"2014-09-01T11:58:55+00:00","author":{"@id":""},"breadcrumb":{"@id":"https:\/\/www.blogsoestado.com\/danielmatos\/politicas-para-as-mulheres-foram-discutida-no-6o-semale\/#breadcrumb"},"inLanguage":"pt-BR","potentialAction":[{"@type":"ReadAction","target":["https:\/\/www.blogsoestado.com\/danielmatos\/politicas-para-as-mulheres-foram-discutida-no-6o-semale\/"]}]},{"@type":"BreadcrumbList","@id":"https:\/\/www.blogsoestado.com\/danielmatos\/politicas-para-as-mulheres-foram-discutida-no-6o-semale\/#breadcrumb","itemListElement":[{"@type":"ListItem","position":1,"name":"In\u00edcio","item":"https:\/\/www.blogsoestado.com\/danielmatos\/"},{"@type":"ListItem","position":2,"name":"Pol\u00edticas para as mulheres foram discutida no 6\u00ba Semale"}]},{"@type":"WebSite","@id":"https:\/\/www.blogsoestado.com\/danielmatos\/#website","url":"https:\/\/www.blogsoestado.com\/danielmatos\/","name":"Daniel Matos","description":"","potentialAction":[{"@type":"SearchAction","target":{"@type":"EntryPoint","urlTemplate":"https:\/\/www.blogsoestado.com\/danielmatos\/?s={search_term_string}"},"query-input":{"@type":"PropertyValueSpecification","valueRequired":true,"valueName":"search_term_string"}}],"inLanguage":"pt-BR"}]}},"jetpack_featured_media_url":"","_links":{"self":[{"href":"https:\/\/www.blogsoestado.com\/danielmatos\/wp-json\/wp\/v2\/posts\/18964","targetHints":{"allow":["GET"]}}],"collection":[{"href":"https:\/\/www.blogsoestado.com\/danielmatos\/wp-json\/wp\/v2\/posts"}],"about":[{"href":"https:\/\/www.blogsoestado.com\/danielmatos\/wp-json\/wp\/v2\/types\/post"}],"replies":[{"embeddable":true,"href":"https:\/\/www.blogsoestado.com\/danielmatos\/wp-json\/wp\/v2\/comments?post=18964"}],"version-history":[{"count":0,"href":"https:\/\/www.blogsoestado.com\/danielmatos\/wp-json\/wp\/v2\/posts\/18964\/revisions"}],"wp:attachment":[{"href":"https:\/\/www.blogsoestado.com\/danielmatos\/wp-json\/wp\/v2\/media?parent=18964"}],"wp:term":[{"taxonomy":"category","embeddable":true,"href":"https:\/\/www.blogsoestado.com\/danielmatos\/wp-json\/wp\/v2\/categories?post=18964"},{"taxonomy":"post_tag","embeddable":true,"href":"https:\/\/www.blogsoestado.com\/danielmatos\/wp-json\/wp\/v2\/tags?post=18964"}],"curies":[{"name":"wp","href":"https:\/\/api.w.org\/{rel}","templated":true}]}}