{"id":18967,"date":"2014-09-01T09:03:08","date_gmt":"2014-09-01T12:03:08","guid":{"rendered":"https:\/\/www.blogsoestado.com\/danielmatos\/?p=18967"},"modified":"2014-09-01T09:03:08","modified_gmt":"2014-09-01T12:03:08","slug":"prefeitura-de-sao-luis-convoca-beneficiarios-para-recadastramento-no-bolsa-familia","status":"publish","type":"post","link":"https:\/\/www.blogsoestado.com\/danielmatos\/prefeitura-de-sao-luis-convoca-beneficiarios-para-recadastramento-no-bolsa-familia\/","title":{"rendered":"Prefeitura de S\u00e3o Lu\u00eds convoca benefici\u00e1rios para recadastramento no Bolsa Fam\u00edlia"},"content":{"rendered":"<p>A Prefeitura de S\u00e3o Lu\u00eds, atrav\u00e9s da Secretaria da Crian\u00e7a e Assist\u00eancia Social (Semcas), convoca os benefici\u00e1rios do Programa Bolsa Fam\u00edlia, que se encontram h\u00e1 mais de dois anos sem atualizar as informa\u00e7\u00f5es, para realizar a atualiza\u00e7\u00e3o cadastral at\u00e9 o pr\u00f3ximo dia 19 de setembro. Cerca de seis mil fam\u00edlias receberam, no comprovante de saque do benef\u00edcio, ainda no m\u00eas de maio, a convoca\u00e7\u00e3o para atualiza\u00e7\u00e3o de dados.<\/p>\n<p>Para evitar transtornos com filas para atendimento, antes da atualiza\u00e7\u00e3o cadastral na Central de Atendimento, o benefici\u00e1rio deve dirigir-se ao Centro de Refer\u00eancia em Assist\u00eancia Social (Cras) mais pr\u00f3ximo de sua resid\u00eancia com o cart\u00e3o do Bolsa Fam\u00edlia, que cont\u00e9m o N\u00famero de Inscri\u00e7\u00e3o Social (NIS), para confirmar a necessidade do recadastramento.<\/p>\n<p>\u201cO benef\u00edcio ser\u00e1 bloqueado, ficar\u00e1 retido, enquanto n\u00e3o for feita a atualiza\u00e7\u00e3o, mas o usu\u00e1rio n\u00e3o vai perder. E quando atualizar, ocorre o desbloqueio. O benefici\u00e1rio recebe, inclusive, retroativo. Por\u00e9m, quem n\u00e3o atualizar mesmo nesta \u00faltima chance, ter\u00e1 o benef\u00edcio cancelado a partir de janeiro\u201d, explicou o coordenador do Programa Bolsa Fam\u00edlia pela Semcas, Cristiano Pereira.<\/p>\n<p>O titular do cart\u00e3o deve apresentar, na Central de Atendimento, originais e c\u00f3pias dos seguintes documentos: carteira de identidade, CPF, t\u00edtulo de eleitor, comprovante de resid\u00eancia (geralmente conta de luz), carteira de trabalho e certid\u00e3o de casamento (caso possua) dos integrantes adultos da fam\u00edlia, al\u00e9m de certid\u00e3o de nascimento e cart\u00e3o de vacina dos integrantes menores de seis anos, assim como a certid\u00e3o de nascimento e declara\u00e7\u00e3o de matr\u00edcula na escola para quem tem de sete a 17 anos.<\/p>\n<p>O recadastramento \u00e9 realizado na Central de Atendimento Social, na Avenida Marechal Castelo Branco, no S\u00e3o Francisco. Para garantir agilidade ao atendimento, diariamente ser\u00e3o distribu\u00eddas senhas, a partir das 7h, sendo atendidas at\u00e9 600 pessoas por dia, at\u00e9 \u00e0s 17h.<\/p>\n<p><strong>Fonte:<\/strong> Secretaria Municipal de Comunica\u00e7\u00e3o (Secom)<\/p>\n","protected":false},"excerpt":{"rendered":"<p>A Prefeitura de S\u00e3o Lu\u00eds, atrav\u00e9s da Secretaria da Crian\u00e7a e Assist\u00eancia Social (Semcas), convoca os benefici\u00e1rios do Programa Bolsa [&hellip;]<\/p>\n","protected":false},"author":0,"featured_media":0,"comment_status":"open","ping_status":"open","sticky":false,"template":"","format":"standard","meta":{"site-sidebar-layout":"default","site-content-layout":"","ast-site-content-layout":"default","site-content-style":"default","site-sidebar-style":"default","ast-global-header-display":"","ast-banner-title-visibility":"","ast-main-header-display":"","ast-hfb-above-header-display":"","ast-hfb-below-header-display":"","ast-hfb-mobile-header-display":"","site-post-title":"","ast-breadcrumbs-content":"","ast-featured-img":"","footer-sml-layout":"","ast-disable-related-posts":"","theme-transparent-header-meta":"","adv-header-id-meta":"","stick-header-meta":"","header-above-stick-meta":"","header-main-stick-meta":"","header-below-stick-meta":"","astra-migrate-meta-layouts":"default","ast-page-background-enabled":"default","ast-page-background-meta":{"desktop":{"background-color":"var(--ast-global-color-5)","background-image":"","background-repeat":"repeat","background-position":"center center","background-size":"auto","background-attachment":"scroll","background-type":"","background-media":"","overlay-type":"","overlay-color":"","overlay-opacity":"","overlay-gradient":""},"tablet":{"background-color":"","background-image":"","background-repeat":"repeat","background-position":"center center","background-size":"auto","background-attachment":"scroll","background-type":"","background-media":"","overlay-type":"","overlay-color":"","overlay-opacity":"","overlay-gradient":""},"mobile":{"background-color":"","background-image":"","background-repeat":"repeat","background-position":"center center","background-size":"auto","background-attachment":"scroll","background-type":"","background-media":"","overlay-type":"","overlay-color":"","overlay-opacity":"","overlay-gradient":""}},"ast-content-background-meta":{"desktop":{"background-color":"var(--ast-global-color-4)","background-image":"","background-repeat":"repeat","background-position":"center center","background-size":"auto","background-attachment":"scroll","background-type":"","background-media":"","overlay-type":"","overlay-color":"","overlay-opacity":"","overlay-gradient":""},"tablet":{"background-color":"var(--ast-global-color-4)","background-image":"","background-repeat":"repeat","background-position":"center center","background-size":"auto","background-attachment":"scroll","background-type":"","background-media":"","overlay-type":"","overlay-color":"","overlay-opacity":"","overlay-gradient":""},"mobile":{"background-color":"var(--ast-global-color-4)","background-image":"","background-repeat":"repeat","background-position":"center center","background-size":"auto","background-attachment":"scroll","background-type":"","background-media":"","overlay-type":"","overlay-color":"","overlay-opacity":"","overlay-gradient":""}},"footnotes":""},"categories":[1],"tags":[],"class_list":["post-18967","post","type-post","status-publish","format-standard","hentry","category-sem-categoria"],"yoast_head":"<!-- This site is optimized with the Yoast SEO plugin v26.6 - https:\/\/yoast.com\/wordpress\/plugins\/seo\/ -->\n<title>Prefeitura de S\u00e3o Lu\u00eds convoca benefici\u00e1rios para recadastramento no Bolsa Fam\u00edlia - Daniel Matos<\/title>\n<meta name=\"robots\" content=\"index, follow, max-snippet:-1, max-image-preview:large, max-video-preview:-1\" \/>\n<link rel=\"canonical\" href=\"https:\/\/www.blogsoestado.com\/danielmatos\/prefeitura-de-sao-luis-convoca-beneficiarios-para-recadastramento-no-bolsa-familia\/\" \/>\n<meta property=\"og:locale\" content=\"pt_BR\" \/>\n<meta property=\"og:type\" content=\"article\" \/>\n<meta property=\"og:title\" content=\"Prefeitura de S\u00e3o Lu\u00eds convoca benefici\u00e1rios para recadastramento no Bolsa Fam\u00edlia - Daniel Matos\" \/>\n<meta property=\"og:description\" content=\"A Prefeitura de S\u00e3o Lu\u00eds, atrav\u00e9s da Secretaria da Crian\u00e7a e Assist\u00eancia Social (Semcas), convoca os benefici\u00e1rios do Programa Bolsa [&hellip;]\" \/>\n<meta property=\"og:url\" content=\"https:\/\/www.blogsoestado.com\/danielmatos\/prefeitura-de-sao-luis-convoca-beneficiarios-para-recadastramento-no-bolsa-familia\/\" \/>\n<meta property=\"og:site_name\" content=\"Daniel Matos\" \/>\n<meta property=\"article:published_time\" content=\"2014-09-01T12:03:08+00:00\" \/>\n<meta name=\"twitter:card\" content=\"summary_large_image\" \/>\n<meta name=\"twitter:label1\" content=\"Est. tempo de leitura\" \/>\n\t<meta name=\"twitter:data1\" content=\"2 minutos\" \/>\n<script type=\"application\/ld+json\" class=\"yoast-schema-graph\">{\"@context\":\"https:\/\/schema.org\",\"@graph\":[{\"@type\":\"WebPage\",\"@id\":\"https:\/\/www.blogsoestado.com\/danielmatos\/prefeitura-de-sao-luis-convoca-beneficiarios-para-recadastramento-no-bolsa-familia\/\",\"url\":\"https:\/\/www.blogsoestado.com\/danielmatos\/prefeitura-de-sao-luis-convoca-beneficiarios-para-recadastramento-no-bolsa-familia\/\",\"name\":\"Prefeitura de S\u00e3o Lu\u00eds convoca benefici\u00e1rios para recadastramento no Bolsa Fam\u00edlia - Daniel Matos\",\"isPartOf\":{\"@id\":\"https:\/\/www.blogsoestado.com\/danielmatos\/#website\"},\"datePublished\":\"2014-09-01T12:03:08+00:00\",\"author\":{\"@id\":\"\"},\"breadcrumb\":{\"@id\":\"https:\/\/www.blogsoestado.com\/danielmatos\/prefeitura-de-sao-luis-convoca-beneficiarios-para-recadastramento-no-bolsa-familia\/#breadcrumb\"},\"inLanguage\":\"pt-BR\",\"potentialAction\":[{\"@type\":\"ReadAction\",\"target\":[\"https:\/\/www.blogsoestado.com\/danielmatos\/prefeitura-de-sao-luis-convoca-beneficiarios-para-recadastramento-no-bolsa-familia\/\"]}]},{\"@type\":\"BreadcrumbList\",\"@id\":\"https:\/\/www.blogsoestado.com\/danielmatos\/prefeitura-de-sao-luis-convoca-beneficiarios-para-recadastramento-no-bolsa-familia\/#breadcrumb\",\"itemListElement\":[{\"@type\":\"ListItem\",\"position\":1,\"name\":\"In\u00edcio\",\"item\":\"https:\/\/www.blogsoestado.com\/danielmatos\/\"},{\"@type\":\"ListItem\",\"position\":2,\"name\":\"Prefeitura de S\u00e3o Lu\u00eds convoca benefici\u00e1rios para recadastramento no Bolsa Fam\u00edlia\"}]},{\"@type\":\"WebSite\",\"@id\":\"https:\/\/www.blogsoestado.com\/danielmatos\/#website\",\"url\":\"https:\/\/www.blogsoestado.com\/danielmatos\/\",\"name\":\"Daniel Matos\",\"description\":\"\",\"potentialAction\":[{\"@type\":\"SearchAction\",\"target\":{\"@type\":\"EntryPoint\",\"urlTemplate\":\"https:\/\/www.blogsoestado.com\/danielmatos\/?s={search_term_string}\"},\"query-input\":{\"@type\":\"PropertyValueSpecification\",\"valueRequired\":true,\"valueName\":\"search_term_string\"}}],\"inLanguage\":\"pt-BR\"}]}<\/script>\n<!-- \/ Yoast SEO plugin. -->","yoast_head_json":{"title":"Prefeitura de S\u00e3o Lu\u00eds convoca benefici\u00e1rios para recadastramento no Bolsa Fam\u00edlia - Daniel Matos","robots":{"index":"index","follow":"follow","max-snippet":"max-snippet:-1","max-image-preview":"max-image-preview:large","max-video-preview":"max-video-preview:-1"},"canonical":"https:\/\/www.blogsoestado.com\/danielmatos\/prefeitura-de-sao-luis-convoca-beneficiarios-para-recadastramento-no-bolsa-familia\/","og_locale":"pt_BR","og_type":"article","og_title":"Prefeitura de S\u00e3o Lu\u00eds convoca benefici\u00e1rios para recadastramento no Bolsa Fam\u00edlia - Daniel Matos","og_description":"A Prefeitura de S\u00e3o Lu\u00eds, atrav\u00e9s da Secretaria da Crian\u00e7a e Assist\u00eancia Social (Semcas), convoca os benefici\u00e1rios do Programa Bolsa [&hellip;]","og_url":"https:\/\/www.blogsoestado.com\/danielmatos\/prefeitura-de-sao-luis-convoca-beneficiarios-para-recadastramento-no-bolsa-familia\/","og_site_name":"Daniel Matos","article_published_time":"2014-09-01T12:03:08+00:00","twitter_card":"summary_large_image","twitter_misc":{"Est. tempo de leitura":"2 minutos"},"schema":{"@context":"https:\/\/schema.org","@graph":[{"@type":"WebPage","@id":"https:\/\/www.blogsoestado.com\/danielmatos\/prefeitura-de-sao-luis-convoca-beneficiarios-para-recadastramento-no-bolsa-familia\/","url":"https:\/\/www.blogsoestado.com\/danielmatos\/prefeitura-de-sao-luis-convoca-beneficiarios-para-recadastramento-no-bolsa-familia\/","name":"Prefeitura de S\u00e3o Lu\u00eds convoca benefici\u00e1rios para recadastramento no Bolsa Fam\u00edlia - Daniel Matos","isPartOf":{"@id":"https:\/\/www.blogsoestado.com\/danielmatos\/#website"},"datePublished":"2014-09-01T12:03:08+00:00","author":{"@id":""},"breadcrumb":{"@id":"https:\/\/www.blogsoestado.com\/danielmatos\/prefeitura-de-sao-luis-convoca-beneficiarios-para-recadastramento-no-bolsa-familia\/#breadcrumb"},"inLanguage":"pt-BR","potentialAction":[{"@type":"ReadAction","target":["https:\/\/www.blogsoestado.com\/danielmatos\/prefeitura-de-sao-luis-convoca-beneficiarios-para-recadastramento-no-bolsa-familia\/"]}]},{"@type":"BreadcrumbList","@id":"https:\/\/www.blogsoestado.com\/danielmatos\/prefeitura-de-sao-luis-convoca-beneficiarios-para-recadastramento-no-bolsa-familia\/#breadcrumb","itemListElement":[{"@type":"ListItem","position":1,"name":"In\u00edcio","item":"https:\/\/www.blogsoestado.com\/danielmatos\/"},{"@type":"ListItem","position":2,"name":"Prefeitura de S\u00e3o Lu\u00eds convoca benefici\u00e1rios para recadastramento no Bolsa Fam\u00edlia"}]},{"@type":"WebSite","@id":"https:\/\/www.blogsoestado.com\/danielmatos\/#website","url":"https:\/\/www.blogsoestado.com\/danielmatos\/","name":"Daniel Matos","description":"","potentialAction":[{"@type":"SearchAction","target":{"@type":"EntryPoint","urlTemplate":"https:\/\/www.blogsoestado.com\/danielmatos\/?s={search_term_string}"},"query-input":{"@type":"PropertyValueSpecification","valueRequired":true,"valueName":"search_term_string"}}],"inLanguage":"pt-BR"}]}},"jetpack_featured_media_url":"","_links":{"self":[{"href":"https:\/\/www.blogsoestado.com\/danielmatos\/wp-json\/wp\/v2\/posts\/18967","targetHints":{"allow":["GET"]}}],"collection":[{"href":"https:\/\/www.blogsoestado.com\/danielmatos\/wp-json\/wp\/v2\/posts"}],"about":[{"href":"https:\/\/www.blogsoestado.com\/danielmatos\/wp-json\/wp\/v2\/types\/post"}],"replies":[{"embeddable":true,"href":"https:\/\/www.blogsoestado.com\/danielmatos\/wp-json\/wp\/v2\/comments?post=18967"}],"version-history":[{"count":0,"href":"https:\/\/www.blogsoestado.com\/danielmatos\/wp-json\/wp\/v2\/posts\/18967\/revisions"}],"wp:attachment":[{"href":"https:\/\/www.blogsoestado.com\/danielmatos\/wp-json\/wp\/v2\/media?parent=18967"}],"wp:term":[{"taxonomy":"category","embeddable":true,"href":"https:\/\/www.blogsoestado.com\/danielmatos\/wp-json\/wp\/v2\/categories?post=18967"},{"taxonomy":"post_tag","embeddable":true,"href":"https:\/\/www.blogsoestado.com\/danielmatos\/wp-json\/wp\/v2\/tags?post=18967"}],"curies":[{"name":"wp","href":"https:\/\/api.w.org\/{rel}","templated":true}]}}