{"id":18970,"date":"2014-09-01T09:57:31","date_gmt":"2014-09-01T12:57:31","guid":{"rendered":"https:\/\/www.blogsoestado.com\/danielmatos\/?p=18970"},"modified":"2014-09-01T09:57:31","modified_gmt":"2014-09-01T12:57:31","slug":"medidas-drasticas","status":"publish","type":"post","link":"https:\/\/www.blogsoestado.com\/danielmatos\/medidas-drasticas\/","title":{"rendered":"Medidas dr\u00e1sticas"},"content":{"rendered":"<figure id=\"attachment_18971\" aria-describedby=\"caption-attachment-18971\" style=\"width: 640px\" class=\"wp-caption aligncenter\"><a href=\"https:\/\/www.blogsoestado.com\/danielmatos\/files\/2014\/09\/greve-ponto.jpg\"><img fetchpriority=\"high\" decoding=\"async\" class=\"size-full wp-image-18971\" src=\"https:\/\/www.blogsoestado.com\/danielmatos\/files\/2014\/09\/greve-ponto.jpg\" alt=\"Professores grevistas do Munic\u00edpio que insistem em manter a greve ilegal podem ter ponto cortado\" width=\"640\" height=\"427\" \/><\/a><figcaption id=\"caption-attachment-18971\" class=\"wp-caption-text\">Professores grevistas do Munic\u00edpio que insistem em manter a greve ilegal podem ter ponto cortado e sofrer processo administrativo que pode resultar em exonera\u00e7\u00e3o (<strong>Foto:<\/strong> De Jesus\/<strong>O Estado do Maranh\u00e3o<\/strong>)\u00a0<\/figcaption><\/figure>\n<p>O clima promete ficar mais acirrado entre a Prefeitura de S\u00e3o Lu\u00eds e os professores que se mant\u00eam em greve h\u00e1 102 dias, embora o movimento tenha sido decretado ilegal pelo Tribunal de Justi\u00e7a desde o in\u00edcio de junho, decis\u00e3o confirmada dia 14 do m\u00eas passado pelo Supremo Tribunal Federal (STF). Diante do desrespeito \u00e0 ordem judicial, a Secretaria Municipal de Educa\u00e7\u00e3o (Semed) anunciou o corte do ponto dos docentes que continuam fora de sala de aula, a abertura de processo administrativo que pode culminar com a exonera\u00e7\u00e3o dos grevistas e a convoca\u00e7\u00e3o de excedentes do \u00faltimo concurso p\u00fablico para substituir os educadores que ainda n\u00e3o voltaram ao trabalho, seguindo assim a orienta\u00e7\u00e3o do Sindicato dos Profissionais do Magist\u00e9rio P\u00fablico Municipal (SindEduca\u00e7\u00e3o).<\/p>\n<p>Todas as medidas est\u00e3o previstas na decis\u00e3o do TJ confirmada pelo STF e s\u00e3o uma resposta do Munic\u00edpio a uma mensagem de celular enviada no fim de semana aos professores grevistas convocando-os a assinar o ponto no acampamento montado no Pal\u00e1cio La Ravardi\u00e9re, sede da Prefeitura, desde a ocupa\u00e7\u00e3o do pr\u00e9dio, dia 13 do m\u00eas passado, o que segundo a Semed \u00e9 uma viola\u00e7\u00e3o, j\u00e1 que o ponto deve ser assinado no local de trabalho.<\/p>\n<p>Al\u00e9m da decreta\u00e7\u00e3o da ilegalidade da greve pelo TJ, ratificada pelo STF, h\u00e1 uma liminar expedida em 12 de agosto pela 1\u00aa Vara da Inf\u00e2ncia e da Juventude obrigando o Munic\u00edpio a providenciar meios para retomar o cronograma de aulas integralmente. A decis\u00e3o refor\u00e7a a necessidade de tomar provid\u00eancias para que as 252 escolas municipais voltem \u00e0 rotina normal. Diante das circunst\u00e2ncias jur\u00eddicas e do insucesso das negocia\u00e7\u00f5es, a administra\u00e7\u00e3o tomou a medida dr\u00e1stica, que certamente deixar\u00e1 os \u00e2nimos ainda mais exaltados, tornando o desfecho da paralisa\u00e7\u00e3o mais pr\u00f3ximo ou levando a categoria a radicalizar ainda mais.<\/p>\n<p>No fim de semana, a Prefeitura divulgou mat\u00e9ria informando que 80% das escolas est\u00e3o funcionando plenamente. De fato, a maioria dos professores vem comparecendo assiduamente \u00e0s escolas, cumprindo assim a miss\u00e3o que abra\u00e7aram. Por outro lado, milhares de alunos ainda est\u00e3o sem estudar e fatalmente ter\u00e3o o aproveitamento do ano letivo gravemente comprometido. Com mais de tr\u00eas meses de paralisa\u00e7\u00e3o, \u00e9 preciso agir para debelar o foco de instabilidade. E como h\u00e1 respaldo jur\u00eddico, que se tomem ent\u00e3o as provid\u00eancias cab\u00edveis para o caso.<\/p>\n<p>Como bem frisou a ju\u00edza L\u00edvia Maria Aguiar, titular da 1\u00aa Vara da Inf\u00e2ncia e da Juventude, \u201c\u00e9 bem verdade que o direito \u00e0 greve \u00e9 constitucional, mas numa hierarquia de valores o direito das crian\u00e7as e adolescentes \u00e0 educa\u00e7\u00e3o det\u00e9m primazia universal em face da prioridade absoluta prevista pelo Estatuto da Crian\u00e7a e do Adolescente\u201d. Ciente do preju\u00edzo causado pela paralisa\u00e7\u00e3o \u00e0s crian\u00e7as e adolescentes matriculadas na rede municipal de ensino, a magistrada lan\u00e7ou m\u00e3o de um argumento precioso, que n\u00e3o tem se aplicado na pr\u00e1tica devido \u00e0 intransig\u00eancia dos grevistas e \u00e0 alegada falta de recursos financeiros da Prefeitura para atender as reivindica\u00e7\u00f5es da classe.<\/p>\n<p>Se por um lado as medidas dr\u00e1sticas anunciadas pela Semed geram pol\u00eamica e despertam furor nos professores que ainda se mant\u00eam em greve, por outro podem levar finalmente ao desfecho do movimento. Como um acordo amig\u00e1vel \u00e9 a cada dia mais improv\u00e1vel, n\u00e3o h\u00e1 outra sa\u00edda a n\u00e3o ser agir de forma mais incisiva, dentro da legalidade, obviamente.<\/p>\n<p><strong>Editorial publicado nesta segunda-feira em <a href=\"http:\/\/www.oestadoma.com.br\" target=\"_blank\">O Estado do Maranh\u00e3o<\/a><\/strong><\/p>\n","protected":false},"excerpt":{"rendered":"<p>O clima promete ficar mais acirrado entre a Prefeitura de S\u00e3o Lu\u00eds e os professores que se mant\u00eam em greve [&hellip;]<\/p>\n","protected":false},"author":0,"featured_media":0,"comment_status":"open","ping_status":"open","sticky":false,"template":"","format":"standard","meta":{"site-sidebar-layout":"default","site-content-layout":"","ast-site-content-layout":"default","site-content-style":"default","site-sidebar-style":"default","ast-global-header-display":"","ast-banner-title-visibility":"","ast-main-header-display":"","ast-hfb-above-header-display":"","ast-hfb-below-header-display":"","ast-hfb-mobile-header-display":"","site-post-title":"","ast-breadcrumbs-content":"","ast-featured-img":"","footer-sml-layout":"","ast-disable-related-posts":"","theme-transparent-header-meta":"","adv-header-id-meta":"","stick-header-meta":"","header-above-stick-meta":"","header-main-stick-meta":"","header-below-stick-meta":"","astra-migrate-meta-layouts":"default","ast-page-background-enabled":"default","ast-page-background-meta":{"desktop":{"background-color":"var(--ast-global-color-5)","background-image":"","background-repeat":"repeat","background-position":"center center","background-size":"auto","background-attachment":"scroll","background-type":"","background-media":"","overlay-type":"","overlay-color":"","overlay-opacity":"","overlay-gradient":""},"tablet":{"background-color":"","background-image":"","background-repeat":"repeat","background-position":"center center","background-size":"auto","background-attachment":"scroll","background-type":"","background-media":"","overlay-type":"","overlay-color":"","overlay-opacity":"","overlay-gradient":""},"mobile":{"background-color":"","background-image":"","background-repeat":"repeat","background-position":"center center","background-size":"auto","background-attachment":"scroll","background-type":"","background-media":"","overlay-type":"","overlay-color":"","overlay-opacity":"","overlay-gradient":""}},"ast-content-background-meta":{"desktop":{"background-color":"var(--ast-global-color-4)","background-image":"","background-repeat":"repeat","background-position":"center center","background-size":"auto","background-attachment":"scroll","background-type":"","background-media":"","overlay-type":"","overlay-color":"","overlay-opacity":"","overlay-gradient":""},"tablet":{"background-color":"var(--ast-global-color-4)","background-image":"","background-repeat":"repeat","background-position":"center center","background-size":"auto","background-attachment":"scroll","background-type":"","background-media":"","overlay-type":"","overlay-color":"","overlay-opacity":"","overlay-gradient":""},"mobile":{"background-color":"var(--ast-global-color-4)","background-image":"","background-repeat":"repeat","background-position":"center center","background-size":"auto","background-attachment":"scroll","background-type":"","background-media":"","overlay-type":"","overlay-color":"","overlay-opacity":"","overlay-gradient":""}},"footnotes":""},"categories":[1],"tags":[],"class_list":["post-18970","post","type-post","status-publish","format-standard","hentry","category-sem-categoria"],"yoast_head":"<!-- This site is optimized with the Yoast SEO plugin v26.6 - https:\/\/yoast.com\/wordpress\/plugins\/seo\/ -->\n<title>Medidas dr\u00e1sticas - Daniel Matos<\/title>\n<meta name=\"robots\" content=\"index, follow, max-snippet:-1, max-image-preview:large, max-video-preview:-1\" \/>\n<link rel=\"canonical\" href=\"https:\/\/www.blogsoestado.com\/danielmatos\/medidas-drasticas\/\" \/>\n<meta property=\"og:locale\" content=\"pt_BR\" \/>\n<meta property=\"og:type\" content=\"article\" \/>\n<meta property=\"og:title\" content=\"Medidas dr\u00e1sticas - Daniel Matos\" \/>\n<meta property=\"og:description\" content=\"O clima promete ficar mais acirrado entre a Prefeitura de S\u00e3o Lu\u00eds e os professores que se mant\u00eam em greve [&hellip;]\" \/>\n<meta property=\"og:url\" content=\"https:\/\/www.blogsoestado.com\/danielmatos\/medidas-drasticas\/\" \/>\n<meta property=\"og:site_name\" content=\"Daniel Matos\" \/>\n<meta property=\"article:published_time\" content=\"2014-09-01T12:57:31+00:00\" \/>\n<meta property=\"og:image\" content=\"https:\/\/www.blogsoestado.com\/danielmatos\/files\/2014\/09\/greve-ponto.jpg\" \/>\n<meta name=\"twitter:card\" content=\"summary_large_image\" \/>\n<meta name=\"twitter:label1\" content=\"Est. tempo de leitura\" \/>\n\t<meta name=\"twitter:data1\" content=\"3 minutos\" \/>\n<script type=\"application\/ld+json\" class=\"yoast-schema-graph\">{\"@context\":\"https:\/\/schema.org\",\"@graph\":[{\"@type\":\"WebPage\",\"@id\":\"https:\/\/www.blogsoestado.com\/danielmatos\/medidas-drasticas\/\",\"url\":\"https:\/\/www.blogsoestado.com\/danielmatos\/medidas-drasticas\/\",\"name\":\"Medidas dr\u00e1sticas - Daniel Matos\",\"isPartOf\":{\"@id\":\"https:\/\/www.blogsoestado.com\/danielmatos\/#website\"},\"primaryImageOfPage\":{\"@id\":\"https:\/\/www.blogsoestado.com\/danielmatos\/medidas-drasticas\/#primaryimage\"},\"image\":{\"@id\":\"https:\/\/www.blogsoestado.com\/danielmatos\/medidas-drasticas\/#primaryimage\"},\"thumbnailUrl\":\"https:\/\/www.blogsoestado.com\/danielmatos\/files\/2014\/09\/greve-ponto.jpg\",\"datePublished\":\"2014-09-01T12:57:31+00:00\",\"author\":{\"@id\":\"\"},\"breadcrumb\":{\"@id\":\"https:\/\/www.blogsoestado.com\/danielmatos\/medidas-drasticas\/#breadcrumb\"},\"inLanguage\":\"pt-BR\",\"potentialAction\":[{\"@type\":\"ReadAction\",\"target\":[\"https:\/\/www.blogsoestado.com\/danielmatos\/medidas-drasticas\/\"]}]},{\"@type\":\"ImageObject\",\"inLanguage\":\"pt-BR\",\"@id\":\"https:\/\/www.blogsoestado.com\/danielmatos\/medidas-drasticas\/#primaryimage\",\"url\":\"https:\/\/www.blogsoestado.com\/danielmatos\/files\/2014\/09\/greve-ponto.jpg\",\"contentUrl\":\"https:\/\/www.blogsoestado.com\/danielmatos\/files\/2014\/09\/greve-ponto.jpg\"},{\"@type\":\"BreadcrumbList\",\"@id\":\"https:\/\/www.blogsoestado.com\/danielmatos\/medidas-drasticas\/#breadcrumb\",\"itemListElement\":[{\"@type\":\"ListItem\",\"position\":1,\"name\":\"In\u00edcio\",\"item\":\"https:\/\/www.blogsoestado.com\/danielmatos\/\"},{\"@type\":\"ListItem\",\"position\":2,\"name\":\"Medidas dr\u00e1sticas\"}]},{\"@type\":\"WebSite\",\"@id\":\"https:\/\/www.blogsoestado.com\/danielmatos\/#website\",\"url\":\"https:\/\/www.blogsoestado.com\/danielmatos\/\",\"name\":\"Daniel Matos\",\"description\":\"\",\"potentialAction\":[{\"@type\":\"SearchAction\",\"target\":{\"@type\":\"EntryPoint\",\"urlTemplate\":\"https:\/\/www.blogsoestado.com\/danielmatos\/?s={search_term_string}\"},\"query-input\":{\"@type\":\"PropertyValueSpecification\",\"valueRequired\":true,\"valueName\":\"search_term_string\"}}],\"inLanguage\":\"pt-BR\"}]}<\/script>\n<!-- \/ Yoast SEO plugin. -->","yoast_head_json":{"title":"Medidas dr\u00e1sticas - Daniel Matos","robots":{"index":"index","follow":"follow","max-snippet":"max-snippet:-1","max-image-preview":"max-image-preview:large","max-video-preview":"max-video-preview:-1"},"canonical":"https:\/\/www.blogsoestado.com\/danielmatos\/medidas-drasticas\/","og_locale":"pt_BR","og_type":"article","og_title":"Medidas dr\u00e1sticas - Daniel Matos","og_description":"O clima promete ficar mais acirrado entre a Prefeitura de S\u00e3o Lu\u00eds e os professores que se mant\u00eam em greve [&hellip;]","og_url":"https:\/\/www.blogsoestado.com\/danielmatos\/medidas-drasticas\/","og_site_name":"Daniel Matos","article_published_time":"2014-09-01T12:57:31+00:00","og_image":[{"url":"https:\/\/www.blogsoestado.com\/danielmatos\/files\/2014\/09\/greve-ponto.jpg","type":"","width":"","height":""}],"twitter_card":"summary_large_image","twitter_misc":{"Est. tempo de leitura":"3 minutos"},"schema":{"@context":"https:\/\/schema.org","@graph":[{"@type":"WebPage","@id":"https:\/\/www.blogsoestado.com\/danielmatos\/medidas-drasticas\/","url":"https:\/\/www.blogsoestado.com\/danielmatos\/medidas-drasticas\/","name":"Medidas dr\u00e1sticas - Daniel Matos","isPartOf":{"@id":"https:\/\/www.blogsoestado.com\/danielmatos\/#website"},"primaryImageOfPage":{"@id":"https:\/\/www.blogsoestado.com\/danielmatos\/medidas-drasticas\/#primaryimage"},"image":{"@id":"https:\/\/www.blogsoestado.com\/danielmatos\/medidas-drasticas\/#primaryimage"},"thumbnailUrl":"https:\/\/www.blogsoestado.com\/danielmatos\/files\/2014\/09\/greve-ponto.jpg","datePublished":"2014-09-01T12:57:31+00:00","author":{"@id":""},"breadcrumb":{"@id":"https:\/\/www.blogsoestado.com\/danielmatos\/medidas-drasticas\/#breadcrumb"},"inLanguage":"pt-BR","potentialAction":[{"@type":"ReadAction","target":["https:\/\/www.blogsoestado.com\/danielmatos\/medidas-drasticas\/"]}]},{"@type":"ImageObject","inLanguage":"pt-BR","@id":"https:\/\/www.blogsoestado.com\/danielmatos\/medidas-drasticas\/#primaryimage","url":"https:\/\/www.blogsoestado.com\/danielmatos\/files\/2014\/09\/greve-ponto.jpg","contentUrl":"https:\/\/www.blogsoestado.com\/danielmatos\/files\/2014\/09\/greve-ponto.jpg"},{"@type":"BreadcrumbList","@id":"https:\/\/www.blogsoestado.com\/danielmatos\/medidas-drasticas\/#breadcrumb","itemListElement":[{"@type":"ListItem","position":1,"name":"In\u00edcio","item":"https:\/\/www.blogsoestado.com\/danielmatos\/"},{"@type":"ListItem","position":2,"name":"Medidas dr\u00e1sticas"}]},{"@type":"WebSite","@id":"https:\/\/www.blogsoestado.com\/danielmatos\/#website","url":"https:\/\/www.blogsoestado.com\/danielmatos\/","name":"Daniel Matos","description":"","potentialAction":[{"@type":"SearchAction","target":{"@type":"EntryPoint","urlTemplate":"https:\/\/www.blogsoestado.com\/danielmatos\/?s={search_term_string}"},"query-input":{"@type":"PropertyValueSpecification","valueRequired":true,"valueName":"search_term_string"}}],"inLanguage":"pt-BR"}]}},"jetpack_featured_media_url":"","_links":{"self":[{"href":"https:\/\/www.blogsoestado.com\/danielmatos\/wp-json\/wp\/v2\/posts\/18970","targetHints":{"allow":["GET"]}}],"collection":[{"href":"https:\/\/www.blogsoestado.com\/danielmatos\/wp-json\/wp\/v2\/posts"}],"about":[{"href":"https:\/\/www.blogsoestado.com\/danielmatos\/wp-json\/wp\/v2\/types\/post"}],"replies":[{"embeddable":true,"href":"https:\/\/www.blogsoestado.com\/danielmatos\/wp-json\/wp\/v2\/comments?post=18970"}],"version-history":[{"count":0,"href":"https:\/\/www.blogsoestado.com\/danielmatos\/wp-json\/wp\/v2\/posts\/18970\/revisions"}],"wp:attachment":[{"href":"https:\/\/www.blogsoestado.com\/danielmatos\/wp-json\/wp\/v2\/media?parent=18970"}],"wp:term":[{"taxonomy":"category","embeddable":true,"href":"https:\/\/www.blogsoestado.com\/danielmatos\/wp-json\/wp\/v2\/categories?post=18970"},{"taxonomy":"post_tag","embeddable":true,"href":"https:\/\/www.blogsoestado.com\/danielmatos\/wp-json\/wp\/v2\/tags?post=18970"}],"curies":[{"name":"wp","href":"https:\/\/api.w.org\/{rel}","templated":true}]}}