{"id":18973,"date":"2014-09-01T15:49:42","date_gmt":"2014-09-01T18:49:42","guid":{"rendered":"https:\/\/www.blogsoestado.com\/danielmatos\/?p=18973"},"modified":"2014-09-01T15:49:42","modified_gmt":"2014-09-01T18:49:42","slug":"temos-um-plano-de-governo-e-nao-falsas-promessas-de-mudanca-diz-lobao","status":"publish","type":"post","link":"https:\/\/www.blogsoestado.com\/danielmatos\/temos-um-plano-de-governo-e-nao-falsas-promessas-de-mudanca-diz-lobao\/","title":{"rendered":"\u201cTemos um plano de governo e n\u00e3o falsas promessas de mudan\u00e7a\u201d, diz Lob\u00e3o"},"content":{"rendered":"<figure id=\"attachment_18974\" aria-describedby=\"caption-attachment-18974\" style=\"width: 640px\" class=\"wp-caption aligncenter\"><a href=\"https:\/\/www.blogsoestado.com\/danielmatos\/files\/2014\/09\/lobao-plano.jpg\"><img fetchpriority=\"high\" decoding=\"async\" class=\"size-full wp-image-18974\" src=\"https:\/\/www.blogsoestado.com\/danielmatos\/files\/2014\/09\/lobao-plano.jpg\" alt=\"Lob\u00e3o Filho: &quot;\u201ca ilus\u00e3o da prosperidade com falsas promessas de mudan\u00e7a, mas as suas administra\u00e7\u00f5es s\u00e3o caos, o cidad\u00e3o foi abandonado e enganado&quot;\" width=\"640\" height=\"339\" \/><\/a><figcaption id=\"caption-attachment-18974\" class=\"wp-caption-text\">Em Cajapi\u00f3, Lob\u00e3o Filho\u00a0disse que advers\u00e1rios vendem ilus\u00e3o da prosperidade com falsas promessas de mudan\u00e7a(<strong>Foto:<\/strong>\u00a0Gilson Teixeira)<\/figcaption><\/figure>\n<p>O candidato da coliga\u00e7\u00e3o \u201cPra Frente, Maranh\u00e3o\u201d ao governo estadual, senador Lob\u00e3o Filho (PMDB), em um com\u00edcio na cidade de Cajapi\u00f3 fez duras cr\u00edticas aqueles que vendem \u201ca ilus\u00e3o da prosperidade com falsas promessas de mudan\u00e7a, mas as suas administra\u00e7\u00f5es s\u00e3o caos, o cidad\u00e3o foi abandonado e enganado. Aqui (Cajapi\u00f3) \u00e9 um exemplo. A cidade est\u00e1 abandonada. O hospital nem seringa tem. Esse desastre \u00e9 resultado da administra\u00e7\u00e3o do PCdoB\u201d.<\/p>\n<p>O candidato peemedebista tranquilizou a popula\u00e7\u00e3o de Cajapi\u00f3, que o recebeu com carinho e com muito respeito, recebendo aplausos e sinais de positivo at\u00e9 quando passou em frente ao comit\u00ea do candidato comunista.<br \/>\n\u201cAqui n\u00e3o tem prefeito, mas todos podem ter certeza que vamos construir uma nova Cajapi\u00f3. Temos um audacioso plano de governo para toda a Baixada Maranhense e vamos execut\u00e1-lo com a ajuda de todos e transformar toda essa regi\u00e3o um celeiro de produ\u00e7\u00e3o de alimentos para o Brasil e abrir um mundo de oportunidades com a gera\u00e7\u00e3o de emprego e renda e distribui\u00e7\u00e3o justa das riquezas produzidas\u201d, afirmou Lob\u00e3o Filho.<\/p>\n<p>O peemedebista Lob\u00e3o Filho relacionou ainda outras cidades administradas pela falsa mudan\u00e7a onde o caos foi instalado. \u201cEm S\u00e3o Lu\u00eds os professores est\u00e3o h\u00e1 100 dias em greve e acorrentados na prefeitura. Os alunos, sem aulas, n\u00e3o t\u00eam nenhuma perspectiva de vida. Essa \u00e9 a mudan\u00e7a deles, mudar para pior\u201d. O secret\u00e1rio de Educa\u00e7\u00e3o de S\u00e3o Lu\u00eds \u00e9 Geraldo Castro, dirigente do PCdoB.<\/p>\n<p>O candidato peemedebista relacionou ainda as cidades de Santa In\u00eas, Imperatriz, Balsas, Mat\u00f5es, Caxias, onde a popula\u00e7\u00e3o sofre com o descaso das administra\u00e7\u00f5es da \u2018falsa mudan\u00e7a\u2019. \u201cMas, vamos mudar essa realidade com trabalho e dedica\u00e7\u00e3o. A popula\u00e7\u00e3o do meu Estado pode ter certeza que vamos abrir um novo horizonte para todos com f\u00e9, determina\u00e7\u00e3o e muita paz em nossos cora\u00e7\u00f5es\u201d, declarou Lob\u00e3o Filho.<\/p>\n<p>O deputado federal Gast\u00e3o Vieira (PMDB), candidato ao Senado, alertou para que a popula\u00e7\u00e3o n\u00e3o se iluda mais com essa falsa mudan\u00e7a e que transformaram v\u00e1rias cidades em um caos total e a popula\u00e7\u00e3o foi abandonada por \u201cessas administra\u00e7\u00f5es ineficientes e que n\u00e3o tem nenhum compromisso com os cidad\u00e3os\u201d.<\/p>\n<p>Vieira destacou ainda que o Maranh\u00e3o precisa sempre seguir em frente e \u201ccom Lob\u00e3o Filho vai continuar trilhando o caminho do seu desenvolvimento econ\u00f4mico e social\u201d.<\/p>\n","protected":false},"excerpt":{"rendered":"<p>O candidato da coliga\u00e7\u00e3o \u201cPra Frente, Maranh\u00e3o\u201d ao governo estadual, senador Lob\u00e3o Filho (PMDB), em um com\u00edcio na cidade de [&hellip;]<\/p>\n","protected":false},"author":0,"featured_media":0,"comment_status":"open","ping_status":"open","sticky":false,"template":"","format":"standard","meta":{"site-sidebar-layout":"default","site-content-layout":"","ast-site-content-layout":"default","site-content-style":"default","site-sidebar-style":"default","ast-global-header-display":"","ast-banner-title-visibility":"","ast-main-header-display":"","ast-hfb-above-header-display":"","ast-hfb-below-header-display":"","ast-hfb-mobile-header-display":"","site-post-title":"","ast-breadcrumbs-content":"","ast-featured-img":"","footer-sml-layout":"","ast-disable-related-posts":"","theme-transparent-header-meta":"","adv-header-id-meta":"","stick-header-meta":"","header-above-stick-meta":"","header-main-stick-meta":"","header-below-stick-meta":"","astra-migrate-meta-layouts":"default","ast-page-background-enabled":"default","ast-page-background-meta":{"desktop":{"background-color":"var(--ast-global-color-5)","background-image":"","background-repeat":"repeat","background-position":"center center","background-size":"auto","background-attachment":"scroll","background-type":"","background-media":"","overlay-type":"","overlay-color":"","overlay-opacity":"","overlay-gradient":""},"tablet":{"background-color":"","background-image":"","background-repeat":"repeat","background-position":"center center","background-size":"auto","background-attachment":"scroll","background-type":"","background-media":"","overlay-type":"","overlay-color":"","overlay-opacity":"","overlay-gradient":""},"mobile":{"background-color":"","background-image":"","background-repeat":"repeat","background-position":"center center","background-size":"auto","background-attachment":"scroll","background-type":"","background-media":"","overlay-type":"","overlay-color":"","overlay-opacity":"","overlay-gradient":""}},"ast-content-background-meta":{"desktop":{"background-color":"var(--ast-global-color-4)","background-image":"","background-repeat":"repeat","background-position":"center center","background-size":"auto","background-attachment":"scroll","background-type":"","background-media":"","overlay-type":"","overlay-color":"","overlay-opacity":"","overlay-gradient":""},"tablet":{"background-color":"var(--ast-global-color-4)","background-image":"","background-repeat":"repeat","background-position":"center center","background-size":"auto","background-attachment":"scroll","background-type":"","background-media":"","overlay-type":"","overlay-color":"","overlay-opacity":"","overlay-gradient":""},"mobile":{"background-color":"var(--ast-global-color-4)","background-image":"","background-repeat":"repeat","background-position":"center center","background-size":"auto","background-attachment":"scroll","background-type":"","background-media":"","overlay-type":"","overlay-color":"","overlay-opacity":"","overlay-gradient":""}},"footnotes":""},"categories":[1],"tags":[],"class_list":["post-18973","post","type-post","status-publish","format-standard","hentry","category-sem-categoria"],"yoast_head":"<!-- This site is optimized with the Yoast SEO plugin v26.6 - https:\/\/yoast.com\/wordpress\/plugins\/seo\/ -->\n<title>\u201cTemos um plano de governo e n\u00e3o falsas promessas de mudan\u00e7a\u201d, diz Lob\u00e3o - Daniel Matos<\/title>\n<meta name=\"robots\" content=\"index, follow, max-snippet:-1, max-image-preview:large, max-video-preview:-1\" \/>\n<link rel=\"canonical\" href=\"https:\/\/www.blogsoestado.com\/danielmatos\/temos-um-plano-de-governo-e-nao-falsas-promessas-de-mudanca-diz-lobao\/\" \/>\n<meta property=\"og:locale\" content=\"pt_BR\" \/>\n<meta property=\"og:type\" content=\"article\" \/>\n<meta property=\"og:title\" content=\"\u201cTemos um plano de governo e n\u00e3o falsas promessas de mudan\u00e7a\u201d, diz Lob\u00e3o - Daniel Matos\" \/>\n<meta property=\"og:description\" content=\"O candidato da coliga\u00e7\u00e3o \u201cPra Frente, Maranh\u00e3o\u201d ao governo estadual, senador Lob\u00e3o Filho (PMDB), em um com\u00edcio na cidade de [&hellip;]\" \/>\n<meta property=\"og:url\" content=\"https:\/\/www.blogsoestado.com\/danielmatos\/temos-um-plano-de-governo-e-nao-falsas-promessas-de-mudanca-diz-lobao\/\" \/>\n<meta property=\"og:site_name\" content=\"Daniel Matos\" \/>\n<meta property=\"article:published_time\" content=\"2014-09-01T18:49:42+00:00\" \/>\n<meta property=\"og:image\" content=\"https:\/\/www.blogsoestado.com\/danielmatos\/files\/2014\/09\/lobao-plano.jpg\" \/>\n<meta name=\"twitter:card\" content=\"summary_large_image\" \/>\n<meta name=\"twitter:label1\" content=\"Est. tempo de leitura\" \/>\n\t<meta name=\"twitter:data1\" content=\"2 minutos\" \/>\n<script type=\"application\/ld+json\" class=\"yoast-schema-graph\">{\"@context\":\"https:\/\/schema.org\",\"@graph\":[{\"@type\":\"WebPage\",\"@id\":\"https:\/\/www.blogsoestado.com\/danielmatos\/temos-um-plano-de-governo-e-nao-falsas-promessas-de-mudanca-diz-lobao\/\",\"url\":\"https:\/\/www.blogsoestado.com\/danielmatos\/temos-um-plano-de-governo-e-nao-falsas-promessas-de-mudanca-diz-lobao\/\",\"name\":\"\u201cTemos um plano de governo e n\u00e3o falsas promessas de mudan\u00e7a\u201d, diz Lob\u00e3o - Daniel Matos\",\"isPartOf\":{\"@id\":\"https:\/\/www.blogsoestado.com\/danielmatos\/#website\"},\"primaryImageOfPage\":{\"@id\":\"https:\/\/www.blogsoestado.com\/danielmatos\/temos-um-plano-de-governo-e-nao-falsas-promessas-de-mudanca-diz-lobao\/#primaryimage\"},\"image\":{\"@id\":\"https:\/\/www.blogsoestado.com\/danielmatos\/temos-um-plano-de-governo-e-nao-falsas-promessas-de-mudanca-diz-lobao\/#primaryimage\"},\"thumbnailUrl\":\"https:\/\/www.blogsoestado.com\/danielmatos\/files\/2014\/09\/lobao-plano.jpg\",\"datePublished\":\"2014-09-01T18:49:42+00:00\",\"author\":{\"@id\":\"\"},\"breadcrumb\":{\"@id\":\"https:\/\/www.blogsoestado.com\/danielmatos\/temos-um-plano-de-governo-e-nao-falsas-promessas-de-mudanca-diz-lobao\/#breadcrumb\"},\"inLanguage\":\"pt-BR\",\"potentialAction\":[{\"@type\":\"ReadAction\",\"target\":[\"https:\/\/www.blogsoestado.com\/danielmatos\/temos-um-plano-de-governo-e-nao-falsas-promessas-de-mudanca-diz-lobao\/\"]}]},{\"@type\":\"ImageObject\",\"inLanguage\":\"pt-BR\",\"@id\":\"https:\/\/www.blogsoestado.com\/danielmatos\/temos-um-plano-de-governo-e-nao-falsas-promessas-de-mudanca-diz-lobao\/#primaryimage\",\"url\":\"https:\/\/www.blogsoestado.com\/danielmatos\/files\/2014\/09\/lobao-plano.jpg\",\"contentUrl\":\"https:\/\/www.blogsoestado.com\/danielmatos\/files\/2014\/09\/lobao-plano.jpg\"},{\"@type\":\"BreadcrumbList\",\"@id\":\"https:\/\/www.blogsoestado.com\/danielmatos\/temos-um-plano-de-governo-e-nao-falsas-promessas-de-mudanca-diz-lobao\/#breadcrumb\",\"itemListElement\":[{\"@type\":\"ListItem\",\"position\":1,\"name\":\"In\u00edcio\",\"item\":\"https:\/\/www.blogsoestado.com\/danielmatos\/\"},{\"@type\":\"ListItem\",\"position\":2,\"name\":\"\u201cTemos um plano de governo e n\u00e3o falsas promessas de mudan\u00e7a\u201d, diz Lob\u00e3o\"}]},{\"@type\":\"WebSite\",\"@id\":\"https:\/\/www.blogsoestado.com\/danielmatos\/#website\",\"url\":\"https:\/\/www.blogsoestado.com\/danielmatos\/\",\"name\":\"Daniel Matos\",\"description\":\"\",\"potentialAction\":[{\"@type\":\"SearchAction\",\"target\":{\"@type\":\"EntryPoint\",\"urlTemplate\":\"https:\/\/www.blogsoestado.com\/danielmatos\/?s={search_term_string}\"},\"query-input\":{\"@type\":\"PropertyValueSpecification\",\"valueRequired\":true,\"valueName\":\"search_term_string\"}}],\"inLanguage\":\"pt-BR\"}]}<\/script>\n<!-- \/ Yoast SEO plugin. -->","yoast_head_json":{"title":"\u201cTemos um plano de governo e n\u00e3o falsas promessas de mudan\u00e7a\u201d, diz Lob\u00e3o - Daniel Matos","robots":{"index":"index","follow":"follow","max-snippet":"max-snippet:-1","max-image-preview":"max-image-preview:large","max-video-preview":"max-video-preview:-1"},"canonical":"https:\/\/www.blogsoestado.com\/danielmatos\/temos-um-plano-de-governo-e-nao-falsas-promessas-de-mudanca-diz-lobao\/","og_locale":"pt_BR","og_type":"article","og_title":"\u201cTemos um plano de governo e n\u00e3o falsas promessas de mudan\u00e7a\u201d, diz Lob\u00e3o - Daniel Matos","og_description":"O candidato da coliga\u00e7\u00e3o \u201cPra Frente, Maranh\u00e3o\u201d ao governo estadual, senador Lob\u00e3o Filho (PMDB), em um com\u00edcio na cidade de [&hellip;]","og_url":"https:\/\/www.blogsoestado.com\/danielmatos\/temos-um-plano-de-governo-e-nao-falsas-promessas-de-mudanca-diz-lobao\/","og_site_name":"Daniel Matos","article_published_time":"2014-09-01T18:49:42+00:00","og_image":[{"url":"https:\/\/www.blogsoestado.com\/danielmatos\/files\/2014\/09\/lobao-plano.jpg","type":"","width":"","height":""}],"twitter_card":"summary_large_image","twitter_misc":{"Est. tempo de leitura":"2 minutos"},"schema":{"@context":"https:\/\/schema.org","@graph":[{"@type":"WebPage","@id":"https:\/\/www.blogsoestado.com\/danielmatos\/temos-um-plano-de-governo-e-nao-falsas-promessas-de-mudanca-diz-lobao\/","url":"https:\/\/www.blogsoestado.com\/danielmatos\/temos-um-plano-de-governo-e-nao-falsas-promessas-de-mudanca-diz-lobao\/","name":"\u201cTemos um plano de governo e n\u00e3o falsas promessas de mudan\u00e7a\u201d, diz Lob\u00e3o - Daniel Matos","isPartOf":{"@id":"https:\/\/www.blogsoestado.com\/danielmatos\/#website"},"primaryImageOfPage":{"@id":"https:\/\/www.blogsoestado.com\/danielmatos\/temos-um-plano-de-governo-e-nao-falsas-promessas-de-mudanca-diz-lobao\/#primaryimage"},"image":{"@id":"https:\/\/www.blogsoestado.com\/danielmatos\/temos-um-plano-de-governo-e-nao-falsas-promessas-de-mudanca-diz-lobao\/#primaryimage"},"thumbnailUrl":"https:\/\/www.blogsoestado.com\/danielmatos\/files\/2014\/09\/lobao-plano.jpg","datePublished":"2014-09-01T18:49:42+00:00","author":{"@id":""},"breadcrumb":{"@id":"https:\/\/www.blogsoestado.com\/danielmatos\/temos-um-plano-de-governo-e-nao-falsas-promessas-de-mudanca-diz-lobao\/#breadcrumb"},"inLanguage":"pt-BR","potentialAction":[{"@type":"ReadAction","target":["https:\/\/www.blogsoestado.com\/danielmatos\/temos-um-plano-de-governo-e-nao-falsas-promessas-de-mudanca-diz-lobao\/"]}]},{"@type":"ImageObject","inLanguage":"pt-BR","@id":"https:\/\/www.blogsoestado.com\/danielmatos\/temos-um-plano-de-governo-e-nao-falsas-promessas-de-mudanca-diz-lobao\/#primaryimage","url":"https:\/\/www.blogsoestado.com\/danielmatos\/files\/2014\/09\/lobao-plano.jpg","contentUrl":"https:\/\/www.blogsoestado.com\/danielmatos\/files\/2014\/09\/lobao-plano.jpg"},{"@type":"BreadcrumbList","@id":"https:\/\/www.blogsoestado.com\/danielmatos\/temos-um-plano-de-governo-e-nao-falsas-promessas-de-mudanca-diz-lobao\/#breadcrumb","itemListElement":[{"@type":"ListItem","position":1,"name":"In\u00edcio","item":"https:\/\/www.blogsoestado.com\/danielmatos\/"},{"@type":"ListItem","position":2,"name":"\u201cTemos um plano de governo e n\u00e3o falsas promessas de mudan\u00e7a\u201d, diz Lob\u00e3o"}]},{"@type":"WebSite","@id":"https:\/\/www.blogsoestado.com\/danielmatos\/#website","url":"https:\/\/www.blogsoestado.com\/danielmatos\/","name":"Daniel Matos","description":"","potentialAction":[{"@type":"SearchAction","target":{"@type":"EntryPoint","urlTemplate":"https:\/\/www.blogsoestado.com\/danielmatos\/?s={search_term_string}"},"query-input":{"@type":"PropertyValueSpecification","valueRequired":true,"valueName":"search_term_string"}}],"inLanguage":"pt-BR"}]}},"jetpack_featured_media_url":"","_links":{"self":[{"href":"https:\/\/www.blogsoestado.com\/danielmatos\/wp-json\/wp\/v2\/posts\/18973","targetHints":{"allow":["GET"]}}],"collection":[{"href":"https:\/\/www.blogsoestado.com\/danielmatos\/wp-json\/wp\/v2\/posts"}],"about":[{"href":"https:\/\/www.blogsoestado.com\/danielmatos\/wp-json\/wp\/v2\/types\/post"}],"replies":[{"embeddable":true,"href":"https:\/\/www.blogsoestado.com\/danielmatos\/wp-json\/wp\/v2\/comments?post=18973"}],"version-history":[{"count":0,"href":"https:\/\/www.blogsoestado.com\/danielmatos\/wp-json\/wp\/v2\/posts\/18973\/revisions"}],"wp:attachment":[{"href":"https:\/\/www.blogsoestado.com\/danielmatos\/wp-json\/wp\/v2\/media?parent=18973"}],"wp:term":[{"taxonomy":"category","embeddable":true,"href":"https:\/\/www.blogsoestado.com\/danielmatos\/wp-json\/wp\/v2\/categories?post=18973"},{"taxonomy":"post_tag","embeddable":true,"href":"https:\/\/www.blogsoestado.com\/danielmatos\/wp-json\/wp\/v2\/tags?post=18973"}],"curies":[{"name":"wp","href":"https:\/\/api.w.org\/{rel}","templated":true}]}}