{"id":18976,"date":"2014-09-01T16:58:33","date_gmt":"2014-09-01T19:58:33","guid":{"rendered":"https:\/\/www.blogsoestado.com\/danielmatos\/?p=18976"},"modified":"2014-09-01T16:58:33","modified_gmt":"2014-09-01T19:58:33","slug":"lula-confirma-vinda-ao-maranhao-para-ato-com-lobao-filho","status":"publish","type":"post","link":"https:\/\/www.blogsoestado.com\/danielmatos\/lula-confirma-vinda-ao-maranhao-para-ato-com-lobao-filho\/","title":{"rendered":"Lula confirma vinda ao Maranh\u00e3o para ato com Lob\u00e3o Filho"},"content":{"rendered":"<figure id=\"attachment_18977\" aria-describedby=\"caption-attachment-18977\" style=\"width: 640px\" class=\"wp-caption aligncenter\"><a href=\"https:\/\/www.blogsoestado.com\/danielmatos\/files\/2014\/09\/lobao-lula.jpg\"><img fetchpriority=\"high\" decoding=\"async\" class=\"size-full wp-image-18977\" src=\"https:\/\/www.blogsoestado.com\/danielmatos\/files\/2014\/09\/lobao-lula.jpg\" alt=\"Petistas fazem corrente com Lob\u00e3o Filho e refor\u00e7am compromisso com o candidato por um Maranh\u00e3o melhor\" width=\"640\" height=\"394\" \/><\/a><figcaption id=\"caption-attachment-18977\" class=\"wp-caption-text\">Petistas reafirmaram compromisso\u00a0com Lob\u00e3o Filho por um Maranh\u00e3o melhor (<strong>Fotos:<\/strong> J\u00fanior Foicinha)<\/figcaption><\/figure>\n<p>O ex-presidente Lu\u00eds In\u00e1cio Lula da Silva (PT) confirmou que vir\u00e1 ao Maranh\u00e3o at\u00e9 o dia 15 deste m\u00eas para refor\u00e7ar no Estado a campanha para a reelei\u00e7\u00e3o da presidenta Dilma Rousseff (PT), do senador Lob\u00e3o Filho (PMDB) para o governo estadual e do deputado federal Gast\u00e3o Vieira (PMDB) ao Senado.<\/p>\n<p>A confirma\u00e7\u00e3o da vinda de Lula ao Maranh\u00e3o foi feita nesta segunda-feira, pela coordenadora da campanha de Dilma Rousseff no estado, Benenice Gomes (PT), ao senador Lob\u00e3o Filho (PMDB), candidato ao governo estadual pela coliga\u00e7\u00e3o \u2018Pra Frente, Maranh\u00e3o\u2019, durante reuni\u00e3o com lideran\u00e7as do PT, diret\u00f3rios regionais e municipais, de candidatos proporcionais da legenda. O encontro contou ainda com a participa\u00e7\u00e3o de dirigentes das centrais sindicais e de sindicatos.<\/p>\n<p>\u201cVamos unidos rumo a vit\u00f3ria. Vamos demonstrar que estamos coesos e que Lob\u00e3o Filho \u00e9 o \u00fanico candidato do PT e de Dilma no Maranh\u00e3o\u201d, enfatizou Berenice Gomes. A dirigente nacional do PT conclamou toda a milit\u00e2ncia do PT para \u201cn\u00e3o dormir nem de dia e nem de noite para assegurar a vit\u00f3ria do time completo: Dilma, presidenta; Lob\u00e3o Filho, governador e Gast\u00e3o Vieira, senador\u201d.<\/p>\n<p>As palavras de Berenice Gomes foram ratificadas pela secret\u00e1ria de Rela\u00e7\u00f5es Internacionais do Governo da presidenta Dilma e militante hist\u00f3rica do PT, Vera Gomes.<\/p>\n<p>\u201cLob\u00e3o Filho n\u00e3o \u00e9 A, B ou C. Sempre foi Dilma ao contr\u00e1rio do outro candidato que muda de colora\u00e7\u00e3o e de pele de acordo com as coniv\u00eancias. Ele \u00e9 um traidor do projeto nacional de continuar a mudar a realidade do nosso pa\u00eds e consolidarmos todos os ganhos da classe trabalhadora. Ele tem que ser desmascarado\u201d, declarou Vera Gomes.<\/p>\n<p>Segundo dirigente petista que o inverno foi deles (do candidato do PCdoB), mas \u201ca primavera \u00e9 nossa com a elei\u00e7\u00e3o de Dilma, Lob\u00e3o Filho e Gast\u00e3o Vieira\u201d.<\/p>\n<p><strong>Agradecimento<\/strong><\/p>\n<p><a href=\"https:\/\/www.blogsoestado.com\/danielmatos\/files\/2014\/09\/lobao-lula2.jpg\"><img decoding=\"async\" class=\"aligncenter size-full wp-image-18978\" src=\"https:\/\/www.blogsoestado.com\/danielmatos\/files\/2014\/09\/lobao-lula2.jpg\" alt=\"lobao lula2\" width=\"640\" height=\"426\" \/><\/a><\/p>\n<p>Ao agradecer o entusiasmo e a confian\u00e7a de vit\u00f3ria do PT e do PMDB no Brasil e no Maranh\u00e3o, o senador Lob\u00e3o Filho ressaltou que \u00e9 um vitorioso, nunca perdeu uma elei\u00e7\u00e3o no Maranh\u00e3o. \u201cSou coordenador da campanha do meu pai (ministro das Minas e Energia, Edison Lob\u00e3o) h\u00e1 32 anos. S\u00e3o quatro vit\u00f3rias para o Senado, duas para deputado federal e uma para governador. Na \u00faltima elei\u00e7\u00e3o foram quase dois milh\u00f5es de votos\u201d, contabilizou.<\/p>\n<p>Lob\u00e3o Filho destacou que ainda que o outro candidato tenta agora esconder que tem o apoio da presidenta Dilma por ela ter tido uma queda moment\u00e2nea nas pesquisas e tenta colocar a sua imagem lado da candidata Marina Silva, depois de tentado enganar o cidad\u00e3o maranhense que tinha o apoio de Dilma e de Lula.<\/p>\n<p>\u201cEle que tamb\u00e9m j\u00e1 traiu a presidenta Dilma ao se aliar no passado a A\u00e9cio Neves. Hoje, ele tamb\u00e9m esconde A\u00e9cio por descer rio abaixo nas pesquisas, como esconde o seu candidato ao Senado, Roberto Rocha, vice prefeito de uma administra\u00e7\u00e3o ca\u00f3tica, a de S\u00e3o Lu\u00eds. O meu palanque sempre foi e sempre ser\u00e1 \u00fanico sejam em que condi\u00e7\u00f5es forem. \u00c9 da presidenta Dilma. Ela pode at\u00e9 ter somente 1% das inten\u00e7\u00f5es de votos\u201d, disse em tom enf\u00e1tico o senador Lob\u00e3o Filho sob aplausos da milit\u00e2ncia do PT.<\/p>\n<p>\u201cN\u00f3s vamos \u00e9 com Lula e Dilma, E vamos vencer. Vamos continuar os avan\u00e7os que j\u00e1 conquistamos. Lula tirou o Brasil da condi\u00e7\u00e3o de terceiro mundismo e o colocou como uma pot\u00eancia mundial. Vamos avan\u00e7ar ainda como Dilma. E, vamos fazer do Maranh\u00e3o um estado exemplo para o pa\u00eds\u201d, finalizou Lob\u00e3o Filho.<\/p>\n<p>Senado &#8211; O deputado federal Gast\u00e3o (PMDB), candidato ao Senado, mencionou que \u00e9 preciso ter coer\u00eancia pol\u00edtica e n\u00e3o ficar mudando de lado ou colora\u00e7\u00e3o. \u201cSempre apoiamos o PT. Precisamos continuar com esse projeto que tirou da faixa de pobreza e colocou no mercado consumidor 45 milh\u00f5es de brasileiros. Estou com Lob\u00e3o Filho por que acredito em seu projeto e tenho convic\u00e7\u00e3o que o Maranh\u00e3o vai trilhar rumo ao seu desenvolvimento econ\u00f4mico com muita justi\u00e7a social\u201d.<\/p>\n<p>O presidente estadual do PT, Raimundo Monteiro, relatou que o partido vai agora intensificar em todo o Estado a campanha para elei\u00e7\u00e3o de Dilma, Lob\u00e3o Filho e Gast\u00e3o Vieira para o Brasil e o Maranh\u00e3o n\u00e3o recuar e sim \u201ccontinuar, de forma progressiva, avan\u00e7ando e consolidando as conquista do povo e dos trabalhadores no Brasil\u201d.<\/p>\n","protected":false},"excerpt":{"rendered":"<p>O ex-presidente Lu\u00eds In\u00e1cio Lula da Silva (PT) confirmou que vir\u00e1 ao Maranh\u00e3o at\u00e9 o dia 15 deste m\u00eas para [&hellip;]<\/p>\n","protected":false},"author":0,"featured_media":0,"comment_status":"open","ping_status":"open","sticky":false,"template":"","format":"standard","meta":{"site-sidebar-layout":"default","site-content-layout":"","ast-site-content-layout":"default","site-content-style":"default","site-sidebar-style":"default","ast-global-header-display":"","ast-banner-title-visibility":"","ast-main-header-display":"","ast-hfb-above-header-display":"","ast-hfb-below-header-display":"","ast-hfb-mobile-header-display":"","site-post-title":"","ast-breadcrumbs-content":"","ast-featured-img":"","footer-sml-layout":"","ast-disable-related-posts":"","theme-transparent-header-meta":"","adv-header-id-meta":"","stick-header-meta":"","header-above-stick-meta":"","header-main-stick-meta":"","header-below-stick-meta":"","astra-migrate-meta-layouts":"default","ast-page-background-enabled":"default","ast-page-background-meta":{"desktop":{"background-color":"var(--ast-global-color-5)","background-image":"","background-repeat":"repeat","background-position":"center center","background-size":"auto","background-attachment":"scroll","background-type":"","background-media":"","overlay-type":"","overlay-color":"","overlay-opacity":"","overlay-gradient":""},"tablet":{"background-color":"","background-image":"","background-repeat":"repeat","background-position":"center center","background-size":"auto","background-attachment":"scroll","background-type":"","background-media":"","overlay-type":"","overlay-color":"","overlay-opacity":"","overlay-gradient":""},"mobile":{"background-color":"","background-image":"","background-repeat":"repeat","background-position":"center center","background-size":"auto","background-attachment":"scroll","background-type":"","background-media":"","overlay-type":"","overlay-color":"","overlay-opacity":"","overlay-gradient":""}},"ast-content-background-meta":{"desktop":{"background-color":"var(--ast-global-color-4)","background-image":"","background-repeat":"repeat","background-position":"center center","background-size":"auto","background-attachment":"scroll","background-type":"","background-media":"","overlay-type":"","overlay-color":"","overlay-opacity":"","overlay-gradient":""},"tablet":{"background-color":"var(--ast-global-color-4)","background-image":"","background-repeat":"repeat","background-position":"center center","background-size":"auto","background-attachment":"scroll","background-type":"","background-media":"","overlay-type":"","overlay-color":"","overlay-opacity":"","overlay-gradient":""},"mobile":{"background-color":"var(--ast-global-color-4)","background-image":"","background-repeat":"repeat","background-position":"center center","background-size":"auto","background-attachment":"scroll","background-type":"","background-media":"","overlay-type":"","overlay-color":"","overlay-opacity":"","overlay-gradient":""}},"footnotes":""},"categories":[1],"tags":[],"class_list":["post-18976","post","type-post","status-publish","format-standard","hentry","category-sem-categoria"],"yoast_head":"<!-- This site is optimized with the Yoast SEO plugin v26.6 - https:\/\/yoast.com\/wordpress\/plugins\/seo\/ -->\n<title>Lula confirma vinda ao Maranh\u00e3o para ato com Lob\u00e3o Filho - Daniel Matos<\/title>\n<meta name=\"robots\" content=\"index, follow, max-snippet:-1, max-image-preview:large, max-video-preview:-1\" \/>\n<link rel=\"canonical\" href=\"https:\/\/www.blogsoestado.com\/danielmatos\/lula-confirma-vinda-ao-maranhao-para-ato-com-lobao-filho\/\" \/>\n<meta property=\"og:locale\" content=\"pt_BR\" \/>\n<meta property=\"og:type\" content=\"article\" \/>\n<meta property=\"og:title\" content=\"Lula confirma vinda ao Maranh\u00e3o para ato com Lob\u00e3o Filho - Daniel Matos\" \/>\n<meta property=\"og:description\" content=\"O ex-presidente Lu\u00eds In\u00e1cio Lula da Silva (PT) confirmou que vir\u00e1 ao Maranh\u00e3o at\u00e9 o dia 15 deste m\u00eas para [&hellip;]\" \/>\n<meta property=\"og:url\" content=\"https:\/\/www.blogsoestado.com\/danielmatos\/lula-confirma-vinda-ao-maranhao-para-ato-com-lobao-filho\/\" \/>\n<meta property=\"og:site_name\" content=\"Daniel Matos\" \/>\n<meta property=\"article:published_time\" content=\"2014-09-01T19:58:33+00:00\" \/>\n<meta property=\"og:image\" content=\"https:\/\/www.blogsoestado.com\/danielmatos\/files\/2014\/09\/lobao-lula.jpg\" \/>\n<meta name=\"twitter:card\" content=\"summary_large_image\" \/>\n<meta name=\"twitter:label1\" content=\"Est. tempo de leitura\" \/>\n\t<meta name=\"twitter:data1\" content=\"4 minutos\" \/>\n<script type=\"application\/ld+json\" class=\"yoast-schema-graph\">{\"@context\":\"https:\/\/schema.org\",\"@graph\":[{\"@type\":\"WebPage\",\"@id\":\"https:\/\/www.blogsoestado.com\/danielmatos\/lula-confirma-vinda-ao-maranhao-para-ato-com-lobao-filho\/\",\"url\":\"https:\/\/www.blogsoestado.com\/danielmatos\/lula-confirma-vinda-ao-maranhao-para-ato-com-lobao-filho\/\",\"name\":\"Lula confirma vinda ao Maranh\u00e3o para ato com Lob\u00e3o Filho - Daniel Matos\",\"isPartOf\":{\"@id\":\"https:\/\/www.blogsoestado.com\/danielmatos\/#website\"},\"primaryImageOfPage\":{\"@id\":\"https:\/\/www.blogsoestado.com\/danielmatos\/lula-confirma-vinda-ao-maranhao-para-ato-com-lobao-filho\/#primaryimage\"},\"image\":{\"@id\":\"https:\/\/www.blogsoestado.com\/danielmatos\/lula-confirma-vinda-ao-maranhao-para-ato-com-lobao-filho\/#primaryimage\"},\"thumbnailUrl\":\"https:\/\/www.blogsoestado.com\/danielmatos\/files\/2014\/09\/lobao-lula.jpg\",\"datePublished\":\"2014-09-01T19:58:33+00:00\",\"author\":{\"@id\":\"\"},\"breadcrumb\":{\"@id\":\"https:\/\/www.blogsoestado.com\/danielmatos\/lula-confirma-vinda-ao-maranhao-para-ato-com-lobao-filho\/#breadcrumb\"},\"inLanguage\":\"pt-BR\",\"potentialAction\":[{\"@type\":\"ReadAction\",\"target\":[\"https:\/\/www.blogsoestado.com\/danielmatos\/lula-confirma-vinda-ao-maranhao-para-ato-com-lobao-filho\/\"]}]},{\"@type\":\"ImageObject\",\"inLanguage\":\"pt-BR\",\"@id\":\"https:\/\/www.blogsoestado.com\/danielmatos\/lula-confirma-vinda-ao-maranhao-para-ato-com-lobao-filho\/#primaryimage\",\"url\":\"https:\/\/www.blogsoestado.com\/danielmatos\/files\/2014\/09\/lobao-lula.jpg\",\"contentUrl\":\"https:\/\/www.blogsoestado.com\/danielmatos\/files\/2014\/09\/lobao-lula.jpg\"},{\"@type\":\"BreadcrumbList\",\"@id\":\"https:\/\/www.blogsoestado.com\/danielmatos\/lula-confirma-vinda-ao-maranhao-para-ato-com-lobao-filho\/#breadcrumb\",\"itemListElement\":[{\"@type\":\"ListItem\",\"position\":1,\"name\":\"In\u00edcio\",\"item\":\"https:\/\/www.blogsoestado.com\/danielmatos\/\"},{\"@type\":\"ListItem\",\"position\":2,\"name\":\"Lula confirma vinda ao Maranh\u00e3o para ato com Lob\u00e3o Filho\"}]},{\"@type\":\"WebSite\",\"@id\":\"https:\/\/www.blogsoestado.com\/danielmatos\/#website\",\"url\":\"https:\/\/www.blogsoestado.com\/danielmatos\/\",\"name\":\"Daniel Matos\",\"description\":\"\",\"potentialAction\":[{\"@type\":\"SearchAction\",\"target\":{\"@type\":\"EntryPoint\",\"urlTemplate\":\"https:\/\/www.blogsoestado.com\/danielmatos\/?s={search_term_string}\"},\"query-input\":{\"@type\":\"PropertyValueSpecification\",\"valueRequired\":true,\"valueName\":\"search_term_string\"}}],\"inLanguage\":\"pt-BR\"}]}<\/script>\n<!-- \/ Yoast SEO plugin. -->","yoast_head_json":{"title":"Lula confirma vinda ao Maranh\u00e3o para ato com Lob\u00e3o Filho - Daniel Matos","robots":{"index":"index","follow":"follow","max-snippet":"max-snippet:-1","max-image-preview":"max-image-preview:large","max-video-preview":"max-video-preview:-1"},"canonical":"https:\/\/www.blogsoestado.com\/danielmatos\/lula-confirma-vinda-ao-maranhao-para-ato-com-lobao-filho\/","og_locale":"pt_BR","og_type":"article","og_title":"Lula confirma vinda ao Maranh\u00e3o para ato com Lob\u00e3o Filho - Daniel Matos","og_description":"O ex-presidente Lu\u00eds In\u00e1cio Lula da Silva (PT) confirmou que vir\u00e1 ao Maranh\u00e3o at\u00e9 o dia 15 deste m\u00eas para [&hellip;]","og_url":"https:\/\/www.blogsoestado.com\/danielmatos\/lula-confirma-vinda-ao-maranhao-para-ato-com-lobao-filho\/","og_site_name":"Daniel Matos","article_published_time":"2014-09-01T19:58:33+00:00","og_image":[{"url":"https:\/\/www.blogsoestado.com\/danielmatos\/files\/2014\/09\/lobao-lula.jpg","type":"","width":"","height":""}],"twitter_card":"summary_large_image","twitter_misc":{"Est. tempo de leitura":"4 minutos"},"schema":{"@context":"https:\/\/schema.org","@graph":[{"@type":"WebPage","@id":"https:\/\/www.blogsoestado.com\/danielmatos\/lula-confirma-vinda-ao-maranhao-para-ato-com-lobao-filho\/","url":"https:\/\/www.blogsoestado.com\/danielmatos\/lula-confirma-vinda-ao-maranhao-para-ato-com-lobao-filho\/","name":"Lula confirma vinda ao Maranh\u00e3o para ato com Lob\u00e3o Filho - Daniel Matos","isPartOf":{"@id":"https:\/\/www.blogsoestado.com\/danielmatos\/#website"},"primaryImageOfPage":{"@id":"https:\/\/www.blogsoestado.com\/danielmatos\/lula-confirma-vinda-ao-maranhao-para-ato-com-lobao-filho\/#primaryimage"},"image":{"@id":"https:\/\/www.blogsoestado.com\/danielmatos\/lula-confirma-vinda-ao-maranhao-para-ato-com-lobao-filho\/#primaryimage"},"thumbnailUrl":"https:\/\/www.blogsoestado.com\/danielmatos\/files\/2014\/09\/lobao-lula.jpg","datePublished":"2014-09-01T19:58:33+00:00","author":{"@id":""},"breadcrumb":{"@id":"https:\/\/www.blogsoestado.com\/danielmatos\/lula-confirma-vinda-ao-maranhao-para-ato-com-lobao-filho\/#breadcrumb"},"inLanguage":"pt-BR","potentialAction":[{"@type":"ReadAction","target":["https:\/\/www.blogsoestado.com\/danielmatos\/lula-confirma-vinda-ao-maranhao-para-ato-com-lobao-filho\/"]}]},{"@type":"ImageObject","inLanguage":"pt-BR","@id":"https:\/\/www.blogsoestado.com\/danielmatos\/lula-confirma-vinda-ao-maranhao-para-ato-com-lobao-filho\/#primaryimage","url":"https:\/\/www.blogsoestado.com\/danielmatos\/files\/2014\/09\/lobao-lula.jpg","contentUrl":"https:\/\/www.blogsoestado.com\/danielmatos\/files\/2014\/09\/lobao-lula.jpg"},{"@type":"BreadcrumbList","@id":"https:\/\/www.blogsoestado.com\/danielmatos\/lula-confirma-vinda-ao-maranhao-para-ato-com-lobao-filho\/#breadcrumb","itemListElement":[{"@type":"ListItem","position":1,"name":"In\u00edcio","item":"https:\/\/www.blogsoestado.com\/danielmatos\/"},{"@type":"ListItem","position":2,"name":"Lula confirma vinda ao Maranh\u00e3o para ato com Lob\u00e3o Filho"}]},{"@type":"WebSite","@id":"https:\/\/www.blogsoestado.com\/danielmatos\/#website","url":"https:\/\/www.blogsoestado.com\/danielmatos\/","name":"Daniel Matos","description":"","potentialAction":[{"@type":"SearchAction","target":{"@type":"EntryPoint","urlTemplate":"https:\/\/www.blogsoestado.com\/danielmatos\/?s={search_term_string}"},"query-input":{"@type":"PropertyValueSpecification","valueRequired":true,"valueName":"search_term_string"}}],"inLanguage":"pt-BR"}]}},"jetpack_featured_media_url":"","_links":{"self":[{"href":"https:\/\/www.blogsoestado.com\/danielmatos\/wp-json\/wp\/v2\/posts\/18976","targetHints":{"allow":["GET"]}}],"collection":[{"href":"https:\/\/www.blogsoestado.com\/danielmatos\/wp-json\/wp\/v2\/posts"}],"about":[{"href":"https:\/\/www.blogsoestado.com\/danielmatos\/wp-json\/wp\/v2\/types\/post"}],"replies":[{"embeddable":true,"href":"https:\/\/www.blogsoestado.com\/danielmatos\/wp-json\/wp\/v2\/comments?post=18976"}],"version-history":[{"count":0,"href":"https:\/\/www.blogsoestado.com\/danielmatos\/wp-json\/wp\/v2\/posts\/18976\/revisions"}],"wp:attachment":[{"href":"https:\/\/www.blogsoestado.com\/danielmatos\/wp-json\/wp\/v2\/media?parent=18976"}],"wp:term":[{"taxonomy":"category","embeddable":true,"href":"https:\/\/www.blogsoestado.com\/danielmatos\/wp-json\/wp\/v2\/categories?post=18976"},{"taxonomy":"post_tag","embeddable":true,"href":"https:\/\/www.blogsoestado.com\/danielmatos\/wp-json\/wp\/v2\/tags?post=18976"}],"curies":[{"name":"wp","href":"https:\/\/api.w.org\/{rel}","templated":true}]}}