{"id":18997,"date":"2014-09-02T16:33:12","date_gmt":"2014-09-02T19:33:12","guid":{"rendered":"https:\/\/www.blogsoestado.com\/danielmatos\/?p=18997"},"modified":"2014-09-02T16:33:12","modified_gmt":"2014-09-02T19:33:12","slug":"prefeitura-de-paco-do-lumiar-incentiva-consumo-de-pescado","status":"publish","type":"post","link":"https:\/\/www.blogsoestado.com\/danielmatos\/prefeitura-de-paco-do-lumiar-incentiva-consumo-de-pescado\/","title":{"rendered":"Prefeitura de Pa\u00e7o do Lumiar incentiva consumo de pescado"},"content":{"rendered":"<figure id=\"attachment_18998\" aria-describedby=\"caption-attachment-18998\" style=\"width: 640px\" class=\"wp-caption aligncenter\"><a href=\"https:\/\/www.blogsoestado.com\/danielmatos\/files\/2014\/09\/semana-pescado.jpg\"><img fetchpriority=\"high\" decoding=\"async\" class=\"size-full wp-image-18998\" src=\"https:\/\/www.blogsoestado.com\/danielmatos\/files\/2014\/09\/semana-pescado.jpg\" alt=\"A a\u00e7\u00e3o faz parte da programa\u00e7\u00e3o da Semana Nacional de incentivo ao Pescado que segue at\u00e9 o dia 14\" width=\"640\" height=\"480\" \/><\/a><figcaption id=\"caption-attachment-18998\" class=\"wp-caption-text\">A a\u00e7\u00e3o faz parte da programa\u00e7\u00e3o da Semana Nacional de incentivo ao Pescado, que segue at\u00e9 o dia 14<\/figcaption><\/figure>\n<p>\u201cPescado: d\u00e1 \u00e1gua na boca e faz bem pra a sa\u00fade\u201d. Este \u00e9 o slogan da Semana Nacional de Incentivo ao consumo do Pescado, que come\u00e7ou nesta segunda-feira, 01, e segue at\u00e9 dia 14. Em Pa\u00e7o do Lumiar, a programa\u00e7\u00e3o ser\u00e1 nos dias 10 e 11 e vai contar com eventos gastron\u00f4micos de degusta\u00e7\u00e3o na pra\u00e7a, mostra do artesanato das marisqueiras e outras mobiliza\u00e7\u00f5es.<\/p>\n<p>De acordo com a secret\u00e1ria Municipal de Agricultura, Rosany Aranha, esta ser\u00e1 uma data para comemorar e marcar\u00e1 a entrega de registro de alguns pescadores. \u201cDurante a Semana, 200 pescadores v\u00e3o receber seu Registro Geral de Pesca &#8211; RGP\u201d, informou.<\/p>\n<p>A promo\u00e7\u00e3o da Semana \u00e9 do Minist\u00e9rio da Pesca e Aquicultura e tem como objetivo incentivar o consumo de pescado no Pa\u00eds. Atualmente, a m\u00e9dia de consumo de pescado da popula\u00e7\u00e3o brasileira est\u00e1 por volta de 9kg\/habitante\/ano. O recomendado pela Organiza\u00e7\u00e3o Mundial da Sa\u00fade \u00e9 de 12kg\/habitante\/ano.<\/p>\n<p>A campanha tamb\u00e9m promove a integra\u00e7\u00e3o de produtores e demais elos da cadeia de comercializa\u00e7\u00e3o por meio da realiza\u00e7\u00e3o de reuni\u00f5es preparat\u00f3rias e da redu\u00e7\u00e3o de pre\u00e7os.<\/p>\n<p>Para este ano, a campanha inclui a participa\u00e7\u00e3o das prefeituras municipais, sindicatos, associa\u00e7\u00f5es de pescadores.<\/p>\n","protected":false},"excerpt":{"rendered":"<p>\u201cPescado: d\u00e1 \u00e1gua na boca e faz bem pra a sa\u00fade\u201d. Este \u00e9 o slogan da Semana Nacional de Incentivo [&hellip;]<\/p>\n","protected":false},"author":0,"featured_media":0,"comment_status":"open","ping_status":"open","sticky":false,"template":"","format":"standard","meta":{"site-sidebar-layout":"default","site-content-layout":"","ast-site-content-layout":"default","site-content-style":"default","site-sidebar-style":"default","ast-global-header-display":"","ast-banner-title-visibility":"","ast-main-header-display":"","ast-hfb-above-header-display":"","ast-hfb-below-header-display":"","ast-hfb-mobile-header-display":"","site-post-title":"","ast-breadcrumbs-content":"","ast-featured-img":"","footer-sml-layout":"","ast-disable-related-posts":"","theme-transparent-header-meta":"","adv-header-id-meta":"","stick-header-meta":"","header-above-stick-meta":"","header-main-stick-meta":"","header-below-stick-meta":"","astra-migrate-meta-layouts":"default","ast-page-background-enabled":"default","ast-page-background-meta":{"desktop":{"background-color":"var(--ast-global-color-5)","background-image":"","background-repeat":"repeat","background-position":"center center","background-size":"auto","background-attachment":"scroll","background-type":"","background-media":"","overlay-type":"","overlay-color":"","overlay-opacity":"","overlay-gradient":""},"tablet":{"background-color":"","background-image":"","background-repeat":"repeat","background-position":"center center","background-size":"auto","background-attachment":"scroll","background-type":"","background-media":"","overlay-type":"","overlay-color":"","overlay-opacity":"","overlay-gradient":""},"mobile":{"background-color":"","background-image":"","background-repeat":"repeat","background-position":"center center","background-size":"auto","background-attachment":"scroll","background-type":"","background-media":"","overlay-type":"","overlay-color":"","overlay-opacity":"","overlay-gradient":""}},"ast-content-background-meta":{"desktop":{"background-color":"var(--ast-global-color-4)","background-image":"","background-repeat":"repeat","background-position":"center center","background-size":"auto","background-attachment":"scroll","background-type":"","background-media":"","overlay-type":"","overlay-color":"","overlay-opacity":"","overlay-gradient":""},"tablet":{"background-color":"var(--ast-global-color-4)","background-image":"","background-repeat":"repeat","background-position":"center center","background-size":"auto","background-attachment":"scroll","background-type":"","background-media":"","overlay-type":"","overlay-color":"","overlay-opacity":"","overlay-gradient":""},"mobile":{"background-color":"var(--ast-global-color-4)","background-image":"","background-repeat":"repeat","background-position":"center center","background-size":"auto","background-attachment":"scroll","background-type":"","background-media":"","overlay-type":"","overlay-color":"","overlay-opacity":"","overlay-gradient":""}},"footnotes":""},"categories":[1],"tags":[],"class_list":["post-18997","post","type-post","status-publish","format-standard","hentry","category-sem-categoria"],"yoast_head":"<!-- This site is optimized with the Yoast SEO plugin v26.6 - https:\/\/yoast.com\/wordpress\/plugins\/seo\/ -->\n<title>Prefeitura de Pa\u00e7o do Lumiar incentiva consumo de pescado - Daniel Matos<\/title>\n<meta name=\"robots\" content=\"index, follow, max-snippet:-1, max-image-preview:large, max-video-preview:-1\" \/>\n<link rel=\"canonical\" href=\"https:\/\/www.blogsoestado.com\/danielmatos\/prefeitura-de-paco-do-lumiar-incentiva-consumo-de-pescado\/\" \/>\n<meta property=\"og:locale\" content=\"pt_BR\" \/>\n<meta property=\"og:type\" content=\"article\" \/>\n<meta property=\"og:title\" content=\"Prefeitura de Pa\u00e7o do Lumiar incentiva consumo de pescado - Daniel Matos\" \/>\n<meta property=\"og:description\" content=\"\u201cPescado: d\u00e1 \u00e1gua na boca e faz bem pra a sa\u00fade\u201d. Este \u00e9 o slogan da Semana Nacional de Incentivo [&hellip;]\" \/>\n<meta property=\"og:url\" content=\"https:\/\/www.blogsoestado.com\/danielmatos\/prefeitura-de-paco-do-lumiar-incentiva-consumo-de-pescado\/\" \/>\n<meta property=\"og:site_name\" content=\"Daniel Matos\" \/>\n<meta property=\"article:published_time\" content=\"2014-09-02T19:33:12+00:00\" \/>\n<meta property=\"og:image\" content=\"https:\/\/www.blogsoestado.com\/danielmatos\/files\/2014\/09\/semana-pescado.jpg\" \/>\n<meta name=\"twitter:card\" content=\"summary_large_image\" \/>\n<meta name=\"twitter:label1\" content=\"Est. tempo de leitura\" \/>\n\t<meta name=\"twitter:data1\" content=\"1 minuto\" \/>\n<script type=\"application\/ld+json\" class=\"yoast-schema-graph\">{\"@context\":\"https:\/\/schema.org\",\"@graph\":[{\"@type\":\"WebPage\",\"@id\":\"https:\/\/www.blogsoestado.com\/danielmatos\/prefeitura-de-paco-do-lumiar-incentiva-consumo-de-pescado\/\",\"url\":\"https:\/\/www.blogsoestado.com\/danielmatos\/prefeitura-de-paco-do-lumiar-incentiva-consumo-de-pescado\/\",\"name\":\"Prefeitura de Pa\u00e7o do Lumiar incentiva consumo de pescado - Daniel Matos\",\"isPartOf\":{\"@id\":\"https:\/\/www.blogsoestado.com\/danielmatos\/#website\"},\"primaryImageOfPage\":{\"@id\":\"https:\/\/www.blogsoestado.com\/danielmatos\/prefeitura-de-paco-do-lumiar-incentiva-consumo-de-pescado\/#primaryimage\"},\"image\":{\"@id\":\"https:\/\/www.blogsoestado.com\/danielmatos\/prefeitura-de-paco-do-lumiar-incentiva-consumo-de-pescado\/#primaryimage\"},\"thumbnailUrl\":\"https:\/\/www.blogsoestado.com\/danielmatos\/files\/2014\/09\/semana-pescado.jpg\",\"datePublished\":\"2014-09-02T19:33:12+00:00\",\"author\":{\"@id\":\"\"},\"breadcrumb\":{\"@id\":\"https:\/\/www.blogsoestado.com\/danielmatos\/prefeitura-de-paco-do-lumiar-incentiva-consumo-de-pescado\/#breadcrumb\"},\"inLanguage\":\"pt-BR\",\"potentialAction\":[{\"@type\":\"ReadAction\",\"target\":[\"https:\/\/www.blogsoestado.com\/danielmatos\/prefeitura-de-paco-do-lumiar-incentiva-consumo-de-pescado\/\"]}]},{\"@type\":\"ImageObject\",\"inLanguage\":\"pt-BR\",\"@id\":\"https:\/\/www.blogsoestado.com\/danielmatos\/prefeitura-de-paco-do-lumiar-incentiva-consumo-de-pescado\/#primaryimage\",\"url\":\"https:\/\/www.blogsoestado.com\/danielmatos\/files\/2014\/09\/semana-pescado.jpg\",\"contentUrl\":\"https:\/\/www.blogsoestado.com\/danielmatos\/files\/2014\/09\/semana-pescado.jpg\"},{\"@type\":\"BreadcrumbList\",\"@id\":\"https:\/\/www.blogsoestado.com\/danielmatos\/prefeitura-de-paco-do-lumiar-incentiva-consumo-de-pescado\/#breadcrumb\",\"itemListElement\":[{\"@type\":\"ListItem\",\"position\":1,\"name\":\"In\u00edcio\",\"item\":\"https:\/\/www.blogsoestado.com\/danielmatos\/\"},{\"@type\":\"ListItem\",\"position\":2,\"name\":\"Prefeitura de Pa\u00e7o do Lumiar incentiva consumo de pescado\"}]},{\"@type\":\"WebSite\",\"@id\":\"https:\/\/www.blogsoestado.com\/danielmatos\/#website\",\"url\":\"https:\/\/www.blogsoestado.com\/danielmatos\/\",\"name\":\"Daniel Matos\",\"description\":\"\",\"potentialAction\":[{\"@type\":\"SearchAction\",\"target\":{\"@type\":\"EntryPoint\",\"urlTemplate\":\"https:\/\/www.blogsoestado.com\/danielmatos\/?s={search_term_string}\"},\"query-input\":{\"@type\":\"PropertyValueSpecification\",\"valueRequired\":true,\"valueName\":\"search_term_string\"}}],\"inLanguage\":\"pt-BR\"}]}<\/script>\n<!-- \/ Yoast SEO plugin. -->","yoast_head_json":{"title":"Prefeitura de Pa\u00e7o do Lumiar incentiva consumo de pescado - Daniel Matos","robots":{"index":"index","follow":"follow","max-snippet":"max-snippet:-1","max-image-preview":"max-image-preview:large","max-video-preview":"max-video-preview:-1"},"canonical":"https:\/\/www.blogsoestado.com\/danielmatos\/prefeitura-de-paco-do-lumiar-incentiva-consumo-de-pescado\/","og_locale":"pt_BR","og_type":"article","og_title":"Prefeitura de Pa\u00e7o do Lumiar incentiva consumo de pescado - Daniel Matos","og_description":"\u201cPescado: d\u00e1 \u00e1gua na boca e faz bem pra a sa\u00fade\u201d. Este \u00e9 o slogan da Semana Nacional de Incentivo [&hellip;]","og_url":"https:\/\/www.blogsoestado.com\/danielmatos\/prefeitura-de-paco-do-lumiar-incentiva-consumo-de-pescado\/","og_site_name":"Daniel Matos","article_published_time":"2014-09-02T19:33:12+00:00","og_image":[{"url":"https:\/\/www.blogsoestado.com\/danielmatos\/files\/2014\/09\/semana-pescado.jpg","type":"","width":"","height":""}],"twitter_card":"summary_large_image","twitter_misc":{"Est. tempo de leitura":"1 minuto"},"schema":{"@context":"https:\/\/schema.org","@graph":[{"@type":"WebPage","@id":"https:\/\/www.blogsoestado.com\/danielmatos\/prefeitura-de-paco-do-lumiar-incentiva-consumo-de-pescado\/","url":"https:\/\/www.blogsoestado.com\/danielmatos\/prefeitura-de-paco-do-lumiar-incentiva-consumo-de-pescado\/","name":"Prefeitura de Pa\u00e7o do Lumiar incentiva consumo de pescado - Daniel Matos","isPartOf":{"@id":"https:\/\/www.blogsoestado.com\/danielmatos\/#website"},"primaryImageOfPage":{"@id":"https:\/\/www.blogsoestado.com\/danielmatos\/prefeitura-de-paco-do-lumiar-incentiva-consumo-de-pescado\/#primaryimage"},"image":{"@id":"https:\/\/www.blogsoestado.com\/danielmatos\/prefeitura-de-paco-do-lumiar-incentiva-consumo-de-pescado\/#primaryimage"},"thumbnailUrl":"https:\/\/www.blogsoestado.com\/danielmatos\/files\/2014\/09\/semana-pescado.jpg","datePublished":"2014-09-02T19:33:12+00:00","author":{"@id":""},"breadcrumb":{"@id":"https:\/\/www.blogsoestado.com\/danielmatos\/prefeitura-de-paco-do-lumiar-incentiva-consumo-de-pescado\/#breadcrumb"},"inLanguage":"pt-BR","potentialAction":[{"@type":"ReadAction","target":["https:\/\/www.blogsoestado.com\/danielmatos\/prefeitura-de-paco-do-lumiar-incentiva-consumo-de-pescado\/"]}]},{"@type":"ImageObject","inLanguage":"pt-BR","@id":"https:\/\/www.blogsoestado.com\/danielmatos\/prefeitura-de-paco-do-lumiar-incentiva-consumo-de-pescado\/#primaryimage","url":"https:\/\/www.blogsoestado.com\/danielmatos\/files\/2014\/09\/semana-pescado.jpg","contentUrl":"https:\/\/www.blogsoestado.com\/danielmatos\/files\/2014\/09\/semana-pescado.jpg"},{"@type":"BreadcrumbList","@id":"https:\/\/www.blogsoestado.com\/danielmatos\/prefeitura-de-paco-do-lumiar-incentiva-consumo-de-pescado\/#breadcrumb","itemListElement":[{"@type":"ListItem","position":1,"name":"In\u00edcio","item":"https:\/\/www.blogsoestado.com\/danielmatos\/"},{"@type":"ListItem","position":2,"name":"Prefeitura de Pa\u00e7o do Lumiar incentiva consumo de pescado"}]},{"@type":"WebSite","@id":"https:\/\/www.blogsoestado.com\/danielmatos\/#website","url":"https:\/\/www.blogsoestado.com\/danielmatos\/","name":"Daniel Matos","description":"","potentialAction":[{"@type":"SearchAction","target":{"@type":"EntryPoint","urlTemplate":"https:\/\/www.blogsoestado.com\/danielmatos\/?s={search_term_string}"},"query-input":{"@type":"PropertyValueSpecification","valueRequired":true,"valueName":"search_term_string"}}],"inLanguage":"pt-BR"}]}},"jetpack_featured_media_url":"","_links":{"self":[{"href":"https:\/\/www.blogsoestado.com\/danielmatos\/wp-json\/wp\/v2\/posts\/18997","targetHints":{"allow":["GET"]}}],"collection":[{"href":"https:\/\/www.blogsoestado.com\/danielmatos\/wp-json\/wp\/v2\/posts"}],"about":[{"href":"https:\/\/www.blogsoestado.com\/danielmatos\/wp-json\/wp\/v2\/types\/post"}],"replies":[{"embeddable":true,"href":"https:\/\/www.blogsoestado.com\/danielmatos\/wp-json\/wp\/v2\/comments?post=18997"}],"version-history":[{"count":0,"href":"https:\/\/www.blogsoestado.com\/danielmatos\/wp-json\/wp\/v2\/posts\/18997\/revisions"}],"wp:attachment":[{"href":"https:\/\/www.blogsoestado.com\/danielmatos\/wp-json\/wp\/v2\/media?parent=18997"}],"wp:term":[{"taxonomy":"category","embeddable":true,"href":"https:\/\/www.blogsoestado.com\/danielmatos\/wp-json\/wp\/v2\/categories?post=18997"},{"taxonomy":"post_tag","embeddable":true,"href":"https:\/\/www.blogsoestado.com\/danielmatos\/wp-json\/wp\/v2\/tags?post=18997"}],"curies":[{"name":"wp","href":"https:\/\/api.w.org\/{rel}","templated":true}]}}