{"id":19004,"date":"2014-09-03T08:16:34","date_gmt":"2014-09-03T11:16:34","guid":{"rendered":"https:\/\/www.blogsoestado.com\/danielmatos\/?p=19004"},"modified":"2014-09-03T08:16:34","modified_gmt":"2014-09-03T11:16:34","slug":"justica-mantem-ordem-para-desconto-em-folha-e-processos-contra-grevistas","status":"publish","type":"post","link":"https:\/\/www.blogsoestado.com\/danielmatos\/justica-mantem-ordem-para-desconto-em-folha-e-processos-contra-grevistas\/","title":{"rendered":"Justi\u00e7a mant\u00e9m ordem para desconto em folha e processos contra grevistas"},"content":{"rendered":"<p>O Tribunal de Justi\u00e7a do Maranh\u00e3o (TJMA) extinguiu, atrav\u00e9s da relatoria do desembargador Ant\u00f4nio Guerreiro J\u00fanior, sem resolu\u00e7\u00e3o de m\u00e9rito, a\u00e7\u00e3o com pedido de medida cautelar ajuizada pelo Sindicato dos Profissionais do Ensino P\u00fablico Municipal de S\u00e3o Lu\u00eds (Sindeduca\u00e7\u00e3o) contra Munic\u00edpio de S\u00e3o Lu\u00eds. O TJMA entendeu inadequada a via eleita pelo Sindeduca\u00e7\u00e3o para fazer tal solicita\u00e7\u00e3o.<\/p>\n<p>O sindicato pleiteava \u00e0 Justi\u00e7a que proibisse o Munic\u00edpio de proceder ao desconto nos vencimentos dos servidores em greve, bem como instaurar qualquer procedimento administrativo que tivesse por fundamento a aus\u00eancia de trabalho por ades\u00e3o \u00e0 greve, at\u00e9 o tr\u00e2nsito em julgado da decis\u00e3o final na a\u00e7\u00e3o principal, sob pena de multa di\u00e1ria no valor de R$ 5 mil.<\/p>\n<p>\u201c\u00c9 que a insurg\u00eancia do requerente atine \u00e0 decis\u00e3o liminar proferida nos autos da A\u00e7\u00e3o Ordin\u00e1ria n\u00ba 20.836\/2014, impugnada tanto por embargos de declara\u00e7\u00e3o quanto por agravo regimental. Em ambos os recursos, rejeitei as teses do sindicato ali expostas, que ora se repetem na presente demanda. Ou seja, o autor utiliza a medida cautelar como suced\u00e2neo recursal, o que n\u00e3o pode ser admitido\u201d, afirmou o desembargador em sua argumenta\u00e7\u00e3o sobre o pedido do Sindicato.<\/p>\n<p>Para o procurador geral do Munic\u00edpio, Marcos Braid, o Sindeduca\u00e7\u00e3o deveria cumprir as determina\u00e7\u00f5es judiciais. \u201cO Sindicato deveria buscar cumprir as determina\u00e7\u00f5es judiciais, ao inv\u00e9s de protelar o feito, com o manejo de incidentes manifestamente desprovidos de fundamento\u201d, declarou.<\/p>\n<p><strong>Fonte:<\/strong> Secretaria Municipal de Comunica\u00e7\u00e3o (Secom)<\/p>\n","protected":false},"excerpt":{"rendered":"<p>O Tribunal de Justi\u00e7a do Maranh\u00e3o (TJMA) extinguiu, atrav\u00e9s da relatoria do desembargador Ant\u00f4nio Guerreiro J\u00fanior, sem resolu\u00e7\u00e3o de m\u00e9rito, [&hellip;]<\/p>\n","protected":false},"author":0,"featured_media":0,"comment_status":"open","ping_status":"open","sticky":false,"template":"","format":"standard","meta":{"site-sidebar-layout":"default","site-content-layout":"","ast-site-content-layout":"default","site-content-style":"default","site-sidebar-style":"default","ast-global-header-display":"","ast-banner-title-visibility":"","ast-main-header-display":"","ast-hfb-above-header-display":"","ast-hfb-below-header-display":"","ast-hfb-mobile-header-display":"","site-post-title":"","ast-breadcrumbs-content":"","ast-featured-img":"","footer-sml-layout":"","ast-disable-related-posts":"","theme-transparent-header-meta":"","adv-header-id-meta":"","stick-header-meta":"","header-above-stick-meta":"","header-main-stick-meta":"","header-below-stick-meta":"","astra-migrate-meta-layouts":"default","ast-page-background-enabled":"default","ast-page-background-meta":{"desktop":{"background-color":"var(--ast-global-color-5)","background-image":"","background-repeat":"repeat","background-position":"center center","background-size":"auto","background-attachment":"scroll","background-type":"","background-media":"","overlay-type":"","overlay-color":"","overlay-opacity":"","overlay-gradient":""},"tablet":{"background-color":"","background-image":"","background-repeat":"repeat","background-position":"center center","background-size":"auto","background-attachment":"scroll","background-type":"","background-media":"","overlay-type":"","overlay-color":"","overlay-opacity":"","overlay-gradient":""},"mobile":{"background-color":"","background-image":"","background-repeat":"repeat","background-position":"center center","background-size":"auto","background-attachment":"scroll","background-type":"","background-media":"","overlay-type":"","overlay-color":"","overlay-opacity":"","overlay-gradient":""}},"ast-content-background-meta":{"desktop":{"background-color":"var(--ast-global-color-4)","background-image":"","background-repeat":"repeat","background-position":"center center","background-size":"auto","background-attachment":"scroll","background-type":"","background-media":"","overlay-type":"","overlay-color":"","overlay-opacity":"","overlay-gradient":""},"tablet":{"background-color":"var(--ast-global-color-4)","background-image":"","background-repeat":"repeat","background-position":"center center","background-size":"auto","background-attachment":"scroll","background-type":"","background-media":"","overlay-type":"","overlay-color":"","overlay-opacity":"","overlay-gradient":""},"mobile":{"background-color":"var(--ast-global-color-4)","background-image":"","background-repeat":"repeat","background-position":"center center","background-size":"auto","background-attachment":"scroll","background-type":"","background-media":"","overlay-type":"","overlay-color":"","overlay-opacity":"","overlay-gradient":""}},"footnotes":""},"categories":[1],"tags":[],"class_list":["post-19004","post","type-post","status-publish","format-standard","hentry","category-sem-categoria"],"yoast_head":"<!-- This site is optimized with the Yoast SEO plugin v26.6 - https:\/\/yoast.com\/wordpress\/plugins\/seo\/ -->\n<title>Justi\u00e7a mant\u00e9m ordem para desconto em folha e processos contra grevistas - Daniel Matos<\/title>\n<meta name=\"robots\" content=\"index, follow, max-snippet:-1, max-image-preview:large, max-video-preview:-1\" \/>\n<link rel=\"canonical\" href=\"https:\/\/www.blogsoestado.com\/danielmatos\/justica-mantem-ordem-para-desconto-em-folha-e-processos-contra-grevistas\/\" \/>\n<meta property=\"og:locale\" content=\"pt_BR\" \/>\n<meta property=\"og:type\" content=\"article\" \/>\n<meta property=\"og:title\" content=\"Justi\u00e7a mant\u00e9m ordem para desconto em folha e processos contra grevistas - Daniel Matos\" \/>\n<meta property=\"og:description\" content=\"O Tribunal de Justi\u00e7a do Maranh\u00e3o (TJMA) extinguiu, atrav\u00e9s da relatoria do desembargador Ant\u00f4nio Guerreiro J\u00fanior, sem resolu\u00e7\u00e3o de m\u00e9rito, [&hellip;]\" \/>\n<meta property=\"og:url\" content=\"https:\/\/www.blogsoestado.com\/danielmatos\/justica-mantem-ordem-para-desconto-em-folha-e-processos-contra-grevistas\/\" \/>\n<meta property=\"og:site_name\" content=\"Daniel Matos\" \/>\n<meta property=\"article:published_time\" content=\"2014-09-03T11:16:34+00:00\" \/>\n<meta name=\"twitter:card\" content=\"summary_large_image\" \/>\n<meta name=\"twitter:label1\" content=\"Est. tempo de leitura\" \/>\n\t<meta name=\"twitter:data1\" content=\"1 minuto\" \/>\n<script type=\"application\/ld+json\" class=\"yoast-schema-graph\">{\"@context\":\"https:\/\/schema.org\",\"@graph\":[{\"@type\":\"WebPage\",\"@id\":\"https:\/\/www.blogsoestado.com\/danielmatos\/justica-mantem-ordem-para-desconto-em-folha-e-processos-contra-grevistas\/\",\"url\":\"https:\/\/www.blogsoestado.com\/danielmatos\/justica-mantem-ordem-para-desconto-em-folha-e-processos-contra-grevistas\/\",\"name\":\"Justi\u00e7a mant\u00e9m ordem para desconto em folha e processos contra grevistas - Daniel Matos\",\"isPartOf\":{\"@id\":\"https:\/\/www.blogsoestado.com\/danielmatos\/#website\"},\"datePublished\":\"2014-09-03T11:16:34+00:00\",\"author\":{\"@id\":\"\"},\"breadcrumb\":{\"@id\":\"https:\/\/www.blogsoestado.com\/danielmatos\/justica-mantem-ordem-para-desconto-em-folha-e-processos-contra-grevistas\/#breadcrumb\"},\"inLanguage\":\"pt-BR\",\"potentialAction\":[{\"@type\":\"ReadAction\",\"target\":[\"https:\/\/www.blogsoestado.com\/danielmatos\/justica-mantem-ordem-para-desconto-em-folha-e-processos-contra-grevistas\/\"]}]},{\"@type\":\"BreadcrumbList\",\"@id\":\"https:\/\/www.blogsoestado.com\/danielmatos\/justica-mantem-ordem-para-desconto-em-folha-e-processos-contra-grevistas\/#breadcrumb\",\"itemListElement\":[{\"@type\":\"ListItem\",\"position\":1,\"name\":\"In\u00edcio\",\"item\":\"https:\/\/www.blogsoestado.com\/danielmatos\/\"},{\"@type\":\"ListItem\",\"position\":2,\"name\":\"Justi\u00e7a mant\u00e9m ordem para desconto em folha e processos contra grevistas\"}]},{\"@type\":\"WebSite\",\"@id\":\"https:\/\/www.blogsoestado.com\/danielmatos\/#website\",\"url\":\"https:\/\/www.blogsoestado.com\/danielmatos\/\",\"name\":\"Daniel Matos\",\"description\":\"\",\"potentialAction\":[{\"@type\":\"SearchAction\",\"target\":{\"@type\":\"EntryPoint\",\"urlTemplate\":\"https:\/\/www.blogsoestado.com\/danielmatos\/?s={search_term_string}\"},\"query-input\":{\"@type\":\"PropertyValueSpecification\",\"valueRequired\":true,\"valueName\":\"search_term_string\"}}],\"inLanguage\":\"pt-BR\"}]}<\/script>\n<!-- \/ Yoast SEO plugin. -->","yoast_head_json":{"title":"Justi\u00e7a mant\u00e9m ordem para desconto em folha e processos contra grevistas - Daniel Matos","robots":{"index":"index","follow":"follow","max-snippet":"max-snippet:-1","max-image-preview":"max-image-preview:large","max-video-preview":"max-video-preview:-1"},"canonical":"https:\/\/www.blogsoestado.com\/danielmatos\/justica-mantem-ordem-para-desconto-em-folha-e-processos-contra-grevistas\/","og_locale":"pt_BR","og_type":"article","og_title":"Justi\u00e7a mant\u00e9m ordem para desconto em folha e processos contra grevistas - Daniel Matos","og_description":"O Tribunal de Justi\u00e7a do Maranh\u00e3o (TJMA) extinguiu, atrav\u00e9s da relatoria do desembargador Ant\u00f4nio Guerreiro J\u00fanior, sem resolu\u00e7\u00e3o de m\u00e9rito, [&hellip;]","og_url":"https:\/\/www.blogsoestado.com\/danielmatos\/justica-mantem-ordem-para-desconto-em-folha-e-processos-contra-grevistas\/","og_site_name":"Daniel Matos","article_published_time":"2014-09-03T11:16:34+00:00","twitter_card":"summary_large_image","twitter_misc":{"Est. tempo de leitura":"1 minuto"},"schema":{"@context":"https:\/\/schema.org","@graph":[{"@type":"WebPage","@id":"https:\/\/www.blogsoestado.com\/danielmatos\/justica-mantem-ordem-para-desconto-em-folha-e-processos-contra-grevistas\/","url":"https:\/\/www.blogsoestado.com\/danielmatos\/justica-mantem-ordem-para-desconto-em-folha-e-processos-contra-grevistas\/","name":"Justi\u00e7a mant\u00e9m ordem para desconto em folha e processos contra grevistas - Daniel Matos","isPartOf":{"@id":"https:\/\/www.blogsoestado.com\/danielmatos\/#website"},"datePublished":"2014-09-03T11:16:34+00:00","author":{"@id":""},"breadcrumb":{"@id":"https:\/\/www.blogsoestado.com\/danielmatos\/justica-mantem-ordem-para-desconto-em-folha-e-processos-contra-grevistas\/#breadcrumb"},"inLanguage":"pt-BR","potentialAction":[{"@type":"ReadAction","target":["https:\/\/www.blogsoestado.com\/danielmatos\/justica-mantem-ordem-para-desconto-em-folha-e-processos-contra-grevistas\/"]}]},{"@type":"BreadcrumbList","@id":"https:\/\/www.blogsoestado.com\/danielmatos\/justica-mantem-ordem-para-desconto-em-folha-e-processos-contra-grevistas\/#breadcrumb","itemListElement":[{"@type":"ListItem","position":1,"name":"In\u00edcio","item":"https:\/\/www.blogsoestado.com\/danielmatos\/"},{"@type":"ListItem","position":2,"name":"Justi\u00e7a mant\u00e9m ordem para desconto em folha e processos contra grevistas"}]},{"@type":"WebSite","@id":"https:\/\/www.blogsoestado.com\/danielmatos\/#website","url":"https:\/\/www.blogsoestado.com\/danielmatos\/","name":"Daniel Matos","description":"","potentialAction":[{"@type":"SearchAction","target":{"@type":"EntryPoint","urlTemplate":"https:\/\/www.blogsoestado.com\/danielmatos\/?s={search_term_string}"},"query-input":{"@type":"PropertyValueSpecification","valueRequired":true,"valueName":"search_term_string"}}],"inLanguage":"pt-BR"}]}},"jetpack_featured_media_url":"","_links":{"self":[{"href":"https:\/\/www.blogsoestado.com\/danielmatos\/wp-json\/wp\/v2\/posts\/19004","targetHints":{"allow":["GET"]}}],"collection":[{"href":"https:\/\/www.blogsoestado.com\/danielmatos\/wp-json\/wp\/v2\/posts"}],"about":[{"href":"https:\/\/www.blogsoestado.com\/danielmatos\/wp-json\/wp\/v2\/types\/post"}],"replies":[{"embeddable":true,"href":"https:\/\/www.blogsoestado.com\/danielmatos\/wp-json\/wp\/v2\/comments?post=19004"}],"version-history":[{"count":0,"href":"https:\/\/www.blogsoestado.com\/danielmatos\/wp-json\/wp\/v2\/posts\/19004\/revisions"}],"wp:attachment":[{"href":"https:\/\/www.blogsoestado.com\/danielmatos\/wp-json\/wp\/v2\/media?parent=19004"}],"wp:term":[{"taxonomy":"category","embeddable":true,"href":"https:\/\/www.blogsoestado.com\/danielmatos\/wp-json\/wp\/v2\/categories?post=19004"},{"taxonomy":"post_tag","embeddable":true,"href":"https:\/\/www.blogsoestado.com\/danielmatos\/wp-json\/wp\/v2\/tags?post=19004"}],"curies":[{"name":"wp","href":"https:\/\/api.w.org\/{rel}","templated":true}]}}