{"id":19010,"date":"2014-09-03T09:36:05","date_gmt":"2014-09-03T12:36:05","guid":{"rendered":"https:\/\/www.blogsoestado.com\/danielmatos\/?p=19010"},"modified":"2014-09-03T09:36:05","modified_gmt":"2014-09-03T12:36:05","slug":"vereadores-de-sao-luis-e-liderancas-da-vila-palmeira-apoiam-lobao-filho","status":"publish","type":"post","link":"https:\/\/www.blogsoestado.com\/danielmatos\/vereadores-de-sao-luis-e-liderancas-da-vila-palmeira-apoiam-lobao-filho\/","title":{"rendered":"Vereadores de S\u00e3o Lu\u00eds e lideran\u00e7as da Vila Palmeira apoiam Lob\u00e3o Filho"},"content":{"rendered":"<figure id=\"attachment_19011\" aria-describedby=\"caption-attachment-19011\" style=\"width: 640px\" class=\"wp-caption aligncenter\"><a href=\"https:\/\/www.blogsoestado.com\/danielmatos\/files\/2014\/09\/lobao-vp.jpg\"><img fetchpriority=\"high\" decoding=\"async\" class=\"size-full wp-image-19011\" src=\"https:\/\/www.blogsoestado.com\/danielmatos\/files\/2014\/09\/lobao-vp.jpg\" alt=\"Lob\u00e3o Filho \u00e9 abra\u00e7ado por eleitor durante caminhada na Vila Palmeira\" width=\"640\" height=\"425\" \/><\/a><figcaption id=\"caption-attachment-19011\" class=\"wp-caption-text\">Lob\u00e3o Filho \u00e9 abra\u00e7ado por eleitor durante caminhada na Vila Palmeira (<strong>Fotos:<\/strong> Biaman Prado)<\/figcaption><\/figure>\n<p>Vereadores, lideran\u00e7as pol\u00edticas e moradores da Vila Palmeira demonstraram, durante a caminhada na Vila Palmeira, total apoio ao candidato da coliga\u00e7\u00e3o \u201cPra Frente Maranh\u00e3o\u201d. Lob\u00e3o Filho (PMDB), ao Governo do Maranh\u00e3o. O presidente da C\u00e2mara Municipal de S\u00e3o Lu\u00eds, Astro de Ogum, ajudou na organiza\u00e7\u00e3o do ato pol\u00edtico que contou ainda com a participa\u00e7\u00e3o dos vereadores Beto Castro, Barbara Soeiro, Romulo Franco, Sebasti\u00e3o Albuquerque, Nato, Armando Costa, Chico Carvalho e Pereirinha.<\/p>\n<p>\u201cO sucesso dessa caminhada, com a participa\u00e7\u00e3o de muitos moradores deixa claro que o bairro da Vila Palmeira est\u00e1 com Lob\u00e3o Filho. Vamos continuar trabalhando para eleg\u00ea-lo governador do Estado\u201d, disse o vereador Astro de Ogum, presidente da C\u00e2mara de S\u00e3o Lu\u00eds.<\/p>\n<figure id=\"attachment_19012\" aria-describedby=\"caption-attachment-19012\" style=\"width: 640px\" class=\"wp-caption aligncenter\"><a href=\"https:\/\/www.blogsoestado.com\/danielmatos\/files\/2014\/09\/lobao-vp2.jpg\"><img decoding=\"async\" class=\"size-full wp-image-19012\" src=\"https:\/\/www.blogsoestado.com\/danielmatos\/files\/2014\/09\/lobao-vp2.jpg\" alt=\"Ato pol\u00edtico na Vila Palmeira reuniu vereadores, lideran\u00e7as da Vila Palmeira, Radional e Santa Cruz e centenas de populares\" width=\"640\" height=\"425\" \/><\/a><figcaption id=\"caption-attachment-19012\" class=\"wp-caption-text\">Caminhada\u00a0reuniu vereadores, lideran\u00e7as da Vila Palmeira, Radional e Santa Cruz e centenas de militantes<\/figcaption><\/figure>\n<p>O vereador Chico Carvalho destacou a lealdade em sua trajet\u00f3ria pol\u00edtica aos projetos que deem prosseguimento ao desenvolvimento do Maranh\u00e3o. Ele confia no programa da coliga\u00e7\u00e3o \u201cPra Frente Maranh\u00e3o\u201d. \u201cSou fiel ao grupo no qual fa\u00e7o parte e Lob\u00e3o pode contar com o meu apoio. Se Deus quiser vamos pra vit\u00f3ria, se poss\u00edvel ainda no primeiro turno\u201d.<\/p>\n<p>Lideran\u00e7a nos bairros da Vila Palmeira, do Radional e da Santa Cruz, M\u00e1rcio Leal, garante que a aprova\u00e7\u00e3o do nome de Lob\u00e3o Filho na capital cresce, cada vez mais, \u00e0 medida que se aproxima o dia da elei\u00e7\u00e3o. \u201cPercorro as ruas da cidade e vejo a aceita\u00e7\u00e3o por parte do ludovicense de fazer Lob\u00e3o Filho o pr\u00f3ximo governante do Maranh\u00e3o\u201d, destacou.<\/p>\n<figure id=\"attachment_19013\" aria-describedby=\"caption-attachment-19013\" style=\"width: 640px\" class=\"wp-caption aligncenter\"><a href=\"https:\/\/www.blogsoestado.com\/danielmatos\/files\/2014\/09\/lobao-vp3.jpg\"><img decoding=\"async\" class=\"size-full wp-image-19013\" src=\"https:\/\/www.blogsoestado.com\/danielmatos\/files\/2014\/09\/lobao-vp3.jpg\" alt=\"Lob\u00e3o acena para populares na Vila Palmeira, que retribuem o gesto do candidato \" width=\"640\" height=\"425\" \/><\/a><figcaption id=\"caption-attachment-19013\" class=\"wp-caption-text\">Lob\u00e3o Filho acena para populares que observavam caminhada, que retribu\u00edram\u00a0o gesto do candidato<\/figcaption><\/figure>\n<p>Por onde passava a caminhada pelas ruas da Vila Palmeira, os moradores e comerciantes iam ao encontro de Lob\u00e3o Filho para abra\u00e7\u00e1-lo, apertar-lhe a m\u00e3o, ter com o candidato uma r\u00e1pida conversa. \u201cPor isso quero agradecer mais esta manifesta\u00e7\u00e3o a minha candidatura, aos vereadores e principais lideran\u00e7as. Muito obrigado pelo carinho\u201d, frisou o senador e candidato ao Governo do Maranh\u00e3o, Lob\u00e3o Filho.<\/p>\n<p>Dona Carmelita Ara\u00fajo de 88 anos aguardava a passagem do candidato, segurando a cartinha do Plano de Acelera\u00e7\u00e3o do Maranh\u00e3o, PAM, e disse ter se interessado, sobretudo com o programa voltado aos idosos.<\/p>\n<figure id=\"attachment_19014\" aria-describedby=\"caption-attachment-19014\" style=\"width: 640px\" class=\"wp-caption aligncenter\"><a href=\"https:\/\/www.blogsoestado.com\/danielmatos\/files\/2014\/09\/lobao-vp4.jpg\"><img loading=\"lazy\" decoding=\"async\" class=\"size-full wp-image-19014\" src=\"https:\/\/www.blogsoestado.com\/danielmatos\/files\/2014\/09\/lobao-vp4.jpg\" alt=\"Candidato da coliga\u00e7\u00e3o &quot;Pra Frente, Maranh\u00e3o&quot; cumprimenta eleitor durante a caminhada\" width=\"640\" height=\"410\" \/><\/a><figcaption id=\"caption-attachment-19014\" class=\"wp-caption-text\">Candidato da coliga\u00e7\u00e3o &#8220;Pra Frente, Maranh\u00e3o&#8221; cumprimenta eleitor durante a caminhada<\/figcaption><\/figure>\n<p>\u201cJ\u00e1 li aqui que voc\u00ea (Lob\u00e3o), vai trabalhar para criar casas para os idosos e oferecer servi\u00e7os que tanto \u00e0 gente precisa\u201d, disse ao cumprimentar o peemedebista, que respondeu \u201cVou fazer sim porque quero cuidar do meu povo, da minha gente\u201d, completou perguntando o nome da idosa.<\/p>\n<p>A dona de casa, K\u00e9zina Susy, recebeu do candidato um abra\u00e7o e um afago no filho de tr\u00eas anos que segurava no colo, \u201cEle \u00e9 gente como a gente e eu gosto disso\u201d, externou.<\/p>\n","protected":false},"excerpt":{"rendered":"<p>Vereadores, lideran\u00e7as pol\u00edticas e moradores da Vila Palmeira demonstraram, durante a caminhada na Vila Palmeira, total apoio ao candidato da [&hellip;]<\/p>\n","protected":false},"author":0,"featured_media":0,"comment_status":"open","ping_status":"open","sticky":false,"template":"","format":"standard","meta":{"site-sidebar-layout":"default","site-content-layout":"","ast-site-content-layout":"default","site-content-style":"default","site-sidebar-style":"default","ast-global-header-display":"","ast-banner-title-visibility":"","ast-main-header-display":"","ast-hfb-above-header-display":"","ast-hfb-below-header-display":"","ast-hfb-mobile-header-display":"","site-post-title":"","ast-breadcrumbs-content":"","ast-featured-img":"","footer-sml-layout":"","ast-disable-related-posts":"","theme-transparent-header-meta":"","adv-header-id-meta":"","stick-header-meta":"","header-above-stick-meta":"","header-main-stick-meta":"","header-below-stick-meta":"","astra-migrate-meta-layouts":"default","ast-page-background-enabled":"default","ast-page-background-meta":{"desktop":{"background-color":"var(--ast-global-color-5)","background-image":"","background-repeat":"repeat","background-position":"center center","background-size":"auto","background-attachment":"scroll","background-type":"","background-media":"","overlay-type":"","overlay-color":"","overlay-opacity":"","overlay-gradient":""},"tablet":{"background-color":"","background-image":"","background-repeat":"repeat","background-position":"center center","background-size":"auto","background-attachment":"scroll","background-type":"","background-media":"","overlay-type":"","overlay-color":"","overlay-opacity":"","overlay-gradient":""},"mobile":{"background-color":"","background-image":"","background-repeat":"repeat","background-position":"center center","background-size":"auto","background-attachment":"scroll","background-type":"","background-media":"","overlay-type":"","overlay-color":"","overlay-opacity":"","overlay-gradient":""}},"ast-content-background-meta":{"desktop":{"background-color":"var(--ast-global-color-4)","background-image":"","background-repeat":"repeat","background-position":"center center","background-size":"auto","background-attachment":"scroll","background-type":"","background-media":"","overlay-type":"","overlay-color":"","overlay-opacity":"","overlay-gradient":""},"tablet":{"background-color":"var(--ast-global-color-4)","background-image":"","background-repeat":"repeat","background-position":"center center","background-size":"auto","background-attachment":"scroll","background-type":"","background-media":"","overlay-type":"","overlay-color":"","overlay-opacity":"","overlay-gradient":""},"mobile":{"background-color":"var(--ast-global-color-4)","background-image":"","background-repeat":"repeat","background-position":"center center","background-size":"auto","background-attachment":"scroll","background-type":"","background-media":"","overlay-type":"","overlay-color":"","overlay-opacity":"","overlay-gradient":""}},"footnotes":""},"categories":[1],"tags":[],"class_list":["post-19010","post","type-post","status-publish","format-standard","hentry","category-sem-categoria"],"yoast_head":"<!-- This site is optimized with the Yoast SEO plugin v26.6 - https:\/\/yoast.com\/wordpress\/plugins\/seo\/ -->\n<title>Vereadores de S\u00e3o Lu\u00eds e lideran\u00e7as da Vila Palmeira apoiam Lob\u00e3o Filho - Daniel Matos<\/title>\n<meta name=\"robots\" content=\"index, follow, max-snippet:-1, max-image-preview:large, max-video-preview:-1\" \/>\n<link rel=\"canonical\" href=\"https:\/\/www.blogsoestado.com\/danielmatos\/vereadores-de-sao-luis-e-liderancas-da-vila-palmeira-apoiam-lobao-filho\/\" \/>\n<meta property=\"og:locale\" content=\"pt_BR\" \/>\n<meta property=\"og:type\" content=\"article\" \/>\n<meta property=\"og:title\" content=\"Vereadores de S\u00e3o Lu\u00eds e lideran\u00e7as da Vila Palmeira apoiam Lob\u00e3o Filho - Daniel Matos\" \/>\n<meta property=\"og:description\" content=\"Vereadores, lideran\u00e7as pol\u00edticas e moradores da Vila Palmeira demonstraram, durante a caminhada na Vila Palmeira, total apoio ao candidato da [&hellip;]\" \/>\n<meta property=\"og:url\" content=\"https:\/\/www.blogsoestado.com\/danielmatos\/vereadores-de-sao-luis-e-liderancas-da-vila-palmeira-apoiam-lobao-filho\/\" \/>\n<meta property=\"og:site_name\" content=\"Daniel Matos\" \/>\n<meta property=\"article:published_time\" content=\"2014-09-03T12:36:05+00:00\" \/>\n<meta property=\"og:image\" content=\"https:\/\/www.blogsoestado.com\/danielmatos\/files\/2014\/09\/lobao-vp.jpg\" \/>\n<meta name=\"twitter:card\" content=\"summary_large_image\" \/>\n<meta name=\"twitter:label1\" content=\"Est. tempo de leitura\" \/>\n\t<meta name=\"twitter:data1\" content=\"3 minutos\" \/>\n<script type=\"application\/ld+json\" class=\"yoast-schema-graph\">{\"@context\":\"https:\/\/schema.org\",\"@graph\":[{\"@type\":\"WebPage\",\"@id\":\"https:\/\/www.blogsoestado.com\/danielmatos\/vereadores-de-sao-luis-e-liderancas-da-vila-palmeira-apoiam-lobao-filho\/\",\"url\":\"https:\/\/www.blogsoestado.com\/danielmatos\/vereadores-de-sao-luis-e-liderancas-da-vila-palmeira-apoiam-lobao-filho\/\",\"name\":\"Vereadores de S\u00e3o Lu\u00eds e lideran\u00e7as da Vila Palmeira apoiam Lob\u00e3o Filho - Daniel Matos\",\"isPartOf\":{\"@id\":\"https:\/\/www.blogsoestado.com\/danielmatos\/#website\"},\"primaryImageOfPage\":{\"@id\":\"https:\/\/www.blogsoestado.com\/danielmatos\/vereadores-de-sao-luis-e-liderancas-da-vila-palmeira-apoiam-lobao-filho\/#primaryimage\"},\"image\":{\"@id\":\"https:\/\/www.blogsoestado.com\/danielmatos\/vereadores-de-sao-luis-e-liderancas-da-vila-palmeira-apoiam-lobao-filho\/#primaryimage\"},\"thumbnailUrl\":\"https:\/\/www.blogsoestado.com\/danielmatos\/files\/2014\/09\/lobao-vp.jpg\",\"datePublished\":\"2014-09-03T12:36:05+00:00\",\"author\":{\"@id\":\"\"},\"breadcrumb\":{\"@id\":\"https:\/\/www.blogsoestado.com\/danielmatos\/vereadores-de-sao-luis-e-liderancas-da-vila-palmeira-apoiam-lobao-filho\/#breadcrumb\"},\"inLanguage\":\"pt-BR\",\"potentialAction\":[{\"@type\":\"ReadAction\",\"target\":[\"https:\/\/www.blogsoestado.com\/danielmatos\/vereadores-de-sao-luis-e-liderancas-da-vila-palmeira-apoiam-lobao-filho\/\"]}]},{\"@type\":\"ImageObject\",\"inLanguage\":\"pt-BR\",\"@id\":\"https:\/\/www.blogsoestado.com\/danielmatos\/vereadores-de-sao-luis-e-liderancas-da-vila-palmeira-apoiam-lobao-filho\/#primaryimage\",\"url\":\"https:\/\/www.blogsoestado.com\/danielmatos\/files\/2014\/09\/lobao-vp.jpg\",\"contentUrl\":\"https:\/\/www.blogsoestado.com\/danielmatos\/files\/2014\/09\/lobao-vp.jpg\"},{\"@type\":\"BreadcrumbList\",\"@id\":\"https:\/\/www.blogsoestado.com\/danielmatos\/vereadores-de-sao-luis-e-liderancas-da-vila-palmeira-apoiam-lobao-filho\/#breadcrumb\",\"itemListElement\":[{\"@type\":\"ListItem\",\"position\":1,\"name\":\"In\u00edcio\",\"item\":\"https:\/\/www.blogsoestado.com\/danielmatos\/\"},{\"@type\":\"ListItem\",\"position\":2,\"name\":\"Vereadores de S\u00e3o Lu\u00eds e lideran\u00e7as da Vila Palmeira apoiam Lob\u00e3o Filho\"}]},{\"@type\":\"WebSite\",\"@id\":\"https:\/\/www.blogsoestado.com\/danielmatos\/#website\",\"url\":\"https:\/\/www.blogsoestado.com\/danielmatos\/\",\"name\":\"Daniel Matos\",\"description\":\"\",\"potentialAction\":[{\"@type\":\"SearchAction\",\"target\":{\"@type\":\"EntryPoint\",\"urlTemplate\":\"https:\/\/www.blogsoestado.com\/danielmatos\/?s={search_term_string}\"},\"query-input\":{\"@type\":\"PropertyValueSpecification\",\"valueRequired\":true,\"valueName\":\"search_term_string\"}}],\"inLanguage\":\"pt-BR\"}]}<\/script>\n<!-- \/ Yoast SEO plugin. -->","yoast_head_json":{"title":"Vereadores de S\u00e3o Lu\u00eds e lideran\u00e7as da Vila Palmeira apoiam Lob\u00e3o Filho - Daniel Matos","robots":{"index":"index","follow":"follow","max-snippet":"max-snippet:-1","max-image-preview":"max-image-preview:large","max-video-preview":"max-video-preview:-1"},"canonical":"https:\/\/www.blogsoestado.com\/danielmatos\/vereadores-de-sao-luis-e-liderancas-da-vila-palmeira-apoiam-lobao-filho\/","og_locale":"pt_BR","og_type":"article","og_title":"Vereadores de S\u00e3o Lu\u00eds e lideran\u00e7as da Vila Palmeira apoiam Lob\u00e3o Filho - Daniel Matos","og_description":"Vereadores, lideran\u00e7as pol\u00edticas e moradores da Vila Palmeira demonstraram, durante a caminhada na Vila Palmeira, total apoio ao candidato da [&hellip;]","og_url":"https:\/\/www.blogsoestado.com\/danielmatos\/vereadores-de-sao-luis-e-liderancas-da-vila-palmeira-apoiam-lobao-filho\/","og_site_name":"Daniel Matos","article_published_time":"2014-09-03T12:36:05+00:00","og_image":[{"url":"https:\/\/www.blogsoestado.com\/danielmatos\/files\/2014\/09\/lobao-vp.jpg","type":"","width":"","height":""}],"twitter_card":"summary_large_image","twitter_misc":{"Est. tempo de leitura":"3 minutos"},"schema":{"@context":"https:\/\/schema.org","@graph":[{"@type":"WebPage","@id":"https:\/\/www.blogsoestado.com\/danielmatos\/vereadores-de-sao-luis-e-liderancas-da-vila-palmeira-apoiam-lobao-filho\/","url":"https:\/\/www.blogsoestado.com\/danielmatos\/vereadores-de-sao-luis-e-liderancas-da-vila-palmeira-apoiam-lobao-filho\/","name":"Vereadores de S\u00e3o Lu\u00eds e lideran\u00e7as da Vila Palmeira apoiam Lob\u00e3o Filho - Daniel Matos","isPartOf":{"@id":"https:\/\/www.blogsoestado.com\/danielmatos\/#website"},"primaryImageOfPage":{"@id":"https:\/\/www.blogsoestado.com\/danielmatos\/vereadores-de-sao-luis-e-liderancas-da-vila-palmeira-apoiam-lobao-filho\/#primaryimage"},"image":{"@id":"https:\/\/www.blogsoestado.com\/danielmatos\/vereadores-de-sao-luis-e-liderancas-da-vila-palmeira-apoiam-lobao-filho\/#primaryimage"},"thumbnailUrl":"https:\/\/www.blogsoestado.com\/danielmatos\/files\/2014\/09\/lobao-vp.jpg","datePublished":"2014-09-03T12:36:05+00:00","author":{"@id":""},"breadcrumb":{"@id":"https:\/\/www.blogsoestado.com\/danielmatos\/vereadores-de-sao-luis-e-liderancas-da-vila-palmeira-apoiam-lobao-filho\/#breadcrumb"},"inLanguage":"pt-BR","potentialAction":[{"@type":"ReadAction","target":["https:\/\/www.blogsoestado.com\/danielmatos\/vereadores-de-sao-luis-e-liderancas-da-vila-palmeira-apoiam-lobao-filho\/"]}]},{"@type":"ImageObject","inLanguage":"pt-BR","@id":"https:\/\/www.blogsoestado.com\/danielmatos\/vereadores-de-sao-luis-e-liderancas-da-vila-palmeira-apoiam-lobao-filho\/#primaryimage","url":"https:\/\/www.blogsoestado.com\/danielmatos\/files\/2014\/09\/lobao-vp.jpg","contentUrl":"https:\/\/www.blogsoestado.com\/danielmatos\/files\/2014\/09\/lobao-vp.jpg"},{"@type":"BreadcrumbList","@id":"https:\/\/www.blogsoestado.com\/danielmatos\/vereadores-de-sao-luis-e-liderancas-da-vila-palmeira-apoiam-lobao-filho\/#breadcrumb","itemListElement":[{"@type":"ListItem","position":1,"name":"In\u00edcio","item":"https:\/\/www.blogsoestado.com\/danielmatos\/"},{"@type":"ListItem","position":2,"name":"Vereadores de S\u00e3o Lu\u00eds e lideran\u00e7as da Vila Palmeira apoiam Lob\u00e3o Filho"}]},{"@type":"WebSite","@id":"https:\/\/www.blogsoestado.com\/danielmatos\/#website","url":"https:\/\/www.blogsoestado.com\/danielmatos\/","name":"Daniel Matos","description":"","potentialAction":[{"@type":"SearchAction","target":{"@type":"EntryPoint","urlTemplate":"https:\/\/www.blogsoestado.com\/danielmatos\/?s={search_term_string}"},"query-input":{"@type":"PropertyValueSpecification","valueRequired":true,"valueName":"search_term_string"}}],"inLanguage":"pt-BR"}]}},"jetpack_featured_media_url":"","_links":{"self":[{"href":"https:\/\/www.blogsoestado.com\/danielmatos\/wp-json\/wp\/v2\/posts\/19010","targetHints":{"allow":["GET"]}}],"collection":[{"href":"https:\/\/www.blogsoestado.com\/danielmatos\/wp-json\/wp\/v2\/posts"}],"about":[{"href":"https:\/\/www.blogsoestado.com\/danielmatos\/wp-json\/wp\/v2\/types\/post"}],"replies":[{"embeddable":true,"href":"https:\/\/www.blogsoestado.com\/danielmatos\/wp-json\/wp\/v2\/comments?post=19010"}],"version-history":[{"count":0,"href":"https:\/\/www.blogsoestado.com\/danielmatos\/wp-json\/wp\/v2\/posts\/19010\/revisions"}],"wp:attachment":[{"href":"https:\/\/www.blogsoestado.com\/danielmatos\/wp-json\/wp\/v2\/media?parent=19010"}],"wp:term":[{"taxonomy":"category","embeddable":true,"href":"https:\/\/www.blogsoestado.com\/danielmatos\/wp-json\/wp\/v2\/categories?post=19010"},{"taxonomy":"post_tag","embeddable":true,"href":"https:\/\/www.blogsoestado.com\/danielmatos\/wp-json\/wp\/v2\/tags?post=19010"}],"curies":[{"name":"wp","href":"https:\/\/api.w.org\/{rel}","templated":true}]}}