{"id":19027,"date":"2014-09-04T08:25:32","date_gmt":"2014-09-04T11:25:32","guid":{"rendered":"https:\/\/www.blogsoestado.com\/danielmatos\/?p=19027"},"modified":"2014-09-04T08:25:32","modified_gmt":"2014-09-04T11:25:32","slug":"eleicao-10-municipios-maranhenses-pedem-reforco-de-tropas-federais","status":"publish","type":"post","link":"https:\/\/www.blogsoestado.com\/danielmatos\/eleicao-10-municipios-maranhenses-pedem-reforco-de-tropas-federais\/","title":{"rendered":"Elei\u00e7\u00e3o: 10 munic\u00edpios maranhenses pedem refor\u00e7o de tropas federais"},"content":{"rendered":"<p>Na sess\u00e3o desta quinta-feira (4 de setembro), o plen\u00e1rio do Tribunal Regional Eleitoral do Maranh\u00e3o analisar\u00e1 os pedidos de envio de for\u00e7a federal para 10 munic\u00edpios maranhenses durante as elei\u00e7\u00f5es 2014. O relator \u00e9 o desembargador Guerreiro J\u00fanior, corregedor.<\/p>\n<p>As solicita\u00e7\u00f5es foram feitas pelos ju\u00edzos dos munic\u00edpios de Alto Alegre do Pindar\u00e9, Barra do Corda, Benedito Leite, Fernando Falc\u00e3o, Jenipapo dos Vieiras, Nova Olinda, Santa Luzia, S\u00e3o Mateus, Santa Luzia do Paru\u00e1 e Z\u00e9 Doca.<\/p>\n<p>A solicita\u00e7\u00e3o de for\u00e7a federal em uma elei\u00e7\u00e3o \u00e9 feita pelo juiz eleitoral diretamente ao Tribunal Regional Eleitoral, via of\u00edcio, e-mail, fax ou telefone.<\/p>\n<p>Ao receber o pedido, o TRE avalia e encaminha a solicita\u00e7\u00e3o ao Tribunal Superior Eleitoral que, ap\u00f3s a an\u00e1lise dos argumentos, aprova ou n\u00e3o o envio das tropas.<\/p>\n<p><strong>Fonte:<\/strong> Tribunal Regional Eleitoral (TRE-MA)<\/p>\n","protected":false},"excerpt":{"rendered":"<p>Na sess\u00e3o desta quinta-feira (4 de setembro), o plen\u00e1rio do Tribunal Regional Eleitoral do Maranh\u00e3o analisar\u00e1 os pedidos de envio [&hellip;]<\/p>\n","protected":false},"author":0,"featured_media":0,"comment_status":"open","ping_status":"open","sticky":false,"template":"","format":"standard","meta":{"site-sidebar-layout":"default","site-content-layout":"","ast-site-content-layout":"default","site-content-style":"default","site-sidebar-style":"default","ast-global-header-display":"","ast-banner-title-visibility":"","ast-main-header-display":"","ast-hfb-above-header-display":"","ast-hfb-below-header-display":"","ast-hfb-mobile-header-display":"","site-post-title":"","ast-breadcrumbs-content":"","ast-featured-img":"","footer-sml-layout":"","ast-disable-related-posts":"","theme-transparent-header-meta":"","adv-header-id-meta":"","stick-header-meta":"","header-above-stick-meta":"","header-main-stick-meta":"","header-below-stick-meta":"","astra-migrate-meta-layouts":"default","ast-page-background-enabled":"default","ast-page-background-meta":{"desktop":{"background-color":"var(--ast-global-color-5)","background-image":"","background-repeat":"repeat","background-position":"center center","background-size":"auto","background-attachment":"scroll","background-type":"","background-media":"","overlay-type":"","overlay-color":"","overlay-opacity":"","overlay-gradient":""},"tablet":{"background-color":"","background-image":"","background-repeat":"repeat","background-position":"center center","background-size":"auto","background-attachment":"scroll","background-type":"","background-media":"","overlay-type":"","overlay-color":"","overlay-opacity":"","overlay-gradient":""},"mobile":{"background-color":"","background-image":"","background-repeat":"repeat","background-position":"center center","background-size":"auto","background-attachment":"scroll","background-type":"","background-media":"","overlay-type":"","overlay-color":"","overlay-opacity":"","overlay-gradient":""}},"ast-content-background-meta":{"desktop":{"background-color":"var(--ast-global-color-4)","background-image":"","background-repeat":"repeat","background-position":"center center","background-size":"auto","background-attachment":"scroll","background-type":"","background-media":"","overlay-type":"","overlay-color":"","overlay-opacity":"","overlay-gradient":""},"tablet":{"background-color":"var(--ast-global-color-4)","background-image":"","background-repeat":"repeat","background-position":"center center","background-size":"auto","background-attachment":"scroll","background-type":"","background-media":"","overlay-type":"","overlay-color":"","overlay-opacity":"","overlay-gradient":""},"mobile":{"background-color":"var(--ast-global-color-4)","background-image":"","background-repeat":"repeat","background-position":"center center","background-size":"auto","background-attachment":"scroll","background-type":"","background-media":"","overlay-type":"","overlay-color":"","overlay-opacity":"","overlay-gradient":""}},"footnotes":""},"categories":[1],"tags":[],"class_list":["post-19027","post","type-post","status-publish","format-standard","hentry","category-sem-categoria"],"yoast_head":"<!-- This site is optimized with the Yoast SEO plugin v26.6 - https:\/\/yoast.com\/wordpress\/plugins\/seo\/ -->\n<title>Elei\u00e7\u00e3o: 10 munic\u00edpios maranhenses pedem refor\u00e7o de tropas federais - Daniel Matos<\/title>\n<meta name=\"robots\" content=\"index, follow, max-snippet:-1, max-image-preview:large, max-video-preview:-1\" \/>\n<link rel=\"canonical\" href=\"https:\/\/www.blogsoestado.com\/danielmatos\/eleicao-10-municipios-maranhenses-pedem-reforco-de-tropas-federais\/\" \/>\n<meta property=\"og:locale\" content=\"pt_BR\" \/>\n<meta property=\"og:type\" content=\"article\" \/>\n<meta property=\"og:title\" content=\"Elei\u00e7\u00e3o: 10 munic\u00edpios maranhenses pedem refor\u00e7o de tropas federais - Daniel Matos\" \/>\n<meta property=\"og:description\" content=\"Na sess\u00e3o desta quinta-feira (4 de setembro), o plen\u00e1rio do Tribunal Regional Eleitoral do Maranh\u00e3o analisar\u00e1 os pedidos de envio [&hellip;]\" \/>\n<meta property=\"og:url\" content=\"https:\/\/www.blogsoestado.com\/danielmatos\/eleicao-10-municipios-maranhenses-pedem-reforco-de-tropas-federais\/\" \/>\n<meta property=\"og:site_name\" content=\"Daniel Matos\" \/>\n<meta property=\"article:published_time\" content=\"2014-09-04T11:25:32+00:00\" \/>\n<meta name=\"twitter:card\" content=\"summary_large_image\" \/>\n<meta name=\"twitter:label1\" content=\"Est. tempo de leitura\" \/>\n\t<meta name=\"twitter:data1\" content=\"1 minuto\" \/>\n<script type=\"application\/ld+json\" class=\"yoast-schema-graph\">{\"@context\":\"https:\/\/schema.org\",\"@graph\":[{\"@type\":\"WebPage\",\"@id\":\"https:\/\/www.blogsoestado.com\/danielmatos\/eleicao-10-municipios-maranhenses-pedem-reforco-de-tropas-federais\/\",\"url\":\"https:\/\/www.blogsoestado.com\/danielmatos\/eleicao-10-municipios-maranhenses-pedem-reforco-de-tropas-federais\/\",\"name\":\"Elei\u00e7\u00e3o: 10 munic\u00edpios maranhenses pedem refor\u00e7o de tropas federais - Daniel Matos\",\"isPartOf\":{\"@id\":\"https:\/\/www.blogsoestado.com\/danielmatos\/#website\"},\"datePublished\":\"2014-09-04T11:25:32+00:00\",\"author\":{\"@id\":\"\"},\"breadcrumb\":{\"@id\":\"https:\/\/www.blogsoestado.com\/danielmatos\/eleicao-10-municipios-maranhenses-pedem-reforco-de-tropas-federais\/#breadcrumb\"},\"inLanguage\":\"pt-BR\",\"potentialAction\":[{\"@type\":\"ReadAction\",\"target\":[\"https:\/\/www.blogsoestado.com\/danielmatos\/eleicao-10-municipios-maranhenses-pedem-reforco-de-tropas-federais\/\"]}]},{\"@type\":\"BreadcrumbList\",\"@id\":\"https:\/\/www.blogsoestado.com\/danielmatos\/eleicao-10-municipios-maranhenses-pedem-reforco-de-tropas-federais\/#breadcrumb\",\"itemListElement\":[{\"@type\":\"ListItem\",\"position\":1,\"name\":\"In\u00edcio\",\"item\":\"https:\/\/www.blogsoestado.com\/danielmatos\/\"},{\"@type\":\"ListItem\",\"position\":2,\"name\":\"Elei\u00e7\u00e3o: 10 munic\u00edpios maranhenses pedem refor\u00e7o de tropas federais\"}]},{\"@type\":\"WebSite\",\"@id\":\"https:\/\/www.blogsoestado.com\/danielmatos\/#website\",\"url\":\"https:\/\/www.blogsoestado.com\/danielmatos\/\",\"name\":\"Daniel Matos\",\"description\":\"\",\"potentialAction\":[{\"@type\":\"SearchAction\",\"target\":{\"@type\":\"EntryPoint\",\"urlTemplate\":\"https:\/\/www.blogsoestado.com\/danielmatos\/?s={search_term_string}\"},\"query-input\":{\"@type\":\"PropertyValueSpecification\",\"valueRequired\":true,\"valueName\":\"search_term_string\"}}],\"inLanguage\":\"pt-BR\"}]}<\/script>\n<!-- \/ Yoast SEO plugin. -->","yoast_head_json":{"title":"Elei\u00e7\u00e3o: 10 munic\u00edpios maranhenses pedem refor\u00e7o de tropas federais - Daniel Matos","robots":{"index":"index","follow":"follow","max-snippet":"max-snippet:-1","max-image-preview":"max-image-preview:large","max-video-preview":"max-video-preview:-1"},"canonical":"https:\/\/www.blogsoestado.com\/danielmatos\/eleicao-10-municipios-maranhenses-pedem-reforco-de-tropas-federais\/","og_locale":"pt_BR","og_type":"article","og_title":"Elei\u00e7\u00e3o: 10 munic\u00edpios maranhenses pedem refor\u00e7o de tropas federais - Daniel Matos","og_description":"Na sess\u00e3o desta quinta-feira (4 de setembro), o plen\u00e1rio do Tribunal Regional Eleitoral do Maranh\u00e3o analisar\u00e1 os pedidos de envio [&hellip;]","og_url":"https:\/\/www.blogsoestado.com\/danielmatos\/eleicao-10-municipios-maranhenses-pedem-reforco-de-tropas-federais\/","og_site_name":"Daniel Matos","article_published_time":"2014-09-04T11:25:32+00:00","twitter_card":"summary_large_image","twitter_misc":{"Est. tempo de leitura":"1 minuto"},"schema":{"@context":"https:\/\/schema.org","@graph":[{"@type":"WebPage","@id":"https:\/\/www.blogsoestado.com\/danielmatos\/eleicao-10-municipios-maranhenses-pedem-reforco-de-tropas-federais\/","url":"https:\/\/www.blogsoestado.com\/danielmatos\/eleicao-10-municipios-maranhenses-pedem-reforco-de-tropas-federais\/","name":"Elei\u00e7\u00e3o: 10 munic\u00edpios maranhenses pedem refor\u00e7o de tropas federais - Daniel Matos","isPartOf":{"@id":"https:\/\/www.blogsoestado.com\/danielmatos\/#website"},"datePublished":"2014-09-04T11:25:32+00:00","author":{"@id":""},"breadcrumb":{"@id":"https:\/\/www.blogsoestado.com\/danielmatos\/eleicao-10-municipios-maranhenses-pedem-reforco-de-tropas-federais\/#breadcrumb"},"inLanguage":"pt-BR","potentialAction":[{"@type":"ReadAction","target":["https:\/\/www.blogsoestado.com\/danielmatos\/eleicao-10-municipios-maranhenses-pedem-reforco-de-tropas-federais\/"]}]},{"@type":"BreadcrumbList","@id":"https:\/\/www.blogsoestado.com\/danielmatos\/eleicao-10-municipios-maranhenses-pedem-reforco-de-tropas-federais\/#breadcrumb","itemListElement":[{"@type":"ListItem","position":1,"name":"In\u00edcio","item":"https:\/\/www.blogsoestado.com\/danielmatos\/"},{"@type":"ListItem","position":2,"name":"Elei\u00e7\u00e3o: 10 munic\u00edpios maranhenses pedem refor\u00e7o de tropas federais"}]},{"@type":"WebSite","@id":"https:\/\/www.blogsoestado.com\/danielmatos\/#website","url":"https:\/\/www.blogsoestado.com\/danielmatos\/","name":"Daniel Matos","description":"","potentialAction":[{"@type":"SearchAction","target":{"@type":"EntryPoint","urlTemplate":"https:\/\/www.blogsoestado.com\/danielmatos\/?s={search_term_string}"},"query-input":{"@type":"PropertyValueSpecification","valueRequired":true,"valueName":"search_term_string"}}],"inLanguage":"pt-BR"}]}},"jetpack_featured_media_url":"","_links":{"self":[{"href":"https:\/\/www.blogsoestado.com\/danielmatos\/wp-json\/wp\/v2\/posts\/19027","targetHints":{"allow":["GET"]}}],"collection":[{"href":"https:\/\/www.blogsoestado.com\/danielmatos\/wp-json\/wp\/v2\/posts"}],"about":[{"href":"https:\/\/www.blogsoestado.com\/danielmatos\/wp-json\/wp\/v2\/types\/post"}],"replies":[{"embeddable":true,"href":"https:\/\/www.blogsoestado.com\/danielmatos\/wp-json\/wp\/v2\/comments?post=19027"}],"version-history":[{"count":0,"href":"https:\/\/www.blogsoestado.com\/danielmatos\/wp-json\/wp\/v2\/posts\/19027\/revisions"}],"wp:attachment":[{"href":"https:\/\/www.blogsoestado.com\/danielmatos\/wp-json\/wp\/v2\/media?parent=19027"}],"wp:term":[{"taxonomy":"category","embeddable":true,"href":"https:\/\/www.blogsoestado.com\/danielmatos\/wp-json\/wp\/v2\/categories?post=19027"},{"taxonomy":"post_tag","embeddable":true,"href":"https:\/\/www.blogsoestado.com\/danielmatos\/wp-json\/wp\/v2\/tags?post=19027"}],"curies":[{"name":"wp","href":"https:\/\/api.w.org\/{rel}","templated":true}]}}