{"id":19030,"date":"2014-09-04T09:10:13","date_gmt":"2014-09-04T12:10:13","guid":{"rendered":"https:\/\/www.blogsoestado.com\/danielmatos\/?p=19030"},"modified":"2014-09-04T09:10:13","modified_gmt":"2014-09-04T12:10:13","slug":"olinda-nova-comemora-19-anos-de-emancipacao-politica","status":"publish","type":"post","link":"https:\/\/www.blogsoestado.com\/danielmatos\/olinda-nova-comemora-19-anos-de-emancipacao-politica\/","title":{"rendered":"Olinda Nova comemora 19 anos de emancipa\u00e7\u00e3o pol\u00edtica"},"content":{"rendered":"<p>A partir desta sexta-feira, 5, indo at\u00e9 domingo, 7, o munic\u00edpio de Olinda Nova do Maranh\u00e3o, localizada na Baixada Maranhense, vive sua festa de comemora\u00e7\u00e3o de 19 anos de emancipa\u00e7\u00e3o pol\u00edtica, ocorrida no dia 6 de setembro. S\u00e3o tr\u00eas dias de atra\u00e7\u00f5es.<\/p>\n<p>Desmembrada do munic\u00edpio de S\u00e3o Jo\u00e3o Batista e agraciada ainda por alguns povoados de Matinha e S\u00e3o Vicente F\u00e9rrer, Olinda Nova fica \u00e0s margens da MA 014.<\/p>\n<p>Com recursos pr\u00f3prios, apoio do Governo do Estado e outros projetos, v\u00e1rias obras ser\u00e3o inauguradas.<br \/>\nO prefeito atual Edson Barros Costa J\u00fanior, o \u201cCostinha\u201d, e sua equipe, convidaram autoridades de outros munic\u00edpios, estaduais e o povo do lugar. A programa\u00e7\u00e3o come\u00e7a na sexta-feira, 5, com o lan\u00e7amento do projeto Olinda Nova Feliz, na Pra\u00e7a do Viva, a partir das 7 horas.<\/p>\n<p>Nesse mesmo dia vamos ter inaugura\u00e7\u00e3o do CAPES na sede, po\u00e7o artesiano na comunidade Curva, unidade b\u00e1sica de sa\u00fade, cultos e shows. No s\u00e1bado, 6, ser\u00e1 a vez de Alvorada, a partir das 5 horas, seguindo-se de Motocada, caf\u00e9 da manh\u00e3, cavalgada, desfile c\u00edvico e outras atra\u00e7\u00f5es at\u00e9 as 23 horas.<\/p>\n<p>No dia 7, domingo, teremos a Corrida da Independ\u00eancia, a partir das 7 horas, seguindo-se de inaugura\u00e7\u00f5es e outras atra\u00e7\u00f5es, at\u00e9 as 21 horas, com in\u00edcio na Pra\u00e7a Nova Olinda. \u201cEsperamos contar com a presen\u00e7a de todos\u201d- disse o prefeito Costinha.<\/p>\n","protected":false},"excerpt":{"rendered":"<p>A partir desta sexta-feira, 5, indo at\u00e9 domingo, 7, o munic\u00edpio de Olinda Nova do Maranh\u00e3o, localizada na Baixada Maranhense, [&hellip;]<\/p>\n","protected":false},"author":0,"featured_media":0,"comment_status":"open","ping_status":"open","sticky":false,"template":"","format":"standard","meta":{"site-sidebar-layout":"default","site-content-layout":"","ast-site-content-layout":"default","site-content-style":"default","site-sidebar-style":"default","ast-global-header-display":"","ast-banner-title-visibility":"","ast-main-header-display":"","ast-hfb-above-header-display":"","ast-hfb-below-header-display":"","ast-hfb-mobile-header-display":"","site-post-title":"","ast-breadcrumbs-content":"","ast-featured-img":"","footer-sml-layout":"","ast-disable-related-posts":"","theme-transparent-header-meta":"","adv-header-id-meta":"","stick-header-meta":"","header-above-stick-meta":"","header-main-stick-meta":"","header-below-stick-meta":"","astra-migrate-meta-layouts":"default","ast-page-background-enabled":"default","ast-page-background-meta":{"desktop":{"background-color":"var(--ast-global-color-5)","background-image":"","background-repeat":"repeat","background-position":"center center","background-size":"auto","background-attachment":"scroll","background-type":"","background-media":"","overlay-type":"","overlay-color":"","overlay-opacity":"","overlay-gradient":""},"tablet":{"background-color":"","background-image":"","background-repeat":"repeat","background-position":"center center","background-size":"auto","background-attachment":"scroll","background-type":"","background-media":"","overlay-type":"","overlay-color":"","overlay-opacity":"","overlay-gradient":""},"mobile":{"background-color":"","background-image":"","background-repeat":"repeat","background-position":"center center","background-size":"auto","background-attachment":"scroll","background-type":"","background-media":"","overlay-type":"","overlay-color":"","overlay-opacity":"","overlay-gradient":""}},"ast-content-background-meta":{"desktop":{"background-color":"var(--ast-global-color-4)","background-image":"","background-repeat":"repeat","background-position":"center center","background-size":"auto","background-attachment":"scroll","background-type":"","background-media":"","overlay-type":"","overlay-color":"","overlay-opacity":"","overlay-gradient":""},"tablet":{"background-color":"var(--ast-global-color-4)","background-image":"","background-repeat":"repeat","background-position":"center center","background-size":"auto","background-attachment":"scroll","background-type":"","background-media":"","overlay-type":"","overlay-color":"","overlay-opacity":"","overlay-gradient":""},"mobile":{"background-color":"var(--ast-global-color-4)","background-image":"","background-repeat":"repeat","background-position":"center center","background-size":"auto","background-attachment":"scroll","background-type":"","background-media":"","overlay-type":"","overlay-color":"","overlay-opacity":"","overlay-gradient":""}},"footnotes":""},"categories":[1],"tags":[],"class_list":["post-19030","post","type-post","status-publish","format-standard","hentry","category-sem-categoria"],"yoast_head":"<!-- This site is optimized with the Yoast SEO plugin v26.6 - https:\/\/yoast.com\/wordpress\/plugins\/seo\/ -->\n<title>Olinda Nova comemora 19 anos de emancipa\u00e7\u00e3o pol\u00edtica - Daniel Matos<\/title>\n<meta name=\"robots\" content=\"index, follow, max-snippet:-1, max-image-preview:large, max-video-preview:-1\" \/>\n<link rel=\"canonical\" href=\"https:\/\/www.blogsoestado.com\/danielmatos\/olinda-nova-comemora-19-anos-de-emancipacao-politica\/\" \/>\n<meta property=\"og:locale\" content=\"pt_BR\" \/>\n<meta property=\"og:type\" content=\"article\" \/>\n<meta property=\"og:title\" content=\"Olinda Nova comemora 19 anos de emancipa\u00e7\u00e3o pol\u00edtica - Daniel Matos\" \/>\n<meta property=\"og:description\" content=\"A partir desta sexta-feira, 5, indo at\u00e9 domingo, 7, o munic\u00edpio de Olinda Nova do Maranh\u00e3o, localizada na Baixada Maranhense, [&hellip;]\" \/>\n<meta property=\"og:url\" content=\"https:\/\/www.blogsoestado.com\/danielmatos\/olinda-nova-comemora-19-anos-de-emancipacao-politica\/\" \/>\n<meta property=\"og:site_name\" content=\"Daniel Matos\" \/>\n<meta property=\"article:published_time\" content=\"2014-09-04T12:10:13+00:00\" \/>\n<meta name=\"twitter:card\" content=\"summary_large_image\" \/>\n<meta name=\"twitter:label1\" content=\"Est. tempo de leitura\" \/>\n\t<meta name=\"twitter:data1\" content=\"1 minuto\" \/>\n<script type=\"application\/ld+json\" class=\"yoast-schema-graph\">{\"@context\":\"https:\/\/schema.org\",\"@graph\":[{\"@type\":\"WebPage\",\"@id\":\"https:\/\/www.blogsoestado.com\/danielmatos\/olinda-nova-comemora-19-anos-de-emancipacao-politica\/\",\"url\":\"https:\/\/www.blogsoestado.com\/danielmatos\/olinda-nova-comemora-19-anos-de-emancipacao-politica\/\",\"name\":\"Olinda Nova comemora 19 anos de emancipa\u00e7\u00e3o pol\u00edtica - Daniel Matos\",\"isPartOf\":{\"@id\":\"https:\/\/www.blogsoestado.com\/danielmatos\/#website\"},\"datePublished\":\"2014-09-04T12:10:13+00:00\",\"author\":{\"@id\":\"\"},\"breadcrumb\":{\"@id\":\"https:\/\/www.blogsoestado.com\/danielmatos\/olinda-nova-comemora-19-anos-de-emancipacao-politica\/#breadcrumb\"},\"inLanguage\":\"pt-BR\",\"potentialAction\":[{\"@type\":\"ReadAction\",\"target\":[\"https:\/\/www.blogsoestado.com\/danielmatos\/olinda-nova-comemora-19-anos-de-emancipacao-politica\/\"]}]},{\"@type\":\"BreadcrumbList\",\"@id\":\"https:\/\/www.blogsoestado.com\/danielmatos\/olinda-nova-comemora-19-anos-de-emancipacao-politica\/#breadcrumb\",\"itemListElement\":[{\"@type\":\"ListItem\",\"position\":1,\"name\":\"In\u00edcio\",\"item\":\"https:\/\/www.blogsoestado.com\/danielmatos\/\"},{\"@type\":\"ListItem\",\"position\":2,\"name\":\"Olinda Nova comemora 19 anos de emancipa\u00e7\u00e3o pol\u00edtica\"}]},{\"@type\":\"WebSite\",\"@id\":\"https:\/\/www.blogsoestado.com\/danielmatos\/#website\",\"url\":\"https:\/\/www.blogsoestado.com\/danielmatos\/\",\"name\":\"Daniel Matos\",\"description\":\"\",\"potentialAction\":[{\"@type\":\"SearchAction\",\"target\":{\"@type\":\"EntryPoint\",\"urlTemplate\":\"https:\/\/www.blogsoestado.com\/danielmatos\/?s={search_term_string}\"},\"query-input\":{\"@type\":\"PropertyValueSpecification\",\"valueRequired\":true,\"valueName\":\"search_term_string\"}}],\"inLanguage\":\"pt-BR\"}]}<\/script>\n<!-- \/ Yoast SEO plugin. -->","yoast_head_json":{"title":"Olinda Nova comemora 19 anos de emancipa\u00e7\u00e3o pol\u00edtica - Daniel Matos","robots":{"index":"index","follow":"follow","max-snippet":"max-snippet:-1","max-image-preview":"max-image-preview:large","max-video-preview":"max-video-preview:-1"},"canonical":"https:\/\/www.blogsoestado.com\/danielmatos\/olinda-nova-comemora-19-anos-de-emancipacao-politica\/","og_locale":"pt_BR","og_type":"article","og_title":"Olinda Nova comemora 19 anos de emancipa\u00e7\u00e3o pol\u00edtica - Daniel Matos","og_description":"A partir desta sexta-feira, 5, indo at\u00e9 domingo, 7, o munic\u00edpio de Olinda Nova do Maranh\u00e3o, localizada na Baixada Maranhense, [&hellip;]","og_url":"https:\/\/www.blogsoestado.com\/danielmatos\/olinda-nova-comemora-19-anos-de-emancipacao-politica\/","og_site_name":"Daniel Matos","article_published_time":"2014-09-04T12:10:13+00:00","twitter_card":"summary_large_image","twitter_misc":{"Est. tempo de leitura":"1 minuto"},"schema":{"@context":"https:\/\/schema.org","@graph":[{"@type":"WebPage","@id":"https:\/\/www.blogsoestado.com\/danielmatos\/olinda-nova-comemora-19-anos-de-emancipacao-politica\/","url":"https:\/\/www.blogsoestado.com\/danielmatos\/olinda-nova-comemora-19-anos-de-emancipacao-politica\/","name":"Olinda Nova comemora 19 anos de emancipa\u00e7\u00e3o pol\u00edtica - Daniel Matos","isPartOf":{"@id":"https:\/\/www.blogsoestado.com\/danielmatos\/#website"},"datePublished":"2014-09-04T12:10:13+00:00","author":{"@id":""},"breadcrumb":{"@id":"https:\/\/www.blogsoestado.com\/danielmatos\/olinda-nova-comemora-19-anos-de-emancipacao-politica\/#breadcrumb"},"inLanguage":"pt-BR","potentialAction":[{"@type":"ReadAction","target":["https:\/\/www.blogsoestado.com\/danielmatos\/olinda-nova-comemora-19-anos-de-emancipacao-politica\/"]}]},{"@type":"BreadcrumbList","@id":"https:\/\/www.blogsoestado.com\/danielmatos\/olinda-nova-comemora-19-anos-de-emancipacao-politica\/#breadcrumb","itemListElement":[{"@type":"ListItem","position":1,"name":"In\u00edcio","item":"https:\/\/www.blogsoestado.com\/danielmatos\/"},{"@type":"ListItem","position":2,"name":"Olinda Nova comemora 19 anos de emancipa\u00e7\u00e3o pol\u00edtica"}]},{"@type":"WebSite","@id":"https:\/\/www.blogsoestado.com\/danielmatos\/#website","url":"https:\/\/www.blogsoestado.com\/danielmatos\/","name":"Daniel Matos","description":"","potentialAction":[{"@type":"SearchAction","target":{"@type":"EntryPoint","urlTemplate":"https:\/\/www.blogsoestado.com\/danielmatos\/?s={search_term_string}"},"query-input":{"@type":"PropertyValueSpecification","valueRequired":true,"valueName":"search_term_string"}}],"inLanguage":"pt-BR"}]}},"jetpack_featured_media_url":"","_links":{"self":[{"href":"https:\/\/www.blogsoestado.com\/danielmatos\/wp-json\/wp\/v2\/posts\/19030","targetHints":{"allow":["GET"]}}],"collection":[{"href":"https:\/\/www.blogsoestado.com\/danielmatos\/wp-json\/wp\/v2\/posts"}],"about":[{"href":"https:\/\/www.blogsoestado.com\/danielmatos\/wp-json\/wp\/v2\/types\/post"}],"replies":[{"embeddable":true,"href":"https:\/\/www.blogsoestado.com\/danielmatos\/wp-json\/wp\/v2\/comments?post=19030"}],"version-history":[{"count":0,"href":"https:\/\/www.blogsoestado.com\/danielmatos\/wp-json\/wp\/v2\/posts\/19030\/revisions"}],"wp:attachment":[{"href":"https:\/\/www.blogsoestado.com\/danielmatos\/wp-json\/wp\/v2\/media?parent=19030"}],"wp:term":[{"taxonomy":"category","embeddable":true,"href":"https:\/\/www.blogsoestado.com\/danielmatos\/wp-json\/wp\/v2\/categories?post=19030"},{"taxonomy":"post_tag","embeddable":true,"href":"https:\/\/www.blogsoestado.com\/danielmatos\/wp-json\/wp\/v2\/tags?post=19030"}],"curies":[{"name":"wp","href":"https:\/\/api.w.org\/{rel}","templated":true}]}}