{"id":19036,"date":"2014-09-04T11:22:10","date_gmt":"2014-09-04T14:22:10","guid":{"rendered":"https:\/\/www.blogsoestado.com\/danielmatos\/?p=19036"},"modified":"2014-09-04T11:22:10","modified_gmt":"2014-09-04T14:22:10","slug":"alcione-passa-mal-em-voo-para-sao-luis-e-cancela-participacao-em-gravacao-de-dvd","status":"publish","type":"post","link":"https:\/\/www.blogsoestado.com\/danielmatos\/alcione-passa-mal-em-voo-para-sao-luis-e-cancela-participacao-em-gravacao-de-dvd\/","title":{"rendered":"Alcione passa mal em voo para S\u00e3o Lu\u00eds e cancela participa\u00e7\u00e3o em grava\u00e7\u00e3o de DVD"},"content":{"rendered":"<figure id=\"attachment_19037\" aria-describedby=\"caption-attachment-19037\" style=\"width: 300px\" class=\"wp-caption alignleft\"><a href=\"https:\/\/www.blogsoestado.com\/danielmatos\/files\/2014\/09\/alcione4.jpg\"><img fetchpriority=\"high\" decoding=\"async\" class=\"size-full wp-image-19037\" src=\"https:\/\/www.blogsoestado.com\/danielmatos\/files\/2014\/09\/alcione4.jpg\" alt=\"Alcione cancelou presen\u00e7a em grava\u00e7\u00e3o de DVD\" width=\"300\" height=\"339\" \/><\/a><figcaption id=\"caption-attachment-19037\" class=\"wp-caption-text\">Alcione cancelou presen\u00e7a em grava\u00e7\u00e3o de DVD<\/figcaption><\/figure>\n<p>Ap\u00f3s sentir-se mal em um voo para S\u00e3o Lu\u00eds, ontem \u00e0 noite, a cantora Alcione cancelou sua participa\u00e7\u00e3o na grava\u00e7\u00e3o do DVD da tamb\u00e9m cantora Fl\u00e1via Bitencourt, marcada para hoje, \u00e0s 19h, no Teatro Arthur Azevedo. A Marrom\u00a0foi retirada da aeronave com uma forte crise de bronquite e sentindo falta de ar. Segundo o comunicado postado na rede social\u00a0Instagram, ela cancelou o compromisso que tinha agendado na capital maranhense. Abaixo, o comunicado:<\/p>\n<p><em>&#8220;Agora h\u00e1 pouco, a cantora Alcione sentiu-se mal dentro do avi\u00e3o que a levaria para S\u00e3o Lu\u00eds, devido a uma crise de bronquite e uma forte falta de ar, o que a obrigou a sair da aeronave e a cancelar a participa\u00e7\u00e3o que faria no DVD de Fl\u00e1via Bittencourt, amanh\u00e3 no Teatro Arthur Azevedo. Lamentando muito, a Marrom deseja toda sorte para a amiga e conterr\u00e2nea e espera que possam cantar juntas em breve. (Equipe)&#8221;<\/em>, dizia o comunicado.<br \/>\nConhecida como Marrom, ela estava na capital fluminense gravando uma participa\u00e7\u00e3o no programa &#8220;Esquenta&#8221;, apresentado por Regina Cas\u00e9, e fez coment\u00e1rios animados no Twitter durante a grava\u00e7\u00e3o da atra\u00e7\u00e3o.<br \/>\n<em>&#8220;Espero que voc\u00eas se divirtam o tanto quanto eu com o &#8216;Esquenta&#8217; que provavelmente ir\u00e1 ao ar dia 05\/10! Foi engra\u00e7ad\u00edssimo e super alto astral, como sempre&#8221;<\/em>, escreveu.<\/p>\n<p>Alcione tem\u00a0shows internacionais agendados em Portugal, Alemanha e Su\u00ed\u00e7a, mas sua assessoria ainda n\u00e3o\u00a0informou se haver\u00e1 alguma altera\u00e7\u00e3o na turn\u00ea.<\/p>\n","protected":false},"excerpt":{"rendered":"<p>Ap\u00f3s sentir-se mal em um voo para S\u00e3o Lu\u00eds, ontem \u00e0 noite, a cantora Alcione cancelou sua participa\u00e7\u00e3o na grava\u00e7\u00e3o [&hellip;]<\/p>\n","protected":false},"author":0,"featured_media":0,"comment_status":"open","ping_status":"open","sticky":false,"template":"","format":"standard","meta":{"site-sidebar-layout":"default","site-content-layout":"","ast-site-content-layout":"default","site-content-style":"default","site-sidebar-style":"default","ast-global-header-display":"","ast-banner-title-visibility":"","ast-main-header-display":"","ast-hfb-above-header-display":"","ast-hfb-below-header-display":"","ast-hfb-mobile-header-display":"","site-post-title":"","ast-breadcrumbs-content":"","ast-featured-img":"","footer-sml-layout":"","ast-disable-related-posts":"","theme-transparent-header-meta":"","adv-header-id-meta":"","stick-header-meta":"","header-above-stick-meta":"","header-main-stick-meta":"","header-below-stick-meta":"","astra-migrate-meta-layouts":"default","ast-page-background-enabled":"default","ast-page-background-meta":{"desktop":{"background-color":"var(--ast-global-color-5)","background-image":"","background-repeat":"repeat","background-position":"center center","background-size":"auto","background-attachment":"scroll","background-type":"","background-media":"","overlay-type":"","overlay-color":"","overlay-opacity":"","overlay-gradient":""},"tablet":{"background-color":"","background-image":"","background-repeat":"repeat","background-position":"center center","background-size":"auto","background-attachment":"scroll","background-type":"","background-media":"","overlay-type":"","overlay-color":"","overlay-opacity":"","overlay-gradient":""},"mobile":{"background-color":"","background-image":"","background-repeat":"repeat","background-position":"center center","background-size":"auto","background-attachment":"scroll","background-type":"","background-media":"","overlay-type":"","overlay-color":"","overlay-opacity":"","overlay-gradient":""}},"ast-content-background-meta":{"desktop":{"background-color":"var(--ast-global-color-4)","background-image":"","background-repeat":"repeat","background-position":"center center","background-size":"auto","background-attachment":"scroll","background-type":"","background-media":"","overlay-type":"","overlay-color":"","overlay-opacity":"","overlay-gradient":""},"tablet":{"background-color":"var(--ast-global-color-4)","background-image":"","background-repeat":"repeat","background-position":"center center","background-size":"auto","background-attachment":"scroll","background-type":"","background-media":"","overlay-type":"","overlay-color":"","overlay-opacity":"","overlay-gradient":""},"mobile":{"background-color":"var(--ast-global-color-4)","background-image":"","background-repeat":"repeat","background-position":"center center","background-size":"auto","background-attachment":"scroll","background-type":"","background-media":"","overlay-type":"","overlay-color":"","overlay-opacity":"","overlay-gradient":""}},"footnotes":""},"categories":[1],"tags":[],"class_list":["post-19036","post","type-post","status-publish","format-standard","hentry","category-sem-categoria"],"yoast_head":"<!-- This site is optimized with the Yoast SEO plugin v26.6 - https:\/\/yoast.com\/wordpress\/plugins\/seo\/ -->\n<title>Alcione passa mal em voo para S\u00e3o Lu\u00eds e cancela participa\u00e7\u00e3o em grava\u00e7\u00e3o de DVD - Daniel Matos<\/title>\n<meta name=\"robots\" content=\"index, follow, max-snippet:-1, max-image-preview:large, max-video-preview:-1\" \/>\n<link rel=\"canonical\" href=\"https:\/\/www.blogsoestado.com\/danielmatos\/alcione-passa-mal-em-voo-para-sao-luis-e-cancela-participacao-em-gravacao-de-dvd\/\" \/>\n<meta property=\"og:locale\" content=\"pt_BR\" \/>\n<meta property=\"og:type\" content=\"article\" \/>\n<meta property=\"og:title\" content=\"Alcione passa mal em voo para S\u00e3o Lu\u00eds e cancela participa\u00e7\u00e3o em grava\u00e7\u00e3o de DVD - Daniel Matos\" \/>\n<meta property=\"og:description\" content=\"Ap\u00f3s sentir-se mal em um voo para S\u00e3o Lu\u00eds, ontem \u00e0 noite, a cantora Alcione cancelou sua participa\u00e7\u00e3o na grava\u00e7\u00e3o [&hellip;]\" \/>\n<meta property=\"og:url\" content=\"https:\/\/www.blogsoestado.com\/danielmatos\/alcione-passa-mal-em-voo-para-sao-luis-e-cancela-participacao-em-gravacao-de-dvd\/\" \/>\n<meta property=\"og:site_name\" content=\"Daniel Matos\" \/>\n<meta property=\"article:published_time\" content=\"2014-09-04T14:22:10+00:00\" \/>\n<meta property=\"og:image\" content=\"https:\/\/www.blogsoestado.com\/danielmatos\/files\/2014\/09\/alcione4.jpg\" \/>\n<meta name=\"twitter:card\" content=\"summary_large_image\" \/>\n<meta name=\"twitter:label1\" content=\"Est. tempo de leitura\" \/>\n\t<meta name=\"twitter:data1\" content=\"1 minuto\" \/>\n<script type=\"application\/ld+json\" class=\"yoast-schema-graph\">{\"@context\":\"https:\/\/schema.org\",\"@graph\":[{\"@type\":\"WebPage\",\"@id\":\"https:\/\/www.blogsoestado.com\/danielmatos\/alcione-passa-mal-em-voo-para-sao-luis-e-cancela-participacao-em-gravacao-de-dvd\/\",\"url\":\"https:\/\/www.blogsoestado.com\/danielmatos\/alcione-passa-mal-em-voo-para-sao-luis-e-cancela-participacao-em-gravacao-de-dvd\/\",\"name\":\"Alcione passa mal em voo para S\u00e3o Lu\u00eds e cancela participa\u00e7\u00e3o em grava\u00e7\u00e3o de DVD - Daniel Matos\",\"isPartOf\":{\"@id\":\"https:\/\/www.blogsoestado.com\/danielmatos\/#website\"},\"primaryImageOfPage\":{\"@id\":\"https:\/\/www.blogsoestado.com\/danielmatos\/alcione-passa-mal-em-voo-para-sao-luis-e-cancela-participacao-em-gravacao-de-dvd\/#primaryimage\"},\"image\":{\"@id\":\"https:\/\/www.blogsoestado.com\/danielmatos\/alcione-passa-mal-em-voo-para-sao-luis-e-cancela-participacao-em-gravacao-de-dvd\/#primaryimage\"},\"thumbnailUrl\":\"https:\/\/www.blogsoestado.com\/danielmatos\/files\/2014\/09\/alcione4.jpg\",\"datePublished\":\"2014-09-04T14:22:10+00:00\",\"author\":{\"@id\":\"\"},\"breadcrumb\":{\"@id\":\"https:\/\/www.blogsoestado.com\/danielmatos\/alcione-passa-mal-em-voo-para-sao-luis-e-cancela-participacao-em-gravacao-de-dvd\/#breadcrumb\"},\"inLanguage\":\"pt-BR\",\"potentialAction\":[{\"@type\":\"ReadAction\",\"target\":[\"https:\/\/www.blogsoestado.com\/danielmatos\/alcione-passa-mal-em-voo-para-sao-luis-e-cancela-participacao-em-gravacao-de-dvd\/\"]}]},{\"@type\":\"ImageObject\",\"inLanguage\":\"pt-BR\",\"@id\":\"https:\/\/www.blogsoestado.com\/danielmatos\/alcione-passa-mal-em-voo-para-sao-luis-e-cancela-participacao-em-gravacao-de-dvd\/#primaryimage\",\"url\":\"https:\/\/www.blogsoestado.com\/danielmatos\/files\/2014\/09\/alcione4.jpg\",\"contentUrl\":\"https:\/\/www.blogsoestado.com\/danielmatos\/files\/2014\/09\/alcione4.jpg\"},{\"@type\":\"BreadcrumbList\",\"@id\":\"https:\/\/www.blogsoestado.com\/danielmatos\/alcione-passa-mal-em-voo-para-sao-luis-e-cancela-participacao-em-gravacao-de-dvd\/#breadcrumb\",\"itemListElement\":[{\"@type\":\"ListItem\",\"position\":1,\"name\":\"In\u00edcio\",\"item\":\"https:\/\/www.blogsoestado.com\/danielmatos\/\"},{\"@type\":\"ListItem\",\"position\":2,\"name\":\"Alcione passa mal em voo para S\u00e3o Lu\u00eds e cancela participa\u00e7\u00e3o em grava\u00e7\u00e3o de DVD\"}]},{\"@type\":\"WebSite\",\"@id\":\"https:\/\/www.blogsoestado.com\/danielmatos\/#website\",\"url\":\"https:\/\/www.blogsoestado.com\/danielmatos\/\",\"name\":\"Daniel Matos\",\"description\":\"\",\"potentialAction\":[{\"@type\":\"SearchAction\",\"target\":{\"@type\":\"EntryPoint\",\"urlTemplate\":\"https:\/\/www.blogsoestado.com\/danielmatos\/?s={search_term_string}\"},\"query-input\":{\"@type\":\"PropertyValueSpecification\",\"valueRequired\":true,\"valueName\":\"search_term_string\"}}],\"inLanguage\":\"pt-BR\"}]}<\/script>\n<!-- \/ Yoast SEO plugin. -->","yoast_head_json":{"title":"Alcione passa mal em voo para S\u00e3o Lu\u00eds e cancela participa\u00e7\u00e3o em grava\u00e7\u00e3o de DVD - Daniel Matos","robots":{"index":"index","follow":"follow","max-snippet":"max-snippet:-1","max-image-preview":"max-image-preview:large","max-video-preview":"max-video-preview:-1"},"canonical":"https:\/\/www.blogsoestado.com\/danielmatos\/alcione-passa-mal-em-voo-para-sao-luis-e-cancela-participacao-em-gravacao-de-dvd\/","og_locale":"pt_BR","og_type":"article","og_title":"Alcione passa mal em voo para S\u00e3o Lu\u00eds e cancela participa\u00e7\u00e3o em grava\u00e7\u00e3o de DVD - Daniel Matos","og_description":"Ap\u00f3s sentir-se mal em um voo para S\u00e3o Lu\u00eds, ontem \u00e0 noite, a cantora Alcione cancelou sua participa\u00e7\u00e3o na grava\u00e7\u00e3o [&hellip;]","og_url":"https:\/\/www.blogsoestado.com\/danielmatos\/alcione-passa-mal-em-voo-para-sao-luis-e-cancela-participacao-em-gravacao-de-dvd\/","og_site_name":"Daniel Matos","article_published_time":"2014-09-04T14:22:10+00:00","og_image":[{"url":"https:\/\/www.blogsoestado.com\/danielmatos\/files\/2014\/09\/alcione4.jpg","type":"","width":"","height":""}],"twitter_card":"summary_large_image","twitter_misc":{"Est. tempo de leitura":"1 minuto"},"schema":{"@context":"https:\/\/schema.org","@graph":[{"@type":"WebPage","@id":"https:\/\/www.blogsoestado.com\/danielmatos\/alcione-passa-mal-em-voo-para-sao-luis-e-cancela-participacao-em-gravacao-de-dvd\/","url":"https:\/\/www.blogsoestado.com\/danielmatos\/alcione-passa-mal-em-voo-para-sao-luis-e-cancela-participacao-em-gravacao-de-dvd\/","name":"Alcione passa mal em voo para S\u00e3o Lu\u00eds e cancela participa\u00e7\u00e3o em grava\u00e7\u00e3o de DVD - Daniel Matos","isPartOf":{"@id":"https:\/\/www.blogsoestado.com\/danielmatos\/#website"},"primaryImageOfPage":{"@id":"https:\/\/www.blogsoestado.com\/danielmatos\/alcione-passa-mal-em-voo-para-sao-luis-e-cancela-participacao-em-gravacao-de-dvd\/#primaryimage"},"image":{"@id":"https:\/\/www.blogsoestado.com\/danielmatos\/alcione-passa-mal-em-voo-para-sao-luis-e-cancela-participacao-em-gravacao-de-dvd\/#primaryimage"},"thumbnailUrl":"https:\/\/www.blogsoestado.com\/danielmatos\/files\/2014\/09\/alcione4.jpg","datePublished":"2014-09-04T14:22:10+00:00","author":{"@id":""},"breadcrumb":{"@id":"https:\/\/www.blogsoestado.com\/danielmatos\/alcione-passa-mal-em-voo-para-sao-luis-e-cancela-participacao-em-gravacao-de-dvd\/#breadcrumb"},"inLanguage":"pt-BR","potentialAction":[{"@type":"ReadAction","target":["https:\/\/www.blogsoestado.com\/danielmatos\/alcione-passa-mal-em-voo-para-sao-luis-e-cancela-participacao-em-gravacao-de-dvd\/"]}]},{"@type":"ImageObject","inLanguage":"pt-BR","@id":"https:\/\/www.blogsoestado.com\/danielmatos\/alcione-passa-mal-em-voo-para-sao-luis-e-cancela-participacao-em-gravacao-de-dvd\/#primaryimage","url":"https:\/\/www.blogsoestado.com\/danielmatos\/files\/2014\/09\/alcione4.jpg","contentUrl":"https:\/\/www.blogsoestado.com\/danielmatos\/files\/2014\/09\/alcione4.jpg"},{"@type":"BreadcrumbList","@id":"https:\/\/www.blogsoestado.com\/danielmatos\/alcione-passa-mal-em-voo-para-sao-luis-e-cancela-participacao-em-gravacao-de-dvd\/#breadcrumb","itemListElement":[{"@type":"ListItem","position":1,"name":"In\u00edcio","item":"https:\/\/www.blogsoestado.com\/danielmatos\/"},{"@type":"ListItem","position":2,"name":"Alcione passa mal em voo para S\u00e3o Lu\u00eds e cancela participa\u00e7\u00e3o em grava\u00e7\u00e3o de DVD"}]},{"@type":"WebSite","@id":"https:\/\/www.blogsoestado.com\/danielmatos\/#website","url":"https:\/\/www.blogsoestado.com\/danielmatos\/","name":"Daniel Matos","description":"","potentialAction":[{"@type":"SearchAction","target":{"@type":"EntryPoint","urlTemplate":"https:\/\/www.blogsoestado.com\/danielmatos\/?s={search_term_string}"},"query-input":{"@type":"PropertyValueSpecification","valueRequired":true,"valueName":"search_term_string"}}],"inLanguage":"pt-BR"}]}},"jetpack_featured_media_url":"","_links":{"self":[{"href":"https:\/\/www.blogsoestado.com\/danielmatos\/wp-json\/wp\/v2\/posts\/19036","targetHints":{"allow":["GET"]}}],"collection":[{"href":"https:\/\/www.blogsoestado.com\/danielmatos\/wp-json\/wp\/v2\/posts"}],"about":[{"href":"https:\/\/www.blogsoestado.com\/danielmatos\/wp-json\/wp\/v2\/types\/post"}],"replies":[{"embeddable":true,"href":"https:\/\/www.blogsoestado.com\/danielmatos\/wp-json\/wp\/v2\/comments?post=19036"}],"version-history":[{"count":0,"href":"https:\/\/www.blogsoestado.com\/danielmatos\/wp-json\/wp\/v2\/posts\/19036\/revisions"}],"wp:attachment":[{"href":"https:\/\/www.blogsoestado.com\/danielmatos\/wp-json\/wp\/v2\/media?parent=19036"}],"wp:term":[{"taxonomy":"category","embeddable":true,"href":"https:\/\/www.blogsoestado.com\/danielmatos\/wp-json\/wp\/v2\/categories?post=19036"},{"taxonomy":"post_tag","embeddable":true,"href":"https:\/\/www.blogsoestado.com\/danielmatos\/wp-json\/wp\/v2\/tags?post=19036"}],"curies":[{"name":"wp","href":"https:\/\/api.w.org\/{rel}","templated":true}]}}