{"id":19039,"date":"2014-09-04T11:33:12","date_gmt":"2014-09-04T14:33:12","guid":{"rendered":"https:\/\/www.blogsoestado.com\/danielmatos\/?p=19039"},"modified":"2014-09-04T11:33:12","modified_gmt":"2014-09-04T14:33:12","slug":"um-monitor-e-tres-detentos-feridos-durante-motim-em-pedrinhas","status":"publish","type":"post","link":"https:\/\/www.blogsoestado.com\/danielmatos\/um-monitor-e-tres-detentos-feridos-durante-motim-em-pedrinhas\/","title":{"rendered":"Um monitor e tr\u00eas detentos feridos durante motim em Pedrinhas"},"content":{"rendered":"<p>A Secretaria de Estado de Justi\u00e7a e Administra\u00e7\u00e3o Penitenci\u00e1ria (Sejap) informa que na manh\u00e3 desta quinta-feira (4), foi registrado um princ\u00edpio de tumulto na Penitenci\u00e1ria de Pedrinhas em que um monitor de uma empresa terceirizada da unidade e tr\u00eas detentos ficaram feridos; todos imediatamente socorridos.<\/p>\n<p>O Batalh\u00e3o de Choque da Pol\u00edcia Militar do Maranh\u00e3o e o Grupo Especial de Opera\u00e7\u00f5es Penitenci\u00e1rias (GEOP) j\u00e1 est\u00e3o no local. O Grupamento T\u00e1tico A\u00e9reo (GTA) tamb\u00e9m foi acionado.<\/p>\n<p><strong>Fonte:<\/strong> Secretaria de Estado de Justi\u00e7a e Administra\u00e7\u00e3o Penitenci\u00e1ria (Sejap)<\/p>\n","protected":false},"excerpt":{"rendered":"<p>A Secretaria de Estado de Justi\u00e7a e Administra\u00e7\u00e3o Penitenci\u00e1ria (Sejap) informa que na manh\u00e3 desta quinta-feira (4), foi registrado um [&hellip;]<\/p>\n","protected":false},"author":0,"featured_media":0,"comment_status":"open","ping_status":"open","sticky":false,"template":"","format":"standard","meta":{"site-sidebar-layout":"default","site-content-layout":"","ast-site-content-layout":"default","site-content-style":"default","site-sidebar-style":"default","ast-global-header-display":"","ast-banner-title-visibility":"","ast-main-header-display":"","ast-hfb-above-header-display":"","ast-hfb-below-header-display":"","ast-hfb-mobile-header-display":"","site-post-title":"","ast-breadcrumbs-content":"","ast-featured-img":"","footer-sml-layout":"","ast-disable-related-posts":"","theme-transparent-header-meta":"","adv-header-id-meta":"","stick-header-meta":"","header-above-stick-meta":"","header-main-stick-meta":"","header-below-stick-meta":"","astra-migrate-meta-layouts":"default","ast-page-background-enabled":"default","ast-page-background-meta":{"desktop":{"background-color":"var(--ast-global-color-5)","background-image":"","background-repeat":"repeat","background-position":"center center","background-size":"auto","background-attachment":"scroll","background-type":"","background-media":"","overlay-type":"","overlay-color":"","overlay-opacity":"","overlay-gradient":""},"tablet":{"background-color":"","background-image":"","background-repeat":"repeat","background-position":"center center","background-size":"auto","background-attachment":"scroll","background-type":"","background-media":"","overlay-type":"","overlay-color":"","overlay-opacity":"","overlay-gradient":""},"mobile":{"background-color":"","background-image":"","background-repeat":"repeat","background-position":"center center","background-size":"auto","background-attachment":"scroll","background-type":"","background-media":"","overlay-type":"","overlay-color":"","overlay-opacity":"","overlay-gradient":""}},"ast-content-background-meta":{"desktop":{"background-color":"var(--ast-global-color-4)","background-image":"","background-repeat":"repeat","background-position":"center center","background-size":"auto","background-attachment":"scroll","background-type":"","background-media":"","overlay-type":"","overlay-color":"","overlay-opacity":"","overlay-gradient":""},"tablet":{"background-color":"var(--ast-global-color-4)","background-image":"","background-repeat":"repeat","background-position":"center center","background-size":"auto","background-attachment":"scroll","background-type":"","background-media":"","overlay-type":"","overlay-color":"","overlay-opacity":"","overlay-gradient":""},"mobile":{"background-color":"var(--ast-global-color-4)","background-image":"","background-repeat":"repeat","background-position":"center center","background-size":"auto","background-attachment":"scroll","background-type":"","background-media":"","overlay-type":"","overlay-color":"","overlay-opacity":"","overlay-gradient":""}},"footnotes":""},"categories":[1],"tags":[],"class_list":["post-19039","post","type-post","status-publish","format-standard","hentry","category-sem-categoria"],"yoast_head":"<!-- This site is optimized with the Yoast SEO plugin v26.6 - https:\/\/yoast.com\/wordpress\/plugins\/seo\/ -->\n<title>Um monitor e tr\u00eas detentos feridos durante motim em Pedrinhas - Daniel Matos<\/title>\n<meta name=\"robots\" content=\"index, follow, max-snippet:-1, max-image-preview:large, max-video-preview:-1\" \/>\n<link rel=\"canonical\" href=\"https:\/\/www.blogsoestado.com\/danielmatos\/um-monitor-e-tres-detentos-feridos-durante-motim-em-pedrinhas\/\" \/>\n<meta property=\"og:locale\" content=\"pt_BR\" \/>\n<meta property=\"og:type\" content=\"article\" \/>\n<meta property=\"og:title\" content=\"Um monitor e tr\u00eas detentos feridos durante motim em Pedrinhas - Daniel Matos\" \/>\n<meta property=\"og:description\" content=\"A Secretaria de Estado de Justi\u00e7a e Administra\u00e7\u00e3o Penitenci\u00e1ria (Sejap) informa que na manh\u00e3 desta quinta-feira (4), foi registrado um [&hellip;]\" \/>\n<meta property=\"og:url\" content=\"https:\/\/www.blogsoestado.com\/danielmatos\/um-monitor-e-tres-detentos-feridos-durante-motim-em-pedrinhas\/\" \/>\n<meta property=\"og:site_name\" content=\"Daniel Matos\" \/>\n<meta property=\"article:published_time\" content=\"2014-09-04T14:33:12+00:00\" \/>\n<meta name=\"twitter:card\" content=\"summary_large_image\" \/>\n<meta name=\"twitter:label1\" content=\"Est. tempo de leitura\" \/>\n\t<meta name=\"twitter:data1\" content=\"1 minuto\" \/>\n<script type=\"application\/ld+json\" class=\"yoast-schema-graph\">{\"@context\":\"https:\/\/schema.org\",\"@graph\":[{\"@type\":\"WebPage\",\"@id\":\"https:\/\/www.blogsoestado.com\/danielmatos\/um-monitor-e-tres-detentos-feridos-durante-motim-em-pedrinhas\/\",\"url\":\"https:\/\/www.blogsoestado.com\/danielmatos\/um-monitor-e-tres-detentos-feridos-durante-motim-em-pedrinhas\/\",\"name\":\"Um monitor e tr\u00eas detentos feridos durante motim em Pedrinhas - Daniel Matos\",\"isPartOf\":{\"@id\":\"https:\/\/www.blogsoestado.com\/danielmatos\/#website\"},\"datePublished\":\"2014-09-04T14:33:12+00:00\",\"author\":{\"@id\":\"\"},\"breadcrumb\":{\"@id\":\"https:\/\/www.blogsoestado.com\/danielmatos\/um-monitor-e-tres-detentos-feridos-durante-motim-em-pedrinhas\/#breadcrumb\"},\"inLanguage\":\"pt-BR\",\"potentialAction\":[{\"@type\":\"ReadAction\",\"target\":[\"https:\/\/www.blogsoestado.com\/danielmatos\/um-monitor-e-tres-detentos-feridos-durante-motim-em-pedrinhas\/\"]}]},{\"@type\":\"BreadcrumbList\",\"@id\":\"https:\/\/www.blogsoestado.com\/danielmatos\/um-monitor-e-tres-detentos-feridos-durante-motim-em-pedrinhas\/#breadcrumb\",\"itemListElement\":[{\"@type\":\"ListItem\",\"position\":1,\"name\":\"In\u00edcio\",\"item\":\"https:\/\/www.blogsoestado.com\/danielmatos\/\"},{\"@type\":\"ListItem\",\"position\":2,\"name\":\"Um monitor e tr\u00eas detentos feridos durante motim em Pedrinhas\"}]},{\"@type\":\"WebSite\",\"@id\":\"https:\/\/www.blogsoestado.com\/danielmatos\/#website\",\"url\":\"https:\/\/www.blogsoestado.com\/danielmatos\/\",\"name\":\"Daniel Matos\",\"description\":\"\",\"potentialAction\":[{\"@type\":\"SearchAction\",\"target\":{\"@type\":\"EntryPoint\",\"urlTemplate\":\"https:\/\/www.blogsoestado.com\/danielmatos\/?s={search_term_string}\"},\"query-input\":{\"@type\":\"PropertyValueSpecification\",\"valueRequired\":true,\"valueName\":\"search_term_string\"}}],\"inLanguage\":\"pt-BR\"}]}<\/script>\n<!-- \/ Yoast SEO plugin. -->","yoast_head_json":{"title":"Um monitor e tr\u00eas detentos feridos durante motim em Pedrinhas - Daniel Matos","robots":{"index":"index","follow":"follow","max-snippet":"max-snippet:-1","max-image-preview":"max-image-preview:large","max-video-preview":"max-video-preview:-1"},"canonical":"https:\/\/www.blogsoestado.com\/danielmatos\/um-monitor-e-tres-detentos-feridos-durante-motim-em-pedrinhas\/","og_locale":"pt_BR","og_type":"article","og_title":"Um monitor e tr\u00eas detentos feridos durante motim em Pedrinhas - Daniel Matos","og_description":"A Secretaria de Estado de Justi\u00e7a e Administra\u00e7\u00e3o Penitenci\u00e1ria (Sejap) informa que na manh\u00e3 desta quinta-feira (4), foi registrado um [&hellip;]","og_url":"https:\/\/www.blogsoestado.com\/danielmatos\/um-monitor-e-tres-detentos-feridos-durante-motim-em-pedrinhas\/","og_site_name":"Daniel Matos","article_published_time":"2014-09-04T14:33:12+00:00","twitter_card":"summary_large_image","twitter_misc":{"Est. tempo de leitura":"1 minuto"},"schema":{"@context":"https:\/\/schema.org","@graph":[{"@type":"WebPage","@id":"https:\/\/www.blogsoestado.com\/danielmatos\/um-monitor-e-tres-detentos-feridos-durante-motim-em-pedrinhas\/","url":"https:\/\/www.blogsoestado.com\/danielmatos\/um-monitor-e-tres-detentos-feridos-durante-motim-em-pedrinhas\/","name":"Um monitor e tr\u00eas detentos feridos durante motim em Pedrinhas - Daniel Matos","isPartOf":{"@id":"https:\/\/www.blogsoestado.com\/danielmatos\/#website"},"datePublished":"2014-09-04T14:33:12+00:00","author":{"@id":""},"breadcrumb":{"@id":"https:\/\/www.blogsoestado.com\/danielmatos\/um-monitor-e-tres-detentos-feridos-durante-motim-em-pedrinhas\/#breadcrumb"},"inLanguage":"pt-BR","potentialAction":[{"@type":"ReadAction","target":["https:\/\/www.blogsoestado.com\/danielmatos\/um-monitor-e-tres-detentos-feridos-durante-motim-em-pedrinhas\/"]}]},{"@type":"BreadcrumbList","@id":"https:\/\/www.blogsoestado.com\/danielmatos\/um-monitor-e-tres-detentos-feridos-durante-motim-em-pedrinhas\/#breadcrumb","itemListElement":[{"@type":"ListItem","position":1,"name":"In\u00edcio","item":"https:\/\/www.blogsoestado.com\/danielmatos\/"},{"@type":"ListItem","position":2,"name":"Um monitor e tr\u00eas detentos feridos durante motim em Pedrinhas"}]},{"@type":"WebSite","@id":"https:\/\/www.blogsoestado.com\/danielmatos\/#website","url":"https:\/\/www.blogsoestado.com\/danielmatos\/","name":"Daniel Matos","description":"","potentialAction":[{"@type":"SearchAction","target":{"@type":"EntryPoint","urlTemplate":"https:\/\/www.blogsoestado.com\/danielmatos\/?s={search_term_string}"},"query-input":{"@type":"PropertyValueSpecification","valueRequired":true,"valueName":"search_term_string"}}],"inLanguage":"pt-BR"}]}},"jetpack_featured_media_url":"","_links":{"self":[{"href":"https:\/\/www.blogsoestado.com\/danielmatos\/wp-json\/wp\/v2\/posts\/19039","targetHints":{"allow":["GET"]}}],"collection":[{"href":"https:\/\/www.blogsoestado.com\/danielmatos\/wp-json\/wp\/v2\/posts"}],"about":[{"href":"https:\/\/www.blogsoestado.com\/danielmatos\/wp-json\/wp\/v2\/types\/post"}],"replies":[{"embeddable":true,"href":"https:\/\/www.blogsoestado.com\/danielmatos\/wp-json\/wp\/v2\/comments?post=19039"}],"version-history":[{"count":0,"href":"https:\/\/www.blogsoestado.com\/danielmatos\/wp-json\/wp\/v2\/posts\/19039\/revisions"}],"wp:attachment":[{"href":"https:\/\/www.blogsoestado.com\/danielmatos\/wp-json\/wp\/v2\/media?parent=19039"}],"wp:term":[{"taxonomy":"category","embeddable":true,"href":"https:\/\/www.blogsoestado.com\/danielmatos\/wp-json\/wp\/v2\/categories?post=19039"},{"taxonomy":"post_tag","embeddable":true,"href":"https:\/\/www.blogsoestado.com\/danielmatos\/wp-json\/wp\/v2\/tags?post=19039"}],"curies":[{"name":"wp","href":"https:\/\/api.w.org\/{rel}","templated":true}]}}