{"id":19060,"date":"2014-09-04T21:37:11","date_gmt":"2014-09-05T00:37:11","guid":{"rendered":"https:\/\/www.blogsoestado.com\/danielmatos\/?p=19060"},"modified":"2014-09-04T21:37:11","modified_gmt":"2014-09-05T00:37:11","slug":"apos-105-dias-professores-encerram-greve","status":"publish","type":"post","link":"https:\/\/www.blogsoestado.com\/danielmatos\/apos-105-dias-professores-encerram-greve\/","title":{"rendered":"Ap\u00f3s 105 dias, professores encerram greve"},"content":{"rendered":"<figure id=\"attachment_19061\" aria-describedby=\"caption-attachment-19061\" style=\"width: 400px\" class=\"wp-caption alignleft\"><a href=\"https:\/\/www.blogsoestado.com\/danielmatos\/files\/2014\/09\/secret\u00e1rio.jpg\"><img fetchpriority=\"high\" decoding=\"async\" class=\"size-full wp-image-19061\" src=\"https:\/\/www.blogsoestado.com\/danielmatos\/files\/2014\/09\/secret\u00e1rio.jpg\" alt=\"Secret\u00e1rio Geraldo Castro Sobrinho (de terno) teve participa\u00e7\u00e3o ativa nas negocia\u00e7\u00f5es\" width=\"400\" height=\"269\" \/><\/a><figcaption id=\"caption-attachment-19061\" class=\"wp-caption-text\">Secret\u00e1rio Geraldo Castro Sobrinho (de terno) teve participa\u00e7\u00e3o ativa nas negocia\u00e7\u00f5es<\/figcaption><\/figure>\n<p>Professores da rede municipal de ensino decidiram hoje encerrar a greve da categoria, que se estendeu por 105 dias e ap\u00f3s mais de 10 rodadas de negocia\u00e7\u00e3o. Os educadores aceitaram o reajuste de 2,92% proposto\u00a0pela Prefeitura de S\u00e3o Lu\u00eds,\u00a0a ser pago em duas\u00a0parcelas, em outubro e dezembro. Al\u00e9m da reposi\u00e7\u00e3o salarial, foi garantida aos professores a concess\u00e3o de direitos estatut\u00e1rios, como\u00a0 progress\u00e3o vertical e horizontal, gratifica\u00e7\u00e3o por trabalho em \u00e1rea de risco, entre outros benef\u00edcios.<\/p>\n<p>A decis\u00e3o pelo fim da greve foi tomada em assembleia geral realizada em frente ao Pal\u00e1cio La Ravardi\u00e9re, sede da administra\u00e7\u00e3o municipal, ocupado desde 13 de agosto. Nesse per\u00edodo, alguns educadores chegaram a se acorrentar dentro da Prefeitura,\u00a0para pressionar pela retomada das negocia\u00e7\u00f5es, que vinham sendo mediadas pelo Minist\u00e9rio P\u00fablico, por meio da Promotoria de Defesa da Educa\u00e7\u00e3o.<\/p>\n<p>Em 3 de junho, em resposta a uma a\u00e7\u00e3o movida pelo Munic\u00edpio,\u00a0o Tribunal de Justi\u00e7a decretou a ilegalidade da greve, decis\u00e3o confirmada pelo Supremo Tribunal Federal (STF). A senten\u00e7a previa, entre outras san\u00e7\u00f5es, o corte do ponto dos professores que se negavam a voltar \u00e0s salas de aula. No in\u00edcio desta semana, o secret\u00e1rio municipal de Educa\u00e7\u00e3o, Geraldo Castro Sobrinho, anunciou a execu\u00e7\u00e3o da medida. O Sindicato dos Profissionais do Ensino P\u00fablico Municipal (SindEduca\u00e7\u00e3o) chegou a recorrer ao TJ para tentar anular o corte, sem sucesso.<\/p>\n<p>Durante a greve, boa parte das escolas municipais continuou funcionando. Segundo a Secretaria Municipal de Educa\u00e7\u00e3o (Semed), nas \u00faltimas semanas do movimento, cerca de 80% das unidades de ensino j\u00e1 haviam retomado o cronograma de aulas.<\/p>\n<p>Com o fim\u00a0da paralisa\u00e7\u00e3o, o maior desafio \u00e9 repor o conte\u00fado perdido. Nesse sentido, a Semed deve montar uma estrat\u00e9gia para que os mais de 130 mil estudantes da rede municipal cumpram o ano letivo com o melhor aproveitamento poss\u00edvel.<\/p>\n","protected":false},"excerpt":{"rendered":"<p>Professores da rede municipal de ensino decidiram hoje encerrar a greve da categoria, que se estendeu por 105 dias e [&hellip;]<\/p>\n","protected":false},"author":0,"featured_media":0,"comment_status":"open","ping_status":"open","sticky":false,"template":"","format":"standard","meta":{"site-sidebar-layout":"default","site-content-layout":"","ast-site-content-layout":"default","site-content-style":"default","site-sidebar-style":"default","ast-global-header-display":"","ast-banner-title-visibility":"","ast-main-header-display":"","ast-hfb-above-header-display":"","ast-hfb-below-header-display":"","ast-hfb-mobile-header-display":"","site-post-title":"","ast-breadcrumbs-content":"","ast-featured-img":"","footer-sml-layout":"","ast-disable-related-posts":"","theme-transparent-header-meta":"","adv-header-id-meta":"","stick-header-meta":"","header-above-stick-meta":"","header-main-stick-meta":"","header-below-stick-meta":"","astra-migrate-meta-layouts":"default","ast-page-background-enabled":"default","ast-page-background-meta":{"desktop":{"background-color":"var(--ast-global-color-5)","background-image":"","background-repeat":"repeat","background-position":"center center","background-size":"auto","background-attachment":"scroll","background-type":"","background-media":"","overlay-type":"","overlay-color":"","overlay-opacity":"","overlay-gradient":""},"tablet":{"background-color":"","background-image":"","background-repeat":"repeat","background-position":"center center","background-size":"auto","background-attachment":"scroll","background-type":"","background-media":"","overlay-type":"","overlay-color":"","overlay-opacity":"","overlay-gradient":""},"mobile":{"background-color":"","background-image":"","background-repeat":"repeat","background-position":"center center","background-size":"auto","background-attachment":"scroll","background-type":"","background-media":"","overlay-type":"","overlay-color":"","overlay-opacity":"","overlay-gradient":""}},"ast-content-background-meta":{"desktop":{"background-color":"var(--ast-global-color-4)","background-image":"","background-repeat":"repeat","background-position":"center center","background-size":"auto","background-attachment":"scroll","background-type":"","background-media":"","overlay-type":"","overlay-color":"","overlay-opacity":"","overlay-gradient":""},"tablet":{"background-color":"var(--ast-global-color-4)","background-image":"","background-repeat":"repeat","background-position":"center center","background-size":"auto","background-attachment":"scroll","background-type":"","background-media":"","overlay-type":"","overlay-color":"","overlay-opacity":"","overlay-gradient":""},"mobile":{"background-color":"var(--ast-global-color-4)","background-image":"","background-repeat":"repeat","background-position":"center center","background-size":"auto","background-attachment":"scroll","background-type":"","background-media":"","overlay-type":"","overlay-color":"","overlay-opacity":"","overlay-gradient":""}},"footnotes":""},"categories":[1],"tags":[],"class_list":["post-19060","post","type-post","status-publish","format-standard","hentry","category-sem-categoria"],"yoast_head":"<!-- This site is optimized with the Yoast SEO plugin v26.6 - https:\/\/yoast.com\/wordpress\/plugins\/seo\/ -->\n<title>Ap\u00f3s 105 dias, professores encerram greve - Daniel Matos<\/title>\n<meta name=\"robots\" content=\"index, follow, max-snippet:-1, max-image-preview:large, max-video-preview:-1\" \/>\n<link rel=\"canonical\" href=\"https:\/\/www.blogsoestado.com\/danielmatos\/apos-105-dias-professores-encerram-greve\/\" \/>\n<meta property=\"og:locale\" content=\"pt_BR\" \/>\n<meta property=\"og:type\" content=\"article\" \/>\n<meta property=\"og:title\" content=\"Ap\u00f3s 105 dias, professores encerram greve - Daniel Matos\" \/>\n<meta property=\"og:description\" content=\"Professores da rede municipal de ensino decidiram hoje encerrar a greve da categoria, que se estendeu por 105 dias e [&hellip;]\" \/>\n<meta property=\"og:url\" content=\"https:\/\/www.blogsoestado.com\/danielmatos\/apos-105-dias-professores-encerram-greve\/\" \/>\n<meta property=\"og:site_name\" content=\"Daniel Matos\" \/>\n<meta property=\"article:published_time\" content=\"2014-09-05T00:37:11+00:00\" \/>\n<meta name=\"twitter:card\" content=\"summary_large_image\" \/>\n<meta name=\"twitter:label1\" content=\"Est. tempo de leitura\" \/>\n\t<meta name=\"twitter:data1\" content=\"2 minutos\" \/>\n<script type=\"application\/ld+json\" class=\"yoast-schema-graph\">{\"@context\":\"https:\/\/schema.org\",\"@graph\":[{\"@type\":\"WebPage\",\"@id\":\"https:\/\/www.blogsoestado.com\/danielmatos\/apos-105-dias-professores-encerram-greve\/\",\"url\":\"https:\/\/www.blogsoestado.com\/danielmatos\/apos-105-dias-professores-encerram-greve\/\",\"name\":\"Ap\u00f3s 105 dias, professores encerram greve - Daniel Matos\",\"isPartOf\":{\"@id\":\"https:\/\/www.blogsoestado.com\/danielmatos\/#website\"},\"datePublished\":\"2014-09-05T00:37:11+00:00\",\"author\":{\"@id\":\"\"},\"breadcrumb\":{\"@id\":\"https:\/\/www.blogsoestado.com\/danielmatos\/apos-105-dias-professores-encerram-greve\/#breadcrumb\"},\"inLanguage\":\"pt-BR\",\"potentialAction\":[{\"@type\":\"ReadAction\",\"target\":[\"https:\/\/www.blogsoestado.com\/danielmatos\/apos-105-dias-professores-encerram-greve\/\"]}]},{\"@type\":\"BreadcrumbList\",\"@id\":\"https:\/\/www.blogsoestado.com\/danielmatos\/apos-105-dias-professores-encerram-greve\/#breadcrumb\",\"itemListElement\":[{\"@type\":\"ListItem\",\"position\":1,\"name\":\"In\u00edcio\",\"item\":\"https:\/\/www.blogsoestado.com\/danielmatos\/\"},{\"@type\":\"ListItem\",\"position\":2,\"name\":\"Ap\u00f3s 105 dias, professores encerram greve\"}]},{\"@type\":\"WebSite\",\"@id\":\"https:\/\/www.blogsoestado.com\/danielmatos\/#website\",\"url\":\"https:\/\/www.blogsoestado.com\/danielmatos\/\",\"name\":\"Daniel Matos\",\"description\":\"\",\"potentialAction\":[{\"@type\":\"SearchAction\",\"target\":{\"@type\":\"EntryPoint\",\"urlTemplate\":\"https:\/\/www.blogsoestado.com\/danielmatos\/?s={search_term_string}\"},\"query-input\":{\"@type\":\"PropertyValueSpecification\",\"valueRequired\":true,\"valueName\":\"search_term_string\"}}],\"inLanguage\":\"pt-BR\"}]}<\/script>\n<!-- \/ Yoast SEO plugin. -->","yoast_head_json":{"title":"Ap\u00f3s 105 dias, professores encerram greve - Daniel Matos","robots":{"index":"index","follow":"follow","max-snippet":"max-snippet:-1","max-image-preview":"max-image-preview:large","max-video-preview":"max-video-preview:-1"},"canonical":"https:\/\/www.blogsoestado.com\/danielmatos\/apos-105-dias-professores-encerram-greve\/","og_locale":"pt_BR","og_type":"article","og_title":"Ap\u00f3s 105 dias, professores encerram greve - Daniel Matos","og_description":"Professores da rede municipal de ensino decidiram hoje encerrar a greve da categoria, que se estendeu por 105 dias e [&hellip;]","og_url":"https:\/\/www.blogsoestado.com\/danielmatos\/apos-105-dias-professores-encerram-greve\/","og_site_name":"Daniel Matos","article_published_time":"2014-09-05T00:37:11+00:00","twitter_card":"summary_large_image","twitter_misc":{"Est. tempo de leitura":"2 minutos"},"schema":{"@context":"https:\/\/schema.org","@graph":[{"@type":"WebPage","@id":"https:\/\/www.blogsoestado.com\/danielmatos\/apos-105-dias-professores-encerram-greve\/","url":"https:\/\/www.blogsoestado.com\/danielmatos\/apos-105-dias-professores-encerram-greve\/","name":"Ap\u00f3s 105 dias, professores encerram greve - Daniel Matos","isPartOf":{"@id":"https:\/\/www.blogsoestado.com\/danielmatos\/#website"},"datePublished":"2014-09-05T00:37:11+00:00","author":{"@id":""},"breadcrumb":{"@id":"https:\/\/www.blogsoestado.com\/danielmatos\/apos-105-dias-professores-encerram-greve\/#breadcrumb"},"inLanguage":"pt-BR","potentialAction":[{"@type":"ReadAction","target":["https:\/\/www.blogsoestado.com\/danielmatos\/apos-105-dias-professores-encerram-greve\/"]}]},{"@type":"BreadcrumbList","@id":"https:\/\/www.blogsoestado.com\/danielmatos\/apos-105-dias-professores-encerram-greve\/#breadcrumb","itemListElement":[{"@type":"ListItem","position":1,"name":"In\u00edcio","item":"https:\/\/www.blogsoestado.com\/danielmatos\/"},{"@type":"ListItem","position":2,"name":"Ap\u00f3s 105 dias, professores encerram greve"}]},{"@type":"WebSite","@id":"https:\/\/www.blogsoestado.com\/danielmatos\/#website","url":"https:\/\/www.blogsoestado.com\/danielmatos\/","name":"Daniel Matos","description":"","potentialAction":[{"@type":"SearchAction","target":{"@type":"EntryPoint","urlTemplate":"https:\/\/www.blogsoestado.com\/danielmatos\/?s={search_term_string}"},"query-input":{"@type":"PropertyValueSpecification","valueRequired":true,"valueName":"search_term_string"}}],"inLanguage":"pt-BR"}]}},"jetpack_featured_media_url":"","_links":{"self":[{"href":"https:\/\/www.blogsoestado.com\/danielmatos\/wp-json\/wp\/v2\/posts\/19060","targetHints":{"allow":["GET"]}}],"collection":[{"href":"https:\/\/www.blogsoestado.com\/danielmatos\/wp-json\/wp\/v2\/posts"}],"about":[{"href":"https:\/\/www.blogsoestado.com\/danielmatos\/wp-json\/wp\/v2\/types\/post"}],"replies":[{"embeddable":true,"href":"https:\/\/www.blogsoestado.com\/danielmatos\/wp-json\/wp\/v2\/comments?post=19060"}],"version-history":[{"count":0,"href":"https:\/\/www.blogsoestado.com\/danielmatos\/wp-json\/wp\/v2\/posts\/19060\/revisions"}],"wp:attachment":[{"href":"https:\/\/www.blogsoestado.com\/danielmatos\/wp-json\/wp\/v2\/media?parent=19060"}],"wp:term":[{"taxonomy":"category","embeddable":true,"href":"https:\/\/www.blogsoestado.com\/danielmatos\/wp-json\/wp\/v2\/categories?post=19060"},{"taxonomy":"post_tag","embeddable":true,"href":"https:\/\/www.blogsoestado.com\/danielmatos\/wp-json\/wp\/v2\/tags?post=19060"}],"curies":[{"name":"wp","href":"https:\/\/api.w.org\/{rel}","templated":true}]}}