{"id":19063,"date":"2014-09-05T08:24:12","date_gmt":"2014-09-05T11:24:12","guid":{"rendered":"https:\/\/www.blogsoestado.com\/danielmatos\/?p=19063"},"modified":"2014-09-05T08:24:12","modified_gmt":"2014-09-05T11:24:12","slug":"paulinha-lobao-realiza-caminhada-no-bairro-de-fatima","status":"publish","type":"post","link":"https:\/\/www.blogsoestado.com\/danielmatos\/paulinha-lobao-realiza-caminhada-no-bairro-de-fatima\/","title":{"rendered":"Paulinha Lob\u00e3o realiza caminhada no Bairro de F\u00e1tima"},"content":{"rendered":"<figure id=\"attachment_19064\" aria-describedby=\"caption-attachment-19064\" style=\"width: 640px\" class=\"wp-caption aligncenter\"><a href=\"https:\/\/www.blogsoestado.com\/danielmatos\/files\/2014\/09\/paulinha-bf.jpg\"><img fetchpriority=\"high\" decoding=\"async\" class=\"size-full wp-image-19064\" src=\"https:\/\/www.blogsoestado.com\/danielmatos\/files\/2014\/09\/paulinha-bf.jpg\" alt=\"Paulinha Lob\u00e3o cumprimenta eleitores durante caminhada no Bairro de F\u00e1tima\" width=\"640\" height=\"448\" \/><\/a><figcaption id=\"caption-attachment-19064\" class=\"wp-caption-text\">Na caminhada, Paulinha Lob\u00e3o fez quest\u00e3o de abra\u00e7ar\u00a0crian\u00e7as e conversar com\u00a0jovens, adultos e jovens (<strong>Fotos:<\/strong> Gilson Teixeira)\u00a0<\/figcaption><\/figure>\n<p>A apresentadora Paulinha Lob\u00e3o mobilizou, na tarde de hoje (04), os moradores do Bairro de F\u00e1tima, um dos mais antigos e populosos bairros da capital maranhense, em prol da campanha de seu esposo, o candidato ao governo do Estado, Lob\u00e3o Filho (PMDB).<\/p>\n<p>A milit\u00e2ncia do PMDB e centenas de pessoas animaram a todos que observavam a festa nas ruas. Paulinha Lob\u00e3o fez quest\u00e3o de abra\u00e7ar as crian\u00e7as e conversar com os jovens, adultos e idosos, apresentando as propostas de Lob\u00e3o Filho para o governo do Estado.<\/p>\n<figure id=\"attachment_19065\" aria-describedby=\"caption-attachment-19065\" style=\"width: 640px\" class=\"wp-caption aligncenter\"><a href=\"https:\/\/www.blogsoestado.com\/danielmatos\/files\/2014\/09\/paulinha-bf2.jpg\"><img decoding=\"async\" class=\"size-full wp-image-19065\" src=\"https:\/\/www.blogsoestado.com\/danielmatos\/files\/2014\/09\/paulinha-bf2.jpg\" alt=\"Caminhada liderada por Paulinha Lob\u00e3o no Bairro de F\u00e1tima reuniu centenas de pessoas\" width=\"640\" height=\"371\" \/><\/a><figcaption id=\"caption-attachment-19065\" class=\"wp-caption-text\">Caminhada liderada por Paulinha Lob\u00e3o no Bairro de F\u00e1tima reuniu centenas de pessoas e mobilizou a comunidade<\/figcaption><\/figure>\n<p>O presidente da Uni\u00e3o de Moradores do Bairro de F\u00e1tima, Valter Alves, participou da mobiliza\u00e7\u00e3o e contou o porqu\u00ea de seu apoio irredut\u00edvel ao peemedebista. \u201cEle foi um bom representante do MA no Senado, e vai desenvolver o nosso estado, com garra e experi\u00eancia\u201d, declarou o l\u00edder comunit\u00e1rio.<\/p>\n<p>J\u00e1 Denis Guterres, militante da For\u00e7a Jovem do PMDB, mostrou total convic\u00e7\u00e3o em seu apoio a Lob\u00e3o Filho. \u201cA gente confia nele, a gente sabe que ele tem coragem de mudar. O amigo do comunista prometeu mudan\u00e7a para S\u00e3o Lu\u00eds, mas at\u00e9 agora n\u00e3o vimos nada. Com Lob\u00e3o Filho, veremos o que \u00e9 mudan\u00e7a de verdade, em todo o estado\u201d, declarou.<\/p>\n<figure id=\"attachment_19066\" aria-describedby=\"caption-attachment-19066\" style=\"width: 640px\" class=\"wp-caption aligncenter\"><a href=\"https:\/\/www.blogsoestado.com\/danielmatos\/files\/2014\/09\/paulinha-bf3.jpg\"><img decoding=\"async\" class=\"size-full wp-image-19066\" src=\"https:\/\/www.blogsoestado.com\/danielmatos\/files\/2014\/09\/paulinha-bf3.jpg\" alt=\"Apresentadora com m\u00e3e m\u00e3e que carregava filho no colo , em momento emocionante da caminhada\" width=\"640\" height=\"424\" \/><\/a><figcaption id=\"caption-attachment-19066\" class=\"wp-caption-text\">Ao lado da filha, Tatiana, Paulinha conversou\u00a0com\u00a0m\u00e3e m\u00e3e que carregava filha no colo , em momento emocionante da caminhada<\/figcaption><\/figure>\n<p>Para a ex-deputada estadual, Marly Abdalla, Lob\u00e3o Filho representa a garantia de um Maranh\u00e3o com perspectivas. Ela lembrou do trabalho realizado por Edison Lob\u00e3o, pai do candidato. \u201cO pai dele sempre foi querido pelo povo, e com ele (Lob\u00e3o Filho) n\u00e3o ser\u00e1 diferente. Ele \u00e9 jovem, competente, trabalhador. Tenho certeza que far\u00e1 uma \u00f3tima gest\u00e3o estadual\u201d.<\/p>\n<p>A dona de casa Maria do Socorro disse estar muito emocionada com a visita da comunicadora: \u201cPaulinha \u00e9 uma pessoa muito boa e caridosa, ela sempre ajuda a comunidade e os que mais precisam\u201d, disse. Ela destacou ainda que Paulinha \u00e9 uma pessoa muito forte, e est\u00e1 sendo o \u201cbra\u00e7o forte\u201d desta campanha eleitoral. \u201cEu tiro o chap\u00e9u pra ela. N\u00e3o \u00e9 todo mundo que tem a coragem de sair nas ruas como ela est\u00e1 fazendo\u201d, comentou.<\/p>\n","protected":false},"excerpt":{"rendered":"<p>A apresentadora Paulinha Lob\u00e3o mobilizou, na tarde de hoje (04), os moradores do Bairro de F\u00e1tima, um dos mais antigos [&hellip;]<\/p>\n","protected":false},"author":0,"featured_media":0,"comment_status":"open","ping_status":"open","sticky":false,"template":"","format":"standard","meta":{"site-sidebar-layout":"default","site-content-layout":"","ast-site-content-layout":"default","site-content-style":"default","site-sidebar-style":"default","ast-global-header-display":"","ast-banner-title-visibility":"","ast-main-header-display":"","ast-hfb-above-header-display":"","ast-hfb-below-header-display":"","ast-hfb-mobile-header-display":"","site-post-title":"","ast-breadcrumbs-content":"","ast-featured-img":"","footer-sml-layout":"","ast-disable-related-posts":"","theme-transparent-header-meta":"","adv-header-id-meta":"","stick-header-meta":"","header-above-stick-meta":"","header-main-stick-meta":"","header-below-stick-meta":"","astra-migrate-meta-layouts":"default","ast-page-background-enabled":"default","ast-page-background-meta":{"desktop":{"background-color":"var(--ast-global-color-5)","background-image":"","background-repeat":"repeat","background-position":"center center","background-size":"auto","background-attachment":"scroll","background-type":"","background-media":"","overlay-type":"","overlay-color":"","overlay-opacity":"","overlay-gradient":""},"tablet":{"background-color":"","background-image":"","background-repeat":"repeat","background-position":"center center","background-size":"auto","background-attachment":"scroll","background-type":"","background-media":"","overlay-type":"","overlay-color":"","overlay-opacity":"","overlay-gradient":""},"mobile":{"background-color":"","background-image":"","background-repeat":"repeat","background-position":"center center","background-size":"auto","background-attachment":"scroll","background-type":"","background-media":"","overlay-type":"","overlay-color":"","overlay-opacity":"","overlay-gradient":""}},"ast-content-background-meta":{"desktop":{"background-color":"var(--ast-global-color-4)","background-image":"","background-repeat":"repeat","background-position":"center center","background-size":"auto","background-attachment":"scroll","background-type":"","background-media":"","overlay-type":"","overlay-color":"","overlay-opacity":"","overlay-gradient":""},"tablet":{"background-color":"var(--ast-global-color-4)","background-image":"","background-repeat":"repeat","background-position":"center center","background-size":"auto","background-attachment":"scroll","background-type":"","background-media":"","overlay-type":"","overlay-color":"","overlay-opacity":"","overlay-gradient":""},"mobile":{"background-color":"var(--ast-global-color-4)","background-image":"","background-repeat":"repeat","background-position":"center center","background-size":"auto","background-attachment":"scroll","background-type":"","background-media":"","overlay-type":"","overlay-color":"","overlay-opacity":"","overlay-gradient":""}},"footnotes":""},"categories":[1],"tags":[],"class_list":["post-19063","post","type-post","status-publish","format-standard","hentry","category-sem-categoria"],"yoast_head":"<!-- This site is optimized with the Yoast SEO plugin v26.6 - https:\/\/yoast.com\/wordpress\/plugins\/seo\/ -->\n<title>Paulinha Lob\u00e3o realiza caminhada no Bairro de F\u00e1tima - Daniel Matos<\/title>\n<meta name=\"robots\" content=\"index, follow, max-snippet:-1, max-image-preview:large, max-video-preview:-1\" \/>\n<link rel=\"canonical\" href=\"https:\/\/www.blogsoestado.com\/danielmatos\/paulinha-lobao-realiza-caminhada-no-bairro-de-fatima\/\" \/>\n<meta property=\"og:locale\" content=\"pt_BR\" \/>\n<meta property=\"og:type\" content=\"article\" \/>\n<meta property=\"og:title\" content=\"Paulinha Lob\u00e3o realiza caminhada no Bairro de F\u00e1tima - Daniel Matos\" \/>\n<meta property=\"og:description\" content=\"A apresentadora Paulinha Lob\u00e3o mobilizou, na tarde de hoje (04), os moradores do Bairro de F\u00e1tima, um dos mais antigos [&hellip;]\" \/>\n<meta property=\"og:url\" content=\"https:\/\/www.blogsoestado.com\/danielmatos\/paulinha-lobao-realiza-caminhada-no-bairro-de-fatima\/\" \/>\n<meta property=\"og:site_name\" content=\"Daniel Matos\" \/>\n<meta property=\"article:published_time\" content=\"2014-09-05T11:24:12+00:00\" \/>\n<meta property=\"og:image\" content=\"https:\/\/www.blogsoestado.com\/danielmatos\/files\/2014\/09\/paulinha-bf.jpg\" \/>\n<meta name=\"twitter:card\" content=\"summary_large_image\" \/>\n<meta name=\"twitter:label1\" content=\"Est. tempo de leitura\" \/>\n\t<meta name=\"twitter:data1\" content=\"2 minutos\" \/>\n<script type=\"application\/ld+json\" class=\"yoast-schema-graph\">{\"@context\":\"https:\/\/schema.org\",\"@graph\":[{\"@type\":\"WebPage\",\"@id\":\"https:\/\/www.blogsoestado.com\/danielmatos\/paulinha-lobao-realiza-caminhada-no-bairro-de-fatima\/\",\"url\":\"https:\/\/www.blogsoestado.com\/danielmatos\/paulinha-lobao-realiza-caminhada-no-bairro-de-fatima\/\",\"name\":\"Paulinha Lob\u00e3o realiza caminhada no Bairro de F\u00e1tima - Daniel Matos\",\"isPartOf\":{\"@id\":\"https:\/\/www.blogsoestado.com\/danielmatos\/#website\"},\"primaryImageOfPage\":{\"@id\":\"https:\/\/www.blogsoestado.com\/danielmatos\/paulinha-lobao-realiza-caminhada-no-bairro-de-fatima\/#primaryimage\"},\"image\":{\"@id\":\"https:\/\/www.blogsoestado.com\/danielmatos\/paulinha-lobao-realiza-caminhada-no-bairro-de-fatima\/#primaryimage\"},\"thumbnailUrl\":\"https:\/\/www.blogsoestado.com\/danielmatos\/files\/2014\/09\/paulinha-bf.jpg\",\"datePublished\":\"2014-09-05T11:24:12+00:00\",\"author\":{\"@id\":\"\"},\"breadcrumb\":{\"@id\":\"https:\/\/www.blogsoestado.com\/danielmatos\/paulinha-lobao-realiza-caminhada-no-bairro-de-fatima\/#breadcrumb\"},\"inLanguage\":\"pt-BR\",\"potentialAction\":[{\"@type\":\"ReadAction\",\"target\":[\"https:\/\/www.blogsoestado.com\/danielmatos\/paulinha-lobao-realiza-caminhada-no-bairro-de-fatima\/\"]}]},{\"@type\":\"ImageObject\",\"inLanguage\":\"pt-BR\",\"@id\":\"https:\/\/www.blogsoestado.com\/danielmatos\/paulinha-lobao-realiza-caminhada-no-bairro-de-fatima\/#primaryimage\",\"url\":\"https:\/\/www.blogsoestado.com\/danielmatos\/files\/2014\/09\/paulinha-bf.jpg\",\"contentUrl\":\"https:\/\/www.blogsoestado.com\/danielmatos\/files\/2014\/09\/paulinha-bf.jpg\"},{\"@type\":\"BreadcrumbList\",\"@id\":\"https:\/\/www.blogsoestado.com\/danielmatos\/paulinha-lobao-realiza-caminhada-no-bairro-de-fatima\/#breadcrumb\",\"itemListElement\":[{\"@type\":\"ListItem\",\"position\":1,\"name\":\"In\u00edcio\",\"item\":\"https:\/\/www.blogsoestado.com\/danielmatos\/\"},{\"@type\":\"ListItem\",\"position\":2,\"name\":\"Paulinha Lob\u00e3o realiza caminhada no Bairro de F\u00e1tima\"}]},{\"@type\":\"WebSite\",\"@id\":\"https:\/\/www.blogsoestado.com\/danielmatos\/#website\",\"url\":\"https:\/\/www.blogsoestado.com\/danielmatos\/\",\"name\":\"Daniel Matos\",\"description\":\"\",\"potentialAction\":[{\"@type\":\"SearchAction\",\"target\":{\"@type\":\"EntryPoint\",\"urlTemplate\":\"https:\/\/www.blogsoestado.com\/danielmatos\/?s={search_term_string}\"},\"query-input\":{\"@type\":\"PropertyValueSpecification\",\"valueRequired\":true,\"valueName\":\"search_term_string\"}}],\"inLanguage\":\"pt-BR\"}]}<\/script>\n<!-- \/ Yoast SEO plugin. -->","yoast_head_json":{"title":"Paulinha Lob\u00e3o realiza caminhada no Bairro de F\u00e1tima - Daniel Matos","robots":{"index":"index","follow":"follow","max-snippet":"max-snippet:-1","max-image-preview":"max-image-preview:large","max-video-preview":"max-video-preview:-1"},"canonical":"https:\/\/www.blogsoestado.com\/danielmatos\/paulinha-lobao-realiza-caminhada-no-bairro-de-fatima\/","og_locale":"pt_BR","og_type":"article","og_title":"Paulinha Lob\u00e3o realiza caminhada no Bairro de F\u00e1tima - Daniel Matos","og_description":"A apresentadora Paulinha Lob\u00e3o mobilizou, na tarde de hoje (04), os moradores do Bairro de F\u00e1tima, um dos mais antigos [&hellip;]","og_url":"https:\/\/www.blogsoestado.com\/danielmatos\/paulinha-lobao-realiza-caminhada-no-bairro-de-fatima\/","og_site_name":"Daniel Matos","article_published_time":"2014-09-05T11:24:12+00:00","og_image":[{"url":"https:\/\/www.blogsoestado.com\/danielmatos\/files\/2014\/09\/paulinha-bf.jpg","type":"","width":"","height":""}],"twitter_card":"summary_large_image","twitter_misc":{"Est. tempo de leitura":"2 minutos"},"schema":{"@context":"https:\/\/schema.org","@graph":[{"@type":"WebPage","@id":"https:\/\/www.blogsoestado.com\/danielmatos\/paulinha-lobao-realiza-caminhada-no-bairro-de-fatima\/","url":"https:\/\/www.blogsoestado.com\/danielmatos\/paulinha-lobao-realiza-caminhada-no-bairro-de-fatima\/","name":"Paulinha Lob\u00e3o realiza caminhada no Bairro de F\u00e1tima - Daniel Matos","isPartOf":{"@id":"https:\/\/www.blogsoestado.com\/danielmatos\/#website"},"primaryImageOfPage":{"@id":"https:\/\/www.blogsoestado.com\/danielmatos\/paulinha-lobao-realiza-caminhada-no-bairro-de-fatima\/#primaryimage"},"image":{"@id":"https:\/\/www.blogsoestado.com\/danielmatos\/paulinha-lobao-realiza-caminhada-no-bairro-de-fatima\/#primaryimage"},"thumbnailUrl":"https:\/\/www.blogsoestado.com\/danielmatos\/files\/2014\/09\/paulinha-bf.jpg","datePublished":"2014-09-05T11:24:12+00:00","author":{"@id":""},"breadcrumb":{"@id":"https:\/\/www.blogsoestado.com\/danielmatos\/paulinha-lobao-realiza-caminhada-no-bairro-de-fatima\/#breadcrumb"},"inLanguage":"pt-BR","potentialAction":[{"@type":"ReadAction","target":["https:\/\/www.blogsoestado.com\/danielmatos\/paulinha-lobao-realiza-caminhada-no-bairro-de-fatima\/"]}]},{"@type":"ImageObject","inLanguage":"pt-BR","@id":"https:\/\/www.blogsoestado.com\/danielmatos\/paulinha-lobao-realiza-caminhada-no-bairro-de-fatima\/#primaryimage","url":"https:\/\/www.blogsoestado.com\/danielmatos\/files\/2014\/09\/paulinha-bf.jpg","contentUrl":"https:\/\/www.blogsoestado.com\/danielmatos\/files\/2014\/09\/paulinha-bf.jpg"},{"@type":"BreadcrumbList","@id":"https:\/\/www.blogsoestado.com\/danielmatos\/paulinha-lobao-realiza-caminhada-no-bairro-de-fatima\/#breadcrumb","itemListElement":[{"@type":"ListItem","position":1,"name":"In\u00edcio","item":"https:\/\/www.blogsoestado.com\/danielmatos\/"},{"@type":"ListItem","position":2,"name":"Paulinha Lob\u00e3o realiza caminhada no Bairro de F\u00e1tima"}]},{"@type":"WebSite","@id":"https:\/\/www.blogsoestado.com\/danielmatos\/#website","url":"https:\/\/www.blogsoestado.com\/danielmatos\/","name":"Daniel Matos","description":"","potentialAction":[{"@type":"SearchAction","target":{"@type":"EntryPoint","urlTemplate":"https:\/\/www.blogsoestado.com\/danielmatos\/?s={search_term_string}"},"query-input":{"@type":"PropertyValueSpecification","valueRequired":true,"valueName":"search_term_string"}}],"inLanguage":"pt-BR"}]}},"jetpack_featured_media_url":"","_links":{"self":[{"href":"https:\/\/www.blogsoestado.com\/danielmatos\/wp-json\/wp\/v2\/posts\/19063","targetHints":{"allow":["GET"]}}],"collection":[{"href":"https:\/\/www.blogsoestado.com\/danielmatos\/wp-json\/wp\/v2\/posts"}],"about":[{"href":"https:\/\/www.blogsoestado.com\/danielmatos\/wp-json\/wp\/v2\/types\/post"}],"replies":[{"embeddable":true,"href":"https:\/\/www.blogsoestado.com\/danielmatos\/wp-json\/wp\/v2\/comments?post=19063"}],"version-history":[{"count":0,"href":"https:\/\/www.blogsoestado.com\/danielmatos\/wp-json\/wp\/v2\/posts\/19063\/revisions"}],"wp:attachment":[{"href":"https:\/\/www.blogsoestado.com\/danielmatos\/wp-json\/wp\/v2\/media?parent=19063"}],"wp:term":[{"taxonomy":"category","embeddable":true,"href":"https:\/\/www.blogsoestado.com\/danielmatos\/wp-json\/wp\/v2\/categories?post=19063"},{"taxonomy":"post_tag","embeddable":true,"href":"https:\/\/www.blogsoestado.com\/danielmatos\/wp-json\/wp\/v2\/tags?post=19063"}],"curies":[{"name":"wp","href":"https:\/\/api.w.org\/{rel}","templated":true}]}}