{"id":19068,"date":"2014-09-05T09:22:01","date_gmt":"2014-09-05T12:22:01","guid":{"rendered":"https:\/\/www.blogsoestado.com\/danielmatos\/?p=19068"},"modified":"2014-09-05T09:22:01","modified_gmt":"2014-09-05T12:22:01","slug":"liderancas-de-brejo-declaram-apoio-a-ze-inacio","status":"publish","type":"post","link":"https:\/\/www.blogsoestado.com\/danielmatos\/liderancas-de-brejo-declaram-apoio-a-ze-inacio\/","title":{"rendered":"Lideran\u00e7as de Brejo declaram apoio a Z\u00e9 In\u00e1cio"},"content":{"rendered":"<figure id=\"attachment_19069\" aria-describedby=\"caption-attachment-19069\" style=\"width: 640px\" class=\"wp-caption aligncenter\"><a href=\"https:\/\/www.blogsoestado.com\/danielmatos\/files\/2014\/09\/inacio-brejo.jpg\"><img fetchpriority=\"high\" decoding=\"async\" class=\"size-full wp-image-19069\" src=\"https:\/\/www.blogsoestado.com\/danielmatos\/files\/2014\/09\/inacio-brejo.jpg\" alt=\": Z\u00e9 In\u00e1cio e lideran\u00e7as de Brejo, durante encontro no povoado \u00c1lvaro Verde\" width=\"640\" height=\"217\" \/><\/a><figcaption id=\"caption-attachment-19069\" class=\"wp-caption-text\">Z\u00e9 In\u00e1cio e lideran\u00e7as de Brejo, durante encontro no povoado \u00c1lvaro Verde<\/figcaption><\/figure>\n<p>Em reuni\u00e3o no povoado \u00c1lvaro Verde, lideran\u00e7as do munic\u00edpio de Brejo manifestaram apoio ao candidato a deputado estadual Z\u00e9 In\u00e1cio (PT). A iniciativa foi do presidente da Associa\u00e7\u00e3o dos Trabalhadores e Trabalhadoras Rurais de \u00c1lvaro Verde, Francisco Clemente, e de Jos\u00e9 Almir, membro do PT de Brejo.<\/p>\n<p>Para Francisco Clemente, Z\u00e9 In\u00e1cio \u00e9 o candidato que mais tem preparo para representar o homem do campo na Assembleia Legislativa. \u201cDecidimos apoiar a candidatura de Z\u00e9 In\u00e1cio para deputado estadual porque ele sempre defendeu o trabalhador rural e quando gestor p\u00fablico trouxe v\u00e1rios benef\u00edcios para Brejo, coisa que nenhum pol\u00edtico da regi\u00e3o fez at\u00e9 hoje\u201d, declarou o l\u00edder campon\u00eas.<\/p>\n<p>Z\u00e9 In\u00e1cio, enquanto superintendente do Incra, priorizou algumas a\u00e7\u00f5es para o munic\u00edpio de Brejo, como assist\u00eancia t\u00e9cnica \u00e0s comunidades quilombolas, levantamento antropol\u00f3gico e emiss\u00e3o de certid\u00e3o parra acesso aos programas sociais. J\u00e1 nas \u00e1reas de assentamento, foram realizados levantamentos para a inclus\u00e3o das casas no Programa Minha Casa, Minha Vida Rural, libera\u00e7\u00e3o de recursos para a constru\u00e7\u00e3o de 83 quil\u00f4metros\u00a0de estradas e m\u00e1quinas, como patrol, retroescavadeira, ca\u00e7amba e perfura\u00e7\u00e3o de po\u00e7os artesianos.<\/p>\n<figure id=\"attachment_19070\" aria-describedby=\"caption-attachment-19070\" style=\"width: 640px\" class=\"wp-caption aligncenter\"><a href=\"https:\/\/www.blogsoestado.com\/danielmatos\/files\/2014\/09\/ze-inacio-brejo2.jpg\"><img decoding=\"async\" class=\"size-full wp-image-19070\" src=\"https:\/\/www.blogsoestado.com\/danielmatos\/files\/2014\/09\/ze-inacio-brejo2.jpg\" alt=\"Z\u00e9 In\u00e1cio exp\u00f5e suas propostas a lideran\u00e7as comunit\u00e1rias de Penalva\" width=\"640\" height=\"251\" \/><\/a><figcaption id=\"caption-attachment-19070\" class=\"wp-caption-text\">Z\u00e9 In\u00e1cio exp\u00f5e suas propostas a lideran\u00e7as comunit\u00e1rias de Penalva<\/figcaption><\/figure>\n<p>Z\u00e9 In\u00e1cio afirmou\u00a0que ap\u00f3s eleito continuar\u00e1 comprometido com essas a\u00e7\u00f5es. \u201cO nosso compromisso como deputado estadual com as comunidades e lideran\u00e7as que me apoiam ser\u00e1 mantido\u201d, garantiu\u00a0Z\u00e9 In\u00e1cio.<\/p>\n<p>Colega de partido de Z\u00e9 In\u00e1cio,\u00a0Jos\u00e9 Almir ressaltou o trabalho relevante que\u00a0realizado por ele\u00a0no munic\u00edpio. \u201cBrejo \u00e9 uma cidade que tem pessoas importantes no cen\u00e1rio pol\u00edtico, que nunca fizeram nada para mudar a triste realidade deste povo, ao contr\u00e1rio de Z\u00e9 In\u00e1cio, que mesmo n\u00e3o sendo da terra conseguiu melhorar as condi\u00e7\u00f5es de vida de muitas comunidades e isso faz com que acreditemos nele como um grande deputado para todos n\u00f3s\u201d, declarou Jos\u00e9 Almir.<\/p>\n<p><strong>Mais apoio <\/strong><\/p>\n<p>Outros munic\u00edpios j\u00e1\u00a0declararam\u00a0apoio a Z\u00e9 In\u00e1cio . Em diferentes regi\u00f5es do estado, cada vez mais o n\u00famero de lideran\u00e7as politicas e de base acenam positivamente \u00e0 candidatura do petista a deputado estadual. Em Penalva, Z\u00e9 In\u00e1cio se reuniu com lideran\u00e7as locais no Sindicato dos Trabalhadores e Trabalhadoras Rurais. A reuni\u00e3o foi promovida pelo coordenador da campanha do candidato\u00a0em Penalva, Edgardison Rog\u00e9rio Batista, que afirmou ser\u00a0muito importante a escolha de Z\u00e9 In\u00e1cio para deputado estadual. \u201cEle \u00e9 um homem de garra, que representa o homem do campo e que na Assembl\u00e9ia Legislativa\u00a0far\u00e1 isso muito bem\u201d, ressaltou.<\/p>\n<p>Para Penalva, quando \u00e0 frente do Incra, Z\u00e9 In\u00e1cio viabilizou a libera\u00e7\u00e3o de recursos para 43 quil\u00f4metros\u00a0de estradas, abrindo acesso \u00e0s\u00a0comunidades de Ara\u00e7atuba, S\u00e3o Jos\u00e9 e Curral.<\/p>\n<p><strong>Viana <\/strong><\/p>\n<figure id=\"attachment_19071\" aria-describedby=\"caption-attachment-19071\" style=\"width: 640px\" class=\"wp-caption aligncenter\"><a href=\"https:\/\/www.blogsoestado.com\/danielmatos\/files\/2014\/09\/ze-inacio-brejo3.jpg\"><img decoding=\"async\" class=\"size-full wp-image-19071\" src=\"https:\/\/www.blogsoestado.com\/danielmatos\/files\/2014\/09\/ze-inacio-brejo3.jpg\" alt=\"Z\u00e9 In\u00e1cio recebeu apoio de lideran\u00e7as comunit\u00e1rias do munic\u00edpio de Viana\" width=\"640\" height=\"238\" \/><\/a><figcaption id=\"caption-attachment-19071\" class=\"wp-caption-text\">Z\u00e9 In\u00e1cio recebeu apoio de lideran\u00e7as comunit\u00e1rias do munic\u00edpio de Viana<\/figcaption><\/figure>\n<p>J\u00e1 em\u00a0Viana, Z\u00e9 In\u00e1cio conta com o apoio pol\u00edtico de uma forte lideran\u00e7a pol\u00edtica, Rose Barroso (Rose do PT). Em breve passagem pelo munic\u00edpio, o petista\u00a0conversou com diversas\u00a0lideran\u00e7as, como presidentes de associa\u00e7\u00f5es, de sindicatos, entre outros, que veem no petista a possibilidade de contar com\u00a0um representante dessas classes trabalhadoras dentro da Assembl\u00e9ia Legislativa.<\/p>\n<p>Z\u00e9 In\u00e1cio tamb\u00e9m realizou um bom trabalho em Viana, iniciado no come\u00e7o de sua carreira profissional, como advogado no Sindicato dos Trabalhadores e Trabalhadoras Rurais. Depois, quando esteve \u00e0 frente do Minist\u00e9rio do Desenvolvimento Agr\u00e1rio, incluiu o munic\u00edpio no programa Territ\u00f3rios da Cidadania, possibilitando que o mesmo tivesse acesso \u00e0s pol\u00edticas p\u00fablicas. J\u00e1 no Incra, atendeu comunidades quilombolas e assentamentos, possibilitando Assist\u00eancia T\u00e9cnica e Extens\u00e3o Rural (Ater) a essas comunidades e a libera\u00e7\u00e3o de cr\u00e9ditos\u00a0oriundo do Programa Nacional de Agricultura Familiar (Pronaf).<\/p>\n","protected":false},"excerpt":{"rendered":"<p>Em reuni\u00e3o no povoado \u00c1lvaro Verde, lideran\u00e7as do munic\u00edpio de Brejo manifestaram apoio ao candidato a deputado estadual Z\u00e9 In\u00e1cio [&hellip;]<\/p>\n","protected":false},"author":0,"featured_media":0,"comment_status":"open","ping_status":"open","sticky":false,"template":"","format":"standard","meta":{"site-sidebar-layout":"default","site-content-layout":"","ast-site-content-layout":"default","site-content-style":"default","site-sidebar-style":"default","ast-global-header-display":"","ast-banner-title-visibility":"","ast-main-header-display":"","ast-hfb-above-header-display":"","ast-hfb-below-header-display":"","ast-hfb-mobile-header-display":"","site-post-title":"","ast-breadcrumbs-content":"","ast-featured-img":"","footer-sml-layout":"","ast-disable-related-posts":"","theme-transparent-header-meta":"","adv-header-id-meta":"","stick-header-meta":"","header-above-stick-meta":"","header-main-stick-meta":"","header-below-stick-meta":"","astra-migrate-meta-layouts":"default","ast-page-background-enabled":"default","ast-page-background-meta":{"desktop":{"background-color":"var(--ast-global-color-5)","background-image":"","background-repeat":"repeat","background-position":"center center","background-size":"auto","background-attachment":"scroll","background-type":"","background-media":"","overlay-type":"","overlay-color":"","overlay-opacity":"","overlay-gradient":""},"tablet":{"background-color":"","background-image":"","background-repeat":"repeat","background-position":"center center","background-size":"auto","background-attachment":"scroll","background-type":"","background-media":"","overlay-type":"","overlay-color":"","overlay-opacity":"","overlay-gradient":""},"mobile":{"background-color":"","background-image":"","background-repeat":"repeat","background-position":"center center","background-size":"auto","background-attachment":"scroll","background-type":"","background-media":"","overlay-type":"","overlay-color":"","overlay-opacity":"","overlay-gradient":""}},"ast-content-background-meta":{"desktop":{"background-color":"var(--ast-global-color-4)","background-image":"","background-repeat":"repeat","background-position":"center center","background-size":"auto","background-attachment":"scroll","background-type":"","background-media":"","overlay-type":"","overlay-color":"","overlay-opacity":"","overlay-gradient":""},"tablet":{"background-color":"var(--ast-global-color-4)","background-image":"","background-repeat":"repeat","background-position":"center center","background-size":"auto","background-attachment":"scroll","background-type":"","background-media":"","overlay-type":"","overlay-color":"","overlay-opacity":"","overlay-gradient":""},"mobile":{"background-color":"var(--ast-global-color-4)","background-image":"","background-repeat":"repeat","background-position":"center center","background-size":"auto","background-attachment":"scroll","background-type":"","background-media":"","overlay-type":"","overlay-color":"","overlay-opacity":"","overlay-gradient":""}},"footnotes":""},"categories":[1],"tags":[],"class_list":["post-19068","post","type-post","status-publish","format-standard","hentry","category-sem-categoria"],"yoast_head":"<!-- This site is optimized with the Yoast SEO plugin v26.6 - https:\/\/yoast.com\/wordpress\/plugins\/seo\/ -->\n<title>Lideran\u00e7as de Brejo declaram apoio a Z\u00e9 In\u00e1cio - Daniel Matos<\/title>\n<meta name=\"robots\" content=\"index, follow, max-snippet:-1, max-image-preview:large, max-video-preview:-1\" \/>\n<link rel=\"canonical\" href=\"https:\/\/www.blogsoestado.com\/danielmatos\/liderancas-de-brejo-declaram-apoio-a-ze-inacio\/\" \/>\n<meta property=\"og:locale\" content=\"pt_BR\" \/>\n<meta property=\"og:type\" content=\"article\" \/>\n<meta property=\"og:title\" content=\"Lideran\u00e7as de Brejo declaram apoio a Z\u00e9 In\u00e1cio - Daniel Matos\" \/>\n<meta property=\"og:description\" content=\"Em reuni\u00e3o no povoado \u00c1lvaro Verde, lideran\u00e7as do munic\u00edpio de Brejo manifestaram apoio ao candidato a deputado estadual Z\u00e9 In\u00e1cio [&hellip;]\" \/>\n<meta property=\"og:url\" content=\"https:\/\/www.blogsoestado.com\/danielmatos\/liderancas-de-brejo-declaram-apoio-a-ze-inacio\/\" \/>\n<meta property=\"og:site_name\" content=\"Daniel Matos\" \/>\n<meta property=\"article:published_time\" content=\"2014-09-05T12:22:01+00:00\" \/>\n<meta property=\"og:image\" content=\"https:\/\/www.blogsoestado.com\/danielmatos\/files\/2014\/09\/inacio-brejo.jpg\" \/>\n<meta name=\"twitter:card\" content=\"summary_large_image\" \/>\n<meta name=\"twitter:label1\" content=\"Est. tempo de leitura\" \/>\n\t<meta name=\"twitter:data1\" content=\"3 minutos\" \/>\n<script type=\"application\/ld+json\" class=\"yoast-schema-graph\">{\"@context\":\"https:\/\/schema.org\",\"@graph\":[{\"@type\":\"WebPage\",\"@id\":\"https:\/\/www.blogsoestado.com\/danielmatos\/liderancas-de-brejo-declaram-apoio-a-ze-inacio\/\",\"url\":\"https:\/\/www.blogsoestado.com\/danielmatos\/liderancas-de-brejo-declaram-apoio-a-ze-inacio\/\",\"name\":\"Lideran\u00e7as de Brejo declaram apoio a Z\u00e9 In\u00e1cio - Daniel Matos\",\"isPartOf\":{\"@id\":\"https:\/\/www.blogsoestado.com\/danielmatos\/#website\"},\"primaryImageOfPage\":{\"@id\":\"https:\/\/www.blogsoestado.com\/danielmatos\/liderancas-de-brejo-declaram-apoio-a-ze-inacio\/#primaryimage\"},\"image\":{\"@id\":\"https:\/\/www.blogsoestado.com\/danielmatos\/liderancas-de-brejo-declaram-apoio-a-ze-inacio\/#primaryimage\"},\"thumbnailUrl\":\"https:\/\/www.blogsoestado.com\/danielmatos\/files\/2014\/09\/inacio-brejo.jpg\",\"datePublished\":\"2014-09-05T12:22:01+00:00\",\"author\":{\"@id\":\"\"},\"breadcrumb\":{\"@id\":\"https:\/\/www.blogsoestado.com\/danielmatos\/liderancas-de-brejo-declaram-apoio-a-ze-inacio\/#breadcrumb\"},\"inLanguage\":\"pt-BR\",\"potentialAction\":[{\"@type\":\"ReadAction\",\"target\":[\"https:\/\/www.blogsoestado.com\/danielmatos\/liderancas-de-brejo-declaram-apoio-a-ze-inacio\/\"]}]},{\"@type\":\"ImageObject\",\"inLanguage\":\"pt-BR\",\"@id\":\"https:\/\/www.blogsoestado.com\/danielmatos\/liderancas-de-brejo-declaram-apoio-a-ze-inacio\/#primaryimage\",\"url\":\"https:\/\/www.blogsoestado.com\/danielmatos\/files\/2014\/09\/inacio-brejo.jpg\",\"contentUrl\":\"https:\/\/www.blogsoestado.com\/danielmatos\/files\/2014\/09\/inacio-brejo.jpg\"},{\"@type\":\"BreadcrumbList\",\"@id\":\"https:\/\/www.blogsoestado.com\/danielmatos\/liderancas-de-brejo-declaram-apoio-a-ze-inacio\/#breadcrumb\",\"itemListElement\":[{\"@type\":\"ListItem\",\"position\":1,\"name\":\"In\u00edcio\",\"item\":\"https:\/\/www.blogsoestado.com\/danielmatos\/\"},{\"@type\":\"ListItem\",\"position\":2,\"name\":\"Lideran\u00e7as de Brejo declaram apoio a Z\u00e9 In\u00e1cio\"}]},{\"@type\":\"WebSite\",\"@id\":\"https:\/\/www.blogsoestado.com\/danielmatos\/#website\",\"url\":\"https:\/\/www.blogsoestado.com\/danielmatos\/\",\"name\":\"Daniel Matos\",\"description\":\"\",\"potentialAction\":[{\"@type\":\"SearchAction\",\"target\":{\"@type\":\"EntryPoint\",\"urlTemplate\":\"https:\/\/www.blogsoestado.com\/danielmatos\/?s={search_term_string}\"},\"query-input\":{\"@type\":\"PropertyValueSpecification\",\"valueRequired\":true,\"valueName\":\"search_term_string\"}}],\"inLanguage\":\"pt-BR\"}]}<\/script>\n<!-- \/ Yoast SEO plugin. -->","yoast_head_json":{"title":"Lideran\u00e7as de Brejo declaram apoio a Z\u00e9 In\u00e1cio - Daniel Matos","robots":{"index":"index","follow":"follow","max-snippet":"max-snippet:-1","max-image-preview":"max-image-preview:large","max-video-preview":"max-video-preview:-1"},"canonical":"https:\/\/www.blogsoestado.com\/danielmatos\/liderancas-de-brejo-declaram-apoio-a-ze-inacio\/","og_locale":"pt_BR","og_type":"article","og_title":"Lideran\u00e7as de Brejo declaram apoio a Z\u00e9 In\u00e1cio - Daniel Matos","og_description":"Em reuni\u00e3o no povoado \u00c1lvaro Verde, lideran\u00e7as do munic\u00edpio de Brejo manifestaram apoio ao candidato a deputado estadual Z\u00e9 In\u00e1cio [&hellip;]","og_url":"https:\/\/www.blogsoestado.com\/danielmatos\/liderancas-de-brejo-declaram-apoio-a-ze-inacio\/","og_site_name":"Daniel Matos","article_published_time":"2014-09-05T12:22:01+00:00","og_image":[{"url":"https:\/\/www.blogsoestado.com\/danielmatos\/files\/2014\/09\/inacio-brejo.jpg","type":"","width":"","height":""}],"twitter_card":"summary_large_image","twitter_misc":{"Est. tempo de leitura":"3 minutos"},"schema":{"@context":"https:\/\/schema.org","@graph":[{"@type":"WebPage","@id":"https:\/\/www.blogsoestado.com\/danielmatos\/liderancas-de-brejo-declaram-apoio-a-ze-inacio\/","url":"https:\/\/www.blogsoestado.com\/danielmatos\/liderancas-de-brejo-declaram-apoio-a-ze-inacio\/","name":"Lideran\u00e7as de Brejo declaram apoio a Z\u00e9 In\u00e1cio - Daniel Matos","isPartOf":{"@id":"https:\/\/www.blogsoestado.com\/danielmatos\/#website"},"primaryImageOfPage":{"@id":"https:\/\/www.blogsoestado.com\/danielmatos\/liderancas-de-brejo-declaram-apoio-a-ze-inacio\/#primaryimage"},"image":{"@id":"https:\/\/www.blogsoestado.com\/danielmatos\/liderancas-de-brejo-declaram-apoio-a-ze-inacio\/#primaryimage"},"thumbnailUrl":"https:\/\/www.blogsoestado.com\/danielmatos\/files\/2014\/09\/inacio-brejo.jpg","datePublished":"2014-09-05T12:22:01+00:00","author":{"@id":""},"breadcrumb":{"@id":"https:\/\/www.blogsoestado.com\/danielmatos\/liderancas-de-brejo-declaram-apoio-a-ze-inacio\/#breadcrumb"},"inLanguage":"pt-BR","potentialAction":[{"@type":"ReadAction","target":["https:\/\/www.blogsoestado.com\/danielmatos\/liderancas-de-brejo-declaram-apoio-a-ze-inacio\/"]}]},{"@type":"ImageObject","inLanguage":"pt-BR","@id":"https:\/\/www.blogsoestado.com\/danielmatos\/liderancas-de-brejo-declaram-apoio-a-ze-inacio\/#primaryimage","url":"https:\/\/www.blogsoestado.com\/danielmatos\/files\/2014\/09\/inacio-brejo.jpg","contentUrl":"https:\/\/www.blogsoestado.com\/danielmatos\/files\/2014\/09\/inacio-brejo.jpg"},{"@type":"BreadcrumbList","@id":"https:\/\/www.blogsoestado.com\/danielmatos\/liderancas-de-brejo-declaram-apoio-a-ze-inacio\/#breadcrumb","itemListElement":[{"@type":"ListItem","position":1,"name":"In\u00edcio","item":"https:\/\/www.blogsoestado.com\/danielmatos\/"},{"@type":"ListItem","position":2,"name":"Lideran\u00e7as de Brejo declaram apoio a Z\u00e9 In\u00e1cio"}]},{"@type":"WebSite","@id":"https:\/\/www.blogsoestado.com\/danielmatos\/#website","url":"https:\/\/www.blogsoestado.com\/danielmatos\/","name":"Daniel Matos","description":"","potentialAction":[{"@type":"SearchAction","target":{"@type":"EntryPoint","urlTemplate":"https:\/\/www.blogsoestado.com\/danielmatos\/?s={search_term_string}"},"query-input":{"@type":"PropertyValueSpecification","valueRequired":true,"valueName":"search_term_string"}}],"inLanguage":"pt-BR"}]}},"jetpack_featured_media_url":"","_links":{"self":[{"href":"https:\/\/www.blogsoestado.com\/danielmatos\/wp-json\/wp\/v2\/posts\/19068","targetHints":{"allow":["GET"]}}],"collection":[{"href":"https:\/\/www.blogsoestado.com\/danielmatos\/wp-json\/wp\/v2\/posts"}],"about":[{"href":"https:\/\/www.blogsoestado.com\/danielmatos\/wp-json\/wp\/v2\/types\/post"}],"replies":[{"embeddable":true,"href":"https:\/\/www.blogsoestado.com\/danielmatos\/wp-json\/wp\/v2\/comments?post=19068"}],"version-history":[{"count":0,"href":"https:\/\/www.blogsoestado.com\/danielmatos\/wp-json\/wp\/v2\/posts\/19068\/revisions"}],"wp:attachment":[{"href":"https:\/\/www.blogsoestado.com\/danielmatos\/wp-json\/wp\/v2\/media?parent=19068"}],"wp:term":[{"taxonomy":"category","embeddable":true,"href":"https:\/\/www.blogsoestado.com\/danielmatos\/wp-json\/wp\/v2\/categories?post=19068"},{"taxonomy":"post_tag","embeddable":true,"href":"https:\/\/www.blogsoestado.com\/danielmatos\/wp-json\/wp\/v2\/tags?post=19068"}],"curies":[{"name":"wp","href":"https:\/\/api.w.org\/{rel}","templated":true}]}}