{"id":19085,"date":"2014-09-05T17:10:33","date_gmt":"2014-09-05T20:10:33","guid":{"rendered":"https:\/\/www.blogsoestado.com\/danielmatos\/?p=19085"},"modified":"2014-09-05T17:10:33","modified_gmt":"2014-09-05T20:10:33","slug":"prefeitura-garante-integralidade-do-calendario-escolar-na-rede-municipal","status":"publish","type":"post","link":"https:\/\/www.blogsoestado.com\/danielmatos\/prefeitura-garante-integralidade-do-calendario-escolar-na-rede-municipal\/","title":{"rendered":"Prefeitura garante integralidade do calend\u00e1rio escolar na rede municipal"},"content":{"rendered":"<figure id=\"attachment_19087\" aria-describedby=\"caption-attachment-19087\" style=\"width: 640px\" class=\"wp-caption aligncenter\"><a href=\"https:\/\/www.blogsoestado.com\/danielmatos\/files\/2014\/09\/geraldo-sala2.jpg\"><img fetchpriority=\"high\" decoding=\"async\" class=\"size-full wp-image-19087\" src=\"https:\/\/www.blogsoestado.com\/danielmatos\/files\/2014\/09\/geraldo-sala2.jpg\" alt=\"Proposto prev\u00ea encerramento do ano letivo de 2014 entre os dias 4 de fevereiro e 21 de mar\u00e7o de 2015\" width=\"640\" height=\"427\" \/><\/a><figcaption id=\"caption-attachment-19087\" class=\"wp-caption-text\">Proposto prev\u00ea encerramento do ano letivo de 2014 nas escolas municipais entre os dias 4 de fevereiro e 21 de mar\u00e7o de 2015<\/figcaption><\/figure>\n<p>A Prefeitura de S\u00e3o Lu\u00eds, por meio da Secretaria de Educa\u00e7\u00e3o (Semed), divulgou nesta sexta-feira (5) a proposta de recomposi\u00e7\u00e3o curricular para garantir a integralidade do calend\u00e1rio da rede municipal de ensino, bem como cumprir a determina\u00e7\u00e3o do Minist\u00e9rio da Educa\u00e7\u00e3o (MEC) de totalizar 200 dias letivos por ano para os estudantes. A regulariza\u00e7\u00e3o do calend\u00e1rio escolar \u00e9 prioridade da gest\u00e3o municipal.<\/p>\n<p>O secret\u00e1rio municipal de Educa\u00e7\u00e3o, Geraldo Castro Sobrinho, destacou a import\u00e2ncia de, al\u00e9m de recuperar os dias de aula, garantir que todo o conte\u00fado escolar seja ministrado com qualidade. \u201cTrabalhamos sempre para conseguir o melhor para os nossos estudantes. A qualidade do ensino e a requalifica\u00e7\u00e3o estrutural de nossas escolas s\u00e3o compromissos de gest\u00e3o, e avan\u00e7aremos cada vez mais no sentido de cumprir cada um deles\u201d, destacou o titular da Semed.<\/p>\n<p>O calend\u00e1rio proposto para as escolas do munic\u00edpio prev\u00ea o encerramento do ano letivo de 2014 entre os dias 4 de fevereiro e 21 de mar\u00e7o de 2015. A data varia em fun\u00e7\u00e3o da quantidade de dias letivos a repor em cada escola. Para garantir o cumprimento da carga hor\u00e1ria e os conte\u00fados escolares determinados pela Lei de Diretrizes e Bases da Educa\u00e7\u00e3o (LDB), as aulas tamb\u00e9m ser\u00e3o ministradas em s\u00e1bados alternados.<\/p>\n<p>A Prefeitura de S\u00e3o Lu\u00eds dar\u00e1 ainda acompanhamento especial aos estudantes do 9\u00ba ano para garantir as condi\u00e7\u00f5es de ingresso em escolas de Ensino M\u00e9dio, que n\u00e3o pertencem \u00e0 rede municipal de ensino e, portanto, possuem calend\u00e1rio escolar diferenciado. Esses estudantes ter\u00e3o aulas todos os s\u00e1bados do m\u00eas com altern\u00e2ncia das equipes de professores. O in\u00edcio do ano letivo seguinte fica garantido para o per\u00edodo de 9 de mar\u00e7o a 13 de abril, ap\u00f3s as f\u00e9rias escolares.<\/p>\n<p><strong>Requalifica\u00e7\u00e3o<\/strong><\/p>\n<p>Atendendo ao acordo firmado com o Minist\u00e9rio P\u00fablico Estadual (MPE), a Prefeitura dar\u00e1 seguimento \u00e0 requalifica\u00e7\u00e3o estrutural de mais de 50 unidades de ensino, intensificando um trabalho que j\u00e1 estava em curso desde o in\u00edcio da gest\u00e3o do prefeito Edivaldo. \u201cJ\u00e1 est\u00e1vamos executando v\u00e1rios servi\u00e7os de requalifica\u00e7\u00e3o, para entregar uma rede em melhores condi\u00e7\u00f5es de funcionamento, pautados que estamos pelo respeito aos professores, aos estudantes e suas fam\u00edlias\u201d, enfatizou Geraldo Castro Sobrinho. Outro avan\u00e7o concretizado pela atual gest\u00e3o \u00e9 a reorganiza\u00e7\u00e3o funcional do quadro de servidores, corrigindo inconsist\u00eancias e permitindo, entre outros fatores, o avan\u00e7o de centenas de processos de aposentadoria que estavam parados desde 2006.<\/p>\n<p><strong>Fonte:<\/strong> Secretaria Municipal de Comunica\u00e7\u00e3o (Secom)<\/p>\n","protected":false},"excerpt":{"rendered":"<p>A Prefeitura de S\u00e3o Lu\u00eds, por meio da Secretaria de Educa\u00e7\u00e3o (Semed), divulgou nesta sexta-feira (5) a proposta de recomposi\u00e7\u00e3o [&hellip;]<\/p>\n","protected":false},"author":0,"featured_media":0,"comment_status":"open","ping_status":"open","sticky":false,"template":"","format":"standard","meta":{"site-sidebar-layout":"default","site-content-layout":"","ast-site-content-layout":"default","site-content-style":"default","site-sidebar-style":"default","ast-global-header-display":"","ast-banner-title-visibility":"","ast-main-header-display":"","ast-hfb-above-header-display":"","ast-hfb-below-header-display":"","ast-hfb-mobile-header-display":"","site-post-title":"","ast-breadcrumbs-content":"","ast-featured-img":"","footer-sml-layout":"","ast-disable-related-posts":"","theme-transparent-header-meta":"","adv-header-id-meta":"","stick-header-meta":"","header-above-stick-meta":"","header-main-stick-meta":"","header-below-stick-meta":"","astra-migrate-meta-layouts":"default","ast-page-background-enabled":"default","ast-page-background-meta":{"desktop":{"background-color":"var(--ast-global-color-5)","background-image":"","background-repeat":"repeat","background-position":"center center","background-size":"auto","background-attachment":"scroll","background-type":"","background-media":"","overlay-type":"","overlay-color":"","overlay-opacity":"","overlay-gradient":""},"tablet":{"background-color":"","background-image":"","background-repeat":"repeat","background-position":"center center","background-size":"auto","background-attachment":"scroll","background-type":"","background-media":"","overlay-type":"","overlay-color":"","overlay-opacity":"","overlay-gradient":""},"mobile":{"background-color":"","background-image":"","background-repeat":"repeat","background-position":"center center","background-size":"auto","background-attachment":"scroll","background-type":"","background-media":"","overlay-type":"","overlay-color":"","overlay-opacity":"","overlay-gradient":""}},"ast-content-background-meta":{"desktop":{"background-color":"var(--ast-global-color-4)","background-image":"","background-repeat":"repeat","background-position":"center center","background-size":"auto","background-attachment":"scroll","background-type":"","background-media":"","overlay-type":"","overlay-color":"","overlay-opacity":"","overlay-gradient":""},"tablet":{"background-color":"var(--ast-global-color-4)","background-image":"","background-repeat":"repeat","background-position":"center center","background-size":"auto","background-attachment":"scroll","background-type":"","background-media":"","overlay-type":"","overlay-color":"","overlay-opacity":"","overlay-gradient":""},"mobile":{"background-color":"var(--ast-global-color-4)","background-image":"","background-repeat":"repeat","background-position":"center center","background-size":"auto","background-attachment":"scroll","background-type":"","background-media":"","overlay-type":"","overlay-color":"","overlay-opacity":"","overlay-gradient":""}},"footnotes":""},"categories":[1],"tags":[],"class_list":["post-19085","post","type-post","status-publish","format-standard","hentry","category-sem-categoria"],"yoast_head":"<!-- This site is optimized with the Yoast SEO plugin v26.6 - https:\/\/yoast.com\/wordpress\/plugins\/seo\/ -->\n<title>Prefeitura garante integralidade do calend\u00e1rio escolar na rede municipal - Daniel Matos<\/title>\n<meta name=\"robots\" content=\"index, follow, max-snippet:-1, max-image-preview:large, max-video-preview:-1\" \/>\n<link rel=\"canonical\" href=\"https:\/\/www.blogsoestado.com\/danielmatos\/prefeitura-garante-integralidade-do-calendario-escolar-na-rede-municipal\/\" \/>\n<meta property=\"og:locale\" content=\"pt_BR\" \/>\n<meta property=\"og:type\" content=\"article\" \/>\n<meta property=\"og:title\" content=\"Prefeitura garante integralidade do calend\u00e1rio escolar na rede municipal - Daniel Matos\" \/>\n<meta property=\"og:description\" content=\"A Prefeitura de S\u00e3o Lu\u00eds, por meio da Secretaria de Educa\u00e7\u00e3o (Semed), divulgou nesta sexta-feira (5) a proposta de recomposi\u00e7\u00e3o [&hellip;]\" \/>\n<meta property=\"og:url\" content=\"https:\/\/www.blogsoestado.com\/danielmatos\/prefeitura-garante-integralidade-do-calendario-escolar-na-rede-municipal\/\" \/>\n<meta property=\"og:site_name\" content=\"Daniel Matos\" \/>\n<meta property=\"article:published_time\" content=\"2014-09-05T20:10:33+00:00\" \/>\n<meta property=\"og:image\" content=\"https:\/\/www.blogsoestado.com\/danielmatos\/files\/2014\/09\/geraldo-sala2.jpg\" \/>\n<meta name=\"twitter:card\" content=\"summary_large_image\" \/>\n<meta name=\"twitter:label1\" content=\"Est. tempo de leitura\" \/>\n\t<meta name=\"twitter:data1\" content=\"2 minutos\" \/>\n<script type=\"application\/ld+json\" class=\"yoast-schema-graph\">{\"@context\":\"https:\/\/schema.org\",\"@graph\":[{\"@type\":\"WebPage\",\"@id\":\"https:\/\/www.blogsoestado.com\/danielmatos\/prefeitura-garante-integralidade-do-calendario-escolar-na-rede-municipal\/\",\"url\":\"https:\/\/www.blogsoestado.com\/danielmatos\/prefeitura-garante-integralidade-do-calendario-escolar-na-rede-municipal\/\",\"name\":\"Prefeitura garante integralidade do calend\u00e1rio escolar na rede municipal - Daniel Matos\",\"isPartOf\":{\"@id\":\"https:\/\/www.blogsoestado.com\/danielmatos\/#website\"},\"primaryImageOfPage\":{\"@id\":\"https:\/\/www.blogsoestado.com\/danielmatos\/prefeitura-garante-integralidade-do-calendario-escolar-na-rede-municipal\/#primaryimage\"},\"image\":{\"@id\":\"https:\/\/www.blogsoestado.com\/danielmatos\/prefeitura-garante-integralidade-do-calendario-escolar-na-rede-municipal\/#primaryimage\"},\"thumbnailUrl\":\"https:\/\/www.blogsoestado.com\/danielmatos\/files\/2014\/09\/geraldo-sala2.jpg\",\"datePublished\":\"2014-09-05T20:10:33+00:00\",\"author\":{\"@id\":\"\"},\"breadcrumb\":{\"@id\":\"https:\/\/www.blogsoestado.com\/danielmatos\/prefeitura-garante-integralidade-do-calendario-escolar-na-rede-municipal\/#breadcrumb\"},\"inLanguage\":\"pt-BR\",\"potentialAction\":[{\"@type\":\"ReadAction\",\"target\":[\"https:\/\/www.blogsoestado.com\/danielmatos\/prefeitura-garante-integralidade-do-calendario-escolar-na-rede-municipal\/\"]}]},{\"@type\":\"ImageObject\",\"inLanguage\":\"pt-BR\",\"@id\":\"https:\/\/www.blogsoestado.com\/danielmatos\/prefeitura-garante-integralidade-do-calendario-escolar-na-rede-municipal\/#primaryimage\",\"url\":\"https:\/\/www.blogsoestado.com\/danielmatos\/files\/2014\/09\/geraldo-sala2.jpg\",\"contentUrl\":\"https:\/\/www.blogsoestado.com\/danielmatos\/files\/2014\/09\/geraldo-sala2.jpg\"},{\"@type\":\"BreadcrumbList\",\"@id\":\"https:\/\/www.blogsoestado.com\/danielmatos\/prefeitura-garante-integralidade-do-calendario-escolar-na-rede-municipal\/#breadcrumb\",\"itemListElement\":[{\"@type\":\"ListItem\",\"position\":1,\"name\":\"In\u00edcio\",\"item\":\"https:\/\/www.blogsoestado.com\/danielmatos\/\"},{\"@type\":\"ListItem\",\"position\":2,\"name\":\"Prefeitura garante integralidade do calend\u00e1rio escolar na rede municipal\"}]},{\"@type\":\"WebSite\",\"@id\":\"https:\/\/www.blogsoestado.com\/danielmatos\/#website\",\"url\":\"https:\/\/www.blogsoestado.com\/danielmatos\/\",\"name\":\"Daniel Matos\",\"description\":\"\",\"potentialAction\":[{\"@type\":\"SearchAction\",\"target\":{\"@type\":\"EntryPoint\",\"urlTemplate\":\"https:\/\/www.blogsoestado.com\/danielmatos\/?s={search_term_string}\"},\"query-input\":{\"@type\":\"PropertyValueSpecification\",\"valueRequired\":true,\"valueName\":\"search_term_string\"}}],\"inLanguage\":\"pt-BR\"}]}<\/script>\n<!-- \/ Yoast SEO plugin. -->","yoast_head_json":{"title":"Prefeitura garante integralidade do calend\u00e1rio escolar na rede municipal - Daniel Matos","robots":{"index":"index","follow":"follow","max-snippet":"max-snippet:-1","max-image-preview":"max-image-preview:large","max-video-preview":"max-video-preview:-1"},"canonical":"https:\/\/www.blogsoestado.com\/danielmatos\/prefeitura-garante-integralidade-do-calendario-escolar-na-rede-municipal\/","og_locale":"pt_BR","og_type":"article","og_title":"Prefeitura garante integralidade do calend\u00e1rio escolar na rede municipal - Daniel Matos","og_description":"A Prefeitura de S\u00e3o Lu\u00eds, por meio da Secretaria de Educa\u00e7\u00e3o (Semed), divulgou nesta sexta-feira (5) a proposta de recomposi\u00e7\u00e3o [&hellip;]","og_url":"https:\/\/www.blogsoestado.com\/danielmatos\/prefeitura-garante-integralidade-do-calendario-escolar-na-rede-municipal\/","og_site_name":"Daniel Matos","article_published_time":"2014-09-05T20:10:33+00:00","og_image":[{"url":"https:\/\/www.blogsoestado.com\/danielmatos\/files\/2014\/09\/geraldo-sala2.jpg","type":"","width":"","height":""}],"twitter_card":"summary_large_image","twitter_misc":{"Est. tempo de leitura":"2 minutos"},"schema":{"@context":"https:\/\/schema.org","@graph":[{"@type":"WebPage","@id":"https:\/\/www.blogsoestado.com\/danielmatos\/prefeitura-garante-integralidade-do-calendario-escolar-na-rede-municipal\/","url":"https:\/\/www.blogsoestado.com\/danielmatos\/prefeitura-garante-integralidade-do-calendario-escolar-na-rede-municipal\/","name":"Prefeitura garante integralidade do calend\u00e1rio escolar na rede municipal - Daniel Matos","isPartOf":{"@id":"https:\/\/www.blogsoestado.com\/danielmatos\/#website"},"primaryImageOfPage":{"@id":"https:\/\/www.blogsoestado.com\/danielmatos\/prefeitura-garante-integralidade-do-calendario-escolar-na-rede-municipal\/#primaryimage"},"image":{"@id":"https:\/\/www.blogsoestado.com\/danielmatos\/prefeitura-garante-integralidade-do-calendario-escolar-na-rede-municipal\/#primaryimage"},"thumbnailUrl":"https:\/\/www.blogsoestado.com\/danielmatos\/files\/2014\/09\/geraldo-sala2.jpg","datePublished":"2014-09-05T20:10:33+00:00","author":{"@id":""},"breadcrumb":{"@id":"https:\/\/www.blogsoestado.com\/danielmatos\/prefeitura-garante-integralidade-do-calendario-escolar-na-rede-municipal\/#breadcrumb"},"inLanguage":"pt-BR","potentialAction":[{"@type":"ReadAction","target":["https:\/\/www.blogsoestado.com\/danielmatos\/prefeitura-garante-integralidade-do-calendario-escolar-na-rede-municipal\/"]}]},{"@type":"ImageObject","inLanguage":"pt-BR","@id":"https:\/\/www.blogsoestado.com\/danielmatos\/prefeitura-garante-integralidade-do-calendario-escolar-na-rede-municipal\/#primaryimage","url":"https:\/\/www.blogsoestado.com\/danielmatos\/files\/2014\/09\/geraldo-sala2.jpg","contentUrl":"https:\/\/www.blogsoestado.com\/danielmatos\/files\/2014\/09\/geraldo-sala2.jpg"},{"@type":"BreadcrumbList","@id":"https:\/\/www.blogsoestado.com\/danielmatos\/prefeitura-garante-integralidade-do-calendario-escolar-na-rede-municipal\/#breadcrumb","itemListElement":[{"@type":"ListItem","position":1,"name":"In\u00edcio","item":"https:\/\/www.blogsoestado.com\/danielmatos\/"},{"@type":"ListItem","position":2,"name":"Prefeitura garante integralidade do calend\u00e1rio escolar na rede municipal"}]},{"@type":"WebSite","@id":"https:\/\/www.blogsoestado.com\/danielmatos\/#website","url":"https:\/\/www.blogsoestado.com\/danielmatos\/","name":"Daniel Matos","description":"","potentialAction":[{"@type":"SearchAction","target":{"@type":"EntryPoint","urlTemplate":"https:\/\/www.blogsoestado.com\/danielmatos\/?s={search_term_string}"},"query-input":{"@type":"PropertyValueSpecification","valueRequired":true,"valueName":"search_term_string"}}],"inLanguage":"pt-BR"}]}},"jetpack_featured_media_url":"","_links":{"self":[{"href":"https:\/\/www.blogsoestado.com\/danielmatos\/wp-json\/wp\/v2\/posts\/19085","targetHints":{"allow":["GET"]}}],"collection":[{"href":"https:\/\/www.blogsoestado.com\/danielmatos\/wp-json\/wp\/v2\/posts"}],"about":[{"href":"https:\/\/www.blogsoestado.com\/danielmatos\/wp-json\/wp\/v2\/types\/post"}],"replies":[{"embeddable":true,"href":"https:\/\/www.blogsoestado.com\/danielmatos\/wp-json\/wp\/v2\/comments?post=19085"}],"version-history":[{"count":0,"href":"https:\/\/www.blogsoestado.com\/danielmatos\/wp-json\/wp\/v2\/posts\/19085\/revisions"}],"wp:attachment":[{"href":"https:\/\/www.blogsoestado.com\/danielmatos\/wp-json\/wp\/v2\/media?parent=19085"}],"wp:term":[{"taxonomy":"category","embeddable":true,"href":"https:\/\/www.blogsoestado.com\/danielmatos\/wp-json\/wp\/v2\/categories?post=19085"},{"taxonomy":"post_tag","embeddable":true,"href":"https:\/\/www.blogsoestado.com\/danielmatos\/wp-json\/wp\/v2\/tags?post=19085"}],"curies":[{"name":"wp","href":"https:\/\/api.w.org\/{rel}","templated":true}]}}