{"id":19094,"date":"2014-09-07T08:27:01","date_gmt":"2014-09-07T11:27:01","guid":{"rendered":"https:\/\/www.blogsoestado.com\/danielmatos\/?p=19094"},"modified":"2014-09-07T08:27:01","modified_gmt":"2014-09-07T11:27:01","slug":"desfile-de-paco-do-lumiar-resgata-valores-culturais-do-municipio","status":"publish","type":"post","link":"https:\/\/www.blogsoestado.com\/danielmatos\/desfile-de-paco-do-lumiar-resgata-valores-culturais-do-municipio\/","title":{"rendered":"Desfile de Pa\u00e7o do Lumiar resgata valores culturais do munic\u00edpio"},"content":{"rendered":"<figure id=\"attachment_19095\" aria-describedby=\"caption-attachment-19095\" style=\"width: 640px\" class=\"wp-caption aligncenter\"><a href=\"https:\/\/www.blogsoestado.com\/danielmatos\/files\/2014\/09\/pa\u00e7o-desfile3.jpg\"><img fetchpriority=\"high\" decoding=\"async\" class=\"size-full wp-image-19095\" src=\"https:\/\/www.blogsoestado.com\/danielmatos\/files\/2014\/09\/pa\u00e7o-desfile3.jpg\" alt=\" 45 escolas municipais mostraram as riquezas do munic\u00edpio de Pa\u00e7o do Lumiar\" width=\"640\" height=\"427\" \/><\/a><figcaption id=\"caption-attachment-19095\" class=\"wp-caption-text\">45 escolas municipais mostraram as riquezas do munic\u00edpio de Pa\u00e7o do Lumiar<\/figcaption><\/figure>\n<p>Com o tema \u201cRedescobrindo Pa\u00e7o do Lumiar &#8211; Um passeio pela nossa hist\u00f3ria\u201d, 45 escolas da rede municipal e um total de 2070 estudantes desfilaram, na tarde de ontem, 5, marcando o Dia da Ra\u00e7a. Com sa\u00edda da Avenida 12, do conjunto Maiob\u00e3o, em dire\u00e7\u00e3o ao palanque oficial, na Rua 143, mais conhecida como \u201cRua da Cultura\u201d, os estudantes mostraram com muita criatividade e disposi\u00e7\u00e3o, os aspectos hist\u00f3ricos, sociais, culturais, geogr\u00e1ficos e econ\u00f4micos do munic\u00edpio.<\/p>\n<p>Na avenida, os alunos representaram por meio de faixas, adere\u00e7os, coreografias e indument\u00e1rias, momentos da funda\u00e7\u00e3o da cidade, as festas tradicionais como, o Fest Flora do Vassoural, o bumba-meu-boi, o Divino Esp\u00edrito Santo, a festa do coco d\u2019\u00e1gua e o tambor de crioula. O potencial agr\u00edcola e pesqueiro da regi\u00e3o, o esporte, a m\u00fasica e a diversidade religiosa tamb\u00e9m foram destacados durante o percurso do desfile estudantil.<\/p>\n<p>Este \u00e9 o primeiro desfile da administra\u00e7\u00e3o do prefeito Josemar Sobreiro Oliveira. Para ele a parada c\u00edvica al\u00e9m de ser um momento de promo\u00e7\u00e3o da cidadania, fortalece ainda mais as pol\u00edticas de educa\u00e7\u00e3o. \u201c\u00c9 muito importante para as crian\u00e7as e adolescentes vivenciarem momentos como este. Estamos resgatando o desfile c\u00edvico de Pa\u00e7o do Lumiar\u201d, enfatizou.<\/p>\n<figure id=\"attachment_19096\" aria-describedby=\"caption-attachment-19096\" style=\"width: 427px\" class=\"wp-caption aligncenter\"><a href=\"https:\/\/www.blogsoestado.com\/danielmatos\/files\/2014\/09\/pa\u00e7o-desfile2.jpg\"><img decoding=\"async\" class=\"size-full wp-image-19096\" src=\"https:\/\/www.blogsoestado.com\/danielmatos\/files\/2014\/09\/pa\u00e7o-desfile2.jpg\" alt=\"Aluna de escola p\u00fablica municipal fez coreografias durante o desfile c\u00edvico em Pa\u00e7o do Lumiar\" width=\"427\" height=\"640\" \/><\/a><figcaption id=\"caption-attachment-19096\" class=\"wp-caption-text\">Aluna de escola municipal fez coreografias durante o desfile c\u00edvico em Pa\u00e7o do Lumiar<\/figcaption><\/figure>\n<p>Para a secret\u00e1ria de Desenvolvimento Social, Ivone Oliveira, idealizadora do desfile, este \u00e9 um momento do despertar da consci\u00eancia: \u201cPrecisamos desse sentimento de pertencimento. Essa terra tem riqueza, cultura, e a popula\u00e7\u00e3o precisa saber disso, porque cidadania se constr\u00f3i com a consci\u00eancia\u201d, disse.<\/p>\n<p>A gestora da UEB O Bom Aluno, Kerliane Rodrigues, reafirma a import\u00e2ncia do resgate: \u201c\u00c9 a valoriza\u00e7\u00e3o da nossa cultura, do nosso munic\u00edpio, a busca de uma educa\u00e7\u00e3o moral e c\u00edvica que estamos perdendo\u201d.<\/p>\n<p><strong>P\u00fablico<\/strong><\/p>\n<p>A mensagem chegou ao p\u00fablico que assistiu ao desfile. \u201cEst\u00e1 nos ensinando a ter respeito e valoriza\u00e7\u00e3o aos recursos da nossa terra e \u00e0s pessoas\u201d, pontuou Luana Cantanhede, que definiu o evento como uma grande aula a c\u00e9u aberto.<\/p>\n<p>A filha de Luana, Mayra Luiza, que desfilou representando as flores tropicais cultivadas na comunidade do Vassoural, descreveu radiante: \u201cFoi a primeira vez que desfilei e foi muito bom mostrar as belezas da nossa comunidade\u201d.<\/p>\n<p>Joelma Costa, da Vila do Povo, que veio especialmente ver os sobrinhos desfilarem, gostou do que viu: \u201cFoi tudo muito bonito, organizado. A volta do desfile trouxe muitas escolas e todas fazendo um espet\u00e1culo\u201d, disse.<\/p>\n<p>De acordo com a comiss\u00e3o organizadora do desfile, aproximadamente 5 mil pessoas assistiram \u00e0 parada c\u00edvica do munic\u00edpio.<\/p>\n<figure id=\"attachment_19097\" aria-describedby=\"caption-attachment-19097\" style=\"width: 640px\" class=\"wp-caption aligncenter\"><a href=\"https:\/\/www.blogsoestado.com\/danielmatos\/files\/2014\/09\/pa\u00e7o-desfile.jpg\"><img decoding=\"async\" class=\"size-full wp-image-19097\" src=\"https:\/\/www.blogsoestado.com\/danielmatos\/files\/2014\/09\/pa\u00e7o-desfile.jpg\" alt=\"Mais de 5 mil pessoas assistiram ao desfile do Dia da Ra\u00e7a, na Avenida 12 do Maiob\u00e3o\" width=\"640\" height=\"427\" \/><\/a><figcaption id=\"caption-attachment-19097\" class=\"wp-caption-text\">Mais de 5 mil pessoas assistiram ao desfile do Dia da Ra\u00e7a, que saiu da\u00a0Avenida 12 do Maiob\u00e3o at\u00e9 a Rua da Cultura<\/figcaption><\/figure>\n<p>As bandas marciais convidadas para o desfile foram um show \u00e0 parte. Puxaram os pelot\u00f5es, as corpora\u00e7\u00f5es: \u201c07 de Setembro\u201d e \u201cRibeiro do Amaral\u201d, de S\u00e3o Jos\u00e9 de Ribamar, a Banda Municipal de Bacabeira e \u201cAmadeus Mozart\u201d, de S\u00e3o Lu\u00eds. A Corpora\u00e7\u00e3o Musical \u201cLa Roque\u201d, de Pa\u00e7o do Lumiar, encerrou o desfile com a m\u00fasica Bad Romance, de Lady Gaga, arrancando aplausos entusiasmados do p\u00fablico presente.<\/p>\n<p>Para a secret\u00e1ria de Educa\u00e7\u00e3o do Munic\u00edpio, Ana Paula Pires, que acompanhou o desfile das escolas bem de perto, da pista, foi um momento emocionante. \u201cFoi muito gratificante o resultado de uma prepara\u00e7\u00e3o que durou 3 meses com o desenvolvimento da tem\u00e1tica do desfile nas salas de aula. O esfor\u00e7o dos gestores de escolas, coordenadores, professores e parceiros tamb\u00e9m influenciou bastante no retorno e sucesso do desfile estudantil do nosso munic\u00edpio\u201d, finalizou.<\/p>\n<p>O desfile foi uma promo\u00e7\u00e3o da Secretaria Municipal de Educa\u00e7\u00e3o, com o apoio das secretarias de Cultura, Esporte e Lazer, Infraestrutura, Sa\u00fade, Coordena\u00e7\u00e3o de Transportes e Coordena\u00e7\u00e3o de Comunica\u00e7\u00e3o.<\/p>\n","protected":false},"excerpt":{"rendered":"<p>Com o tema \u201cRedescobrindo Pa\u00e7o do Lumiar &#8211; Um passeio pela nossa hist\u00f3ria\u201d, 45 escolas da rede municipal e um [&hellip;]<\/p>\n","protected":false},"author":0,"featured_media":0,"comment_status":"open","ping_status":"open","sticky":false,"template":"","format":"standard","meta":{"site-sidebar-layout":"default","site-content-layout":"","ast-site-content-layout":"default","site-content-style":"default","site-sidebar-style":"default","ast-global-header-display":"","ast-banner-title-visibility":"","ast-main-header-display":"","ast-hfb-above-header-display":"","ast-hfb-below-header-display":"","ast-hfb-mobile-header-display":"","site-post-title":"","ast-breadcrumbs-content":"","ast-featured-img":"","footer-sml-layout":"","ast-disable-related-posts":"","theme-transparent-header-meta":"","adv-header-id-meta":"","stick-header-meta":"","header-above-stick-meta":"","header-main-stick-meta":"","header-below-stick-meta":"","astra-migrate-meta-layouts":"default","ast-page-background-enabled":"default","ast-page-background-meta":{"desktop":{"background-color":"var(--ast-global-color-5)","background-image":"","background-repeat":"repeat","background-position":"center center","background-size":"auto","background-attachment":"scroll","background-type":"","background-media":"","overlay-type":"","overlay-color":"","overlay-opacity":"","overlay-gradient":""},"tablet":{"background-color":"","background-image":"","background-repeat":"repeat","background-position":"center center","background-size":"auto","background-attachment":"scroll","background-type":"","background-media":"","overlay-type":"","overlay-color":"","overlay-opacity":"","overlay-gradient":""},"mobile":{"background-color":"","background-image":"","background-repeat":"repeat","background-position":"center center","background-size":"auto","background-attachment":"scroll","background-type":"","background-media":"","overlay-type":"","overlay-color":"","overlay-opacity":"","overlay-gradient":""}},"ast-content-background-meta":{"desktop":{"background-color":"var(--ast-global-color-4)","background-image":"","background-repeat":"repeat","background-position":"center center","background-size":"auto","background-attachment":"scroll","background-type":"","background-media":"","overlay-type":"","overlay-color":"","overlay-opacity":"","overlay-gradient":""},"tablet":{"background-color":"var(--ast-global-color-4)","background-image":"","background-repeat":"repeat","background-position":"center center","background-size":"auto","background-attachment":"scroll","background-type":"","background-media":"","overlay-type":"","overlay-color":"","overlay-opacity":"","overlay-gradient":""},"mobile":{"background-color":"var(--ast-global-color-4)","background-image":"","background-repeat":"repeat","background-position":"center center","background-size":"auto","background-attachment":"scroll","background-type":"","background-media":"","overlay-type":"","overlay-color":"","overlay-opacity":"","overlay-gradient":""}},"footnotes":""},"categories":[1],"tags":[],"class_list":["post-19094","post","type-post","status-publish","format-standard","hentry","category-sem-categoria"],"yoast_head":"<!-- This site is optimized with the Yoast SEO plugin v26.6 - https:\/\/yoast.com\/wordpress\/plugins\/seo\/ -->\n<title>Desfile de Pa\u00e7o do Lumiar resgata valores culturais do munic\u00edpio - Daniel Matos<\/title>\n<meta name=\"robots\" content=\"index, follow, max-snippet:-1, max-image-preview:large, max-video-preview:-1\" \/>\n<link rel=\"canonical\" href=\"https:\/\/www.blogsoestado.com\/danielmatos\/desfile-de-paco-do-lumiar-resgata-valores-culturais-do-municipio\/\" \/>\n<meta property=\"og:locale\" content=\"pt_BR\" \/>\n<meta property=\"og:type\" content=\"article\" \/>\n<meta property=\"og:title\" content=\"Desfile de Pa\u00e7o do Lumiar resgata valores culturais do munic\u00edpio - Daniel Matos\" \/>\n<meta property=\"og:description\" content=\"Com o tema \u201cRedescobrindo Pa\u00e7o do Lumiar &#8211; Um passeio pela nossa hist\u00f3ria\u201d, 45 escolas da rede municipal e um [&hellip;]\" \/>\n<meta property=\"og:url\" content=\"https:\/\/www.blogsoestado.com\/danielmatos\/desfile-de-paco-do-lumiar-resgata-valores-culturais-do-municipio\/\" \/>\n<meta property=\"og:site_name\" content=\"Daniel Matos\" \/>\n<meta property=\"article:published_time\" content=\"2014-09-07T11:27:01+00:00\" \/>\n<meta name=\"twitter:card\" content=\"summary_large_image\" \/>\n<meta name=\"twitter:label1\" content=\"Est. tempo de leitura\" \/>\n\t<meta name=\"twitter:data1\" content=\"3 minutos\" \/>\n<script type=\"application\/ld+json\" class=\"yoast-schema-graph\">{\"@context\":\"https:\/\/schema.org\",\"@graph\":[{\"@type\":\"WebPage\",\"@id\":\"https:\/\/www.blogsoestado.com\/danielmatos\/desfile-de-paco-do-lumiar-resgata-valores-culturais-do-municipio\/\",\"url\":\"https:\/\/www.blogsoestado.com\/danielmatos\/desfile-de-paco-do-lumiar-resgata-valores-culturais-do-municipio\/\",\"name\":\"Desfile de Pa\u00e7o do Lumiar resgata valores culturais do munic\u00edpio - Daniel Matos\",\"isPartOf\":{\"@id\":\"https:\/\/www.blogsoestado.com\/danielmatos\/#website\"},\"datePublished\":\"2014-09-07T11:27:01+00:00\",\"author\":{\"@id\":\"\"},\"breadcrumb\":{\"@id\":\"https:\/\/www.blogsoestado.com\/danielmatos\/desfile-de-paco-do-lumiar-resgata-valores-culturais-do-municipio\/#breadcrumb\"},\"inLanguage\":\"pt-BR\",\"potentialAction\":[{\"@type\":\"ReadAction\",\"target\":[\"https:\/\/www.blogsoestado.com\/danielmatos\/desfile-de-paco-do-lumiar-resgata-valores-culturais-do-municipio\/\"]}]},{\"@type\":\"BreadcrumbList\",\"@id\":\"https:\/\/www.blogsoestado.com\/danielmatos\/desfile-de-paco-do-lumiar-resgata-valores-culturais-do-municipio\/#breadcrumb\",\"itemListElement\":[{\"@type\":\"ListItem\",\"position\":1,\"name\":\"In\u00edcio\",\"item\":\"https:\/\/www.blogsoestado.com\/danielmatos\/\"},{\"@type\":\"ListItem\",\"position\":2,\"name\":\"Desfile de Pa\u00e7o do Lumiar resgata valores culturais do munic\u00edpio\"}]},{\"@type\":\"WebSite\",\"@id\":\"https:\/\/www.blogsoestado.com\/danielmatos\/#website\",\"url\":\"https:\/\/www.blogsoestado.com\/danielmatos\/\",\"name\":\"Daniel Matos\",\"description\":\"\",\"potentialAction\":[{\"@type\":\"SearchAction\",\"target\":{\"@type\":\"EntryPoint\",\"urlTemplate\":\"https:\/\/www.blogsoestado.com\/danielmatos\/?s={search_term_string}\"},\"query-input\":{\"@type\":\"PropertyValueSpecification\",\"valueRequired\":true,\"valueName\":\"search_term_string\"}}],\"inLanguage\":\"pt-BR\"}]}<\/script>\n<!-- \/ Yoast SEO plugin. -->","yoast_head_json":{"title":"Desfile de Pa\u00e7o do Lumiar resgata valores culturais do munic\u00edpio - Daniel Matos","robots":{"index":"index","follow":"follow","max-snippet":"max-snippet:-1","max-image-preview":"max-image-preview:large","max-video-preview":"max-video-preview:-1"},"canonical":"https:\/\/www.blogsoestado.com\/danielmatos\/desfile-de-paco-do-lumiar-resgata-valores-culturais-do-municipio\/","og_locale":"pt_BR","og_type":"article","og_title":"Desfile de Pa\u00e7o do Lumiar resgata valores culturais do munic\u00edpio - Daniel Matos","og_description":"Com o tema \u201cRedescobrindo Pa\u00e7o do Lumiar &#8211; Um passeio pela nossa hist\u00f3ria\u201d, 45 escolas da rede municipal e um [&hellip;]","og_url":"https:\/\/www.blogsoestado.com\/danielmatos\/desfile-de-paco-do-lumiar-resgata-valores-culturais-do-municipio\/","og_site_name":"Daniel Matos","article_published_time":"2014-09-07T11:27:01+00:00","twitter_card":"summary_large_image","twitter_misc":{"Est. tempo de leitura":"3 minutos"},"schema":{"@context":"https:\/\/schema.org","@graph":[{"@type":"WebPage","@id":"https:\/\/www.blogsoestado.com\/danielmatos\/desfile-de-paco-do-lumiar-resgata-valores-culturais-do-municipio\/","url":"https:\/\/www.blogsoestado.com\/danielmatos\/desfile-de-paco-do-lumiar-resgata-valores-culturais-do-municipio\/","name":"Desfile de Pa\u00e7o do Lumiar resgata valores culturais do munic\u00edpio - Daniel Matos","isPartOf":{"@id":"https:\/\/www.blogsoestado.com\/danielmatos\/#website"},"datePublished":"2014-09-07T11:27:01+00:00","author":{"@id":""},"breadcrumb":{"@id":"https:\/\/www.blogsoestado.com\/danielmatos\/desfile-de-paco-do-lumiar-resgata-valores-culturais-do-municipio\/#breadcrumb"},"inLanguage":"pt-BR","potentialAction":[{"@type":"ReadAction","target":["https:\/\/www.blogsoestado.com\/danielmatos\/desfile-de-paco-do-lumiar-resgata-valores-culturais-do-municipio\/"]}]},{"@type":"BreadcrumbList","@id":"https:\/\/www.blogsoestado.com\/danielmatos\/desfile-de-paco-do-lumiar-resgata-valores-culturais-do-municipio\/#breadcrumb","itemListElement":[{"@type":"ListItem","position":1,"name":"In\u00edcio","item":"https:\/\/www.blogsoestado.com\/danielmatos\/"},{"@type":"ListItem","position":2,"name":"Desfile de Pa\u00e7o do Lumiar resgata valores culturais do munic\u00edpio"}]},{"@type":"WebSite","@id":"https:\/\/www.blogsoestado.com\/danielmatos\/#website","url":"https:\/\/www.blogsoestado.com\/danielmatos\/","name":"Daniel Matos","description":"","potentialAction":[{"@type":"SearchAction","target":{"@type":"EntryPoint","urlTemplate":"https:\/\/www.blogsoestado.com\/danielmatos\/?s={search_term_string}"},"query-input":{"@type":"PropertyValueSpecification","valueRequired":true,"valueName":"search_term_string"}}],"inLanguage":"pt-BR"}]}},"jetpack_featured_media_url":"","_links":{"self":[{"href":"https:\/\/www.blogsoestado.com\/danielmatos\/wp-json\/wp\/v2\/posts\/19094","targetHints":{"allow":["GET"]}}],"collection":[{"href":"https:\/\/www.blogsoestado.com\/danielmatos\/wp-json\/wp\/v2\/posts"}],"about":[{"href":"https:\/\/www.blogsoestado.com\/danielmatos\/wp-json\/wp\/v2\/types\/post"}],"replies":[{"embeddable":true,"href":"https:\/\/www.blogsoestado.com\/danielmatos\/wp-json\/wp\/v2\/comments?post=19094"}],"version-history":[{"count":0,"href":"https:\/\/www.blogsoestado.com\/danielmatos\/wp-json\/wp\/v2\/posts\/19094\/revisions"}],"wp:attachment":[{"href":"https:\/\/www.blogsoestado.com\/danielmatos\/wp-json\/wp\/v2\/media?parent=19094"}],"wp:term":[{"taxonomy":"category","embeddable":true,"href":"https:\/\/www.blogsoestado.com\/danielmatos\/wp-json\/wp\/v2\/categories?post=19094"},{"taxonomy":"post_tag","embeddable":true,"href":"https:\/\/www.blogsoestado.com\/danielmatos\/wp-json\/wp\/v2\/tags?post=19094"}],"curies":[{"name":"wp","href":"https:\/\/api.w.org\/{rel}","templated":true}]}}