{"id":19099,"date":"2014-09-07T09:14:14","date_gmt":"2014-09-07T12:14:14","guid":{"rendered":"https:\/\/www.blogsoestado.com\/danielmatos\/?p=19099"},"modified":"2014-09-07T09:14:14","modified_gmt":"2014-09-07T12:14:14","slug":"lobao-filho-leva-mensagem-de-esperanca-a-timon","status":"publish","type":"post","link":"https:\/\/www.blogsoestado.com\/danielmatos\/lobao-filho-leva-mensagem-de-esperanca-a-timon\/","title":{"rendered":"Lob\u00e3o Filho leva mensagem de esperan\u00e7a a Timon"},"content":{"rendered":"<figure id=\"attachment_19100\" aria-describedby=\"caption-attachment-19100\" style=\"width: 640px\" class=\"wp-caption aligncenter\"><a href=\"https:\/\/www.blogsoestado.com\/danielmatos\/files\/2014\/09\/roseana-timon2.jpg\"><img fetchpriority=\"high\" decoding=\"async\" class=\"size-full wp-image-19100\" src=\"https:\/\/www.blogsoestado.com\/danielmatos\/files\/2014\/09\/roseana-timon2.jpg\" alt=\"Lob\u00e3o Filho \u00e9 ovacionado pela popula\u00e7\u00e3o em Timon, mais uma cidade que recebeu o candidato do PMDB com festa  \" width=\"640\" height=\"425\" \/><\/a><figcaption id=\"caption-attachment-19100\" class=\"wp-caption-text\">Lob\u00e3o Filho \u00e9 ovacionado pela popula\u00e7\u00e3o em Timon, que recebeu o candidato do PMDB com festa (<strong>Fotos:<\/strong> Biaman Prado)<\/figcaption><\/figure>\n<p>\u201cA partir de agora estou declarando a guerra do bem em todas as cidades que foram enganadas pelo discurso da mudan\u00e7a e est\u00e3o abandonadas e a popula\u00e7\u00e3o sofre com o descaso, a inefici\u00eancia e a falta de compromissos de seus gestores\u201d, declarou em tom enf\u00e1tico em um com\u00edcio na cidade de Timon, na noite desta sexta-feira (05), o candidato da coliga\u00e7\u00e3o \u201cPra Frente, Maranh\u00e3o\u201d ao governo estadual, senador Lob\u00e3o Filho (PMDB).<\/p>\n<p>O candidato peemedebista relacionou que vai executar um conjunto de obras e a\u00e7\u00f5es para resgatar a cidadania da popula\u00e7\u00e3o, elevar a sua autoestima e mudar a cara de Timon para melhor, que sofre com falta de infraestrutura, m\u00e1 qualidade de servi\u00e7os nas \u00e1reas de educa\u00e7\u00e3o e sa\u00fade, dentre outras. \u201cAqui, em Timon, vamos construir um hospital para evitar que voc\u00eas tenham que ir para outro estado em busca de atendimento. O prefeito n\u00e3o faz nada, mas n\u00f3s vamos fazer\u201d, garantiu.<\/p>\n<p>O candidato peemedebista relembrou que tem um compromisso de alma e um prop\u00f3sito que \u00e9 mudar a vida dos maranhenses para melhor. \u201cVamos renovar o nosso estado. Assegurar a cada um dos maranhenses uma vida mais digna. Vamos gerar emprego e renda e criar um mundo de oportunidades para todos, elevar o crescimento econ\u00f4mico, mas com profunda justi\u00e7a social e melhor distribui\u00e7\u00e3o das riquezas produzidas no Maranh\u00e3o\u201d, enumerou.<\/p>\n<figure id=\"attachment_19101\" aria-describedby=\"caption-attachment-19101\" style=\"width: 640px\" class=\"wp-caption aligncenter\"><a href=\"https:\/\/www.blogsoestado.com\/danielmatos\/files\/2014\/09\/roseana-timon3.jpg\"><img decoding=\"async\" class=\"size-full wp-image-19101\" src=\"https:\/\/www.blogsoestado.com\/danielmatos\/files\/2014\/09\/roseana-timon3.jpg\" alt=\"Lob\u00e3o Filho, Roseana Sarney e Vieira juntos no palanque em Timon\" width=\"640\" height=\"425\" \/><\/a><figcaption id=\"caption-attachment-19101\" class=\"wp-caption-text\">Lob\u00e3o Filho, Roseana Sarney e Gast\u00e3o Vieira juntos no palanque em Timon, onde foram recebidos com carinho pelo povo<\/figcaption><\/figure>\n<p>Lob\u00e3o Filho disse ainda que com o apoio de Dilma e de Lula vai implementar o Programa de Acelera\u00e7\u00e3o do Maranh\u00e3o: \u201cesse programa, elaborado com participa\u00e7\u00e3o popular, ser\u00e1 implantado com ajuda de todos os gestores municipais, contempla todas as \u00e1reas do governo como sa\u00fade, educa\u00e7\u00e3o, infraestrutura, seguran\u00e7a p\u00fablica. Vamos assegurar servi\u00e7os de qualidade a todos\u201d.<\/p>\n<p>O senador explicou ainda que esse programa de governo foi muito bem delineado com metas a serem atingidas e com prazos determinados para a sua conquista. \u201cO nosso foco essencial \u00e9 o cidad\u00e3o. Vamos mudar a vida da nossa popula\u00e7\u00e3o e garantir uma muito melhor para todos\u201d.<\/p>\n<p><strong>Roseana conclama popula\u00e7\u00e3o para &#8220;arrega\u00e7ar as mangas&#8221; em Timon<\/strong><\/p>\n<figure id=\"attachment_19102\" aria-describedby=\"caption-attachment-19102\" style=\"width: 640px\" class=\"wp-caption aligncenter\"><a href=\"https:\/\/www.blogsoestado.com\/danielmatos\/files\/2014\/09\/roseana-timon.jpg\"><img decoding=\"async\" class=\"size-full wp-image-19102\" src=\"https:\/\/www.blogsoestado.com\/danielmatos\/files\/2014\/09\/roseana-timon.jpg\" alt=\"Roseana desmontou discurso dos que tentam enganar a popula\u00e7\u00e3o com falsas promessas de mudan\u00e7a\" width=\"640\" height=\"425\" \/><\/a><figcaption id=\"caption-attachment-19102\" class=\"wp-caption-text\">Roseana Sarney desmontou discurso dos que tentam enganar a popula\u00e7\u00e3o com falsas promessas de mudan\u00e7a para o Maranh\u00e3o<\/figcaption><\/figure>\n<p>A governadora Roseana Sarney (PMDB) conclamou os maranhenses, na noite desta sexta-feira (05), em Timon, para \u201carrega\u00e7ar as mangas\u201d e eleger o time que trabalha pelo Brasil e pelo Maranh\u00e3o: Dilma (PT) para presidente; Lob\u00e3o Filho (PMDB) para governador e Gast\u00e3o Vieira (PMDB) para senador.<\/p>\n<p>\u201cSomos um time vencedor. Temos trabalho por nosso estado e pela nossa gente\u201d, declarou Roseana Sarney ao desmontar o discurso daqueles que tentam enganar a popula\u00e7\u00e3o com falsas promessas de mudan\u00e7a e escondem aqueles que j\u00e1 fizeram parte do governo e nada fizeram pelo desenvolvimento do Maranh\u00e3o.<\/p>\n<p>A governadora lembrou \u00e0 popula\u00e7\u00e3o as mentiras que s\u00e3o ditas pela oposi\u00e7\u00e3o em \u00e9poca de elei\u00e7\u00e3o. \u201cEles dizem que o Maranh\u00e3o \u00e9 o estado mais pobre do Brasil. Isso \u00e9 uma mentira. Hoje, somos a 16\u00aa economia do pa\u00eds. Fazemos a nossa parte. Se o nosso estado tem o IDH baixo \u00e9 porque os prefeitos ligados a eles n\u00e3o fizeram e nada fazem pelo Maranh\u00e3o\u201d, alertou.<\/p>\n<p>Roseana elencou ainda a realiza\u00e7\u00e3o de obras estaduais no munic\u00edpio de Timon \u2013 onde o prefeito \u00e9 seu advers\u00e1rio pol\u00edtico \u2013 como o Distrito Industrial da cidade, uma UPA, asfaltamento de ruas e tantas outras realiza\u00e7\u00f5es e enfatizou: \u201ceu n\u00e3o tenho vergonha de pedir votos. Ando de cabe\u00e7a erguida em todos os recantos do nosso estado e recebo o carinho e aten\u00e7\u00e3o dos maranhenses pelo trabalho realizado ao longo de minha vida p\u00fablica\u201d.<\/p>\n","protected":false},"excerpt":{"rendered":"<p>\u201cA partir de agora estou declarando a guerra do bem em todas as cidades que foram enganadas pelo discurso da [&hellip;]<\/p>\n","protected":false},"author":0,"featured_media":0,"comment_status":"open","ping_status":"open","sticky":false,"template":"","format":"standard","meta":{"site-sidebar-layout":"default","site-content-layout":"","ast-site-content-layout":"default","site-content-style":"default","site-sidebar-style":"default","ast-global-header-display":"","ast-banner-title-visibility":"","ast-main-header-display":"","ast-hfb-above-header-display":"","ast-hfb-below-header-display":"","ast-hfb-mobile-header-display":"","site-post-title":"","ast-breadcrumbs-content":"","ast-featured-img":"","footer-sml-layout":"","ast-disable-related-posts":"","theme-transparent-header-meta":"","adv-header-id-meta":"","stick-header-meta":"","header-above-stick-meta":"","header-main-stick-meta":"","header-below-stick-meta":"","astra-migrate-meta-layouts":"default","ast-page-background-enabled":"default","ast-page-background-meta":{"desktop":{"background-color":"var(--ast-global-color-5)","background-image":"","background-repeat":"repeat","background-position":"center center","background-size":"auto","background-attachment":"scroll","background-type":"","background-media":"","overlay-type":"","overlay-color":"","overlay-opacity":"","overlay-gradient":""},"tablet":{"background-color":"","background-image":"","background-repeat":"repeat","background-position":"center center","background-size":"auto","background-attachment":"scroll","background-type":"","background-media":"","overlay-type":"","overlay-color":"","overlay-opacity":"","overlay-gradient":""},"mobile":{"background-color":"","background-image":"","background-repeat":"repeat","background-position":"center center","background-size":"auto","background-attachment":"scroll","background-type":"","background-media":"","overlay-type":"","overlay-color":"","overlay-opacity":"","overlay-gradient":""}},"ast-content-background-meta":{"desktop":{"background-color":"var(--ast-global-color-4)","background-image":"","background-repeat":"repeat","background-position":"center center","background-size":"auto","background-attachment":"scroll","background-type":"","background-media":"","overlay-type":"","overlay-color":"","overlay-opacity":"","overlay-gradient":""},"tablet":{"background-color":"var(--ast-global-color-4)","background-image":"","background-repeat":"repeat","background-position":"center center","background-size":"auto","background-attachment":"scroll","background-type":"","background-media":"","overlay-type":"","overlay-color":"","overlay-opacity":"","overlay-gradient":""},"mobile":{"background-color":"var(--ast-global-color-4)","background-image":"","background-repeat":"repeat","background-position":"center center","background-size":"auto","background-attachment":"scroll","background-type":"","background-media":"","overlay-type":"","overlay-color":"","overlay-opacity":"","overlay-gradient":""}},"footnotes":""},"categories":[1],"tags":[],"class_list":["post-19099","post","type-post","status-publish","format-standard","hentry","category-sem-categoria"],"yoast_head":"<!-- This site is optimized with the Yoast SEO plugin v26.6 - https:\/\/yoast.com\/wordpress\/plugins\/seo\/ -->\n<title>Lob\u00e3o Filho leva mensagem de esperan\u00e7a a Timon - Daniel Matos<\/title>\n<meta name=\"robots\" content=\"index, follow, max-snippet:-1, max-image-preview:large, max-video-preview:-1\" \/>\n<link rel=\"canonical\" href=\"https:\/\/www.blogsoestado.com\/danielmatos\/lobao-filho-leva-mensagem-de-esperanca-a-timon\/\" \/>\n<meta property=\"og:locale\" content=\"pt_BR\" \/>\n<meta property=\"og:type\" content=\"article\" \/>\n<meta property=\"og:title\" content=\"Lob\u00e3o Filho leva mensagem de esperan\u00e7a a Timon - Daniel Matos\" \/>\n<meta property=\"og:description\" content=\"\u201cA partir de agora estou declarando a guerra do bem em todas as cidades que foram enganadas pelo discurso da [&hellip;]\" \/>\n<meta property=\"og:url\" content=\"https:\/\/www.blogsoestado.com\/danielmatos\/lobao-filho-leva-mensagem-de-esperanca-a-timon\/\" \/>\n<meta property=\"og:site_name\" content=\"Daniel Matos\" \/>\n<meta property=\"article:published_time\" content=\"2014-09-07T12:14:14+00:00\" \/>\n<meta property=\"og:image\" content=\"https:\/\/www.blogsoestado.com\/danielmatos\/files\/2014\/09\/roseana-timon2.jpg\" \/>\n<meta name=\"twitter:card\" content=\"summary_large_image\" \/>\n<meta name=\"twitter:label1\" content=\"Est. tempo de leitura\" \/>\n\t<meta name=\"twitter:data1\" content=\"3 minutos\" \/>\n<script type=\"application\/ld+json\" class=\"yoast-schema-graph\">{\"@context\":\"https:\/\/schema.org\",\"@graph\":[{\"@type\":\"WebPage\",\"@id\":\"https:\/\/www.blogsoestado.com\/danielmatos\/lobao-filho-leva-mensagem-de-esperanca-a-timon\/\",\"url\":\"https:\/\/www.blogsoestado.com\/danielmatos\/lobao-filho-leva-mensagem-de-esperanca-a-timon\/\",\"name\":\"Lob\u00e3o Filho leva mensagem de esperan\u00e7a a Timon - Daniel Matos\",\"isPartOf\":{\"@id\":\"https:\/\/www.blogsoestado.com\/danielmatos\/#website\"},\"primaryImageOfPage\":{\"@id\":\"https:\/\/www.blogsoestado.com\/danielmatos\/lobao-filho-leva-mensagem-de-esperanca-a-timon\/#primaryimage\"},\"image\":{\"@id\":\"https:\/\/www.blogsoestado.com\/danielmatos\/lobao-filho-leva-mensagem-de-esperanca-a-timon\/#primaryimage\"},\"thumbnailUrl\":\"https:\/\/www.blogsoestado.com\/danielmatos\/files\/2014\/09\/roseana-timon2.jpg\",\"datePublished\":\"2014-09-07T12:14:14+00:00\",\"author\":{\"@id\":\"\"},\"breadcrumb\":{\"@id\":\"https:\/\/www.blogsoestado.com\/danielmatos\/lobao-filho-leva-mensagem-de-esperanca-a-timon\/#breadcrumb\"},\"inLanguage\":\"pt-BR\",\"potentialAction\":[{\"@type\":\"ReadAction\",\"target\":[\"https:\/\/www.blogsoestado.com\/danielmatos\/lobao-filho-leva-mensagem-de-esperanca-a-timon\/\"]}]},{\"@type\":\"ImageObject\",\"inLanguage\":\"pt-BR\",\"@id\":\"https:\/\/www.blogsoestado.com\/danielmatos\/lobao-filho-leva-mensagem-de-esperanca-a-timon\/#primaryimage\",\"url\":\"https:\/\/www.blogsoestado.com\/danielmatos\/files\/2014\/09\/roseana-timon2.jpg\",\"contentUrl\":\"https:\/\/www.blogsoestado.com\/danielmatos\/files\/2014\/09\/roseana-timon2.jpg\"},{\"@type\":\"BreadcrumbList\",\"@id\":\"https:\/\/www.blogsoestado.com\/danielmatos\/lobao-filho-leva-mensagem-de-esperanca-a-timon\/#breadcrumb\",\"itemListElement\":[{\"@type\":\"ListItem\",\"position\":1,\"name\":\"In\u00edcio\",\"item\":\"https:\/\/www.blogsoestado.com\/danielmatos\/\"},{\"@type\":\"ListItem\",\"position\":2,\"name\":\"Lob\u00e3o Filho leva mensagem de esperan\u00e7a a Timon\"}]},{\"@type\":\"WebSite\",\"@id\":\"https:\/\/www.blogsoestado.com\/danielmatos\/#website\",\"url\":\"https:\/\/www.blogsoestado.com\/danielmatos\/\",\"name\":\"Daniel Matos\",\"description\":\"\",\"potentialAction\":[{\"@type\":\"SearchAction\",\"target\":{\"@type\":\"EntryPoint\",\"urlTemplate\":\"https:\/\/www.blogsoestado.com\/danielmatos\/?s={search_term_string}\"},\"query-input\":{\"@type\":\"PropertyValueSpecification\",\"valueRequired\":true,\"valueName\":\"search_term_string\"}}],\"inLanguage\":\"pt-BR\"}]}<\/script>\n<!-- \/ Yoast SEO plugin. -->","yoast_head_json":{"title":"Lob\u00e3o Filho leva mensagem de esperan\u00e7a a Timon - Daniel Matos","robots":{"index":"index","follow":"follow","max-snippet":"max-snippet:-1","max-image-preview":"max-image-preview:large","max-video-preview":"max-video-preview:-1"},"canonical":"https:\/\/www.blogsoestado.com\/danielmatos\/lobao-filho-leva-mensagem-de-esperanca-a-timon\/","og_locale":"pt_BR","og_type":"article","og_title":"Lob\u00e3o Filho leva mensagem de esperan\u00e7a a Timon - Daniel Matos","og_description":"\u201cA partir de agora estou declarando a guerra do bem em todas as cidades que foram enganadas pelo discurso da [&hellip;]","og_url":"https:\/\/www.blogsoestado.com\/danielmatos\/lobao-filho-leva-mensagem-de-esperanca-a-timon\/","og_site_name":"Daniel Matos","article_published_time":"2014-09-07T12:14:14+00:00","og_image":[{"url":"https:\/\/www.blogsoestado.com\/danielmatos\/files\/2014\/09\/roseana-timon2.jpg","type":"","width":"","height":""}],"twitter_card":"summary_large_image","twitter_misc":{"Est. tempo de leitura":"3 minutos"},"schema":{"@context":"https:\/\/schema.org","@graph":[{"@type":"WebPage","@id":"https:\/\/www.blogsoestado.com\/danielmatos\/lobao-filho-leva-mensagem-de-esperanca-a-timon\/","url":"https:\/\/www.blogsoestado.com\/danielmatos\/lobao-filho-leva-mensagem-de-esperanca-a-timon\/","name":"Lob\u00e3o Filho leva mensagem de esperan\u00e7a a Timon - Daniel Matos","isPartOf":{"@id":"https:\/\/www.blogsoestado.com\/danielmatos\/#website"},"primaryImageOfPage":{"@id":"https:\/\/www.blogsoestado.com\/danielmatos\/lobao-filho-leva-mensagem-de-esperanca-a-timon\/#primaryimage"},"image":{"@id":"https:\/\/www.blogsoestado.com\/danielmatos\/lobao-filho-leva-mensagem-de-esperanca-a-timon\/#primaryimage"},"thumbnailUrl":"https:\/\/www.blogsoestado.com\/danielmatos\/files\/2014\/09\/roseana-timon2.jpg","datePublished":"2014-09-07T12:14:14+00:00","author":{"@id":""},"breadcrumb":{"@id":"https:\/\/www.blogsoestado.com\/danielmatos\/lobao-filho-leva-mensagem-de-esperanca-a-timon\/#breadcrumb"},"inLanguage":"pt-BR","potentialAction":[{"@type":"ReadAction","target":["https:\/\/www.blogsoestado.com\/danielmatos\/lobao-filho-leva-mensagem-de-esperanca-a-timon\/"]}]},{"@type":"ImageObject","inLanguage":"pt-BR","@id":"https:\/\/www.blogsoestado.com\/danielmatos\/lobao-filho-leva-mensagem-de-esperanca-a-timon\/#primaryimage","url":"https:\/\/www.blogsoestado.com\/danielmatos\/files\/2014\/09\/roseana-timon2.jpg","contentUrl":"https:\/\/www.blogsoestado.com\/danielmatos\/files\/2014\/09\/roseana-timon2.jpg"},{"@type":"BreadcrumbList","@id":"https:\/\/www.blogsoestado.com\/danielmatos\/lobao-filho-leva-mensagem-de-esperanca-a-timon\/#breadcrumb","itemListElement":[{"@type":"ListItem","position":1,"name":"In\u00edcio","item":"https:\/\/www.blogsoestado.com\/danielmatos\/"},{"@type":"ListItem","position":2,"name":"Lob\u00e3o Filho leva mensagem de esperan\u00e7a a Timon"}]},{"@type":"WebSite","@id":"https:\/\/www.blogsoestado.com\/danielmatos\/#website","url":"https:\/\/www.blogsoestado.com\/danielmatos\/","name":"Daniel Matos","description":"","potentialAction":[{"@type":"SearchAction","target":{"@type":"EntryPoint","urlTemplate":"https:\/\/www.blogsoestado.com\/danielmatos\/?s={search_term_string}"},"query-input":{"@type":"PropertyValueSpecification","valueRequired":true,"valueName":"search_term_string"}}],"inLanguage":"pt-BR"}]}},"jetpack_featured_media_url":"","_links":{"self":[{"href":"https:\/\/www.blogsoestado.com\/danielmatos\/wp-json\/wp\/v2\/posts\/19099","targetHints":{"allow":["GET"]}}],"collection":[{"href":"https:\/\/www.blogsoestado.com\/danielmatos\/wp-json\/wp\/v2\/posts"}],"about":[{"href":"https:\/\/www.blogsoestado.com\/danielmatos\/wp-json\/wp\/v2\/types\/post"}],"replies":[{"embeddable":true,"href":"https:\/\/www.blogsoestado.com\/danielmatos\/wp-json\/wp\/v2\/comments?post=19099"}],"version-history":[{"count":0,"href":"https:\/\/www.blogsoestado.com\/danielmatos\/wp-json\/wp\/v2\/posts\/19099\/revisions"}],"wp:attachment":[{"href":"https:\/\/www.blogsoestado.com\/danielmatos\/wp-json\/wp\/v2\/media?parent=19099"}],"wp:term":[{"taxonomy":"category","embeddable":true,"href":"https:\/\/www.blogsoestado.com\/danielmatos\/wp-json\/wp\/v2\/categories?post=19099"},{"taxonomy":"post_tag","embeddable":true,"href":"https:\/\/www.blogsoestado.com\/danielmatos\/wp-json\/wp\/v2\/tags?post=19099"}],"curies":[{"name":"wp","href":"https:\/\/api.w.org\/{rel}","templated":true}]}}