{"id":19104,"date":"2014-09-07T09:44:28","date_gmt":"2014-09-07T12:44:28","guid":{"rendered":"https:\/\/www.blogsoestado.com\/danielmatos\/?p=19104"},"modified":"2014-09-07T09:44:28","modified_gmt":"2014-09-07T12:44:28","slug":"sindicalistas-reivindicam-e-prefeito-edivaldo-estende-reajuste-a-todos-os-servidores","status":"publish","type":"post","link":"https:\/\/www.blogsoestado.com\/danielmatos\/sindicalistas-reivindicam-e-prefeito-edivaldo-estende-reajuste-a-todos-os-servidores\/","title":{"rendered":"Sindicalistas reivindicam e prefeito Edivaldo estende reajuste a todos os servidores"},"content":{"rendered":"<figure id=\"attachment_19105\" aria-describedby=\"caption-attachment-19105\" style=\"width: 640px\" class=\"wp-caption aligncenter\"><a href=\"https:\/\/www.blogsoestado.com\/danielmatos\/files\/2014\/09\/edivaldo-reajuste.jpg\"><img fetchpriority=\"high\" decoding=\"async\" class=\"size-full wp-image-19105\" src=\"https:\/\/www.blogsoestado.com\/danielmatos\/files\/2014\/09\/edivaldo-reajuste.jpg\" alt=\"Reuni\u00e3o entre sindicalistas e Prefeito foi conclu\u00edda com o acordo de concess\u00e3o de reajuste a todos os servidores p\u00fablicos municipais\" width=\"640\" height=\"394\" \/><\/a><figcaption id=\"caption-attachment-19105\" class=\"wp-caption-text\">Reuni\u00e3o entre sindicalistas e Prefeito foi conclu\u00edda com o acordo de concess\u00e3o de reajuste a todos os servidores p\u00fablicos municipais<\/figcaption><\/figure>\n<p>Representantes do Sindicato dos Funcion\u00e1rios e Servidores P\u00fablicos Municipais de S\u00e3o Lu\u00eds (Sinfusp), dos Guardas Municipais reuniram-se com o prefeito Edivaldo na tarde desta sexta-feira (5) para reivindicar mesmo patamar de reajuste concedido aos professores municipais em 2014. O prefeito Edivaldo atendeu a solicita\u00e7\u00e3o e concedeu aumento de 2,92% a todos os servidores p\u00fablicos municipais, que somado ao primeiro j\u00e1 acrescentado em folha, de 3% em 2014, corresponde a um aumento real de 5,92%.<\/p>\n<p>O reajuste atende ao compromisso firmado pelo prefeito Edivaldo com os sindicalistas desde o in\u00edcio de 2014, na abertura das rodadas de negocia\u00e7\u00e3o salarial, e representa a preocupa\u00e7\u00e3o do prefeito com a valoriza\u00e7\u00e3o do servidor p\u00fablico municipal. \u201cNossa proposta de gest\u00e3o \u00e9 cada vez mais proporcionar justi\u00e7a social. Desde o in\u00edcio, trabalhamos a valoriza\u00e7\u00e3o do servidor p\u00fablico. Com a recupera\u00e7\u00e3o gradativa da receita, podemos avan\u00e7ar com responsabilidade, dentro dos limites estabelecidos pela lei\u201d, afirmou Edivaldo.<\/p>\n<p>Os sindicalistas apontaram que a conquista \u00e9 dos sindicatos que representam os servidores. Pela proposta da Prefeitura, ser\u00e1 concedido reajuste gradativo: 1% em setembro e 1,92% em dezembro. Segundo o secret\u00e1rio de Planejamento e Desenvolvimento, Jos\u00e9 Cursino Raposo, o aumento s\u00f3 foi poss\u00edvel devido \u00e0 leve evolu\u00e7\u00e3o no cen\u00e1rio financeiro do munic\u00edpio.<\/p>\n<p>\u201cHouve uma melhora na receita, na rela\u00e7\u00e3o com a Lei de Responsabilidade Fiscal [LRF]. Somado a isso, teremos em dezembro o fim do repasse de R$ 2 milh\u00f5es mensais ao governo. Mesmo assim, a situa\u00e7\u00e3o ainda \u00e9 dif\u00edcil, porque com o reajuste ficamos na margem da LRF e h\u00e1 diminui\u00e7\u00e3o dos recursos para investimento. \u00c9 um gesto de boa vontade do prefeito Edivaldo aos servidores\u201d, disse Cursino.<\/p>\n<p><strong>Equil\u00edbrio<\/strong><\/p>\n<p>Esta \u00e9 a primeira vez que o reajuste dos servidores chega a todos equitativamente. \u201cO prefeito, dando essa unicidade salarial, moraliza e d\u00e1 dignidade aos servidores p\u00fablicos, evitando assim a discrimina\u00e7\u00e3o que antes era praticada dentro da esfera municipal. Sei que, a partir de agora, os guardas municipais receber\u00e3o valoriza\u00e7\u00e3o igual a de qualquer outra categoria\u201d, disse Weber Marques, presidente do Sindicato dos Guardas Municipais do Maranh\u00e3o (Sigmema).<\/p>\n<p>O secret\u00e1rio de Finan\u00e7as do Sinfusp, Cristovam de Lima Ara\u00fajo, considerou acertado o gesto da Prefeitura de S\u00e3o Lu\u00eds em favor do corpo de servidores. \u201cEstamos satisfeitos de ele ter mantido a posi\u00e7\u00e3o anterior, o que t\u00ednhamos combinado conosco, e que tenha sido igualit\u00e1rio e n\u00e3o discriminat\u00f3rio\u201d, opinou Cristovam.<\/p>\n<p>O compromisso da atual gest\u00e3o municipal com o quadro de servidores municipais \u00e9 uma prioridade reconhecida pelos sindicalistas. Desde o in\u00edcio do mandato, al\u00e9m de regularizar o pagamento atrasado dos servidores, o prefeito Edivaldo acordou com os sindicatos de trabalhadores municipais a libera\u00e7\u00e3o do pagamento ainda dentro de cada m\u00eas. \u201cQuanto ao pagamento em dia, o servidor n\u00e3o tem do que reclamar. Ele \u00e9 feito no dia certo ou at\u00e9 antecipadamente\u201d, lembra o presidente do Sinfusp, Lu\u00eds Mariano Nunes Freitas. Estiveram presentes na reuni\u00e3o representando o Sindicato Francisco do Vale (Diretor), Vit\u00f3rio Aguiar (Secret\u00e1rio Geral), Dilma do Nascimento (Secret\u00e1ria de Comunica\u00e7\u00e3o). O vereador Osmar Filho (PSB) e o secret\u00e1rio de Comunica\u00e7\u00e3o, Robson Paz, tamb\u00e9m participaram da reuni\u00e3o.<\/p>\n<p>Este ano, os servidores p\u00fablicos municipais j\u00e1 haviam sido contemplados com reajuste de 3%. O valor retroativo a fevereiro deste ano foi recebido pelos trabalhadores de uma \u00fanica vez.<\/p>\n<p><strong>Fonte:<\/strong> Secretaria Municipal de Comunica\u00e7\u00e3o (Secom)<\/p>\n","protected":false},"excerpt":{"rendered":"<p>Representantes do Sindicato dos Funcion\u00e1rios e Servidores P\u00fablicos Municipais de S\u00e3o Lu\u00eds (Sinfusp), dos Guardas Municipais reuniram-se com o prefeito [&hellip;]<\/p>\n","protected":false},"author":0,"featured_media":0,"comment_status":"open","ping_status":"open","sticky":false,"template":"","format":"standard","meta":{"site-sidebar-layout":"default","site-content-layout":"","ast-site-content-layout":"default","site-content-style":"default","site-sidebar-style":"default","ast-global-header-display":"","ast-banner-title-visibility":"","ast-main-header-display":"","ast-hfb-above-header-display":"","ast-hfb-below-header-display":"","ast-hfb-mobile-header-display":"","site-post-title":"","ast-breadcrumbs-content":"","ast-featured-img":"","footer-sml-layout":"","ast-disable-related-posts":"","theme-transparent-header-meta":"","adv-header-id-meta":"","stick-header-meta":"","header-above-stick-meta":"","header-main-stick-meta":"","header-below-stick-meta":"","astra-migrate-meta-layouts":"default","ast-page-background-enabled":"default","ast-page-background-meta":{"desktop":{"background-color":"var(--ast-global-color-5)","background-image":"","background-repeat":"repeat","background-position":"center center","background-size":"auto","background-attachment":"scroll","background-type":"","background-media":"","overlay-type":"","overlay-color":"","overlay-opacity":"","overlay-gradient":""},"tablet":{"background-color":"","background-image":"","background-repeat":"repeat","background-position":"center center","background-size":"auto","background-attachment":"scroll","background-type":"","background-media":"","overlay-type":"","overlay-color":"","overlay-opacity":"","overlay-gradient":""},"mobile":{"background-color":"","background-image":"","background-repeat":"repeat","background-position":"center center","background-size":"auto","background-attachment":"scroll","background-type":"","background-media":"","overlay-type":"","overlay-color":"","overlay-opacity":"","overlay-gradient":""}},"ast-content-background-meta":{"desktop":{"background-color":"var(--ast-global-color-4)","background-image":"","background-repeat":"repeat","background-position":"center center","background-size":"auto","background-attachment":"scroll","background-type":"","background-media":"","overlay-type":"","overlay-color":"","overlay-opacity":"","overlay-gradient":""},"tablet":{"background-color":"var(--ast-global-color-4)","background-image":"","background-repeat":"repeat","background-position":"center center","background-size":"auto","background-attachment":"scroll","background-type":"","background-media":"","overlay-type":"","overlay-color":"","overlay-opacity":"","overlay-gradient":""},"mobile":{"background-color":"var(--ast-global-color-4)","background-image":"","background-repeat":"repeat","background-position":"center center","background-size":"auto","background-attachment":"scroll","background-type":"","background-media":"","overlay-type":"","overlay-color":"","overlay-opacity":"","overlay-gradient":""}},"footnotes":""},"categories":[1],"tags":[],"class_list":["post-19104","post","type-post","status-publish","format-standard","hentry","category-sem-categoria"],"yoast_head":"<!-- This site is optimized with the Yoast SEO plugin v26.6 - https:\/\/yoast.com\/wordpress\/plugins\/seo\/ -->\n<title>Sindicalistas reivindicam e prefeito Edivaldo estende reajuste a todos os servidores - Daniel Matos<\/title>\n<meta name=\"robots\" content=\"index, follow, max-snippet:-1, max-image-preview:large, max-video-preview:-1\" \/>\n<link rel=\"canonical\" href=\"https:\/\/www.blogsoestado.com\/danielmatos\/sindicalistas-reivindicam-e-prefeito-edivaldo-estende-reajuste-a-todos-os-servidores\/\" \/>\n<meta property=\"og:locale\" content=\"pt_BR\" \/>\n<meta property=\"og:type\" content=\"article\" \/>\n<meta property=\"og:title\" content=\"Sindicalistas reivindicam e prefeito Edivaldo estende reajuste a todos os servidores - Daniel Matos\" \/>\n<meta property=\"og:description\" content=\"Representantes do Sindicato dos Funcion\u00e1rios e Servidores P\u00fablicos Municipais de S\u00e3o Lu\u00eds (Sinfusp), dos Guardas Municipais reuniram-se com o prefeito [&hellip;]\" \/>\n<meta property=\"og:url\" content=\"https:\/\/www.blogsoestado.com\/danielmatos\/sindicalistas-reivindicam-e-prefeito-edivaldo-estende-reajuste-a-todos-os-servidores\/\" \/>\n<meta property=\"og:site_name\" content=\"Daniel Matos\" \/>\n<meta property=\"article:published_time\" content=\"2014-09-07T12:44:28+00:00\" \/>\n<meta property=\"og:image\" content=\"https:\/\/www.blogsoestado.com\/danielmatos\/files\/2014\/09\/edivaldo-reajuste.jpg\" \/>\n<meta name=\"twitter:card\" content=\"summary_large_image\" \/>\n<meta name=\"twitter:label1\" content=\"Est. tempo de leitura\" \/>\n\t<meta name=\"twitter:data1\" content=\"3 minutos\" \/>\n<script type=\"application\/ld+json\" class=\"yoast-schema-graph\">{\"@context\":\"https:\/\/schema.org\",\"@graph\":[{\"@type\":\"WebPage\",\"@id\":\"https:\/\/www.blogsoestado.com\/danielmatos\/sindicalistas-reivindicam-e-prefeito-edivaldo-estende-reajuste-a-todos-os-servidores\/\",\"url\":\"https:\/\/www.blogsoestado.com\/danielmatos\/sindicalistas-reivindicam-e-prefeito-edivaldo-estende-reajuste-a-todos-os-servidores\/\",\"name\":\"Sindicalistas reivindicam e prefeito Edivaldo estende reajuste a todos os servidores - Daniel Matos\",\"isPartOf\":{\"@id\":\"https:\/\/www.blogsoestado.com\/danielmatos\/#website\"},\"primaryImageOfPage\":{\"@id\":\"https:\/\/www.blogsoestado.com\/danielmatos\/sindicalistas-reivindicam-e-prefeito-edivaldo-estende-reajuste-a-todos-os-servidores\/#primaryimage\"},\"image\":{\"@id\":\"https:\/\/www.blogsoestado.com\/danielmatos\/sindicalistas-reivindicam-e-prefeito-edivaldo-estende-reajuste-a-todos-os-servidores\/#primaryimage\"},\"thumbnailUrl\":\"https:\/\/www.blogsoestado.com\/danielmatos\/files\/2014\/09\/edivaldo-reajuste.jpg\",\"datePublished\":\"2014-09-07T12:44:28+00:00\",\"author\":{\"@id\":\"\"},\"breadcrumb\":{\"@id\":\"https:\/\/www.blogsoestado.com\/danielmatos\/sindicalistas-reivindicam-e-prefeito-edivaldo-estende-reajuste-a-todos-os-servidores\/#breadcrumb\"},\"inLanguage\":\"pt-BR\",\"potentialAction\":[{\"@type\":\"ReadAction\",\"target\":[\"https:\/\/www.blogsoestado.com\/danielmatos\/sindicalistas-reivindicam-e-prefeito-edivaldo-estende-reajuste-a-todos-os-servidores\/\"]}]},{\"@type\":\"ImageObject\",\"inLanguage\":\"pt-BR\",\"@id\":\"https:\/\/www.blogsoestado.com\/danielmatos\/sindicalistas-reivindicam-e-prefeito-edivaldo-estende-reajuste-a-todos-os-servidores\/#primaryimage\",\"url\":\"https:\/\/www.blogsoestado.com\/danielmatos\/files\/2014\/09\/edivaldo-reajuste.jpg\",\"contentUrl\":\"https:\/\/www.blogsoestado.com\/danielmatos\/files\/2014\/09\/edivaldo-reajuste.jpg\"},{\"@type\":\"BreadcrumbList\",\"@id\":\"https:\/\/www.blogsoestado.com\/danielmatos\/sindicalistas-reivindicam-e-prefeito-edivaldo-estende-reajuste-a-todos-os-servidores\/#breadcrumb\",\"itemListElement\":[{\"@type\":\"ListItem\",\"position\":1,\"name\":\"In\u00edcio\",\"item\":\"https:\/\/www.blogsoestado.com\/danielmatos\/\"},{\"@type\":\"ListItem\",\"position\":2,\"name\":\"Sindicalistas reivindicam e prefeito Edivaldo estende reajuste a todos os servidores\"}]},{\"@type\":\"WebSite\",\"@id\":\"https:\/\/www.blogsoestado.com\/danielmatos\/#website\",\"url\":\"https:\/\/www.blogsoestado.com\/danielmatos\/\",\"name\":\"Daniel Matos\",\"description\":\"\",\"potentialAction\":[{\"@type\":\"SearchAction\",\"target\":{\"@type\":\"EntryPoint\",\"urlTemplate\":\"https:\/\/www.blogsoestado.com\/danielmatos\/?s={search_term_string}\"},\"query-input\":{\"@type\":\"PropertyValueSpecification\",\"valueRequired\":true,\"valueName\":\"search_term_string\"}}],\"inLanguage\":\"pt-BR\"}]}<\/script>\n<!-- \/ Yoast SEO plugin. -->","yoast_head_json":{"title":"Sindicalistas reivindicam e prefeito Edivaldo estende reajuste a todos os servidores - Daniel Matos","robots":{"index":"index","follow":"follow","max-snippet":"max-snippet:-1","max-image-preview":"max-image-preview:large","max-video-preview":"max-video-preview:-1"},"canonical":"https:\/\/www.blogsoestado.com\/danielmatos\/sindicalistas-reivindicam-e-prefeito-edivaldo-estende-reajuste-a-todos-os-servidores\/","og_locale":"pt_BR","og_type":"article","og_title":"Sindicalistas reivindicam e prefeito Edivaldo estende reajuste a todos os servidores - Daniel Matos","og_description":"Representantes do Sindicato dos Funcion\u00e1rios e Servidores P\u00fablicos Municipais de S\u00e3o Lu\u00eds (Sinfusp), dos Guardas Municipais reuniram-se com o prefeito [&hellip;]","og_url":"https:\/\/www.blogsoestado.com\/danielmatos\/sindicalistas-reivindicam-e-prefeito-edivaldo-estende-reajuste-a-todos-os-servidores\/","og_site_name":"Daniel Matos","article_published_time":"2014-09-07T12:44:28+00:00","og_image":[{"url":"https:\/\/www.blogsoestado.com\/danielmatos\/files\/2014\/09\/edivaldo-reajuste.jpg","type":"","width":"","height":""}],"twitter_card":"summary_large_image","twitter_misc":{"Est. tempo de leitura":"3 minutos"},"schema":{"@context":"https:\/\/schema.org","@graph":[{"@type":"WebPage","@id":"https:\/\/www.blogsoestado.com\/danielmatos\/sindicalistas-reivindicam-e-prefeito-edivaldo-estende-reajuste-a-todos-os-servidores\/","url":"https:\/\/www.blogsoestado.com\/danielmatos\/sindicalistas-reivindicam-e-prefeito-edivaldo-estende-reajuste-a-todos-os-servidores\/","name":"Sindicalistas reivindicam e prefeito Edivaldo estende reajuste a todos os servidores - Daniel Matos","isPartOf":{"@id":"https:\/\/www.blogsoestado.com\/danielmatos\/#website"},"primaryImageOfPage":{"@id":"https:\/\/www.blogsoestado.com\/danielmatos\/sindicalistas-reivindicam-e-prefeito-edivaldo-estende-reajuste-a-todos-os-servidores\/#primaryimage"},"image":{"@id":"https:\/\/www.blogsoestado.com\/danielmatos\/sindicalistas-reivindicam-e-prefeito-edivaldo-estende-reajuste-a-todos-os-servidores\/#primaryimage"},"thumbnailUrl":"https:\/\/www.blogsoestado.com\/danielmatos\/files\/2014\/09\/edivaldo-reajuste.jpg","datePublished":"2014-09-07T12:44:28+00:00","author":{"@id":""},"breadcrumb":{"@id":"https:\/\/www.blogsoestado.com\/danielmatos\/sindicalistas-reivindicam-e-prefeito-edivaldo-estende-reajuste-a-todos-os-servidores\/#breadcrumb"},"inLanguage":"pt-BR","potentialAction":[{"@type":"ReadAction","target":["https:\/\/www.blogsoestado.com\/danielmatos\/sindicalistas-reivindicam-e-prefeito-edivaldo-estende-reajuste-a-todos-os-servidores\/"]}]},{"@type":"ImageObject","inLanguage":"pt-BR","@id":"https:\/\/www.blogsoestado.com\/danielmatos\/sindicalistas-reivindicam-e-prefeito-edivaldo-estende-reajuste-a-todos-os-servidores\/#primaryimage","url":"https:\/\/www.blogsoestado.com\/danielmatos\/files\/2014\/09\/edivaldo-reajuste.jpg","contentUrl":"https:\/\/www.blogsoestado.com\/danielmatos\/files\/2014\/09\/edivaldo-reajuste.jpg"},{"@type":"BreadcrumbList","@id":"https:\/\/www.blogsoestado.com\/danielmatos\/sindicalistas-reivindicam-e-prefeito-edivaldo-estende-reajuste-a-todos-os-servidores\/#breadcrumb","itemListElement":[{"@type":"ListItem","position":1,"name":"In\u00edcio","item":"https:\/\/www.blogsoestado.com\/danielmatos\/"},{"@type":"ListItem","position":2,"name":"Sindicalistas reivindicam e prefeito Edivaldo estende reajuste a todos os servidores"}]},{"@type":"WebSite","@id":"https:\/\/www.blogsoestado.com\/danielmatos\/#website","url":"https:\/\/www.blogsoestado.com\/danielmatos\/","name":"Daniel Matos","description":"","potentialAction":[{"@type":"SearchAction","target":{"@type":"EntryPoint","urlTemplate":"https:\/\/www.blogsoestado.com\/danielmatos\/?s={search_term_string}"},"query-input":{"@type":"PropertyValueSpecification","valueRequired":true,"valueName":"search_term_string"}}],"inLanguage":"pt-BR"}]}},"jetpack_featured_media_url":"","_links":{"self":[{"href":"https:\/\/www.blogsoestado.com\/danielmatos\/wp-json\/wp\/v2\/posts\/19104","targetHints":{"allow":["GET"]}}],"collection":[{"href":"https:\/\/www.blogsoestado.com\/danielmatos\/wp-json\/wp\/v2\/posts"}],"about":[{"href":"https:\/\/www.blogsoestado.com\/danielmatos\/wp-json\/wp\/v2\/types\/post"}],"replies":[{"embeddable":true,"href":"https:\/\/www.blogsoestado.com\/danielmatos\/wp-json\/wp\/v2\/comments?post=19104"}],"version-history":[{"count":0,"href":"https:\/\/www.blogsoestado.com\/danielmatos\/wp-json\/wp\/v2\/posts\/19104\/revisions"}],"wp:attachment":[{"href":"https:\/\/www.blogsoestado.com\/danielmatos\/wp-json\/wp\/v2\/media?parent=19104"}],"wp:term":[{"taxonomy":"category","embeddable":true,"href":"https:\/\/www.blogsoestado.com\/danielmatos\/wp-json\/wp\/v2\/categories?post=19104"},{"taxonomy":"post_tag","embeddable":true,"href":"https:\/\/www.blogsoestado.com\/danielmatos\/wp-json\/wp\/v2\/tags?post=19104"}],"curies":[{"name":"wp","href":"https:\/\/api.w.org\/{rel}","templated":true}]}}