{"id":19117,"date":"2014-09-09T08:35:06","date_gmt":"2014-09-09T11:35:06","guid":{"rendered":"https:\/\/www.blogsoestado.com\/danielmatos\/?p=19117"},"modified":"2014-09-09T08:35:06","modified_gmt":"2014-09-09T11:35:06","slug":"maioria-da-camara-de-vereadores-de-sao-luis-reune-se-em-apoio-a-lobao-filho","status":"publish","type":"post","link":"https:\/\/www.blogsoestado.com\/danielmatos\/maioria-da-camara-de-vereadores-de-sao-luis-reune-se-em-apoio-a-lobao-filho\/","title":{"rendered":"Maioria da C\u00e2mara de Vereadores de S\u00e3o Lu\u00eds re\u00fane-se em apoio a Lob\u00e3o Filho"},"content":{"rendered":"<figure id=\"attachment_19118\" aria-describedby=\"caption-attachment-19118\" style=\"width: 640px\" class=\"wp-caption aligncenter\"><a href=\"https:\/\/www.blogsoestado.com\/danielmatos\/files\/2014\/09\/maioria-vereadores.jpg\"><img fetchpriority=\"high\" decoding=\"async\" class=\"size-full wp-image-19118\" src=\"https:\/\/www.blogsoestado.com\/danielmatos\/files\/2014\/09\/maioria-vereadores.jpg\" alt=\"Lob\u00e3o Filho se reunicou com 20 dos 31 vereadores de S\u00e3o Lu\u00eds para tra\u00e7ar estrat\u00e9gias para intensificar a campanha na capital\" width=\"640\" height=\"425\" \/><\/a><figcaption id=\"caption-attachment-19118\" class=\"wp-caption-text\">Lob\u00e3o Filho se reuniu com 20 dos 31 vereadores de S\u00e3o Lu\u00eds para tra\u00e7ar estrat\u00e9gias para intensificar campanha na capital (<strong>Foto:<\/strong> Biaman Prado)<\/figcaption><\/figure>\n<p>O candidato da coliga\u00e7\u00e3o \u201cPra Frente, Maranh\u00e3o\u201d ao governo estadual, senador Lob\u00e3o Filho (PMDB), esteve reunido no final da tarde desta segunda-feira (08), com 20 dos 31 vereadores da capital maranhense para tra\u00e7ar estrat\u00e9gias para intensificar a campanha em S\u00e3o Lu\u00eds. Animado com o resultado da pesquisa do Ibope, o senador Lob\u00e3o Filho disse estar confiante na vit\u00f3ria.<\/p>\n<p>\u201cHoje, o candidato advers\u00e1rio est\u00e1 com apenas seis pontos percentuais \u00e0 nossa frente em S\u00e3o Lu\u00eds. Estou em campanha h\u00e1 pouco mais de 80 dias enquanto o outro candidato est\u00e1 h\u00e1 mais de quatro anos em campanha. Esses n\u00fameros apontam que a popula\u00e7\u00e3o tem entendido e absorvido a nossa mensagem de f\u00e9 e convic\u00e7\u00e3o que vamos transformar o Maranh\u00e3o em um grande celeiro de produ\u00e7\u00e3o, emprego e renda e muitas oportunidades para a nossa gente\u201d, declarou o candidato peemedebista.<\/p>\n<p>O vereador Chico Carvalho relatou que v\u00e1rias estrat\u00e9gias foram tra\u00e7adas para intensificar a campanha e garantir \u201ca virada de Lob\u00e3o Filho em S\u00e3o Lu\u00eds e em todo o estado do Maranh\u00e3o, pois estamos coesos no projeto de elevar a nossa economia com muito mais oportunidades para o povo do Maranh\u00e3o\u201d.<\/p>\n<p>O vereador F\u00e1bio C\u00e2mara (PMDB) declarou que sempre acreditou no projeto e na vit\u00f3ria do senador Lob\u00e3o Filho. \u201cEle (Lob\u00e3o Filho) \u00e9 um fen\u00f4meno pol\u00edtico. Vamos intensificar a nossa campanha e vencer em S\u00e3o Lu\u00eds. Os vereadores sabem das veredas de nossa capital e est\u00e3o em contato direto com a popula\u00e7\u00e3o, vamos ajudar a vencer a elei\u00e7\u00e3o e desenvolver um grande projeto para a transforma\u00e7\u00e3o de S\u00e3o Lu\u00eds para melhor\u201d.<\/p>\n<p>O vereador Sebasti\u00e3o Albuquerque (DEM) disse que o resultado da pesquisa do Ibope turbinou a campanha do senador Lob\u00e3o Filho. \u201cEstamos com uma energia muito grande e muito mais motivados. Estamos convictos de nossa vit\u00f3ria\u201d.<\/p>\n<p>Estiveram presentes \u00e0 reuni\u00e3o os vereadores Chico Carvalho (PSL), Isa\u00edas Pereirinha (PSL), Pedro Lucas Fernandes (PTB), Astro de Ogum (PMN), F\u00e1bio C\u00e2mara (PMDB), Manoel Rego (PT do B), Barbara Soeiro (PMN), Josu\u00e9 Pinheiro (PSDC), Edmilson Jansen (PTC), Barbosa Lages (PDT), Armando Costa (PSDC), Bispo Paulo (PRB), R\u00f4mulo Franco (PRB), Sebasti\u00e3o Albuquerque (DEM), Nato (PRP), Honorato Fernandes (PT), Beto Castro (PRTB), Ricardo Diniz (PHS), F\u00e1tima Ara\u00fajo (PRP) e Luciana Mendes (PT do B).<\/p>\n","protected":false},"excerpt":{"rendered":"<p>O candidato da coliga\u00e7\u00e3o \u201cPra Frente, Maranh\u00e3o\u201d ao governo estadual, senador Lob\u00e3o Filho (PMDB), esteve reunido no final da tarde [&hellip;]<\/p>\n","protected":false},"author":0,"featured_media":0,"comment_status":"open","ping_status":"open","sticky":false,"template":"","format":"standard","meta":{"site-sidebar-layout":"default","site-content-layout":"","ast-site-content-layout":"default","site-content-style":"default","site-sidebar-style":"default","ast-global-header-display":"","ast-banner-title-visibility":"","ast-main-header-display":"","ast-hfb-above-header-display":"","ast-hfb-below-header-display":"","ast-hfb-mobile-header-display":"","site-post-title":"","ast-breadcrumbs-content":"","ast-featured-img":"","footer-sml-layout":"","ast-disable-related-posts":"","theme-transparent-header-meta":"","adv-header-id-meta":"","stick-header-meta":"","header-above-stick-meta":"","header-main-stick-meta":"","header-below-stick-meta":"","astra-migrate-meta-layouts":"default","ast-page-background-enabled":"default","ast-page-background-meta":{"desktop":{"background-color":"var(--ast-global-color-5)","background-image":"","background-repeat":"repeat","background-position":"center center","background-size":"auto","background-attachment":"scroll","background-type":"","background-media":"","overlay-type":"","overlay-color":"","overlay-opacity":"","overlay-gradient":""},"tablet":{"background-color":"","background-image":"","background-repeat":"repeat","background-position":"center center","background-size":"auto","background-attachment":"scroll","background-type":"","background-media":"","overlay-type":"","overlay-color":"","overlay-opacity":"","overlay-gradient":""},"mobile":{"background-color":"","background-image":"","background-repeat":"repeat","background-position":"center center","background-size":"auto","background-attachment":"scroll","background-type":"","background-media":"","overlay-type":"","overlay-color":"","overlay-opacity":"","overlay-gradient":""}},"ast-content-background-meta":{"desktop":{"background-color":"var(--ast-global-color-4)","background-image":"","background-repeat":"repeat","background-position":"center center","background-size":"auto","background-attachment":"scroll","background-type":"","background-media":"","overlay-type":"","overlay-color":"","overlay-opacity":"","overlay-gradient":""},"tablet":{"background-color":"var(--ast-global-color-4)","background-image":"","background-repeat":"repeat","background-position":"center center","background-size":"auto","background-attachment":"scroll","background-type":"","background-media":"","overlay-type":"","overlay-color":"","overlay-opacity":"","overlay-gradient":""},"mobile":{"background-color":"var(--ast-global-color-4)","background-image":"","background-repeat":"repeat","background-position":"center center","background-size":"auto","background-attachment":"scroll","background-type":"","background-media":"","overlay-type":"","overlay-color":"","overlay-opacity":"","overlay-gradient":""}},"footnotes":""},"categories":[1],"tags":[],"class_list":["post-19117","post","type-post","status-publish","format-standard","hentry","category-sem-categoria"],"yoast_head":"<!-- This site is optimized with the Yoast SEO plugin v26.6 - https:\/\/yoast.com\/wordpress\/plugins\/seo\/ -->\n<title>Maioria da C\u00e2mara de Vereadores de S\u00e3o Lu\u00eds re\u00fane-se em apoio a Lob\u00e3o Filho - Daniel Matos<\/title>\n<meta name=\"robots\" content=\"index, follow, max-snippet:-1, max-image-preview:large, max-video-preview:-1\" \/>\n<link rel=\"canonical\" href=\"https:\/\/www.blogsoestado.com\/danielmatos\/maioria-da-camara-de-vereadores-de-sao-luis-reune-se-em-apoio-a-lobao-filho\/\" \/>\n<meta property=\"og:locale\" content=\"pt_BR\" \/>\n<meta property=\"og:type\" content=\"article\" \/>\n<meta property=\"og:title\" content=\"Maioria da C\u00e2mara de Vereadores de S\u00e3o Lu\u00eds re\u00fane-se em apoio a Lob\u00e3o Filho - Daniel Matos\" \/>\n<meta property=\"og:description\" content=\"O candidato da coliga\u00e7\u00e3o \u201cPra Frente, Maranh\u00e3o\u201d ao governo estadual, senador Lob\u00e3o Filho (PMDB), esteve reunido no final da tarde [&hellip;]\" \/>\n<meta property=\"og:url\" content=\"https:\/\/www.blogsoestado.com\/danielmatos\/maioria-da-camara-de-vereadores-de-sao-luis-reune-se-em-apoio-a-lobao-filho\/\" \/>\n<meta property=\"og:site_name\" content=\"Daniel Matos\" \/>\n<meta property=\"article:published_time\" content=\"2014-09-09T11:35:06+00:00\" \/>\n<meta property=\"og:image\" content=\"https:\/\/www.blogsoestado.com\/danielmatos\/files\/2014\/09\/maioria-vereadores.jpg\" \/>\n<meta name=\"twitter:card\" content=\"summary_large_image\" \/>\n<meta name=\"twitter:label1\" content=\"Est. tempo de leitura\" \/>\n\t<meta name=\"twitter:data1\" content=\"2 minutos\" \/>\n<script type=\"application\/ld+json\" class=\"yoast-schema-graph\">{\"@context\":\"https:\/\/schema.org\",\"@graph\":[{\"@type\":\"WebPage\",\"@id\":\"https:\/\/www.blogsoestado.com\/danielmatos\/maioria-da-camara-de-vereadores-de-sao-luis-reune-se-em-apoio-a-lobao-filho\/\",\"url\":\"https:\/\/www.blogsoestado.com\/danielmatos\/maioria-da-camara-de-vereadores-de-sao-luis-reune-se-em-apoio-a-lobao-filho\/\",\"name\":\"Maioria da C\u00e2mara de Vereadores de S\u00e3o Lu\u00eds re\u00fane-se em apoio a Lob\u00e3o Filho - Daniel Matos\",\"isPartOf\":{\"@id\":\"https:\/\/www.blogsoestado.com\/danielmatos\/#website\"},\"primaryImageOfPage\":{\"@id\":\"https:\/\/www.blogsoestado.com\/danielmatos\/maioria-da-camara-de-vereadores-de-sao-luis-reune-se-em-apoio-a-lobao-filho\/#primaryimage\"},\"image\":{\"@id\":\"https:\/\/www.blogsoestado.com\/danielmatos\/maioria-da-camara-de-vereadores-de-sao-luis-reune-se-em-apoio-a-lobao-filho\/#primaryimage\"},\"thumbnailUrl\":\"https:\/\/www.blogsoestado.com\/danielmatos\/files\/2014\/09\/maioria-vereadores.jpg\",\"datePublished\":\"2014-09-09T11:35:06+00:00\",\"author\":{\"@id\":\"\"},\"breadcrumb\":{\"@id\":\"https:\/\/www.blogsoestado.com\/danielmatos\/maioria-da-camara-de-vereadores-de-sao-luis-reune-se-em-apoio-a-lobao-filho\/#breadcrumb\"},\"inLanguage\":\"pt-BR\",\"potentialAction\":[{\"@type\":\"ReadAction\",\"target\":[\"https:\/\/www.blogsoestado.com\/danielmatos\/maioria-da-camara-de-vereadores-de-sao-luis-reune-se-em-apoio-a-lobao-filho\/\"]}]},{\"@type\":\"ImageObject\",\"inLanguage\":\"pt-BR\",\"@id\":\"https:\/\/www.blogsoestado.com\/danielmatos\/maioria-da-camara-de-vereadores-de-sao-luis-reune-se-em-apoio-a-lobao-filho\/#primaryimage\",\"url\":\"https:\/\/www.blogsoestado.com\/danielmatos\/files\/2014\/09\/maioria-vereadores.jpg\",\"contentUrl\":\"https:\/\/www.blogsoestado.com\/danielmatos\/files\/2014\/09\/maioria-vereadores.jpg\"},{\"@type\":\"BreadcrumbList\",\"@id\":\"https:\/\/www.blogsoestado.com\/danielmatos\/maioria-da-camara-de-vereadores-de-sao-luis-reune-se-em-apoio-a-lobao-filho\/#breadcrumb\",\"itemListElement\":[{\"@type\":\"ListItem\",\"position\":1,\"name\":\"In\u00edcio\",\"item\":\"https:\/\/www.blogsoestado.com\/danielmatos\/\"},{\"@type\":\"ListItem\",\"position\":2,\"name\":\"Maioria da C\u00e2mara de Vereadores de S\u00e3o Lu\u00eds re\u00fane-se em apoio a Lob\u00e3o Filho\"}]},{\"@type\":\"WebSite\",\"@id\":\"https:\/\/www.blogsoestado.com\/danielmatos\/#website\",\"url\":\"https:\/\/www.blogsoestado.com\/danielmatos\/\",\"name\":\"Daniel Matos\",\"description\":\"\",\"potentialAction\":[{\"@type\":\"SearchAction\",\"target\":{\"@type\":\"EntryPoint\",\"urlTemplate\":\"https:\/\/www.blogsoestado.com\/danielmatos\/?s={search_term_string}\"},\"query-input\":{\"@type\":\"PropertyValueSpecification\",\"valueRequired\":true,\"valueName\":\"search_term_string\"}}],\"inLanguage\":\"pt-BR\"}]}<\/script>\n<!-- \/ Yoast SEO plugin. -->","yoast_head_json":{"title":"Maioria da C\u00e2mara de Vereadores de S\u00e3o Lu\u00eds re\u00fane-se em apoio a Lob\u00e3o Filho - Daniel Matos","robots":{"index":"index","follow":"follow","max-snippet":"max-snippet:-1","max-image-preview":"max-image-preview:large","max-video-preview":"max-video-preview:-1"},"canonical":"https:\/\/www.blogsoestado.com\/danielmatos\/maioria-da-camara-de-vereadores-de-sao-luis-reune-se-em-apoio-a-lobao-filho\/","og_locale":"pt_BR","og_type":"article","og_title":"Maioria da C\u00e2mara de Vereadores de S\u00e3o Lu\u00eds re\u00fane-se em apoio a Lob\u00e3o Filho - Daniel Matos","og_description":"O candidato da coliga\u00e7\u00e3o \u201cPra Frente, Maranh\u00e3o\u201d ao governo estadual, senador Lob\u00e3o Filho (PMDB), esteve reunido no final da tarde [&hellip;]","og_url":"https:\/\/www.blogsoestado.com\/danielmatos\/maioria-da-camara-de-vereadores-de-sao-luis-reune-se-em-apoio-a-lobao-filho\/","og_site_name":"Daniel Matos","article_published_time":"2014-09-09T11:35:06+00:00","og_image":[{"url":"https:\/\/www.blogsoestado.com\/danielmatos\/files\/2014\/09\/maioria-vereadores.jpg","type":"","width":"","height":""}],"twitter_card":"summary_large_image","twitter_misc":{"Est. tempo de leitura":"2 minutos"},"schema":{"@context":"https:\/\/schema.org","@graph":[{"@type":"WebPage","@id":"https:\/\/www.blogsoestado.com\/danielmatos\/maioria-da-camara-de-vereadores-de-sao-luis-reune-se-em-apoio-a-lobao-filho\/","url":"https:\/\/www.blogsoestado.com\/danielmatos\/maioria-da-camara-de-vereadores-de-sao-luis-reune-se-em-apoio-a-lobao-filho\/","name":"Maioria da C\u00e2mara de Vereadores de S\u00e3o Lu\u00eds re\u00fane-se em apoio a Lob\u00e3o Filho - Daniel Matos","isPartOf":{"@id":"https:\/\/www.blogsoestado.com\/danielmatos\/#website"},"primaryImageOfPage":{"@id":"https:\/\/www.blogsoestado.com\/danielmatos\/maioria-da-camara-de-vereadores-de-sao-luis-reune-se-em-apoio-a-lobao-filho\/#primaryimage"},"image":{"@id":"https:\/\/www.blogsoestado.com\/danielmatos\/maioria-da-camara-de-vereadores-de-sao-luis-reune-se-em-apoio-a-lobao-filho\/#primaryimage"},"thumbnailUrl":"https:\/\/www.blogsoestado.com\/danielmatos\/files\/2014\/09\/maioria-vereadores.jpg","datePublished":"2014-09-09T11:35:06+00:00","author":{"@id":""},"breadcrumb":{"@id":"https:\/\/www.blogsoestado.com\/danielmatos\/maioria-da-camara-de-vereadores-de-sao-luis-reune-se-em-apoio-a-lobao-filho\/#breadcrumb"},"inLanguage":"pt-BR","potentialAction":[{"@type":"ReadAction","target":["https:\/\/www.blogsoestado.com\/danielmatos\/maioria-da-camara-de-vereadores-de-sao-luis-reune-se-em-apoio-a-lobao-filho\/"]}]},{"@type":"ImageObject","inLanguage":"pt-BR","@id":"https:\/\/www.blogsoestado.com\/danielmatos\/maioria-da-camara-de-vereadores-de-sao-luis-reune-se-em-apoio-a-lobao-filho\/#primaryimage","url":"https:\/\/www.blogsoestado.com\/danielmatos\/files\/2014\/09\/maioria-vereadores.jpg","contentUrl":"https:\/\/www.blogsoestado.com\/danielmatos\/files\/2014\/09\/maioria-vereadores.jpg"},{"@type":"BreadcrumbList","@id":"https:\/\/www.blogsoestado.com\/danielmatos\/maioria-da-camara-de-vereadores-de-sao-luis-reune-se-em-apoio-a-lobao-filho\/#breadcrumb","itemListElement":[{"@type":"ListItem","position":1,"name":"In\u00edcio","item":"https:\/\/www.blogsoestado.com\/danielmatos\/"},{"@type":"ListItem","position":2,"name":"Maioria da C\u00e2mara de Vereadores de S\u00e3o Lu\u00eds re\u00fane-se em apoio a Lob\u00e3o Filho"}]},{"@type":"WebSite","@id":"https:\/\/www.blogsoestado.com\/danielmatos\/#website","url":"https:\/\/www.blogsoestado.com\/danielmatos\/","name":"Daniel Matos","description":"","potentialAction":[{"@type":"SearchAction","target":{"@type":"EntryPoint","urlTemplate":"https:\/\/www.blogsoestado.com\/danielmatos\/?s={search_term_string}"},"query-input":{"@type":"PropertyValueSpecification","valueRequired":true,"valueName":"search_term_string"}}],"inLanguage":"pt-BR"}]}},"jetpack_featured_media_url":"","_links":{"self":[{"href":"https:\/\/www.blogsoestado.com\/danielmatos\/wp-json\/wp\/v2\/posts\/19117","targetHints":{"allow":["GET"]}}],"collection":[{"href":"https:\/\/www.blogsoestado.com\/danielmatos\/wp-json\/wp\/v2\/posts"}],"about":[{"href":"https:\/\/www.blogsoestado.com\/danielmatos\/wp-json\/wp\/v2\/types\/post"}],"replies":[{"embeddable":true,"href":"https:\/\/www.blogsoestado.com\/danielmatos\/wp-json\/wp\/v2\/comments?post=19117"}],"version-history":[{"count":0,"href":"https:\/\/www.blogsoestado.com\/danielmatos\/wp-json\/wp\/v2\/posts\/19117\/revisions"}],"wp:attachment":[{"href":"https:\/\/www.blogsoestado.com\/danielmatos\/wp-json\/wp\/v2\/media?parent=19117"}],"wp:term":[{"taxonomy":"category","embeddable":true,"href":"https:\/\/www.blogsoestado.com\/danielmatos\/wp-json\/wp\/v2\/categories?post=19117"},{"taxonomy":"post_tag","embeddable":true,"href":"https:\/\/www.blogsoestado.com\/danielmatos\/wp-json\/wp\/v2\/tags?post=19117"}],"curies":[{"name":"wp","href":"https:\/\/api.w.org\/{rel}","templated":true}]}}