{"id":19136,"date":"2014-09-09T19:22:43","date_gmt":"2014-09-09T22:22:43","guid":{"rendered":"https:\/\/www.blogsoestado.com\/danielmatos\/?p=19136"},"modified":"2014-09-09T19:22:43","modified_gmt":"2014-09-09T22:22:43","slug":"secretario-geraldo-castro-acompanha-reinicio-das-aulas-nas-escolas-do-municipio","status":"publish","type":"post","link":"https:\/\/www.blogsoestado.com\/danielmatos\/secretario-geraldo-castro-acompanha-reinicio-das-aulas-nas-escolas-do-municipio\/","title":{"rendered":"Secret\u00e1rio Geraldo Castro acompanha rein\u00edcio das aulas nas escolas do Munic\u00edpio"},"content":{"rendered":"<p style=\"color: #222222;\">\n<figure id=\"attachment_19137\" aria-describedby=\"caption-attachment-19137\" style=\"width: 640px\" class=\"wp-caption aligncenter\"><a href=\"https:\/\/www.blogsoestado.com\/danielmatos\/files\/2014\/09\/aulas.jpg\"><img fetchpriority=\"high\" decoding=\"async\" class=\"size-full wp-image-19137\" src=\"https:\/\/www.blogsoestado.com\/danielmatos\/files\/2014\/09\/aulas.jpg\" alt=\"Secret\u00e1rio de Educa\u00e7\u00e3o, Geraldo Castro Sobrinho, abra\u00e7a aluna no primeiro dia de aulas ap\u00f3s a greve\" width=\"640\" height=\"418\" \/><\/a><figcaption id=\"caption-attachment-19137\" class=\"wp-caption-text\">Secret\u00e1rio de Educa\u00e7\u00e3o, Geraldo Castro Sobrinho, abra\u00e7a aluna no primeiro dia de aulas ap\u00f3s a greve (<strong>Fotos:<\/strong> Hon\u00f3rio Moreira)<\/figcaption><\/figure>\n<p style=\"color: #222222;\">A Prefeitura de S\u00e3o Lu\u00eds, por meio da Secretaria de Educa\u00e7\u00e3o (Semed), acompanhou, nesta ter\u00e7a-feira (9os), a retomada das aulas nas escolas da rede municipal de ensino. Os 200 dias letivos previstos pela Lei de Diretrizes e Bases da Educa\u00e7\u00e3o Nacional (LDB) foram assegurados a todos os estudantes, mediante calend\u00e1rio escolar especial, que leva em conta a realidade de cada escola.<\/p>\n<p style=\"color: #222222;\">O secret\u00e1rio municipal de Educa\u00e7\u00e3o, Geraldo Castro Sobrinho, visitou as escolas na manh\u00e3 desta ter\u00e7a com o objetivo de acompanhar o rein\u00edcio das atividades pedag\u00f3gicas. \u201cContamos com o trabalho de nossos competentes educadores e educadoras, que s\u00e3o imprescind\u00edveis para a forma\u00e7\u00e3o das crian\u00e7as, dos jovens, dos adultos e idosos que frequentam nossas escolas\u201d, destacou o secret\u00e1rio.<\/p>\n<p style=\"color: #222222;\">Para os alunos da Unidade de Educa\u00e7\u00e3o B\u00e1sica (U.E.B.) Monsenhor Frederico Chaves, no S\u00e3o Francisco, o dia foi de reencontros. \u201cHoje revi meus coleguinhas e minha professora e ainda tive a aula da disciplina que mais gosto que \u00e9 a de Matem\u00e1tica. Est\u00e3o sendo muito boas as aulas\u201d, destacou o estudante Kau\u00e3 V\u00edtor Cardoso.<\/p>\n<p style=\"color: #222222;\">A gestora adjunta da U.E.B. Monsenhor Frederico Chaves, Zu\u00edla Gomes, enfatizou que o calend\u00e1rio escolar ser\u00e1 cumprido integralmente. \u201cTrabalharemos com empenho para a evolu\u00e7\u00e3o escolar de todos os nossos educandos\u201d, declarou. A escola atende a 1.280 estudantes distribu\u00eddos em 28 turmas.<\/p>\n<figure id=\"attachment_19138\" aria-describedby=\"caption-attachment-19138\" style=\"width: 640px\" class=\"wp-caption aligncenter\"><a href=\"https:\/\/www.blogsoestado.com\/danielmatos\/files\/2014\/09\/aulas2.jpg\"><img decoding=\"async\" class=\"size-full wp-image-19138\" src=\"https:\/\/www.blogsoestado.com\/danielmatos\/files\/2014\/09\/aulas2.jpg\" alt=\"Secret\u00e1rio Geraldo Castro Sobrinho acompanhou a retomada das aulas nesta ter\u00e7a-feira e conversou com estudantes e professora\" width=\"640\" height=\"414\" \/><\/a><figcaption id=\"caption-attachment-19138\" class=\"wp-caption-text\">Secret\u00e1rio Geraldo Castro Sobrinho acompanhou a retomada das aulas nesta ter\u00e7a-feira e conversou com estudantes e professora<\/figcaption><\/figure>\n<p style=\"color: #222222;\">Na escola de Educa\u00e7\u00e3o Infantil Olinda Desterro, a gestora escolar Ana L\u00facia Martins acompanhou a visita do secret\u00e1rio Geraldo Castro Sobrinho e mostrou as instala\u00e7\u00f5es da unidade de ensino, bem como as atividades desenvolvidas nas salas de aula. A escola atende 109 educandos, de 3 a 6 anos, em 11 turmas.<\/p>\n<p style=\"color: #222222;\">Para a estudante Carine Silva Santos, de 6 anos, o dia foi de aprendizado. \u201cJ\u00e1 aprendi muita coisa legal sobre o Brasil e o Maranh\u00e3o. Tamb\u00e9m pude ver de novo meus coleguinhas e minha professora. Est\u00e1 sendo nota dez\u201d, avaliou.<\/p>\n<p style=\"color: #222222;\">Durante a tarde desta ter\u00e7a-feira, a Semed recebeu ainda a presidente do Sindicato dos Profissionais do Magist\u00e9rio do Ensino P\u00fablico Municipal de S\u00e3o Lu\u00eds (Sindeduca\u00e7\u00e3o), Elisabeth Castelo Branco. O objetivo da visita foi alinhar informa\u00e7\u00f5es acerca do calend\u00e1rio escolar.<\/p>\n<p style=\"color: #222222;\"><strong>Fonte:<\/strong> Secretaria Municipal de Comunica\u00e7\u00e3o (Secom)<\/p>\n","protected":false},"excerpt":{"rendered":"<p>A Prefeitura de S\u00e3o Lu\u00eds, por meio da Secretaria de Educa\u00e7\u00e3o (Semed), acompanhou, nesta ter\u00e7a-feira (9os), a retomada das aulas [&hellip;]<\/p>\n","protected":false},"author":0,"featured_media":0,"comment_status":"open","ping_status":"open","sticky":false,"template":"","format":"standard","meta":{"site-sidebar-layout":"default","site-content-layout":"","ast-site-content-layout":"default","site-content-style":"default","site-sidebar-style":"default","ast-global-header-display":"","ast-banner-title-visibility":"","ast-main-header-display":"","ast-hfb-above-header-display":"","ast-hfb-below-header-display":"","ast-hfb-mobile-header-display":"","site-post-title":"","ast-breadcrumbs-content":"","ast-featured-img":"","footer-sml-layout":"","ast-disable-related-posts":"","theme-transparent-header-meta":"","adv-header-id-meta":"","stick-header-meta":"","header-above-stick-meta":"","header-main-stick-meta":"","header-below-stick-meta":"","astra-migrate-meta-layouts":"default","ast-page-background-enabled":"default","ast-page-background-meta":{"desktop":{"background-color":"var(--ast-global-color-5)","background-image":"","background-repeat":"repeat","background-position":"center center","background-size":"auto","background-attachment":"scroll","background-type":"","background-media":"","overlay-type":"","overlay-color":"","overlay-opacity":"","overlay-gradient":""},"tablet":{"background-color":"","background-image":"","background-repeat":"repeat","background-position":"center center","background-size":"auto","background-attachment":"scroll","background-type":"","background-media":"","overlay-type":"","overlay-color":"","overlay-opacity":"","overlay-gradient":""},"mobile":{"background-color":"","background-image":"","background-repeat":"repeat","background-position":"center center","background-size":"auto","background-attachment":"scroll","background-type":"","background-media":"","overlay-type":"","overlay-color":"","overlay-opacity":"","overlay-gradient":""}},"ast-content-background-meta":{"desktop":{"background-color":"var(--ast-global-color-4)","background-image":"","background-repeat":"repeat","background-position":"center center","background-size":"auto","background-attachment":"scroll","background-type":"","background-media":"","overlay-type":"","overlay-color":"","overlay-opacity":"","overlay-gradient":""},"tablet":{"background-color":"var(--ast-global-color-4)","background-image":"","background-repeat":"repeat","background-position":"center center","background-size":"auto","background-attachment":"scroll","background-type":"","background-media":"","overlay-type":"","overlay-color":"","overlay-opacity":"","overlay-gradient":""},"mobile":{"background-color":"var(--ast-global-color-4)","background-image":"","background-repeat":"repeat","background-position":"center center","background-size":"auto","background-attachment":"scroll","background-type":"","background-media":"","overlay-type":"","overlay-color":"","overlay-opacity":"","overlay-gradient":""}},"footnotes":""},"categories":[1],"tags":[],"class_list":["post-19136","post","type-post","status-publish","format-standard","hentry","category-sem-categoria"],"yoast_head":"<!-- This site is optimized with the Yoast SEO plugin v26.6 - https:\/\/yoast.com\/wordpress\/plugins\/seo\/ -->\n<title>Secret\u00e1rio Geraldo Castro acompanha rein\u00edcio das aulas nas escolas do Munic\u00edpio - Daniel Matos<\/title>\n<meta name=\"robots\" content=\"index, follow, max-snippet:-1, max-image-preview:large, max-video-preview:-1\" \/>\n<link rel=\"canonical\" href=\"https:\/\/www.blogsoestado.com\/danielmatos\/secretario-geraldo-castro-acompanha-reinicio-das-aulas-nas-escolas-do-municipio\/\" \/>\n<meta property=\"og:locale\" content=\"pt_BR\" \/>\n<meta property=\"og:type\" content=\"article\" \/>\n<meta property=\"og:title\" content=\"Secret\u00e1rio Geraldo Castro acompanha rein\u00edcio das aulas nas escolas do Munic\u00edpio - Daniel Matos\" \/>\n<meta property=\"og:description\" content=\"A Prefeitura de S\u00e3o Lu\u00eds, por meio da Secretaria de Educa\u00e7\u00e3o (Semed), acompanhou, nesta ter\u00e7a-feira (9os), a retomada das aulas [&hellip;]\" \/>\n<meta property=\"og:url\" content=\"https:\/\/www.blogsoestado.com\/danielmatos\/secretario-geraldo-castro-acompanha-reinicio-das-aulas-nas-escolas-do-municipio\/\" \/>\n<meta property=\"og:site_name\" content=\"Daniel Matos\" \/>\n<meta property=\"article:published_time\" content=\"2014-09-09T22:22:43+00:00\" \/>\n<meta property=\"og:image\" content=\"https:\/\/www.blogsoestado.com\/danielmatos\/files\/2014\/09\/aulas.jpg\" \/>\n<meta name=\"twitter:card\" content=\"summary_large_image\" \/>\n<meta name=\"twitter:label1\" content=\"Est. tempo de leitura\" \/>\n\t<meta name=\"twitter:data1\" content=\"2 minutos\" \/>\n<script type=\"application\/ld+json\" class=\"yoast-schema-graph\">{\"@context\":\"https:\/\/schema.org\",\"@graph\":[{\"@type\":\"WebPage\",\"@id\":\"https:\/\/www.blogsoestado.com\/danielmatos\/secretario-geraldo-castro-acompanha-reinicio-das-aulas-nas-escolas-do-municipio\/\",\"url\":\"https:\/\/www.blogsoestado.com\/danielmatos\/secretario-geraldo-castro-acompanha-reinicio-das-aulas-nas-escolas-do-municipio\/\",\"name\":\"Secret\u00e1rio Geraldo Castro acompanha rein\u00edcio das aulas nas escolas do Munic\u00edpio - Daniel Matos\",\"isPartOf\":{\"@id\":\"https:\/\/www.blogsoestado.com\/danielmatos\/#website\"},\"primaryImageOfPage\":{\"@id\":\"https:\/\/www.blogsoestado.com\/danielmatos\/secretario-geraldo-castro-acompanha-reinicio-das-aulas-nas-escolas-do-municipio\/#primaryimage\"},\"image\":{\"@id\":\"https:\/\/www.blogsoestado.com\/danielmatos\/secretario-geraldo-castro-acompanha-reinicio-das-aulas-nas-escolas-do-municipio\/#primaryimage\"},\"thumbnailUrl\":\"https:\/\/www.blogsoestado.com\/danielmatos\/files\/2014\/09\/aulas.jpg\",\"datePublished\":\"2014-09-09T22:22:43+00:00\",\"author\":{\"@id\":\"\"},\"breadcrumb\":{\"@id\":\"https:\/\/www.blogsoestado.com\/danielmatos\/secretario-geraldo-castro-acompanha-reinicio-das-aulas-nas-escolas-do-municipio\/#breadcrumb\"},\"inLanguage\":\"pt-BR\",\"potentialAction\":[{\"@type\":\"ReadAction\",\"target\":[\"https:\/\/www.blogsoestado.com\/danielmatos\/secretario-geraldo-castro-acompanha-reinicio-das-aulas-nas-escolas-do-municipio\/\"]}]},{\"@type\":\"ImageObject\",\"inLanguage\":\"pt-BR\",\"@id\":\"https:\/\/www.blogsoestado.com\/danielmatos\/secretario-geraldo-castro-acompanha-reinicio-das-aulas-nas-escolas-do-municipio\/#primaryimage\",\"url\":\"https:\/\/www.blogsoestado.com\/danielmatos\/files\/2014\/09\/aulas.jpg\",\"contentUrl\":\"https:\/\/www.blogsoestado.com\/danielmatos\/files\/2014\/09\/aulas.jpg\"},{\"@type\":\"BreadcrumbList\",\"@id\":\"https:\/\/www.blogsoestado.com\/danielmatos\/secretario-geraldo-castro-acompanha-reinicio-das-aulas-nas-escolas-do-municipio\/#breadcrumb\",\"itemListElement\":[{\"@type\":\"ListItem\",\"position\":1,\"name\":\"In\u00edcio\",\"item\":\"https:\/\/www.blogsoestado.com\/danielmatos\/\"},{\"@type\":\"ListItem\",\"position\":2,\"name\":\"Secret\u00e1rio Geraldo Castro acompanha rein\u00edcio das aulas nas escolas do Munic\u00edpio\"}]},{\"@type\":\"WebSite\",\"@id\":\"https:\/\/www.blogsoestado.com\/danielmatos\/#website\",\"url\":\"https:\/\/www.blogsoestado.com\/danielmatos\/\",\"name\":\"Daniel Matos\",\"description\":\"\",\"potentialAction\":[{\"@type\":\"SearchAction\",\"target\":{\"@type\":\"EntryPoint\",\"urlTemplate\":\"https:\/\/www.blogsoestado.com\/danielmatos\/?s={search_term_string}\"},\"query-input\":{\"@type\":\"PropertyValueSpecification\",\"valueRequired\":true,\"valueName\":\"search_term_string\"}}],\"inLanguage\":\"pt-BR\"}]}<\/script>\n<!-- \/ Yoast SEO plugin. -->","yoast_head_json":{"title":"Secret\u00e1rio Geraldo Castro acompanha rein\u00edcio das aulas nas escolas do Munic\u00edpio - Daniel Matos","robots":{"index":"index","follow":"follow","max-snippet":"max-snippet:-1","max-image-preview":"max-image-preview:large","max-video-preview":"max-video-preview:-1"},"canonical":"https:\/\/www.blogsoestado.com\/danielmatos\/secretario-geraldo-castro-acompanha-reinicio-das-aulas-nas-escolas-do-municipio\/","og_locale":"pt_BR","og_type":"article","og_title":"Secret\u00e1rio Geraldo Castro acompanha rein\u00edcio das aulas nas escolas do Munic\u00edpio - Daniel Matos","og_description":"A Prefeitura de S\u00e3o Lu\u00eds, por meio da Secretaria de Educa\u00e7\u00e3o (Semed), acompanhou, nesta ter\u00e7a-feira (9os), a retomada das aulas [&hellip;]","og_url":"https:\/\/www.blogsoestado.com\/danielmatos\/secretario-geraldo-castro-acompanha-reinicio-das-aulas-nas-escolas-do-municipio\/","og_site_name":"Daniel Matos","article_published_time":"2014-09-09T22:22:43+00:00","og_image":[{"url":"https:\/\/www.blogsoestado.com\/danielmatos\/files\/2014\/09\/aulas.jpg","type":"","width":"","height":""}],"twitter_card":"summary_large_image","twitter_misc":{"Est. tempo de leitura":"2 minutos"},"schema":{"@context":"https:\/\/schema.org","@graph":[{"@type":"WebPage","@id":"https:\/\/www.blogsoestado.com\/danielmatos\/secretario-geraldo-castro-acompanha-reinicio-das-aulas-nas-escolas-do-municipio\/","url":"https:\/\/www.blogsoestado.com\/danielmatos\/secretario-geraldo-castro-acompanha-reinicio-das-aulas-nas-escolas-do-municipio\/","name":"Secret\u00e1rio Geraldo Castro acompanha rein\u00edcio das aulas nas escolas do Munic\u00edpio - Daniel Matos","isPartOf":{"@id":"https:\/\/www.blogsoestado.com\/danielmatos\/#website"},"primaryImageOfPage":{"@id":"https:\/\/www.blogsoestado.com\/danielmatos\/secretario-geraldo-castro-acompanha-reinicio-das-aulas-nas-escolas-do-municipio\/#primaryimage"},"image":{"@id":"https:\/\/www.blogsoestado.com\/danielmatos\/secretario-geraldo-castro-acompanha-reinicio-das-aulas-nas-escolas-do-municipio\/#primaryimage"},"thumbnailUrl":"https:\/\/www.blogsoestado.com\/danielmatos\/files\/2014\/09\/aulas.jpg","datePublished":"2014-09-09T22:22:43+00:00","author":{"@id":""},"breadcrumb":{"@id":"https:\/\/www.blogsoestado.com\/danielmatos\/secretario-geraldo-castro-acompanha-reinicio-das-aulas-nas-escolas-do-municipio\/#breadcrumb"},"inLanguage":"pt-BR","potentialAction":[{"@type":"ReadAction","target":["https:\/\/www.blogsoestado.com\/danielmatos\/secretario-geraldo-castro-acompanha-reinicio-das-aulas-nas-escolas-do-municipio\/"]}]},{"@type":"ImageObject","inLanguage":"pt-BR","@id":"https:\/\/www.blogsoestado.com\/danielmatos\/secretario-geraldo-castro-acompanha-reinicio-das-aulas-nas-escolas-do-municipio\/#primaryimage","url":"https:\/\/www.blogsoestado.com\/danielmatos\/files\/2014\/09\/aulas.jpg","contentUrl":"https:\/\/www.blogsoestado.com\/danielmatos\/files\/2014\/09\/aulas.jpg"},{"@type":"BreadcrumbList","@id":"https:\/\/www.blogsoestado.com\/danielmatos\/secretario-geraldo-castro-acompanha-reinicio-das-aulas-nas-escolas-do-municipio\/#breadcrumb","itemListElement":[{"@type":"ListItem","position":1,"name":"In\u00edcio","item":"https:\/\/www.blogsoestado.com\/danielmatos\/"},{"@type":"ListItem","position":2,"name":"Secret\u00e1rio Geraldo Castro acompanha rein\u00edcio das aulas nas escolas do Munic\u00edpio"}]},{"@type":"WebSite","@id":"https:\/\/www.blogsoestado.com\/danielmatos\/#website","url":"https:\/\/www.blogsoestado.com\/danielmatos\/","name":"Daniel Matos","description":"","potentialAction":[{"@type":"SearchAction","target":{"@type":"EntryPoint","urlTemplate":"https:\/\/www.blogsoestado.com\/danielmatos\/?s={search_term_string}"},"query-input":{"@type":"PropertyValueSpecification","valueRequired":true,"valueName":"search_term_string"}}],"inLanguage":"pt-BR"}]}},"jetpack_featured_media_url":"","_links":{"self":[{"href":"https:\/\/www.blogsoestado.com\/danielmatos\/wp-json\/wp\/v2\/posts\/19136","targetHints":{"allow":["GET"]}}],"collection":[{"href":"https:\/\/www.blogsoestado.com\/danielmatos\/wp-json\/wp\/v2\/posts"}],"about":[{"href":"https:\/\/www.blogsoestado.com\/danielmatos\/wp-json\/wp\/v2\/types\/post"}],"replies":[{"embeddable":true,"href":"https:\/\/www.blogsoestado.com\/danielmatos\/wp-json\/wp\/v2\/comments?post=19136"}],"version-history":[{"count":0,"href":"https:\/\/www.blogsoestado.com\/danielmatos\/wp-json\/wp\/v2\/posts\/19136\/revisions"}],"wp:attachment":[{"href":"https:\/\/www.blogsoestado.com\/danielmatos\/wp-json\/wp\/v2\/media?parent=19136"}],"wp:term":[{"taxonomy":"category","embeddable":true,"href":"https:\/\/www.blogsoestado.com\/danielmatos\/wp-json\/wp\/v2\/categories?post=19136"},{"taxonomy":"post_tag","embeddable":true,"href":"https:\/\/www.blogsoestado.com\/danielmatos\/wp-json\/wp\/v2\/tags?post=19136"}],"curies":[{"name":"wp","href":"https:\/\/api.w.org\/{rel}","templated":true}]}}