{"id":19147,"date":"2014-09-10T09:46:19","date_gmt":"2014-09-10T12:46:19","guid":{"rendered":"https:\/\/www.blogsoestado.com\/danielmatos\/?p=19147"},"modified":"2014-09-10T09:46:19","modified_gmt":"2014-09-10T12:46:19","slug":"ze-inacio-realiza-grande-caminhada-no-municipio-de-ze-doca","status":"publish","type":"post","link":"https:\/\/www.blogsoestado.com\/danielmatos\/ze-inacio-realiza-grande-caminhada-no-municipio-de-ze-doca\/","title":{"rendered":"Z\u00e9 In\u00e1cio realiza grande caminhada no munic\u00edpio de Z\u00e9 Doca"},"content":{"rendered":"<figure id=\"attachment_19148\" aria-describedby=\"caption-attachment-19148\" style=\"width: 640px\" class=\"wp-caption aligncenter\"><a href=\"https:\/\/www.blogsoestado.com\/danielmatos\/files\/2014\/09\/z\u00e9-in\u00e1cio-z\u00e9-doca.jpg\"><img fetchpriority=\"high\" decoding=\"async\" class=\"size-full wp-image-19148\" src=\"https:\/\/www.blogsoestado.com\/danielmatos\/files\/2014\/09\/z\u00e9-in\u00e1cio-z\u00e9-doca.jpg\" alt=\"Caminhada em Z\u00e9 Doca foi marcada por alegria e entusiasmo da popula\u00e7\u00e3o, que demonstrou simpatia \u00e0 candidatura\" width=\"640\" height=\"372\" \/><\/a><figcaption id=\"caption-attachment-19148\" class=\"wp-caption-text\">Caminhada em Z\u00e9 Doca foi marcada por alegria e entusiasmo da popula\u00e7\u00e3o, que demonstrou simpatia \u00e0 candidatura<\/figcaption><\/figure>\n<p>Na manh\u00e3 desta ter\u00e7a -feira (09), foi a vez do munic\u00edpio de Z\u00e9 Doca receber com grande entusiasmo a caminhada da campanha de Z\u00e9 In\u00e1cio (PT) a deputado estadual. O candidato percorreu as ruas do centro comercial da cidade, acompanhado de correligion\u00e1rios e lideran\u00e7as pol\u00edticas, entre elas\u00a0a\u00a0presidente do Diret\u00f3rio do PT local, Cecilia Costa.<\/p>\n<p>O presidente do Sintraf do munic\u00edpio de Bom Jardim, Bernardo Simpatia, tamb\u00e9m acompanhou a caminhada do petista. Em\u00a0poucos minutos, o cortejo\u00a0reuniu v\u00e1rios eleitores, que cumprimentaram e manifestaram apoio a Z\u00e9 In\u00e1cio.<\/p>\n<p>O comerciante Joaquim Costa, que trabalha na \u00e1rea central da cidade h\u00e1 quase 15 anos, disse que j\u00e1 conhecia o trabalho de Z\u00e9 In\u00e1cio, especialmente em rela\u00e7\u00e3o aos assentamentos promovidos durante sua gest\u00e3o na Superintend\u00eancia Regional do Instituto Nacional de Coloniza\u00e7\u00e3o e Reforma Agr\u00e1ria (Infra), e refor\u00e7ou sua escolha pelo petista. \u201cVou votar nele porque sei que trabalha! E o povo tem que procurar quem j\u00e1 mostrou servi\u00e7o e tem nome limpo\u201d, afirmou, enquanto recebia os cumprimentos do candidato.<\/p>\n<p>Tamb\u00e9m muito receptiva \u00e0\u00a0caminhada de Z\u00e9 In\u00e1cio (PT), a feirante Maria da Concei\u00e7\u00e3o Lopes deixou clara sua satisfa\u00e7\u00e3o em reencontrar o candidato petista no munic\u00edpio. \u201cEsse aqui eu conhe\u00e7o! J\u00e1 fez muito por n\u00f3s!\u201d.<\/p>\n<figure id=\"attachment_19149\" aria-describedby=\"caption-attachment-19149\" style=\"width: 640px\" class=\"wp-caption aligncenter\"><a href=\"https:\/\/www.blogsoestado.com\/danielmatos\/files\/2014\/09\/z\u00e9-in\u00e1cio-z\u00e9-doca2.jpg\"><img decoding=\"async\" class=\"size-full wp-image-19149\" src=\"https:\/\/www.blogsoestado.com\/danielmatos\/files\/2014\/09\/z\u00e9-in\u00e1cio-z\u00e9-doca2.jpg\" alt=\"L\u00edderes pol\u00edticos e eleitores de Z\u00e9 In\u00e1cio percorreram o centro comercial do munic\u00edpio\" width=\"640\" height=\"453\" \/><\/a><figcaption id=\"caption-attachment-19149\" class=\"wp-caption-text\">L\u00edderes pol\u00edticos e eleitores de Z\u00e9 In\u00e1cio percorreram o centro comercial do munic\u00edpio, onde o candidato\u00a0recebeu o carinho do povo<\/figcaption><\/figure>\n<p>Z\u00e9 In\u00e1cio (PT) agradeceu a acolhida\u00a0do povo de Z\u00e9 Doca \u00e0\u00a0sua candidatura e destacou que pretende lutar por mais oportunidades para os agricultores do munic\u00edpio, visando sempre propostas de incentivo \u00e0 produ\u00e7\u00e3o e garantindo dignidade \u00e0s comunidades da localidade.<\/p>\n<p>&nbsp;<\/p>\n","protected":false},"excerpt":{"rendered":"<p>Na manh\u00e3 desta ter\u00e7a -feira (09), foi a vez do munic\u00edpio de Z\u00e9 Doca receber com grande entusiasmo a caminhada [&hellip;]<\/p>\n","protected":false},"author":0,"featured_media":0,"comment_status":"open","ping_status":"open","sticky":false,"template":"","format":"standard","meta":{"site-sidebar-layout":"default","site-content-layout":"","ast-site-content-layout":"default","site-content-style":"default","site-sidebar-style":"default","ast-global-header-display":"","ast-banner-title-visibility":"","ast-main-header-display":"","ast-hfb-above-header-display":"","ast-hfb-below-header-display":"","ast-hfb-mobile-header-display":"","site-post-title":"","ast-breadcrumbs-content":"","ast-featured-img":"","footer-sml-layout":"","ast-disable-related-posts":"","theme-transparent-header-meta":"","adv-header-id-meta":"","stick-header-meta":"","header-above-stick-meta":"","header-main-stick-meta":"","header-below-stick-meta":"","astra-migrate-meta-layouts":"default","ast-page-background-enabled":"default","ast-page-background-meta":{"desktop":{"background-color":"var(--ast-global-color-5)","background-image":"","background-repeat":"repeat","background-position":"center center","background-size":"auto","background-attachment":"scroll","background-type":"","background-media":"","overlay-type":"","overlay-color":"","overlay-opacity":"","overlay-gradient":""},"tablet":{"background-color":"","background-image":"","background-repeat":"repeat","background-position":"center center","background-size":"auto","background-attachment":"scroll","background-type":"","background-media":"","overlay-type":"","overlay-color":"","overlay-opacity":"","overlay-gradient":""},"mobile":{"background-color":"","background-image":"","background-repeat":"repeat","background-position":"center center","background-size":"auto","background-attachment":"scroll","background-type":"","background-media":"","overlay-type":"","overlay-color":"","overlay-opacity":"","overlay-gradient":""}},"ast-content-background-meta":{"desktop":{"background-color":"var(--ast-global-color-4)","background-image":"","background-repeat":"repeat","background-position":"center center","background-size":"auto","background-attachment":"scroll","background-type":"","background-media":"","overlay-type":"","overlay-color":"","overlay-opacity":"","overlay-gradient":""},"tablet":{"background-color":"var(--ast-global-color-4)","background-image":"","background-repeat":"repeat","background-position":"center center","background-size":"auto","background-attachment":"scroll","background-type":"","background-media":"","overlay-type":"","overlay-color":"","overlay-opacity":"","overlay-gradient":""},"mobile":{"background-color":"var(--ast-global-color-4)","background-image":"","background-repeat":"repeat","background-position":"center center","background-size":"auto","background-attachment":"scroll","background-type":"","background-media":"","overlay-type":"","overlay-color":"","overlay-opacity":"","overlay-gradient":""}},"footnotes":""},"categories":[1],"tags":[],"class_list":["post-19147","post","type-post","status-publish","format-standard","hentry","category-sem-categoria"],"yoast_head":"<!-- This site is optimized with the Yoast SEO plugin v26.6 - https:\/\/yoast.com\/wordpress\/plugins\/seo\/ -->\n<title>Z\u00e9 In\u00e1cio realiza grande caminhada no munic\u00edpio de Z\u00e9 Doca - Daniel Matos<\/title>\n<meta name=\"robots\" content=\"index, follow, max-snippet:-1, max-image-preview:large, max-video-preview:-1\" \/>\n<link rel=\"canonical\" href=\"https:\/\/www.blogsoestado.com\/danielmatos\/ze-inacio-realiza-grande-caminhada-no-municipio-de-ze-doca\/\" \/>\n<meta property=\"og:locale\" content=\"pt_BR\" \/>\n<meta property=\"og:type\" content=\"article\" \/>\n<meta property=\"og:title\" content=\"Z\u00e9 In\u00e1cio realiza grande caminhada no munic\u00edpio de Z\u00e9 Doca - Daniel Matos\" \/>\n<meta property=\"og:description\" content=\"Na manh\u00e3 desta ter\u00e7a -feira (09), foi a vez do munic\u00edpio de Z\u00e9 Doca receber com grande entusiasmo a caminhada [&hellip;]\" \/>\n<meta property=\"og:url\" content=\"https:\/\/www.blogsoestado.com\/danielmatos\/ze-inacio-realiza-grande-caminhada-no-municipio-de-ze-doca\/\" \/>\n<meta property=\"og:site_name\" content=\"Daniel Matos\" \/>\n<meta property=\"article:published_time\" content=\"2014-09-10T12:46:19+00:00\" \/>\n<meta name=\"twitter:card\" content=\"summary_large_image\" \/>\n<meta name=\"twitter:label1\" content=\"Est. tempo de leitura\" \/>\n\t<meta name=\"twitter:data1\" content=\"2 minutos\" \/>\n<script type=\"application\/ld+json\" class=\"yoast-schema-graph\">{\"@context\":\"https:\/\/schema.org\",\"@graph\":[{\"@type\":\"WebPage\",\"@id\":\"https:\/\/www.blogsoestado.com\/danielmatos\/ze-inacio-realiza-grande-caminhada-no-municipio-de-ze-doca\/\",\"url\":\"https:\/\/www.blogsoestado.com\/danielmatos\/ze-inacio-realiza-grande-caminhada-no-municipio-de-ze-doca\/\",\"name\":\"Z\u00e9 In\u00e1cio realiza grande caminhada no munic\u00edpio de Z\u00e9 Doca - Daniel Matos\",\"isPartOf\":{\"@id\":\"https:\/\/www.blogsoestado.com\/danielmatos\/#website\"},\"datePublished\":\"2014-09-10T12:46:19+00:00\",\"author\":{\"@id\":\"\"},\"breadcrumb\":{\"@id\":\"https:\/\/www.blogsoestado.com\/danielmatos\/ze-inacio-realiza-grande-caminhada-no-municipio-de-ze-doca\/#breadcrumb\"},\"inLanguage\":\"pt-BR\",\"potentialAction\":[{\"@type\":\"ReadAction\",\"target\":[\"https:\/\/www.blogsoestado.com\/danielmatos\/ze-inacio-realiza-grande-caminhada-no-municipio-de-ze-doca\/\"]}]},{\"@type\":\"BreadcrumbList\",\"@id\":\"https:\/\/www.blogsoestado.com\/danielmatos\/ze-inacio-realiza-grande-caminhada-no-municipio-de-ze-doca\/#breadcrumb\",\"itemListElement\":[{\"@type\":\"ListItem\",\"position\":1,\"name\":\"In\u00edcio\",\"item\":\"https:\/\/www.blogsoestado.com\/danielmatos\/\"},{\"@type\":\"ListItem\",\"position\":2,\"name\":\"Z\u00e9 In\u00e1cio realiza grande caminhada no munic\u00edpio de Z\u00e9 Doca\"}]},{\"@type\":\"WebSite\",\"@id\":\"https:\/\/www.blogsoestado.com\/danielmatos\/#website\",\"url\":\"https:\/\/www.blogsoestado.com\/danielmatos\/\",\"name\":\"Daniel Matos\",\"description\":\"\",\"potentialAction\":[{\"@type\":\"SearchAction\",\"target\":{\"@type\":\"EntryPoint\",\"urlTemplate\":\"https:\/\/www.blogsoestado.com\/danielmatos\/?s={search_term_string}\"},\"query-input\":{\"@type\":\"PropertyValueSpecification\",\"valueRequired\":true,\"valueName\":\"search_term_string\"}}],\"inLanguage\":\"pt-BR\"}]}<\/script>\n<!-- \/ Yoast SEO plugin. -->","yoast_head_json":{"title":"Z\u00e9 In\u00e1cio realiza grande caminhada no munic\u00edpio de Z\u00e9 Doca - Daniel Matos","robots":{"index":"index","follow":"follow","max-snippet":"max-snippet:-1","max-image-preview":"max-image-preview:large","max-video-preview":"max-video-preview:-1"},"canonical":"https:\/\/www.blogsoestado.com\/danielmatos\/ze-inacio-realiza-grande-caminhada-no-municipio-de-ze-doca\/","og_locale":"pt_BR","og_type":"article","og_title":"Z\u00e9 In\u00e1cio realiza grande caminhada no munic\u00edpio de Z\u00e9 Doca - Daniel Matos","og_description":"Na manh\u00e3 desta ter\u00e7a -feira (09), foi a vez do munic\u00edpio de Z\u00e9 Doca receber com grande entusiasmo a caminhada [&hellip;]","og_url":"https:\/\/www.blogsoestado.com\/danielmatos\/ze-inacio-realiza-grande-caminhada-no-municipio-de-ze-doca\/","og_site_name":"Daniel Matos","article_published_time":"2014-09-10T12:46:19+00:00","twitter_card":"summary_large_image","twitter_misc":{"Est. tempo de leitura":"2 minutos"},"schema":{"@context":"https:\/\/schema.org","@graph":[{"@type":"WebPage","@id":"https:\/\/www.blogsoestado.com\/danielmatos\/ze-inacio-realiza-grande-caminhada-no-municipio-de-ze-doca\/","url":"https:\/\/www.blogsoestado.com\/danielmatos\/ze-inacio-realiza-grande-caminhada-no-municipio-de-ze-doca\/","name":"Z\u00e9 In\u00e1cio realiza grande caminhada no munic\u00edpio de Z\u00e9 Doca - Daniel Matos","isPartOf":{"@id":"https:\/\/www.blogsoestado.com\/danielmatos\/#website"},"datePublished":"2014-09-10T12:46:19+00:00","author":{"@id":""},"breadcrumb":{"@id":"https:\/\/www.blogsoestado.com\/danielmatos\/ze-inacio-realiza-grande-caminhada-no-municipio-de-ze-doca\/#breadcrumb"},"inLanguage":"pt-BR","potentialAction":[{"@type":"ReadAction","target":["https:\/\/www.blogsoestado.com\/danielmatos\/ze-inacio-realiza-grande-caminhada-no-municipio-de-ze-doca\/"]}]},{"@type":"BreadcrumbList","@id":"https:\/\/www.blogsoestado.com\/danielmatos\/ze-inacio-realiza-grande-caminhada-no-municipio-de-ze-doca\/#breadcrumb","itemListElement":[{"@type":"ListItem","position":1,"name":"In\u00edcio","item":"https:\/\/www.blogsoestado.com\/danielmatos\/"},{"@type":"ListItem","position":2,"name":"Z\u00e9 In\u00e1cio realiza grande caminhada no munic\u00edpio de Z\u00e9 Doca"}]},{"@type":"WebSite","@id":"https:\/\/www.blogsoestado.com\/danielmatos\/#website","url":"https:\/\/www.blogsoestado.com\/danielmatos\/","name":"Daniel Matos","description":"","potentialAction":[{"@type":"SearchAction","target":{"@type":"EntryPoint","urlTemplate":"https:\/\/www.blogsoestado.com\/danielmatos\/?s={search_term_string}"},"query-input":{"@type":"PropertyValueSpecification","valueRequired":true,"valueName":"search_term_string"}}],"inLanguage":"pt-BR"}]}},"jetpack_featured_media_url":"","_links":{"self":[{"href":"https:\/\/www.blogsoestado.com\/danielmatos\/wp-json\/wp\/v2\/posts\/19147","targetHints":{"allow":["GET"]}}],"collection":[{"href":"https:\/\/www.blogsoestado.com\/danielmatos\/wp-json\/wp\/v2\/posts"}],"about":[{"href":"https:\/\/www.blogsoestado.com\/danielmatos\/wp-json\/wp\/v2\/types\/post"}],"replies":[{"embeddable":true,"href":"https:\/\/www.blogsoestado.com\/danielmatos\/wp-json\/wp\/v2\/comments?post=19147"}],"version-history":[{"count":0,"href":"https:\/\/www.blogsoestado.com\/danielmatos\/wp-json\/wp\/v2\/posts\/19147\/revisions"}],"wp:attachment":[{"href":"https:\/\/www.blogsoestado.com\/danielmatos\/wp-json\/wp\/v2\/media?parent=19147"}],"wp:term":[{"taxonomy":"category","embeddable":true,"href":"https:\/\/www.blogsoestado.com\/danielmatos\/wp-json\/wp\/v2\/categories?post=19147"},{"taxonomy":"post_tag","embeddable":true,"href":"https:\/\/www.blogsoestado.com\/danielmatos\/wp-json\/wp\/v2\/tags?post=19147"}],"curies":[{"name":"wp","href":"https:\/\/api.w.org\/{rel}","templated":true}]}}