{"id":19157,"date":"2014-09-10T16:20:58","date_gmt":"2014-09-10T19:20:58","guid":{"rendered":"https:\/\/www.blogsoestado.com\/danielmatos\/?p=19157"},"modified":"2014-09-10T16:20:58","modified_gmt":"2014-09-10T19:20:58","slug":"revogada-portaria-que-proibe-entrada-de-pessoas-armadas-no-forum-de-sao-luis","status":"publish","type":"post","link":"https:\/\/www.blogsoestado.com\/danielmatos\/revogada-portaria-que-proibe-entrada-de-pessoas-armadas-no-forum-de-sao-luis\/","title":{"rendered":"Revogada portaria que pro\u00edbe entrada de pessoas armadas no F\u00f3rum de S\u00e3o Lu\u00eds"},"content":{"rendered":"<p>O juiz Osmar Gomes dos Santos, diretor do F\u00f3rum Desembargador Sarney Costa, em S\u00e3o Lu\u00eds, revogou a portaria na qual pro\u00edbe o acesso de pessoas armadas \u00e0s depend\u00eancias do f\u00f3rum. Ao revogar o documento, o magistrado considerou que o Tribunal de Justi\u00e7a do Estado do Maranh\u00e3o baixou a Resolu\u00e7\u00e3o 27\/2014, a qual disp\u00f5e sobre protocolo de controle de acesso de pessoas portando arma de fogo ou objetos que ofere\u00e7am riscos a integridade f\u00edsica das pessoas, nos pr\u00e9dios do Poder Judici\u00e1rio do Estado do Maranh\u00e3o.<\/p>\n<p>Osmar Gomes considerou, tamb\u00e9m, que compete \u00e0 Comiss\u00e3o Permanente de Seguran\u00e7a Institucional do Poder Judici\u00e1rio do Maranh\u00e3o esclarecer a amplitude da express\u00e3o \u201cem ato de servi\u00e7o no Poder Judici\u00e1rio Estadual\u201d, inclusive no que se refere \u00e0s partes e testemunhas. Na portaria de revoga\u00e7\u00e3o, o magistrado determina o envio de c\u00f3pia da resolu\u00e7\u00e3o ao comando da guarda do F\u00f3rum Desembargador Sarney Costa, para que seja dado o efetivo cumprimento.<\/p>\n<p>A resolu\u00e7\u00e3o do TJMA, em seu artigo primeiro, diz que \u00e9 proibido o ingresso, circula\u00e7\u00e3o e perman\u00eancia de pessoas armadas ou portando qualquer objeto capaz de colocar em risco a integridade f\u00edsica dos magistrados, servidores e demais usu\u00e1rios, no pr\u00e9dio sede do Tribunal de Justi\u00e7a e seus anexos, bem como nas unidades administrativas e unidades judici\u00e1rias do Poder Judici\u00e1rio do Estado do Maranh\u00e3o.<\/p>\n<p>As exce\u00e7\u00f5es ocorrem para alguns casos, como por exemplo, magistrados e membros do Minist\u00e9rio P\u00fablico devidamente identificados, bem como policial federal, militar, civil, bombeiros militares, agentes penitenci\u00e1rios e guardas municipais, quando a servi\u00e7o de suas institui\u00e7\u00f5es no \u00e2mbito do Poder Judici\u00e1rio Estadual.<\/p>\n<p>Revogada, a portaria perde efeito, mas permanece a regulamenta\u00e7\u00e3o que pro\u00edbe o acesso de pessoas com armas no F\u00f3rum de S\u00e3o Lu\u00eds, j\u00e1 que a regulamenta\u00e7\u00e3o por meio da Resolu\u00e7\u00e3o 27 se d\u00e1 sobre mat\u00e9ria de mesma natureza. \u00c9 importante destacar que essas medidas cabem resguardar a integridade das milhares de pessoas que circulam diariamente nos f\u00f3runs e unidades judiciais do Estado.<\/p>\n<p><strong>Fonte:<\/strong> Corregedoria Geral de Justi\u00e7a<\/p>\n","protected":false},"excerpt":{"rendered":"<p>O juiz Osmar Gomes dos Santos, diretor do F\u00f3rum Desembargador Sarney Costa, em S\u00e3o Lu\u00eds, revogou a portaria na qual [&hellip;]<\/p>\n","protected":false},"author":0,"featured_media":0,"comment_status":"open","ping_status":"open","sticky":false,"template":"","format":"standard","meta":{"site-sidebar-layout":"default","site-content-layout":"","ast-site-content-layout":"default","site-content-style":"default","site-sidebar-style":"default","ast-global-header-display":"","ast-banner-title-visibility":"","ast-main-header-display":"","ast-hfb-above-header-display":"","ast-hfb-below-header-display":"","ast-hfb-mobile-header-display":"","site-post-title":"","ast-breadcrumbs-content":"","ast-featured-img":"","footer-sml-layout":"","ast-disable-related-posts":"","theme-transparent-header-meta":"","adv-header-id-meta":"","stick-header-meta":"","header-above-stick-meta":"","header-main-stick-meta":"","header-below-stick-meta":"","astra-migrate-meta-layouts":"default","ast-page-background-enabled":"default","ast-page-background-meta":{"desktop":{"background-color":"var(--ast-global-color-5)","background-image":"","background-repeat":"repeat","background-position":"center center","background-size":"auto","background-attachment":"scroll","background-type":"","background-media":"","overlay-type":"","overlay-color":"","overlay-opacity":"","overlay-gradient":""},"tablet":{"background-color":"","background-image":"","background-repeat":"repeat","background-position":"center center","background-size":"auto","background-attachment":"scroll","background-type":"","background-media":"","overlay-type":"","overlay-color":"","overlay-opacity":"","overlay-gradient":""},"mobile":{"background-color":"","background-image":"","background-repeat":"repeat","background-position":"center center","background-size":"auto","background-attachment":"scroll","background-type":"","background-media":"","overlay-type":"","overlay-color":"","overlay-opacity":"","overlay-gradient":""}},"ast-content-background-meta":{"desktop":{"background-color":"var(--ast-global-color-4)","background-image":"","background-repeat":"repeat","background-position":"center center","background-size":"auto","background-attachment":"scroll","background-type":"","background-media":"","overlay-type":"","overlay-color":"","overlay-opacity":"","overlay-gradient":""},"tablet":{"background-color":"var(--ast-global-color-4)","background-image":"","background-repeat":"repeat","background-position":"center center","background-size":"auto","background-attachment":"scroll","background-type":"","background-media":"","overlay-type":"","overlay-color":"","overlay-opacity":"","overlay-gradient":""},"mobile":{"background-color":"var(--ast-global-color-4)","background-image":"","background-repeat":"repeat","background-position":"center center","background-size":"auto","background-attachment":"scroll","background-type":"","background-media":"","overlay-type":"","overlay-color":"","overlay-opacity":"","overlay-gradient":""}},"footnotes":""},"categories":[1],"tags":[],"class_list":["post-19157","post","type-post","status-publish","format-standard","hentry","category-sem-categoria"],"yoast_head":"<!-- This site is optimized with the Yoast SEO plugin v26.6 - https:\/\/yoast.com\/wordpress\/plugins\/seo\/ -->\n<title>Revogada portaria que pro\u00edbe entrada de pessoas armadas no F\u00f3rum de S\u00e3o Lu\u00eds - Daniel Matos<\/title>\n<meta name=\"robots\" content=\"index, follow, max-snippet:-1, max-image-preview:large, max-video-preview:-1\" \/>\n<link rel=\"canonical\" href=\"https:\/\/www.blogsoestado.com\/danielmatos\/revogada-portaria-que-proibe-entrada-de-pessoas-armadas-no-forum-de-sao-luis\/\" \/>\n<meta property=\"og:locale\" content=\"pt_BR\" \/>\n<meta property=\"og:type\" content=\"article\" \/>\n<meta property=\"og:title\" content=\"Revogada portaria que pro\u00edbe entrada de pessoas armadas no F\u00f3rum de S\u00e3o Lu\u00eds - Daniel Matos\" \/>\n<meta property=\"og:description\" content=\"O juiz Osmar Gomes dos Santos, diretor do F\u00f3rum Desembargador Sarney Costa, em S\u00e3o Lu\u00eds, revogou a portaria na qual [&hellip;]\" \/>\n<meta property=\"og:url\" content=\"https:\/\/www.blogsoestado.com\/danielmatos\/revogada-portaria-que-proibe-entrada-de-pessoas-armadas-no-forum-de-sao-luis\/\" \/>\n<meta property=\"og:site_name\" content=\"Daniel Matos\" \/>\n<meta property=\"article:published_time\" content=\"2014-09-10T19:20:58+00:00\" \/>\n<meta name=\"twitter:card\" content=\"summary_large_image\" \/>\n<meta name=\"twitter:label1\" content=\"Est. tempo de leitura\" \/>\n\t<meta name=\"twitter:data1\" content=\"2 minutos\" \/>\n<script type=\"application\/ld+json\" class=\"yoast-schema-graph\">{\"@context\":\"https:\/\/schema.org\",\"@graph\":[{\"@type\":\"WebPage\",\"@id\":\"https:\/\/www.blogsoestado.com\/danielmatos\/revogada-portaria-que-proibe-entrada-de-pessoas-armadas-no-forum-de-sao-luis\/\",\"url\":\"https:\/\/www.blogsoestado.com\/danielmatos\/revogada-portaria-que-proibe-entrada-de-pessoas-armadas-no-forum-de-sao-luis\/\",\"name\":\"Revogada portaria que pro\u00edbe entrada de pessoas armadas no F\u00f3rum de S\u00e3o Lu\u00eds - Daniel Matos\",\"isPartOf\":{\"@id\":\"https:\/\/www.blogsoestado.com\/danielmatos\/#website\"},\"datePublished\":\"2014-09-10T19:20:58+00:00\",\"author\":{\"@id\":\"\"},\"breadcrumb\":{\"@id\":\"https:\/\/www.blogsoestado.com\/danielmatos\/revogada-portaria-que-proibe-entrada-de-pessoas-armadas-no-forum-de-sao-luis\/#breadcrumb\"},\"inLanguage\":\"pt-BR\",\"potentialAction\":[{\"@type\":\"ReadAction\",\"target\":[\"https:\/\/www.blogsoestado.com\/danielmatos\/revogada-portaria-que-proibe-entrada-de-pessoas-armadas-no-forum-de-sao-luis\/\"]}]},{\"@type\":\"BreadcrumbList\",\"@id\":\"https:\/\/www.blogsoestado.com\/danielmatos\/revogada-portaria-que-proibe-entrada-de-pessoas-armadas-no-forum-de-sao-luis\/#breadcrumb\",\"itemListElement\":[{\"@type\":\"ListItem\",\"position\":1,\"name\":\"In\u00edcio\",\"item\":\"https:\/\/www.blogsoestado.com\/danielmatos\/\"},{\"@type\":\"ListItem\",\"position\":2,\"name\":\"Revogada portaria que pro\u00edbe entrada de pessoas armadas no F\u00f3rum de S\u00e3o Lu\u00eds\"}]},{\"@type\":\"WebSite\",\"@id\":\"https:\/\/www.blogsoestado.com\/danielmatos\/#website\",\"url\":\"https:\/\/www.blogsoestado.com\/danielmatos\/\",\"name\":\"Daniel Matos\",\"description\":\"\",\"potentialAction\":[{\"@type\":\"SearchAction\",\"target\":{\"@type\":\"EntryPoint\",\"urlTemplate\":\"https:\/\/www.blogsoestado.com\/danielmatos\/?s={search_term_string}\"},\"query-input\":{\"@type\":\"PropertyValueSpecification\",\"valueRequired\":true,\"valueName\":\"search_term_string\"}}],\"inLanguage\":\"pt-BR\"}]}<\/script>\n<!-- \/ Yoast SEO plugin. -->","yoast_head_json":{"title":"Revogada portaria que pro\u00edbe entrada de pessoas armadas no F\u00f3rum de S\u00e3o Lu\u00eds - Daniel Matos","robots":{"index":"index","follow":"follow","max-snippet":"max-snippet:-1","max-image-preview":"max-image-preview:large","max-video-preview":"max-video-preview:-1"},"canonical":"https:\/\/www.blogsoestado.com\/danielmatos\/revogada-portaria-que-proibe-entrada-de-pessoas-armadas-no-forum-de-sao-luis\/","og_locale":"pt_BR","og_type":"article","og_title":"Revogada portaria que pro\u00edbe entrada de pessoas armadas no F\u00f3rum de S\u00e3o Lu\u00eds - Daniel Matos","og_description":"O juiz Osmar Gomes dos Santos, diretor do F\u00f3rum Desembargador Sarney Costa, em S\u00e3o Lu\u00eds, revogou a portaria na qual [&hellip;]","og_url":"https:\/\/www.blogsoestado.com\/danielmatos\/revogada-portaria-que-proibe-entrada-de-pessoas-armadas-no-forum-de-sao-luis\/","og_site_name":"Daniel Matos","article_published_time":"2014-09-10T19:20:58+00:00","twitter_card":"summary_large_image","twitter_misc":{"Est. tempo de leitura":"2 minutos"},"schema":{"@context":"https:\/\/schema.org","@graph":[{"@type":"WebPage","@id":"https:\/\/www.blogsoestado.com\/danielmatos\/revogada-portaria-que-proibe-entrada-de-pessoas-armadas-no-forum-de-sao-luis\/","url":"https:\/\/www.blogsoestado.com\/danielmatos\/revogada-portaria-que-proibe-entrada-de-pessoas-armadas-no-forum-de-sao-luis\/","name":"Revogada portaria que pro\u00edbe entrada de pessoas armadas no F\u00f3rum de S\u00e3o Lu\u00eds - Daniel Matos","isPartOf":{"@id":"https:\/\/www.blogsoestado.com\/danielmatos\/#website"},"datePublished":"2014-09-10T19:20:58+00:00","author":{"@id":""},"breadcrumb":{"@id":"https:\/\/www.blogsoestado.com\/danielmatos\/revogada-portaria-que-proibe-entrada-de-pessoas-armadas-no-forum-de-sao-luis\/#breadcrumb"},"inLanguage":"pt-BR","potentialAction":[{"@type":"ReadAction","target":["https:\/\/www.blogsoestado.com\/danielmatos\/revogada-portaria-que-proibe-entrada-de-pessoas-armadas-no-forum-de-sao-luis\/"]}]},{"@type":"BreadcrumbList","@id":"https:\/\/www.blogsoestado.com\/danielmatos\/revogada-portaria-que-proibe-entrada-de-pessoas-armadas-no-forum-de-sao-luis\/#breadcrumb","itemListElement":[{"@type":"ListItem","position":1,"name":"In\u00edcio","item":"https:\/\/www.blogsoestado.com\/danielmatos\/"},{"@type":"ListItem","position":2,"name":"Revogada portaria que pro\u00edbe entrada de pessoas armadas no F\u00f3rum de S\u00e3o Lu\u00eds"}]},{"@type":"WebSite","@id":"https:\/\/www.blogsoestado.com\/danielmatos\/#website","url":"https:\/\/www.blogsoestado.com\/danielmatos\/","name":"Daniel Matos","description":"","potentialAction":[{"@type":"SearchAction","target":{"@type":"EntryPoint","urlTemplate":"https:\/\/www.blogsoestado.com\/danielmatos\/?s={search_term_string}"},"query-input":{"@type":"PropertyValueSpecification","valueRequired":true,"valueName":"search_term_string"}}],"inLanguage":"pt-BR"}]}},"jetpack_featured_media_url":"","_links":{"self":[{"href":"https:\/\/www.blogsoestado.com\/danielmatos\/wp-json\/wp\/v2\/posts\/19157","targetHints":{"allow":["GET"]}}],"collection":[{"href":"https:\/\/www.blogsoestado.com\/danielmatos\/wp-json\/wp\/v2\/posts"}],"about":[{"href":"https:\/\/www.blogsoestado.com\/danielmatos\/wp-json\/wp\/v2\/types\/post"}],"replies":[{"embeddable":true,"href":"https:\/\/www.blogsoestado.com\/danielmatos\/wp-json\/wp\/v2\/comments?post=19157"}],"version-history":[{"count":0,"href":"https:\/\/www.blogsoestado.com\/danielmatos\/wp-json\/wp\/v2\/posts\/19157\/revisions"}],"wp:attachment":[{"href":"https:\/\/www.blogsoestado.com\/danielmatos\/wp-json\/wp\/v2\/media?parent=19157"}],"wp:term":[{"taxonomy":"category","embeddable":true,"href":"https:\/\/www.blogsoestado.com\/danielmatos\/wp-json\/wp\/v2\/categories?post=19157"},{"taxonomy":"post_tag","embeddable":true,"href":"https:\/\/www.blogsoestado.com\/danielmatos\/wp-json\/wp\/v2\/tags?post=19157"}],"curies":[{"name":"wp","href":"https:\/\/api.w.org\/{rel}","templated":true}]}}