{"id":19167,"date":"2014-09-11T08:44:28","date_gmt":"2014-09-11T11:44:28","guid":{"rendered":"https:\/\/www.blogsoestado.com\/danielmatos\/?p=19167"},"modified":"2014-09-11T08:44:28","modified_gmt":"2014-09-11T11:44:28","slug":"catadores-de-materiais-reciclaveis-participam-de-oficina-em-paco-do-lumiar","status":"publish","type":"post","link":"https:\/\/www.blogsoestado.com\/danielmatos\/catadores-de-materiais-reciclaveis-participam-de-oficina-em-paco-do-lumiar\/","title":{"rendered":"Catadores de materiais recicl\u00e1veis participam de oficina em Pa\u00e7o do Lumiar"},"content":{"rendered":"<figure id=\"attachment_19168\" aria-describedby=\"caption-attachment-19168\" style=\"width: 640px\" class=\"wp-caption aligncenter\"><a href=\"https:\/\/www.blogsoestado.com\/danielmatos\/files\/2014\/09\/pa\u00e7o-catadores.jpg\"><img fetchpriority=\"high\" decoding=\"async\" class=\"size-full wp-image-19168\" src=\"https:\/\/www.blogsoestado.com\/danielmatos\/files\/2014\/09\/pa\u00e7o-catadores.jpg\" alt=\"A oficina de capacita\u00e7\u00e3o auxilia os catadores na transi\u00e7\u00e3o para a nova pol\u00edtica de res\u00edduos s\u00f3lidos\" width=\"640\" height=\"427\" \/><\/a><figcaption id=\"caption-attachment-19168\" class=\"wp-caption-text\">A oficina de capacita\u00e7\u00e3o auxilia os catadores na transi\u00e7\u00e3o para a nova pol\u00edtica de res\u00edduos s\u00f3lidos<\/figcaption><\/figure>\n<p>Com o tema \u201cRecuperando vidas, reintegrando cidadania\u201d, foi realizada, em Pa\u00e7o do Lumiar, nos dias 9 e 10, a oficina do projeto Pr\u00f3-catadores. A iniciativa, que tem como fun\u00e7\u00e3o apresentar o projeto, \u00e9 da Secretaria de Estado do Trabalho e da Economia Solid\u00e1ria \u2013 Setres, com o apoio da Prefeitura Municipal, por meio da Coordena\u00e7\u00e3o de Meio Ambiente e da Secretaria de Desenvolvimento Social.<\/p>\n<p>Durante os dois dias do evento, os catadores de materiais recicl\u00e1veis do munic\u00edpio, que participaram da oficina, foram capacitados e sensibilizados para a regulariza\u00e7\u00e3o e formaliza\u00e7\u00e3o da atividade econ\u00f4mica que desenvolvem.<\/p>\n<p>O projeto foi pensado para auxiliar este momento de transi\u00e7\u00e3o para a nova Pol\u00edtica Nacional dos Res\u00edduos S\u00f3lidos, criada pela Lei Federal n\u00ba 12.305. A lei determinou o fechamento de todos os lix\u00f5es e aterros sanit\u00e1rios do pa\u00eds.<\/p>\n<p>A coordenadora de Economia Solidaria da Setres e t\u00e9cnica respons\u00e1vel pelo Pr\u00f3-Catador, Mariana Nascimento, explicou que diante do que determina a lei, a inten\u00e7\u00e3o da oficina \u00e9 facilitar a inclus\u00e3o produtiva dos catadores e plantar a semente da coleta seletiva nos munic\u00edpios. \u201cMuitos catadores n\u00e3o t\u00eam conhecimento da legisla\u00e7\u00e3o, eles precisam entender que o lugar do catador n\u00e3o \u00e9 no lix\u00e3o, mas na coleta seletiva, \u00e9 destinando esses res\u00edduos para a reciclagem. O que \u00e9 para ir para o aterro sanit\u00e1rio \u00e9 apenas o que n\u00e3o tem mais aproveitamento\u201d, ressaltou.<\/p>\n<p>O catador de lixo, Jos\u00e9 de Ribamar Cabral, participou dos dois dias da capacita\u00e7\u00e3o e contou que h\u00e1 15 anos trabalha no lix\u00e3o do Igua\u00edba e v\u00ea com esperan\u00e7a essa iniciativa. \u201cMeu trabalho \u00e9 catar, separar e vender, d\u00e1 pra tirar um dinheirinho. Mas aqui a gente aprendeu que o trabalho tem muito mais coisa, n\u00e3o \u00e9 s\u00f3 isso. Eu vim aqui com esperan\u00e7a, porque se \u00e9 para melhorar a gente tem que estar presente\u201d, ressaltou.<\/p>\n<p>Fabio Moraes, que trabalha na Associa\u00e7\u00e3o de Mulheres de Pa\u00e7o do Lumiar, com reaproveitamento de materiais para a confec\u00e7\u00e3o de artesanato, acredita que o projeto Pr\u00f3-catador \u00e9 uma forma de organizar o trabalho. \u201cEu fa\u00e7o pe\u00e7as como pufes e porta-trecos usando pneu, acredito que com o projeto vai ser ainda melhor para organizar o nosso trabalho, al\u00e9m de dar mais visibilidade ao que a gente produz\u201d.<\/p>\n<p>Al\u00e9m dos catadores de material reciclado, participaram da oficina as secretarias de Desenvolvimento social, Seguran\u00e7a Alimentar, Meio Ambiente de Pa\u00e7o do Lumiar e \u00f3rg\u00e3os e associa\u00e7\u00f5es ligadas ao setor.<\/p>\n<p><strong>Audi\u00eancia P\u00fablica<\/strong><\/p>\n<p>O coordenador de Meio Ambiente de Pa\u00e7o do Lumiar, Ronald Abreu, fez uma palestra no segundo dia da oficina. Ele destacou o trabalho que est\u00e1 sendo feito no munic\u00edpio para resolver a quest\u00e3o dos res\u00edduos s\u00f3lidos e destacou a audi\u00eancia p\u00fablica do Plano Municipal de Res\u00edduos S\u00f3lidos, que acontece no pr\u00f3ximo dia 15, no Maiob\u00e3o. \u201cA audi\u00eancia p\u00fablica \u00e9 o \u00faltimo processo para a aprova\u00e7\u00e3o do plano e adequa\u00e7\u00e3o dele \u00e0 realidade do munic\u00edpio. Esse \u00e9 o momento da popula\u00e7\u00e3o propor emendas ao plano. Depois da audi\u00eancia o plano vai para vota\u00e7\u00e3o na C\u00e2mara de Vereadores\u201d.<\/p>\n<p>De acordo com Ronald, o Plano Municipal de Res\u00edduos S\u00f3lidos de Pa\u00e7o do Lumiar compreende 5 aspectos: Compreender o sistema de coleta gera\u00e7\u00e3o de res\u00edduos dentro de pa\u00e7o; Apresentar uma perspectiva para reduzir o lixo; Apresentar perspectiva de cria\u00e7\u00e3o de aterro sanit\u00e1rio; Organizar os catadores em cooperativa; e Desenhar uma pol\u00edtica de educa\u00e7\u00e3o ambiental na escola.<\/p>\n","protected":false},"excerpt":{"rendered":"<p>Com o tema \u201cRecuperando vidas, reintegrando cidadania\u201d, foi realizada, em Pa\u00e7o do Lumiar, nos dias 9 e 10, a oficina [&hellip;]<\/p>\n","protected":false},"author":0,"featured_media":0,"comment_status":"open","ping_status":"open","sticky":false,"template":"","format":"standard","meta":{"site-sidebar-layout":"default","site-content-layout":"","ast-site-content-layout":"default","site-content-style":"default","site-sidebar-style":"default","ast-global-header-display":"","ast-banner-title-visibility":"","ast-main-header-display":"","ast-hfb-above-header-display":"","ast-hfb-below-header-display":"","ast-hfb-mobile-header-display":"","site-post-title":"","ast-breadcrumbs-content":"","ast-featured-img":"","footer-sml-layout":"","ast-disable-related-posts":"","theme-transparent-header-meta":"","adv-header-id-meta":"","stick-header-meta":"","header-above-stick-meta":"","header-main-stick-meta":"","header-below-stick-meta":"","astra-migrate-meta-layouts":"default","ast-page-background-enabled":"default","ast-page-background-meta":{"desktop":{"background-color":"var(--ast-global-color-5)","background-image":"","background-repeat":"repeat","background-position":"center center","background-size":"auto","background-attachment":"scroll","background-type":"","background-media":"","overlay-type":"","overlay-color":"","overlay-opacity":"","overlay-gradient":""},"tablet":{"background-color":"","background-image":"","background-repeat":"repeat","background-position":"center center","background-size":"auto","background-attachment":"scroll","background-type":"","background-media":"","overlay-type":"","overlay-color":"","overlay-opacity":"","overlay-gradient":""},"mobile":{"background-color":"","background-image":"","background-repeat":"repeat","background-position":"center center","background-size":"auto","background-attachment":"scroll","background-type":"","background-media":"","overlay-type":"","overlay-color":"","overlay-opacity":"","overlay-gradient":""}},"ast-content-background-meta":{"desktop":{"background-color":"var(--ast-global-color-4)","background-image":"","background-repeat":"repeat","background-position":"center center","background-size":"auto","background-attachment":"scroll","background-type":"","background-media":"","overlay-type":"","overlay-color":"","overlay-opacity":"","overlay-gradient":""},"tablet":{"background-color":"var(--ast-global-color-4)","background-image":"","background-repeat":"repeat","background-position":"center center","background-size":"auto","background-attachment":"scroll","background-type":"","background-media":"","overlay-type":"","overlay-color":"","overlay-opacity":"","overlay-gradient":""},"mobile":{"background-color":"var(--ast-global-color-4)","background-image":"","background-repeat":"repeat","background-position":"center center","background-size":"auto","background-attachment":"scroll","background-type":"","background-media":"","overlay-type":"","overlay-color":"","overlay-opacity":"","overlay-gradient":""}},"footnotes":""},"categories":[1],"tags":[],"class_list":["post-19167","post","type-post","status-publish","format-standard","hentry","category-sem-categoria"],"yoast_head":"<!-- This site is optimized with the Yoast SEO plugin v26.6 - https:\/\/yoast.com\/wordpress\/plugins\/seo\/ -->\n<title>Catadores de materiais recicl\u00e1veis participam de oficina em Pa\u00e7o do Lumiar - Daniel Matos<\/title>\n<meta name=\"robots\" content=\"index, follow, max-snippet:-1, max-image-preview:large, max-video-preview:-1\" \/>\n<link rel=\"canonical\" href=\"https:\/\/www.blogsoestado.com\/danielmatos\/catadores-de-materiais-reciclaveis-participam-de-oficina-em-paco-do-lumiar\/\" \/>\n<meta property=\"og:locale\" content=\"pt_BR\" \/>\n<meta property=\"og:type\" content=\"article\" \/>\n<meta property=\"og:title\" content=\"Catadores de materiais recicl\u00e1veis participam de oficina em Pa\u00e7o do Lumiar - Daniel Matos\" \/>\n<meta property=\"og:description\" content=\"Com o tema \u201cRecuperando vidas, reintegrando cidadania\u201d, foi realizada, em Pa\u00e7o do Lumiar, nos dias 9 e 10, a oficina [&hellip;]\" \/>\n<meta property=\"og:url\" content=\"https:\/\/www.blogsoestado.com\/danielmatos\/catadores-de-materiais-reciclaveis-participam-de-oficina-em-paco-do-lumiar\/\" \/>\n<meta property=\"og:site_name\" content=\"Daniel Matos\" \/>\n<meta property=\"article:published_time\" content=\"2014-09-11T11:44:28+00:00\" \/>\n<meta name=\"twitter:card\" content=\"summary_large_image\" \/>\n<meta name=\"twitter:label1\" content=\"Est. tempo de leitura\" \/>\n\t<meta name=\"twitter:data1\" content=\"3 minutos\" \/>\n<script type=\"application\/ld+json\" class=\"yoast-schema-graph\">{\"@context\":\"https:\/\/schema.org\",\"@graph\":[{\"@type\":\"WebPage\",\"@id\":\"https:\/\/www.blogsoestado.com\/danielmatos\/catadores-de-materiais-reciclaveis-participam-de-oficina-em-paco-do-lumiar\/\",\"url\":\"https:\/\/www.blogsoestado.com\/danielmatos\/catadores-de-materiais-reciclaveis-participam-de-oficina-em-paco-do-lumiar\/\",\"name\":\"Catadores de materiais recicl\u00e1veis participam de oficina em Pa\u00e7o do Lumiar - Daniel Matos\",\"isPartOf\":{\"@id\":\"https:\/\/www.blogsoestado.com\/danielmatos\/#website\"},\"datePublished\":\"2014-09-11T11:44:28+00:00\",\"author\":{\"@id\":\"\"},\"breadcrumb\":{\"@id\":\"https:\/\/www.blogsoestado.com\/danielmatos\/catadores-de-materiais-reciclaveis-participam-de-oficina-em-paco-do-lumiar\/#breadcrumb\"},\"inLanguage\":\"pt-BR\",\"potentialAction\":[{\"@type\":\"ReadAction\",\"target\":[\"https:\/\/www.blogsoestado.com\/danielmatos\/catadores-de-materiais-reciclaveis-participam-de-oficina-em-paco-do-lumiar\/\"]}]},{\"@type\":\"BreadcrumbList\",\"@id\":\"https:\/\/www.blogsoestado.com\/danielmatos\/catadores-de-materiais-reciclaveis-participam-de-oficina-em-paco-do-lumiar\/#breadcrumb\",\"itemListElement\":[{\"@type\":\"ListItem\",\"position\":1,\"name\":\"In\u00edcio\",\"item\":\"https:\/\/www.blogsoestado.com\/danielmatos\/\"},{\"@type\":\"ListItem\",\"position\":2,\"name\":\"Catadores de materiais recicl\u00e1veis participam de oficina em Pa\u00e7o do Lumiar\"}]},{\"@type\":\"WebSite\",\"@id\":\"https:\/\/www.blogsoestado.com\/danielmatos\/#website\",\"url\":\"https:\/\/www.blogsoestado.com\/danielmatos\/\",\"name\":\"Daniel Matos\",\"description\":\"\",\"potentialAction\":[{\"@type\":\"SearchAction\",\"target\":{\"@type\":\"EntryPoint\",\"urlTemplate\":\"https:\/\/www.blogsoestado.com\/danielmatos\/?s={search_term_string}\"},\"query-input\":{\"@type\":\"PropertyValueSpecification\",\"valueRequired\":true,\"valueName\":\"search_term_string\"}}],\"inLanguage\":\"pt-BR\"}]}<\/script>\n<!-- \/ Yoast SEO plugin. -->","yoast_head_json":{"title":"Catadores de materiais recicl\u00e1veis participam de oficina em Pa\u00e7o do Lumiar - Daniel Matos","robots":{"index":"index","follow":"follow","max-snippet":"max-snippet:-1","max-image-preview":"max-image-preview:large","max-video-preview":"max-video-preview:-1"},"canonical":"https:\/\/www.blogsoestado.com\/danielmatos\/catadores-de-materiais-reciclaveis-participam-de-oficina-em-paco-do-lumiar\/","og_locale":"pt_BR","og_type":"article","og_title":"Catadores de materiais recicl\u00e1veis participam de oficina em Pa\u00e7o do Lumiar - Daniel Matos","og_description":"Com o tema \u201cRecuperando vidas, reintegrando cidadania\u201d, foi realizada, em Pa\u00e7o do Lumiar, nos dias 9 e 10, a oficina [&hellip;]","og_url":"https:\/\/www.blogsoestado.com\/danielmatos\/catadores-de-materiais-reciclaveis-participam-de-oficina-em-paco-do-lumiar\/","og_site_name":"Daniel Matos","article_published_time":"2014-09-11T11:44:28+00:00","twitter_card":"summary_large_image","twitter_misc":{"Est. tempo de leitura":"3 minutos"},"schema":{"@context":"https:\/\/schema.org","@graph":[{"@type":"WebPage","@id":"https:\/\/www.blogsoestado.com\/danielmatos\/catadores-de-materiais-reciclaveis-participam-de-oficina-em-paco-do-lumiar\/","url":"https:\/\/www.blogsoestado.com\/danielmatos\/catadores-de-materiais-reciclaveis-participam-de-oficina-em-paco-do-lumiar\/","name":"Catadores de materiais recicl\u00e1veis participam de oficina em Pa\u00e7o do Lumiar - Daniel Matos","isPartOf":{"@id":"https:\/\/www.blogsoestado.com\/danielmatos\/#website"},"datePublished":"2014-09-11T11:44:28+00:00","author":{"@id":""},"breadcrumb":{"@id":"https:\/\/www.blogsoestado.com\/danielmatos\/catadores-de-materiais-reciclaveis-participam-de-oficina-em-paco-do-lumiar\/#breadcrumb"},"inLanguage":"pt-BR","potentialAction":[{"@type":"ReadAction","target":["https:\/\/www.blogsoestado.com\/danielmatos\/catadores-de-materiais-reciclaveis-participam-de-oficina-em-paco-do-lumiar\/"]}]},{"@type":"BreadcrumbList","@id":"https:\/\/www.blogsoestado.com\/danielmatos\/catadores-de-materiais-reciclaveis-participam-de-oficina-em-paco-do-lumiar\/#breadcrumb","itemListElement":[{"@type":"ListItem","position":1,"name":"In\u00edcio","item":"https:\/\/www.blogsoestado.com\/danielmatos\/"},{"@type":"ListItem","position":2,"name":"Catadores de materiais recicl\u00e1veis participam de oficina em Pa\u00e7o do Lumiar"}]},{"@type":"WebSite","@id":"https:\/\/www.blogsoestado.com\/danielmatos\/#website","url":"https:\/\/www.blogsoestado.com\/danielmatos\/","name":"Daniel Matos","description":"","potentialAction":[{"@type":"SearchAction","target":{"@type":"EntryPoint","urlTemplate":"https:\/\/www.blogsoestado.com\/danielmatos\/?s={search_term_string}"},"query-input":{"@type":"PropertyValueSpecification","valueRequired":true,"valueName":"search_term_string"}}],"inLanguage":"pt-BR"}]}},"jetpack_featured_media_url":"","_links":{"self":[{"href":"https:\/\/www.blogsoestado.com\/danielmatos\/wp-json\/wp\/v2\/posts\/19167","targetHints":{"allow":["GET"]}}],"collection":[{"href":"https:\/\/www.blogsoestado.com\/danielmatos\/wp-json\/wp\/v2\/posts"}],"about":[{"href":"https:\/\/www.blogsoestado.com\/danielmatos\/wp-json\/wp\/v2\/types\/post"}],"replies":[{"embeddable":true,"href":"https:\/\/www.blogsoestado.com\/danielmatos\/wp-json\/wp\/v2\/comments?post=19167"}],"version-history":[{"count":0,"href":"https:\/\/www.blogsoestado.com\/danielmatos\/wp-json\/wp\/v2\/posts\/19167\/revisions"}],"wp:attachment":[{"href":"https:\/\/www.blogsoestado.com\/danielmatos\/wp-json\/wp\/v2\/media?parent=19167"}],"wp:term":[{"taxonomy":"category","embeddable":true,"href":"https:\/\/www.blogsoestado.com\/danielmatos\/wp-json\/wp\/v2\/categories?post=19167"},{"taxonomy":"post_tag","embeddable":true,"href":"https:\/\/www.blogsoestado.com\/danielmatos\/wp-json\/wp\/v2\/tags?post=19167"}],"curies":[{"name":"wp","href":"https:\/\/api.w.org\/{rel}","templated":true}]}}