{"id":19178,"date":"2014-09-11T11:02:36","date_gmt":"2014-09-11T14:02:36","guid":{"rendered":"https:\/\/www.blogsoestado.com\/danielmatos\/?p=19178"},"modified":"2014-09-11T11:02:36","modified_gmt":"2014-09-11T14:02:36","slug":"pedrinhas-apos-fuga-e-tiroteio-agentes-penitenciarios-ameacam-cruzar-os-bracos","status":"publish","type":"post","link":"https:\/\/www.blogsoestado.com\/danielmatos\/pedrinhas-apos-fuga-e-tiroteio-agentes-penitenciarios-ameacam-cruzar-os-bracos\/","title":{"rendered":"Pedrinhas: ap\u00f3s fuga e tiroteio, agentes penitenci\u00e1rios amea\u00e7am cruzar os bra\u00e7os"},"content":{"rendered":"<figure id=\"attachment_19179\" aria-describedby=\"caption-attachment-19179\" style=\"width: 478px\" class=\"wp-caption aligncenter\"><a href=\"https:\/\/www.blogsoestado.com\/danielmatos\/files\/2014\/09\/muro-pedrinhas.jpg\"><img fetchpriority=\"high\" decoding=\"async\" class=\"size-full wp-image-19179\" src=\"https:\/\/www.blogsoestado.com\/danielmatos\/files\/2014\/09\/muro-pedrinhas.jpg\" alt=\"Ca\u00e7amba abriu buraco no muro do CDP, permitindo fuga de seis presos\" width=\"478\" height=\"640\" \/><\/a><figcaption id=\"caption-attachment-19179\" class=\"wp-caption-text\">Ca\u00e7amba abriu buraco no muro do CDP de Pedrinhas, permitindo fuga de seis presos\u00a0da unidade<\/figcaption><\/figure>\n<p>Depois da fuga audaciosa de seis presos do Centro de Deten\u00e7\u00e3o\u00a0Provis\u00f3ria (CDP) de Pedrinhas e do tiroteio que resultou em outros quatro detentos baleados, o Sindicato dos Agentes Penitenci\u00e1rios do Maranh\u00e3o (Sindspen) convocou assembleia geral para discutir as condi\u00e7\u00f5es de trabalho da categoria, o benef\u00edcio da\u00a0aposentadoria especial para a classe e votar a proposta de paralisa\u00e7\u00e3o de advert\u00eancia por 24 horas. A reuni\u00e3o est\u00e1 marcada para hoje, \u00e0s 17h, na sede do Departamento Nacional de Infraestrutura de Transporte (DNIT), na Beira-mar.<\/p>\n<figure id=\"attachment_19180\" aria-describedby=\"caption-attachment-19180\" style=\"width: 640px\" class=\"wp-caption aligncenter\"><a href=\"https:\/\/www.blogsoestado.com\/danielmatos\/files\/2014\/09\/muro-pedrinhas3.jpg\"><img decoding=\"async\" class=\"size-full wp-image-19180\" src=\"https:\/\/www.blogsoestado.com\/danielmatos\/files\/2014\/09\/muro-pedrinhas3.jpg\" alt=\"Dois dos quatro presos baleados por policiais quando tentavam escapar do CDP\" width=\"640\" height=\"360\" \/><\/a><figcaption id=\"caption-attachment-19180\" class=\"wp-caption-text\">Dois dos quatro presos baleados por policiais do Batalh\u00e3o de Choque da PM quando tentavam escapar do CDP<\/figcaption><\/figure>\n<p>A mobiliza\u00e7\u00e3o dos agentes penitenci\u00e1rios tem tudo para\u00a0agravar ainda mais a crise causada pela fuga ousada, ocorrida ontem, por volta das 23h,\u00a0depois que uma ca\u00e7amba roubada por bandidos\u00a0na Cidade Oper\u00e1ria abriu um buraco no muro dos fundos do CDP.\u00a0Para evitar que mais detentos ganhassem a rua,\u00a0policiais do Batalh\u00e3o de Choque da Pol\u00edcia Militar que fazem a seguran\u00e7a\u00a0do pres\u00eddio foram obrigados a abrir fogo, alvejando quatro deles. Todos est\u00e3o internados, recebendo os devidos cuidados m\u00e9dicos.<\/p>\n<figure id=\"attachment_19181\" aria-describedby=\"caption-attachment-19181\" style=\"width: 640px\" class=\"wp-caption aligncenter\"><a href=\"https:\/\/www.blogsoestado.com\/danielmatos\/files\/2014\/09\/muro-pedrinhas2.jpg\"><img decoding=\"async\" class=\"size-full wp-image-19181\" src=\"https:\/\/www.blogsoestado.com\/danielmatos\/files\/2014\/09\/muro-pedrinhas2.jpg\" alt=\"Para impedir mais fugas, policiais do Batalh\u00e3o de Choque foram posicionados pr\u00f3ximo ao muro parcialmente destru\u00eddo\" width=\"640\" height=\"360\" \/><\/a><figcaption id=\"caption-attachment-19181\" class=\"wp-caption-text\">Para impedir mais fugas, policiais do Batalh\u00e3o de Choque foram posicionados pr\u00f3ximo ao muro parcialmente destru\u00eddo<\/figcaption><\/figure>\n<p>Em meio \u00e0 instabilidade gerada pelo epis\u00f3dio,\u00a0cabe questionar ao sindicato o porqu\u00ea\u00a0da decis\u00e3o repentina de convocar a assembleia geral. A mobiliza\u00e7\u00e3o da categoria no exato instante\u00a0em que o\u00a0sistema penitenci\u00e1rio tenta se reorganizar, o que pode piorar ainda mais a situa\u00e7\u00e3o, \u00e9 no m\u00ednimo intrigante.<\/p>\n<p>Qualquer rela\u00e7\u00e3o com\u00a0o atual momento pol\u00edtico pode n\u00e3o ser mera coincid\u00eancia.<\/p>\n","protected":false},"excerpt":{"rendered":"<p>Depois da fuga audaciosa de seis presos do Centro de Deten\u00e7\u00e3o\u00a0Provis\u00f3ria (CDP) de Pedrinhas e do tiroteio que resultou em [&hellip;]<\/p>\n","protected":false},"author":0,"featured_media":0,"comment_status":"open","ping_status":"open","sticky":false,"template":"","format":"standard","meta":{"site-sidebar-layout":"default","site-content-layout":"","ast-site-content-layout":"default","site-content-style":"default","site-sidebar-style":"default","ast-global-header-display":"","ast-banner-title-visibility":"","ast-main-header-display":"","ast-hfb-above-header-display":"","ast-hfb-below-header-display":"","ast-hfb-mobile-header-display":"","site-post-title":"","ast-breadcrumbs-content":"","ast-featured-img":"","footer-sml-layout":"","ast-disable-related-posts":"","theme-transparent-header-meta":"","adv-header-id-meta":"","stick-header-meta":"","header-above-stick-meta":"","header-main-stick-meta":"","header-below-stick-meta":"","astra-migrate-meta-layouts":"default","ast-page-background-enabled":"default","ast-page-background-meta":{"desktop":{"background-color":"var(--ast-global-color-5)","background-image":"","background-repeat":"repeat","background-position":"center center","background-size":"auto","background-attachment":"scroll","background-type":"","background-media":"","overlay-type":"","overlay-color":"","overlay-opacity":"","overlay-gradient":""},"tablet":{"background-color":"","background-image":"","background-repeat":"repeat","background-position":"center center","background-size":"auto","background-attachment":"scroll","background-type":"","background-media":"","overlay-type":"","overlay-color":"","overlay-opacity":"","overlay-gradient":""},"mobile":{"background-color":"","background-image":"","background-repeat":"repeat","background-position":"center center","background-size":"auto","background-attachment":"scroll","background-type":"","background-media":"","overlay-type":"","overlay-color":"","overlay-opacity":"","overlay-gradient":""}},"ast-content-background-meta":{"desktop":{"background-color":"var(--ast-global-color-4)","background-image":"","background-repeat":"repeat","background-position":"center center","background-size":"auto","background-attachment":"scroll","background-type":"","background-media":"","overlay-type":"","overlay-color":"","overlay-opacity":"","overlay-gradient":""},"tablet":{"background-color":"var(--ast-global-color-4)","background-image":"","background-repeat":"repeat","background-position":"center center","background-size":"auto","background-attachment":"scroll","background-type":"","background-media":"","overlay-type":"","overlay-color":"","overlay-opacity":"","overlay-gradient":""},"mobile":{"background-color":"var(--ast-global-color-4)","background-image":"","background-repeat":"repeat","background-position":"center center","background-size":"auto","background-attachment":"scroll","background-type":"","background-media":"","overlay-type":"","overlay-color":"","overlay-opacity":"","overlay-gradient":""}},"footnotes":""},"categories":[1],"tags":[],"class_list":["post-19178","post","type-post","status-publish","format-standard","hentry","category-sem-categoria"],"yoast_head":"<!-- This site is optimized with the Yoast SEO plugin v26.6 - https:\/\/yoast.com\/wordpress\/plugins\/seo\/ -->\n<title>Pedrinhas: ap\u00f3s fuga e tiroteio, agentes penitenci\u00e1rios amea\u00e7am cruzar os bra\u00e7os - Daniel Matos<\/title>\n<meta name=\"robots\" content=\"index, follow, max-snippet:-1, max-image-preview:large, max-video-preview:-1\" \/>\n<link rel=\"canonical\" href=\"https:\/\/www.blogsoestado.com\/danielmatos\/pedrinhas-apos-fuga-e-tiroteio-agentes-penitenciarios-ameacam-cruzar-os-bracos\/\" \/>\n<meta property=\"og:locale\" content=\"pt_BR\" \/>\n<meta property=\"og:type\" content=\"article\" \/>\n<meta property=\"og:title\" content=\"Pedrinhas: ap\u00f3s fuga e tiroteio, agentes penitenci\u00e1rios amea\u00e7am cruzar os bra\u00e7os - Daniel Matos\" \/>\n<meta property=\"og:description\" content=\"Depois da fuga audaciosa de seis presos do Centro de Deten\u00e7\u00e3o\u00a0Provis\u00f3ria (CDP) de Pedrinhas e do tiroteio que resultou em [&hellip;]\" \/>\n<meta property=\"og:url\" content=\"https:\/\/www.blogsoestado.com\/danielmatos\/pedrinhas-apos-fuga-e-tiroteio-agentes-penitenciarios-ameacam-cruzar-os-bracos\/\" \/>\n<meta property=\"og:site_name\" content=\"Daniel Matos\" \/>\n<meta property=\"article:published_time\" content=\"2014-09-11T14:02:36+00:00\" \/>\n<meta property=\"og:image\" content=\"https:\/\/www.blogsoestado.com\/danielmatos\/files\/2014\/09\/muro-pedrinhas.jpg\" \/>\n<meta name=\"twitter:card\" content=\"summary_large_image\" \/>\n<meta name=\"twitter:label1\" content=\"Est. tempo de leitura\" \/>\n\t<meta name=\"twitter:data1\" content=\"2 minutos\" \/>\n<script type=\"application\/ld+json\" class=\"yoast-schema-graph\">{\"@context\":\"https:\/\/schema.org\",\"@graph\":[{\"@type\":\"WebPage\",\"@id\":\"https:\/\/www.blogsoestado.com\/danielmatos\/pedrinhas-apos-fuga-e-tiroteio-agentes-penitenciarios-ameacam-cruzar-os-bracos\/\",\"url\":\"https:\/\/www.blogsoestado.com\/danielmatos\/pedrinhas-apos-fuga-e-tiroteio-agentes-penitenciarios-ameacam-cruzar-os-bracos\/\",\"name\":\"Pedrinhas: ap\u00f3s fuga e tiroteio, agentes penitenci\u00e1rios amea\u00e7am cruzar os bra\u00e7os - Daniel Matos\",\"isPartOf\":{\"@id\":\"https:\/\/www.blogsoestado.com\/danielmatos\/#website\"},\"primaryImageOfPage\":{\"@id\":\"https:\/\/www.blogsoestado.com\/danielmatos\/pedrinhas-apos-fuga-e-tiroteio-agentes-penitenciarios-ameacam-cruzar-os-bracos\/#primaryimage\"},\"image\":{\"@id\":\"https:\/\/www.blogsoestado.com\/danielmatos\/pedrinhas-apos-fuga-e-tiroteio-agentes-penitenciarios-ameacam-cruzar-os-bracos\/#primaryimage\"},\"thumbnailUrl\":\"https:\/\/www.blogsoestado.com\/danielmatos\/files\/2014\/09\/muro-pedrinhas.jpg\",\"datePublished\":\"2014-09-11T14:02:36+00:00\",\"author\":{\"@id\":\"\"},\"breadcrumb\":{\"@id\":\"https:\/\/www.blogsoestado.com\/danielmatos\/pedrinhas-apos-fuga-e-tiroteio-agentes-penitenciarios-ameacam-cruzar-os-bracos\/#breadcrumb\"},\"inLanguage\":\"pt-BR\",\"potentialAction\":[{\"@type\":\"ReadAction\",\"target\":[\"https:\/\/www.blogsoestado.com\/danielmatos\/pedrinhas-apos-fuga-e-tiroteio-agentes-penitenciarios-ameacam-cruzar-os-bracos\/\"]}]},{\"@type\":\"ImageObject\",\"inLanguage\":\"pt-BR\",\"@id\":\"https:\/\/www.blogsoestado.com\/danielmatos\/pedrinhas-apos-fuga-e-tiroteio-agentes-penitenciarios-ameacam-cruzar-os-bracos\/#primaryimage\",\"url\":\"https:\/\/www.blogsoestado.com\/danielmatos\/files\/2014\/09\/muro-pedrinhas.jpg\",\"contentUrl\":\"https:\/\/www.blogsoestado.com\/danielmatos\/files\/2014\/09\/muro-pedrinhas.jpg\"},{\"@type\":\"BreadcrumbList\",\"@id\":\"https:\/\/www.blogsoestado.com\/danielmatos\/pedrinhas-apos-fuga-e-tiroteio-agentes-penitenciarios-ameacam-cruzar-os-bracos\/#breadcrumb\",\"itemListElement\":[{\"@type\":\"ListItem\",\"position\":1,\"name\":\"In\u00edcio\",\"item\":\"https:\/\/www.blogsoestado.com\/danielmatos\/\"},{\"@type\":\"ListItem\",\"position\":2,\"name\":\"Pedrinhas: ap\u00f3s fuga e tiroteio, agentes penitenci\u00e1rios amea\u00e7am cruzar os bra\u00e7os\"}]},{\"@type\":\"WebSite\",\"@id\":\"https:\/\/www.blogsoestado.com\/danielmatos\/#website\",\"url\":\"https:\/\/www.blogsoestado.com\/danielmatos\/\",\"name\":\"Daniel Matos\",\"description\":\"\",\"potentialAction\":[{\"@type\":\"SearchAction\",\"target\":{\"@type\":\"EntryPoint\",\"urlTemplate\":\"https:\/\/www.blogsoestado.com\/danielmatos\/?s={search_term_string}\"},\"query-input\":{\"@type\":\"PropertyValueSpecification\",\"valueRequired\":true,\"valueName\":\"search_term_string\"}}],\"inLanguage\":\"pt-BR\"}]}<\/script>\n<!-- \/ Yoast SEO plugin. -->","yoast_head_json":{"title":"Pedrinhas: ap\u00f3s fuga e tiroteio, agentes penitenci\u00e1rios amea\u00e7am cruzar os bra\u00e7os - Daniel Matos","robots":{"index":"index","follow":"follow","max-snippet":"max-snippet:-1","max-image-preview":"max-image-preview:large","max-video-preview":"max-video-preview:-1"},"canonical":"https:\/\/www.blogsoestado.com\/danielmatos\/pedrinhas-apos-fuga-e-tiroteio-agentes-penitenciarios-ameacam-cruzar-os-bracos\/","og_locale":"pt_BR","og_type":"article","og_title":"Pedrinhas: ap\u00f3s fuga e tiroteio, agentes penitenci\u00e1rios amea\u00e7am cruzar os bra\u00e7os - Daniel Matos","og_description":"Depois da fuga audaciosa de seis presos do Centro de Deten\u00e7\u00e3o\u00a0Provis\u00f3ria (CDP) de Pedrinhas e do tiroteio que resultou em [&hellip;]","og_url":"https:\/\/www.blogsoestado.com\/danielmatos\/pedrinhas-apos-fuga-e-tiroteio-agentes-penitenciarios-ameacam-cruzar-os-bracos\/","og_site_name":"Daniel Matos","article_published_time":"2014-09-11T14:02:36+00:00","og_image":[{"url":"https:\/\/www.blogsoestado.com\/danielmatos\/files\/2014\/09\/muro-pedrinhas.jpg","type":"","width":"","height":""}],"twitter_card":"summary_large_image","twitter_misc":{"Est. tempo de leitura":"2 minutos"},"schema":{"@context":"https:\/\/schema.org","@graph":[{"@type":"WebPage","@id":"https:\/\/www.blogsoestado.com\/danielmatos\/pedrinhas-apos-fuga-e-tiroteio-agentes-penitenciarios-ameacam-cruzar-os-bracos\/","url":"https:\/\/www.blogsoestado.com\/danielmatos\/pedrinhas-apos-fuga-e-tiroteio-agentes-penitenciarios-ameacam-cruzar-os-bracos\/","name":"Pedrinhas: ap\u00f3s fuga e tiroteio, agentes penitenci\u00e1rios amea\u00e7am cruzar os bra\u00e7os - Daniel Matos","isPartOf":{"@id":"https:\/\/www.blogsoestado.com\/danielmatos\/#website"},"primaryImageOfPage":{"@id":"https:\/\/www.blogsoestado.com\/danielmatos\/pedrinhas-apos-fuga-e-tiroteio-agentes-penitenciarios-ameacam-cruzar-os-bracos\/#primaryimage"},"image":{"@id":"https:\/\/www.blogsoestado.com\/danielmatos\/pedrinhas-apos-fuga-e-tiroteio-agentes-penitenciarios-ameacam-cruzar-os-bracos\/#primaryimage"},"thumbnailUrl":"https:\/\/www.blogsoestado.com\/danielmatos\/files\/2014\/09\/muro-pedrinhas.jpg","datePublished":"2014-09-11T14:02:36+00:00","author":{"@id":""},"breadcrumb":{"@id":"https:\/\/www.blogsoestado.com\/danielmatos\/pedrinhas-apos-fuga-e-tiroteio-agentes-penitenciarios-ameacam-cruzar-os-bracos\/#breadcrumb"},"inLanguage":"pt-BR","potentialAction":[{"@type":"ReadAction","target":["https:\/\/www.blogsoestado.com\/danielmatos\/pedrinhas-apos-fuga-e-tiroteio-agentes-penitenciarios-ameacam-cruzar-os-bracos\/"]}]},{"@type":"ImageObject","inLanguage":"pt-BR","@id":"https:\/\/www.blogsoestado.com\/danielmatos\/pedrinhas-apos-fuga-e-tiroteio-agentes-penitenciarios-ameacam-cruzar-os-bracos\/#primaryimage","url":"https:\/\/www.blogsoestado.com\/danielmatos\/files\/2014\/09\/muro-pedrinhas.jpg","contentUrl":"https:\/\/www.blogsoestado.com\/danielmatos\/files\/2014\/09\/muro-pedrinhas.jpg"},{"@type":"BreadcrumbList","@id":"https:\/\/www.blogsoestado.com\/danielmatos\/pedrinhas-apos-fuga-e-tiroteio-agentes-penitenciarios-ameacam-cruzar-os-bracos\/#breadcrumb","itemListElement":[{"@type":"ListItem","position":1,"name":"In\u00edcio","item":"https:\/\/www.blogsoestado.com\/danielmatos\/"},{"@type":"ListItem","position":2,"name":"Pedrinhas: ap\u00f3s fuga e tiroteio, agentes penitenci\u00e1rios amea\u00e7am cruzar os bra\u00e7os"}]},{"@type":"WebSite","@id":"https:\/\/www.blogsoestado.com\/danielmatos\/#website","url":"https:\/\/www.blogsoestado.com\/danielmatos\/","name":"Daniel Matos","description":"","potentialAction":[{"@type":"SearchAction","target":{"@type":"EntryPoint","urlTemplate":"https:\/\/www.blogsoestado.com\/danielmatos\/?s={search_term_string}"},"query-input":{"@type":"PropertyValueSpecification","valueRequired":true,"valueName":"search_term_string"}}],"inLanguage":"pt-BR"}]}},"jetpack_featured_media_url":"","_links":{"self":[{"href":"https:\/\/www.blogsoestado.com\/danielmatos\/wp-json\/wp\/v2\/posts\/19178","targetHints":{"allow":["GET"]}}],"collection":[{"href":"https:\/\/www.blogsoestado.com\/danielmatos\/wp-json\/wp\/v2\/posts"}],"about":[{"href":"https:\/\/www.blogsoestado.com\/danielmatos\/wp-json\/wp\/v2\/types\/post"}],"replies":[{"embeddable":true,"href":"https:\/\/www.blogsoestado.com\/danielmatos\/wp-json\/wp\/v2\/comments?post=19178"}],"version-history":[{"count":0,"href":"https:\/\/www.blogsoestado.com\/danielmatos\/wp-json\/wp\/v2\/posts\/19178\/revisions"}],"wp:attachment":[{"href":"https:\/\/www.blogsoestado.com\/danielmatos\/wp-json\/wp\/v2\/media?parent=19178"}],"wp:term":[{"taxonomy":"category","embeddable":true,"href":"https:\/\/www.blogsoestado.com\/danielmatos\/wp-json\/wp\/v2\/categories?post=19178"},{"taxonomy":"post_tag","embeddable":true,"href":"https:\/\/www.blogsoestado.com\/danielmatos\/wp-json\/wp\/v2\/tags?post=19178"}],"curies":[{"name":"wp","href":"https:\/\/api.w.org\/{rel}","templated":true}]}}