{"id":19188,"date":"2014-09-11T15:16:17","date_gmt":"2014-09-11T18:16:17","guid":{"rendered":"https:\/\/www.blogsoestado.com\/danielmatos\/?p=19188"},"modified":"2014-09-11T15:16:17","modified_gmt":"2014-09-11T18:16:17","slug":"tse-indefere-candidatura-de-hemeterio-weba","status":"publish","type":"post","link":"https:\/\/www.blogsoestado.com\/danielmatos\/tse-indefere-candidatura-de-hemeterio-weba\/","title":{"rendered":"TSE indefere candidatura de Hemet\u00e9rio Weba"},"content":{"rendered":"<figure id=\"attachment_19189\" aria-describedby=\"caption-attachment-19189\" style=\"width: 410px\" class=\"wp-caption alignright\"><a href=\"https:\/\/www.blogsoestado.com\/danielmatos\/files\/2014\/09\/hemeterio2.jpg\"><img fetchpriority=\"high\" decoding=\"async\" class=\"size-full wp-image-19189\" src=\"https:\/\/www.blogsoestado.com\/danielmatos\/files\/2014\/09\/hemeterio2.jpg\" alt=\"Recurso da Procuradoria Regional Eleitoral contra Hemet\u00e9rio Weba modificou decis\u00e3o do TRE-MA\" width=\"410\" height=\"336\" \/><\/a><figcaption id=\"caption-attachment-19189\" class=\"wp-caption-text\">Recurso da Procuradoria Regional Eleitoral contra Hemet\u00e9rio Weba modificou decis\u00e3o do TRE-MA<\/figcaption><\/figure>\n<p>O Tribunal Superior Eleitoral (TSE) acolheu recurso do Minist\u00e9rio P\u00fablico Eleitoral (MPE) e reformou decis\u00e3o do Tribunal Regional Eleitoral do Maranh\u00e3o, indeferindo o registro de candidatura de Hemet\u00e9rio Weba Filho ao cargo de deputado estadual nas Elei\u00e7\u00f5es de 2014.<\/p>\n<p>O MPE, por meio do procurador regional eleitoral R\u00e9gis Richael Primo da Silva, apresentou a\u00e7\u00e3o de impugna\u00e7\u00e3o de registro de candidatura de Hemet\u00e9rio Weba pelo fato de quando prefeito de Nova Olinda e na qualidade de ordenador de despesas teve suas contas de 2006 rejeitadas pelo Tribunal de Contas do Estado do Maranh\u00e3o (TCE\/MA), principalmente por n\u00e3o haver realizado procedimento licitat\u00f3rio.<\/p>\n<p>Contudo, o Tribunal Regional Eleitoral no Maranh\u00e3o (TRE-MA) n\u00e3o acolheu o pedido do MPE, com o fundamento de que a decis\u00e3o do TCE apenas prevaleceria ap\u00f3s posterior ratifica\u00e7\u00e3o da C\u00e2mara de Vereadores, o que ainda n\u00e3o teria ocorrido.<\/p>\n<p><strong>Lei da Ficha Limpa<\/strong><\/p>\n<p>Discordando da decis\u00e3o do TRE-MA, o MPE recorreu ao TSE que indeferiu o registro de candidatura de Hemet\u00e9rio Weba com base da altera\u00e7\u00e3o advinda da Lei da Ficha Limpa.<\/p>\n<p>Para o procurador eleitoral auxiliar Juraci Guimaraes J\u00fanior, \u201cno Brasil a pessoa comum que atrasa no pagamento de suas contas e tem seu nome inscrito em algum cadastro fica impossibilitado de abrir uma conta e contrair nova d\u00edvida, mas curiosamente, o prefeito que cometeu todas as irregularidades na gest\u00e3o dos recursos p\u00fablicos e teve suas contas rejeitadas pelo \u00f3rg\u00e3o competente (tribunal de contas) podia ser novamente candidato. Felizmente a Lei da Ficha Limpa, fruto da vontade popular, corrigiu essa distor\u00e7\u00e3o.&#8221;<\/p>\n<p>Ainda segundo Juraci Guimar\u00e3es, o Tribunal Regional Eletoral do Maranh\u00e3o n\u00e3o acompanhou essa evolu\u00e7\u00e3o do sentimento da sociedade brasileira exposto na Lei da Ficha Limpa e deferiu o registro de ex-prefeitos fichas sujas, que tiveram suas contas rejeitadas pelo TCE-MA. \u201cEm boa hora o TSE reformou essa decis\u00e3o e indeferiu o registro da candidatura de Hemet\u00e1rio Weba, com certeza outros casos de indeferimentos de candidaturas ocorrer\u00e3o ainda para essas elei\u00e7\u00f5es, pois foram v\u00e1rios os recursos interpostos pelo MPE ao TSE, que modificar\u00e3o a disputa dessas elei\u00e7\u00f5es com prest\u00edgio \u00e0 moralidade que dever\u00e1 nortear a disputa eleitoral,&#8221; finalizou.<\/p>\n<p><strong>Fonte:<\/strong> Minist\u00e9rio P\u00fablico Eleitoral<\/p>\n","protected":false},"excerpt":{"rendered":"<p>O Tribunal Superior Eleitoral (TSE) acolheu recurso do Minist\u00e9rio P\u00fablico Eleitoral (MPE) e reformou decis\u00e3o do Tribunal Regional Eleitoral do [&hellip;]<\/p>\n","protected":false},"author":0,"featured_media":0,"comment_status":"open","ping_status":"open","sticky":false,"template":"","format":"standard","meta":{"site-sidebar-layout":"default","site-content-layout":"","ast-site-content-layout":"default","site-content-style":"default","site-sidebar-style":"default","ast-global-header-display":"","ast-banner-title-visibility":"","ast-main-header-display":"","ast-hfb-above-header-display":"","ast-hfb-below-header-display":"","ast-hfb-mobile-header-display":"","site-post-title":"","ast-breadcrumbs-content":"","ast-featured-img":"","footer-sml-layout":"","ast-disable-related-posts":"","theme-transparent-header-meta":"","adv-header-id-meta":"","stick-header-meta":"","header-above-stick-meta":"","header-main-stick-meta":"","header-below-stick-meta":"","astra-migrate-meta-layouts":"default","ast-page-background-enabled":"default","ast-page-background-meta":{"desktop":{"background-color":"var(--ast-global-color-5)","background-image":"","background-repeat":"repeat","background-position":"center center","background-size":"auto","background-attachment":"scroll","background-type":"","background-media":"","overlay-type":"","overlay-color":"","overlay-opacity":"","overlay-gradient":""},"tablet":{"background-color":"","background-image":"","background-repeat":"repeat","background-position":"center center","background-size":"auto","background-attachment":"scroll","background-type":"","background-media":"","overlay-type":"","overlay-color":"","overlay-opacity":"","overlay-gradient":""},"mobile":{"background-color":"","background-image":"","background-repeat":"repeat","background-position":"center center","background-size":"auto","background-attachment":"scroll","background-type":"","background-media":"","overlay-type":"","overlay-color":"","overlay-opacity":"","overlay-gradient":""}},"ast-content-background-meta":{"desktop":{"background-color":"var(--ast-global-color-4)","background-image":"","background-repeat":"repeat","background-position":"center center","background-size":"auto","background-attachment":"scroll","background-type":"","background-media":"","overlay-type":"","overlay-color":"","overlay-opacity":"","overlay-gradient":""},"tablet":{"background-color":"var(--ast-global-color-4)","background-image":"","background-repeat":"repeat","background-position":"center center","background-size":"auto","background-attachment":"scroll","background-type":"","background-media":"","overlay-type":"","overlay-color":"","overlay-opacity":"","overlay-gradient":""},"mobile":{"background-color":"var(--ast-global-color-4)","background-image":"","background-repeat":"repeat","background-position":"center center","background-size":"auto","background-attachment":"scroll","background-type":"","background-media":"","overlay-type":"","overlay-color":"","overlay-opacity":"","overlay-gradient":""}},"footnotes":""},"categories":[1],"tags":[],"class_list":["post-19188","post","type-post","status-publish","format-standard","hentry","category-sem-categoria"],"yoast_head":"<!-- This site is optimized with the Yoast SEO plugin v26.6 - https:\/\/yoast.com\/wordpress\/plugins\/seo\/ -->\n<title>TSE indefere candidatura de Hemet\u00e9rio Weba - Daniel Matos<\/title>\n<meta name=\"robots\" content=\"index, follow, max-snippet:-1, max-image-preview:large, max-video-preview:-1\" \/>\n<link rel=\"canonical\" href=\"https:\/\/www.blogsoestado.com\/danielmatos\/tse-indefere-candidatura-de-hemeterio-weba\/\" \/>\n<meta property=\"og:locale\" content=\"pt_BR\" \/>\n<meta property=\"og:type\" content=\"article\" \/>\n<meta property=\"og:title\" content=\"TSE indefere candidatura de Hemet\u00e9rio Weba - Daniel Matos\" \/>\n<meta property=\"og:description\" content=\"O Tribunal Superior Eleitoral (TSE) acolheu recurso do Minist\u00e9rio P\u00fablico Eleitoral (MPE) e reformou decis\u00e3o do Tribunal Regional Eleitoral do [&hellip;]\" \/>\n<meta property=\"og:url\" content=\"https:\/\/www.blogsoestado.com\/danielmatos\/tse-indefere-candidatura-de-hemeterio-weba\/\" \/>\n<meta property=\"og:site_name\" content=\"Daniel Matos\" \/>\n<meta property=\"article:published_time\" content=\"2014-09-11T18:16:17+00:00\" \/>\n<meta property=\"og:image\" content=\"https:\/\/www.blogsoestado.com\/danielmatos\/files\/2014\/09\/hemeterio2.jpg\" \/>\n<meta name=\"twitter:card\" content=\"summary_large_image\" \/>\n<meta name=\"twitter:label1\" content=\"Est. tempo de leitura\" \/>\n\t<meta name=\"twitter:data1\" content=\"2 minutos\" \/>\n<script type=\"application\/ld+json\" class=\"yoast-schema-graph\">{\"@context\":\"https:\/\/schema.org\",\"@graph\":[{\"@type\":\"WebPage\",\"@id\":\"https:\/\/www.blogsoestado.com\/danielmatos\/tse-indefere-candidatura-de-hemeterio-weba\/\",\"url\":\"https:\/\/www.blogsoestado.com\/danielmatos\/tse-indefere-candidatura-de-hemeterio-weba\/\",\"name\":\"TSE indefere candidatura de Hemet\u00e9rio Weba - Daniel Matos\",\"isPartOf\":{\"@id\":\"https:\/\/www.blogsoestado.com\/danielmatos\/#website\"},\"primaryImageOfPage\":{\"@id\":\"https:\/\/www.blogsoestado.com\/danielmatos\/tse-indefere-candidatura-de-hemeterio-weba\/#primaryimage\"},\"image\":{\"@id\":\"https:\/\/www.blogsoestado.com\/danielmatos\/tse-indefere-candidatura-de-hemeterio-weba\/#primaryimage\"},\"thumbnailUrl\":\"https:\/\/www.blogsoestado.com\/danielmatos\/files\/2014\/09\/hemeterio2.jpg\",\"datePublished\":\"2014-09-11T18:16:17+00:00\",\"author\":{\"@id\":\"\"},\"breadcrumb\":{\"@id\":\"https:\/\/www.blogsoestado.com\/danielmatos\/tse-indefere-candidatura-de-hemeterio-weba\/#breadcrumb\"},\"inLanguage\":\"pt-BR\",\"potentialAction\":[{\"@type\":\"ReadAction\",\"target\":[\"https:\/\/www.blogsoestado.com\/danielmatos\/tse-indefere-candidatura-de-hemeterio-weba\/\"]}]},{\"@type\":\"ImageObject\",\"inLanguage\":\"pt-BR\",\"@id\":\"https:\/\/www.blogsoestado.com\/danielmatos\/tse-indefere-candidatura-de-hemeterio-weba\/#primaryimage\",\"url\":\"https:\/\/www.blogsoestado.com\/danielmatos\/files\/2014\/09\/hemeterio2.jpg\",\"contentUrl\":\"https:\/\/www.blogsoestado.com\/danielmatos\/files\/2014\/09\/hemeterio2.jpg\"},{\"@type\":\"BreadcrumbList\",\"@id\":\"https:\/\/www.blogsoestado.com\/danielmatos\/tse-indefere-candidatura-de-hemeterio-weba\/#breadcrumb\",\"itemListElement\":[{\"@type\":\"ListItem\",\"position\":1,\"name\":\"In\u00edcio\",\"item\":\"https:\/\/www.blogsoestado.com\/danielmatos\/\"},{\"@type\":\"ListItem\",\"position\":2,\"name\":\"TSE indefere candidatura de Hemet\u00e9rio Weba\"}]},{\"@type\":\"WebSite\",\"@id\":\"https:\/\/www.blogsoestado.com\/danielmatos\/#website\",\"url\":\"https:\/\/www.blogsoestado.com\/danielmatos\/\",\"name\":\"Daniel Matos\",\"description\":\"\",\"potentialAction\":[{\"@type\":\"SearchAction\",\"target\":{\"@type\":\"EntryPoint\",\"urlTemplate\":\"https:\/\/www.blogsoestado.com\/danielmatos\/?s={search_term_string}\"},\"query-input\":{\"@type\":\"PropertyValueSpecification\",\"valueRequired\":true,\"valueName\":\"search_term_string\"}}],\"inLanguage\":\"pt-BR\"}]}<\/script>\n<!-- \/ Yoast SEO plugin. -->","yoast_head_json":{"title":"TSE indefere candidatura de Hemet\u00e9rio Weba - Daniel Matos","robots":{"index":"index","follow":"follow","max-snippet":"max-snippet:-1","max-image-preview":"max-image-preview:large","max-video-preview":"max-video-preview:-1"},"canonical":"https:\/\/www.blogsoestado.com\/danielmatos\/tse-indefere-candidatura-de-hemeterio-weba\/","og_locale":"pt_BR","og_type":"article","og_title":"TSE indefere candidatura de Hemet\u00e9rio Weba - Daniel Matos","og_description":"O Tribunal Superior Eleitoral (TSE) acolheu recurso do Minist\u00e9rio P\u00fablico Eleitoral (MPE) e reformou decis\u00e3o do Tribunal Regional Eleitoral do [&hellip;]","og_url":"https:\/\/www.blogsoestado.com\/danielmatos\/tse-indefere-candidatura-de-hemeterio-weba\/","og_site_name":"Daniel Matos","article_published_time":"2014-09-11T18:16:17+00:00","og_image":[{"url":"https:\/\/www.blogsoestado.com\/danielmatos\/files\/2014\/09\/hemeterio2.jpg","type":"","width":"","height":""}],"twitter_card":"summary_large_image","twitter_misc":{"Est. tempo de leitura":"2 minutos"},"schema":{"@context":"https:\/\/schema.org","@graph":[{"@type":"WebPage","@id":"https:\/\/www.blogsoestado.com\/danielmatos\/tse-indefere-candidatura-de-hemeterio-weba\/","url":"https:\/\/www.blogsoestado.com\/danielmatos\/tse-indefere-candidatura-de-hemeterio-weba\/","name":"TSE indefere candidatura de Hemet\u00e9rio Weba - Daniel Matos","isPartOf":{"@id":"https:\/\/www.blogsoestado.com\/danielmatos\/#website"},"primaryImageOfPage":{"@id":"https:\/\/www.blogsoestado.com\/danielmatos\/tse-indefere-candidatura-de-hemeterio-weba\/#primaryimage"},"image":{"@id":"https:\/\/www.blogsoestado.com\/danielmatos\/tse-indefere-candidatura-de-hemeterio-weba\/#primaryimage"},"thumbnailUrl":"https:\/\/www.blogsoestado.com\/danielmatos\/files\/2014\/09\/hemeterio2.jpg","datePublished":"2014-09-11T18:16:17+00:00","author":{"@id":""},"breadcrumb":{"@id":"https:\/\/www.blogsoestado.com\/danielmatos\/tse-indefere-candidatura-de-hemeterio-weba\/#breadcrumb"},"inLanguage":"pt-BR","potentialAction":[{"@type":"ReadAction","target":["https:\/\/www.blogsoestado.com\/danielmatos\/tse-indefere-candidatura-de-hemeterio-weba\/"]}]},{"@type":"ImageObject","inLanguage":"pt-BR","@id":"https:\/\/www.blogsoestado.com\/danielmatos\/tse-indefere-candidatura-de-hemeterio-weba\/#primaryimage","url":"https:\/\/www.blogsoestado.com\/danielmatos\/files\/2014\/09\/hemeterio2.jpg","contentUrl":"https:\/\/www.blogsoestado.com\/danielmatos\/files\/2014\/09\/hemeterio2.jpg"},{"@type":"BreadcrumbList","@id":"https:\/\/www.blogsoestado.com\/danielmatos\/tse-indefere-candidatura-de-hemeterio-weba\/#breadcrumb","itemListElement":[{"@type":"ListItem","position":1,"name":"In\u00edcio","item":"https:\/\/www.blogsoestado.com\/danielmatos\/"},{"@type":"ListItem","position":2,"name":"TSE indefere candidatura de Hemet\u00e9rio Weba"}]},{"@type":"WebSite","@id":"https:\/\/www.blogsoestado.com\/danielmatos\/#website","url":"https:\/\/www.blogsoestado.com\/danielmatos\/","name":"Daniel Matos","description":"","potentialAction":[{"@type":"SearchAction","target":{"@type":"EntryPoint","urlTemplate":"https:\/\/www.blogsoestado.com\/danielmatos\/?s={search_term_string}"},"query-input":{"@type":"PropertyValueSpecification","valueRequired":true,"valueName":"search_term_string"}}],"inLanguage":"pt-BR"}]}},"jetpack_featured_media_url":"","_links":{"self":[{"href":"https:\/\/www.blogsoestado.com\/danielmatos\/wp-json\/wp\/v2\/posts\/19188","targetHints":{"allow":["GET"]}}],"collection":[{"href":"https:\/\/www.blogsoestado.com\/danielmatos\/wp-json\/wp\/v2\/posts"}],"about":[{"href":"https:\/\/www.blogsoestado.com\/danielmatos\/wp-json\/wp\/v2\/types\/post"}],"replies":[{"embeddable":true,"href":"https:\/\/www.blogsoestado.com\/danielmatos\/wp-json\/wp\/v2\/comments?post=19188"}],"version-history":[{"count":0,"href":"https:\/\/www.blogsoestado.com\/danielmatos\/wp-json\/wp\/v2\/posts\/19188\/revisions"}],"wp:attachment":[{"href":"https:\/\/www.blogsoestado.com\/danielmatos\/wp-json\/wp\/v2\/media?parent=19188"}],"wp:term":[{"taxonomy":"category","embeddable":true,"href":"https:\/\/www.blogsoestado.com\/danielmatos\/wp-json\/wp\/v2\/categories?post=19188"},{"taxonomy":"post_tag","embeddable":true,"href":"https:\/\/www.blogsoestado.com\/danielmatos\/wp-json\/wp\/v2\/tags?post=19188"}],"curies":[{"name":"wp","href":"https:\/\/api.w.org\/{rel}","templated":true}]}}