{"id":19197,"date":"2014-09-11T18:07:06","date_gmt":"2014-09-11T21:07:06","guid":{"rendered":"https:\/\/www.blogsoestado.com\/danielmatos\/?p=19197"},"modified":"2014-09-11T18:07:06","modified_gmt":"2014-09-11T21:07:06","slug":"36-presos-fugiram-de-pedrinhas-confirma-sejap","status":"publish","type":"post","link":"https:\/\/www.blogsoestado.com\/danielmatos\/36-presos-fugiram-de-pedrinhas-confirma-sejap\/","title":{"rendered":"36 presos fugiram de Pedrinhas, confirma Sejap"},"content":{"rendered":"<figure id=\"attachment_19198\" aria-describedby=\"caption-attachment-19198\" style=\"width: 640px\" class=\"wp-caption aligncenter\"><a href=\"https:\/\/www.blogsoestado.com\/danielmatos\/files\/2014\/09\/cdp-muro.jpg\"><img fetchpriority=\"high\" decoding=\"async\" class=\"size-full wp-image-19198\" src=\"https:\/\/www.blogsoestado.com\/danielmatos\/files\/2014\/09\/cdp-muro.jpg\" alt=\"Oper\u00e1rios trabalham na reconstru\u00e7\u00e3o do muro do CDP, derrubado por ca\u00e7amba para permitir fuga em massa\" width=\"640\" height=\"480\" \/><\/a><figcaption id=\"caption-attachment-19198\" class=\"wp-caption-text\">Oper\u00e1rios reconstroem\u00a0muro do CDP de Pedrinhas, derrubado por ca\u00e7amba para permitir fuga em massa (<strong>Foto:<\/strong> Bin\u00e9 Morais)<\/figcaption><\/figure>\n<p>Ap\u00f3s recontagem, a Secretaria de Estado de Justi\u00e7a e Administra\u00e7\u00e3o Penitenci\u00e1ria (Sejap) confirmou que 36 presos escaparam ontem \u00e0 noite do Centro de Deten\u00e7\u00e3o Provis\u00f3ria (CDP) de Pedrinhas. A fuga espetacular aconteceu por volta das 21h30, quando uma ca\u00e7amba roubada na Cidade Oper\u00e1ria foi utilizada por criminosos para derrubar parte do muro dos fundos do pres\u00eddio, possibilitando que dezenas de detentos ganhassem a rua.<\/p>\n<p>Na tentativa de cont\u00ea-los, policiais da For\u00e7a Nacional de Seguran\u00e7a, do Batalh\u00e3o de Choque da Pol\u00edcia Militar e do Grupo Especial de Opera\u00e7\u00f5es Penitenci\u00e1rias (Geop) alvejaram quatro presos \u00e0\u00a0bala e recapturaram um, enquanto os demais revidavam os disparos, dando cobertura aos fugitivos.<\/p>\n<p>Os seis fugitivos\u00a0identificados inicialmente\u00a0estavam no Bloco Beta.\u00a0Os outros 30, apontados ap\u00f3s a\u00a0recontagem, estavam no Bloco Alfa. A pol\u00edcia deu in\u00edcio a\u00a0uma verdadeira ca\u00e7ada com objetivo de recapturar todos os detentos que escaparam.<\/p>\n<p><strong>Mobiliza\u00e7\u00e3o<\/strong><\/p>\n<p>Se o clima no sistema prisional j\u00e1 \u00e9 tenso, pode piorar ainda mais, j\u00e1 que\u00a0o Sindicato dos Agentes Penitenci\u00e1rios (Sindspem) marcou assembleia geral para discutir as condi\u00e7\u00f5es de trabalho dos servidores, a concess\u00e3o de aposentadoria especial e uma paralisa\u00e7\u00e3o de 48 horas, nos dias 17 e 18 deste m\u00eas.<\/p>\n<p>O movimento pode evoluir para uma greve geral por tempo indeterminado caso o Governo do Estado n\u00e3o d\u00ea a resposta que a categoria espera.<\/p>\n","protected":false},"excerpt":{"rendered":"<p>Ap\u00f3s recontagem, a Secretaria de Estado de Justi\u00e7a e Administra\u00e7\u00e3o Penitenci\u00e1ria (Sejap) confirmou que 36 presos escaparam ontem \u00e0 noite [&hellip;]<\/p>\n","protected":false},"author":0,"featured_media":0,"comment_status":"open","ping_status":"open","sticky":false,"template":"","format":"standard","meta":{"site-sidebar-layout":"default","site-content-layout":"","ast-site-content-layout":"default","site-content-style":"default","site-sidebar-style":"default","ast-global-header-display":"","ast-banner-title-visibility":"","ast-main-header-display":"","ast-hfb-above-header-display":"","ast-hfb-below-header-display":"","ast-hfb-mobile-header-display":"","site-post-title":"","ast-breadcrumbs-content":"","ast-featured-img":"","footer-sml-layout":"","ast-disable-related-posts":"","theme-transparent-header-meta":"","adv-header-id-meta":"","stick-header-meta":"","header-above-stick-meta":"","header-main-stick-meta":"","header-below-stick-meta":"","astra-migrate-meta-layouts":"default","ast-page-background-enabled":"default","ast-page-background-meta":{"desktop":{"background-color":"var(--ast-global-color-5)","background-image":"","background-repeat":"repeat","background-position":"center center","background-size":"auto","background-attachment":"scroll","background-type":"","background-media":"","overlay-type":"","overlay-color":"","overlay-opacity":"","overlay-gradient":""},"tablet":{"background-color":"","background-image":"","background-repeat":"repeat","background-position":"center center","background-size":"auto","background-attachment":"scroll","background-type":"","background-media":"","overlay-type":"","overlay-color":"","overlay-opacity":"","overlay-gradient":""},"mobile":{"background-color":"","background-image":"","background-repeat":"repeat","background-position":"center center","background-size":"auto","background-attachment":"scroll","background-type":"","background-media":"","overlay-type":"","overlay-color":"","overlay-opacity":"","overlay-gradient":""}},"ast-content-background-meta":{"desktop":{"background-color":"var(--ast-global-color-4)","background-image":"","background-repeat":"repeat","background-position":"center center","background-size":"auto","background-attachment":"scroll","background-type":"","background-media":"","overlay-type":"","overlay-color":"","overlay-opacity":"","overlay-gradient":""},"tablet":{"background-color":"var(--ast-global-color-4)","background-image":"","background-repeat":"repeat","background-position":"center center","background-size":"auto","background-attachment":"scroll","background-type":"","background-media":"","overlay-type":"","overlay-color":"","overlay-opacity":"","overlay-gradient":""},"mobile":{"background-color":"var(--ast-global-color-4)","background-image":"","background-repeat":"repeat","background-position":"center center","background-size":"auto","background-attachment":"scroll","background-type":"","background-media":"","overlay-type":"","overlay-color":"","overlay-opacity":"","overlay-gradient":""}},"footnotes":""},"categories":[1],"tags":[],"class_list":["post-19197","post","type-post","status-publish","format-standard","hentry","category-sem-categoria"],"yoast_head":"<!-- This site is optimized with the Yoast SEO plugin v26.6 - https:\/\/yoast.com\/wordpress\/plugins\/seo\/ -->\n<title>36 presos fugiram de Pedrinhas, confirma Sejap - Daniel Matos<\/title>\n<meta name=\"robots\" content=\"index, follow, max-snippet:-1, max-image-preview:large, max-video-preview:-1\" \/>\n<link rel=\"canonical\" href=\"https:\/\/www.blogsoestado.com\/danielmatos\/36-presos-fugiram-de-pedrinhas-confirma-sejap\/\" \/>\n<meta property=\"og:locale\" content=\"pt_BR\" \/>\n<meta property=\"og:type\" content=\"article\" \/>\n<meta property=\"og:title\" content=\"36 presos fugiram de Pedrinhas, confirma Sejap - Daniel Matos\" \/>\n<meta property=\"og:description\" content=\"Ap\u00f3s recontagem, a Secretaria de Estado de Justi\u00e7a e Administra\u00e7\u00e3o Penitenci\u00e1ria (Sejap) confirmou que 36 presos escaparam ontem \u00e0 noite [&hellip;]\" \/>\n<meta property=\"og:url\" content=\"https:\/\/www.blogsoestado.com\/danielmatos\/36-presos-fugiram-de-pedrinhas-confirma-sejap\/\" \/>\n<meta property=\"og:site_name\" content=\"Daniel Matos\" \/>\n<meta property=\"article:published_time\" content=\"2014-09-11T21:07:06+00:00\" \/>\n<meta property=\"og:image\" content=\"https:\/\/www.blogsoestado.com\/danielmatos\/files\/2014\/09\/cdp-muro.jpg\" \/>\n<meta name=\"twitter:card\" content=\"summary_large_image\" \/>\n<meta name=\"twitter:label1\" content=\"Est. tempo de leitura\" \/>\n\t<meta name=\"twitter:data1\" content=\"1 minuto\" \/>\n<script type=\"application\/ld+json\" class=\"yoast-schema-graph\">{\"@context\":\"https:\/\/schema.org\",\"@graph\":[{\"@type\":\"WebPage\",\"@id\":\"https:\/\/www.blogsoestado.com\/danielmatos\/36-presos-fugiram-de-pedrinhas-confirma-sejap\/\",\"url\":\"https:\/\/www.blogsoestado.com\/danielmatos\/36-presos-fugiram-de-pedrinhas-confirma-sejap\/\",\"name\":\"36 presos fugiram de Pedrinhas, confirma Sejap - Daniel Matos\",\"isPartOf\":{\"@id\":\"https:\/\/www.blogsoestado.com\/danielmatos\/#website\"},\"primaryImageOfPage\":{\"@id\":\"https:\/\/www.blogsoestado.com\/danielmatos\/36-presos-fugiram-de-pedrinhas-confirma-sejap\/#primaryimage\"},\"image\":{\"@id\":\"https:\/\/www.blogsoestado.com\/danielmatos\/36-presos-fugiram-de-pedrinhas-confirma-sejap\/#primaryimage\"},\"thumbnailUrl\":\"https:\/\/www.blogsoestado.com\/danielmatos\/files\/2014\/09\/cdp-muro.jpg\",\"datePublished\":\"2014-09-11T21:07:06+00:00\",\"author\":{\"@id\":\"\"},\"breadcrumb\":{\"@id\":\"https:\/\/www.blogsoestado.com\/danielmatos\/36-presos-fugiram-de-pedrinhas-confirma-sejap\/#breadcrumb\"},\"inLanguage\":\"pt-BR\",\"potentialAction\":[{\"@type\":\"ReadAction\",\"target\":[\"https:\/\/www.blogsoestado.com\/danielmatos\/36-presos-fugiram-de-pedrinhas-confirma-sejap\/\"]}]},{\"@type\":\"ImageObject\",\"inLanguage\":\"pt-BR\",\"@id\":\"https:\/\/www.blogsoestado.com\/danielmatos\/36-presos-fugiram-de-pedrinhas-confirma-sejap\/#primaryimage\",\"url\":\"https:\/\/www.blogsoestado.com\/danielmatos\/files\/2014\/09\/cdp-muro.jpg\",\"contentUrl\":\"https:\/\/www.blogsoestado.com\/danielmatos\/files\/2014\/09\/cdp-muro.jpg\"},{\"@type\":\"BreadcrumbList\",\"@id\":\"https:\/\/www.blogsoestado.com\/danielmatos\/36-presos-fugiram-de-pedrinhas-confirma-sejap\/#breadcrumb\",\"itemListElement\":[{\"@type\":\"ListItem\",\"position\":1,\"name\":\"In\u00edcio\",\"item\":\"https:\/\/www.blogsoestado.com\/danielmatos\/\"},{\"@type\":\"ListItem\",\"position\":2,\"name\":\"36 presos fugiram de Pedrinhas, confirma Sejap\"}]},{\"@type\":\"WebSite\",\"@id\":\"https:\/\/www.blogsoestado.com\/danielmatos\/#website\",\"url\":\"https:\/\/www.blogsoestado.com\/danielmatos\/\",\"name\":\"Daniel Matos\",\"description\":\"\",\"potentialAction\":[{\"@type\":\"SearchAction\",\"target\":{\"@type\":\"EntryPoint\",\"urlTemplate\":\"https:\/\/www.blogsoestado.com\/danielmatos\/?s={search_term_string}\"},\"query-input\":{\"@type\":\"PropertyValueSpecification\",\"valueRequired\":true,\"valueName\":\"search_term_string\"}}],\"inLanguage\":\"pt-BR\"}]}<\/script>\n<!-- \/ Yoast SEO plugin. -->","yoast_head_json":{"title":"36 presos fugiram de Pedrinhas, confirma Sejap - Daniel Matos","robots":{"index":"index","follow":"follow","max-snippet":"max-snippet:-1","max-image-preview":"max-image-preview:large","max-video-preview":"max-video-preview:-1"},"canonical":"https:\/\/www.blogsoestado.com\/danielmatos\/36-presos-fugiram-de-pedrinhas-confirma-sejap\/","og_locale":"pt_BR","og_type":"article","og_title":"36 presos fugiram de Pedrinhas, confirma Sejap - Daniel Matos","og_description":"Ap\u00f3s recontagem, a Secretaria de Estado de Justi\u00e7a e Administra\u00e7\u00e3o Penitenci\u00e1ria (Sejap) confirmou que 36 presos escaparam ontem \u00e0 noite [&hellip;]","og_url":"https:\/\/www.blogsoestado.com\/danielmatos\/36-presos-fugiram-de-pedrinhas-confirma-sejap\/","og_site_name":"Daniel Matos","article_published_time":"2014-09-11T21:07:06+00:00","og_image":[{"url":"https:\/\/www.blogsoestado.com\/danielmatos\/files\/2014\/09\/cdp-muro.jpg","type":"","width":"","height":""}],"twitter_card":"summary_large_image","twitter_misc":{"Est. tempo de leitura":"1 minuto"},"schema":{"@context":"https:\/\/schema.org","@graph":[{"@type":"WebPage","@id":"https:\/\/www.blogsoestado.com\/danielmatos\/36-presos-fugiram-de-pedrinhas-confirma-sejap\/","url":"https:\/\/www.blogsoestado.com\/danielmatos\/36-presos-fugiram-de-pedrinhas-confirma-sejap\/","name":"36 presos fugiram de Pedrinhas, confirma Sejap - Daniel Matos","isPartOf":{"@id":"https:\/\/www.blogsoestado.com\/danielmatos\/#website"},"primaryImageOfPage":{"@id":"https:\/\/www.blogsoestado.com\/danielmatos\/36-presos-fugiram-de-pedrinhas-confirma-sejap\/#primaryimage"},"image":{"@id":"https:\/\/www.blogsoestado.com\/danielmatos\/36-presos-fugiram-de-pedrinhas-confirma-sejap\/#primaryimage"},"thumbnailUrl":"https:\/\/www.blogsoestado.com\/danielmatos\/files\/2014\/09\/cdp-muro.jpg","datePublished":"2014-09-11T21:07:06+00:00","author":{"@id":""},"breadcrumb":{"@id":"https:\/\/www.blogsoestado.com\/danielmatos\/36-presos-fugiram-de-pedrinhas-confirma-sejap\/#breadcrumb"},"inLanguage":"pt-BR","potentialAction":[{"@type":"ReadAction","target":["https:\/\/www.blogsoestado.com\/danielmatos\/36-presos-fugiram-de-pedrinhas-confirma-sejap\/"]}]},{"@type":"ImageObject","inLanguage":"pt-BR","@id":"https:\/\/www.blogsoestado.com\/danielmatos\/36-presos-fugiram-de-pedrinhas-confirma-sejap\/#primaryimage","url":"https:\/\/www.blogsoestado.com\/danielmatos\/files\/2014\/09\/cdp-muro.jpg","contentUrl":"https:\/\/www.blogsoestado.com\/danielmatos\/files\/2014\/09\/cdp-muro.jpg"},{"@type":"BreadcrumbList","@id":"https:\/\/www.blogsoestado.com\/danielmatos\/36-presos-fugiram-de-pedrinhas-confirma-sejap\/#breadcrumb","itemListElement":[{"@type":"ListItem","position":1,"name":"In\u00edcio","item":"https:\/\/www.blogsoestado.com\/danielmatos\/"},{"@type":"ListItem","position":2,"name":"36 presos fugiram de Pedrinhas, confirma Sejap"}]},{"@type":"WebSite","@id":"https:\/\/www.blogsoestado.com\/danielmatos\/#website","url":"https:\/\/www.blogsoestado.com\/danielmatos\/","name":"Daniel Matos","description":"","potentialAction":[{"@type":"SearchAction","target":{"@type":"EntryPoint","urlTemplate":"https:\/\/www.blogsoestado.com\/danielmatos\/?s={search_term_string}"},"query-input":{"@type":"PropertyValueSpecification","valueRequired":true,"valueName":"search_term_string"}}],"inLanguage":"pt-BR"}]}},"jetpack_featured_media_url":"","_links":{"self":[{"href":"https:\/\/www.blogsoestado.com\/danielmatos\/wp-json\/wp\/v2\/posts\/19197","targetHints":{"allow":["GET"]}}],"collection":[{"href":"https:\/\/www.blogsoestado.com\/danielmatos\/wp-json\/wp\/v2\/posts"}],"about":[{"href":"https:\/\/www.blogsoestado.com\/danielmatos\/wp-json\/wp\/v2\/types\/post"}],"replies":[{"embeddable":true,"href":"https:\/\/www.blogsoestado.com\/danielmatos\/wp-json\/wp\/v2\/comments?post=19197"}],"version-history":[{"count":0,"href":"https:\/\/www.blogsoestado.com\/danielmatos\/wp-json\/wp\/v2\/posts\/19197\/revisions"}],"wp:attachment":[{"href":"https:\/\/www.blogsoestado.com\/danielmatos\/wp-json\/wp\/v2\/media?parent=19197"}],"wp:term":[{"taxonomy":"category","embeddable":true,"href":"https:\/\/www.blogsoestado.com\/danielmatos\/wp-json\/wp\/v2\/categories?post=19197"},{"taxonomy":"post_tag","embeddable":true,"href":"https:\/\/www.blogsoestado.com\/danielmatos\/wp-json\/wp\/v2\/tags?post=19197"}],"curies":[{"name":"wp","href":"https:\/\/api.w.org\/{rel}","templated":true}]}}