{"id":19201,"date":"2014-09-11T20:00:06","date_gmt":"2014-09-11T23:00:06","guid":{"rendered":"https:\/\/www.blogsoestado.com\/danielmatos\/?p=19201"},"modified":"2014-09-11T20:00:06","modified_gmt":"2014-09-11T23:00:06","slug":"prefeitura-realiza-recadastramento-de-mototaxi-e-cadastramento-de-cooperativas-de-taxi","status":"publish","type":"post","link":"https:\/\/www.blogsoestado.com\/danielmatos\/prefeitura-realiza-recadastramento-de-mototaxi-e-cadastramento-de-cooperativas-de-taxi\/","title":{"rendered":"Prefeitura realiza recadastramento de motot\u00e1xi e cadastramento de cooperativas de t\u00e1xi"},"content":{"rendered":"<p>A Prefeitura de S\u00e3o Lu\u00eds iniciou neste m\u00eas a renova\u00e7\u00e3o anual das autoriza\u00e7\u00f5es de transporte individual de passageiros atrav\u00e9s de motot\u00e1xi. O recadastramento deve ser feito at\u00e9 o dia 3 de outubro na sede da Secretaria de Tr\u00e2nsito e Transportes (SMTT), no Ipase, para as autoriza\u00e7\u00f5es de n\u00famero 0001 a 1000. A SMTT tamb\u00e9m estar\u00e1 realizando at\u00e9 o dia 30 deste m\u00eas o cadastramento de cooperativas de t\u00e1xi.<\/p>\n<p>O procedimento tem como objetivo o disciplinamento do servi\u00e7o de motot\u00e1xi na capital e vai garantir maior conforto e seguran\u00e7a aos usu\u00e1rios dessa modalidade de transporte. O secret\u00e1rio da SMTT, Canind\u00e9 Barros, lembrou que a aten\u00e7\u00e3o ao transporte de passageiros est\u00e1 alinhada com a proposta do prefeito Edivaldo para aumentar a qualidade dos servi\u00e7os de transporte p\u00fablico.<\/p>\n<p>\u201cO recadastramento visa estabelecer a regulariza\u00e7\u00e3o desse modelo de transporte, bem como assegurar a garantia legal do exerc\u00edcio da atividade aos profissionais do setor\u201d, informou Canind\u00e9 Barros. Ele ressaltou que o in\u00edcio da fiscaliza\u00e7\u00e3o est\u00e1 previsto para a primeira quinzena de novembro deste ano.<\/p>\n<p>De acordo com dados da SMTT, atualmente, existem mil concess\u00f5es para motot\u00e1xi em S\u00e3o Lu\u00eds. Para que as renova\u00e7\u00f5es sejam efetivadas, os ve\u00edculos dever\u00e3o passar por nova vistoria na sede da SMTT no hor\u00e1rio da 13h \u00e0s 18h. Ser\u00e3o inspecionados itens como pneus, freios, sistema de sinaliza\u00e7\u00e3o e luz, retrovisores, al\u00e9m de equipamentos de prote\u00e7\u00e3o como capacetes e o protetor de pernas.<\/p>\n<p>Os ve\u00edculos devem estar em conformidade com a padroniza\u00e7\u00e3o determinada pelo Decreto n\u00ba 19.189\/99 e Resolu\u00e7\u00e3o 356 do Conselho Nacional de Tr\u00e2nsito (Contran) e suas altera\u00e7\u00f5es. Entre os documentos que devem ser apresentados durante a renova\u00e7\u00e3o est\u00e3o a certid\u00e3o de antecedentes criminais, foto 3&#215;4, nada consta atualizado de multas do ve\u00edculo, certificado de registro de endere\u00e7o e requerimento de renova\u00e7\u00e3o dos \u00faltimos cinco anos.<\/p>\n<p><strong>Cooperativas de t\u00e1xi<\/strong><\/p>\n<p>A Prefeitura de S\u00e3o Lu\u00eds tamb\u00e9m est\u00e1 realizando o cadastramento das cooperativas de t\u00e1xis que operam no munic\u00edpio. O cadastramento das cooperativas, e seus respectivos associados, deve ser realizado at\u00e9 o dia 30 deste m\u00eas na sede da SMTT. As cooperativas devem atender aos requisitos da legisla\u00e7\u00e3o Federal, Estadual, Municipal e \u00e0 Portaria N\u00ba 0634\/2014.<\/p>\n<p>O atendimento est\u00e1 sendo realizado no hor\u00e1rio das 13h \u00e0s 19h. \u00c9 necess\u00e1rio apresentar requerimento assinado pelo representante legal da cooperativa, c\u00f3pia autenticada do alvar\u00e1 expedido pela Prefeitura de S\u00e3o Luis, CNPJ, c\u00f3pia da ata de assembl\u00e9ia geral da cooperativa, certid\u00f5es negativa de d\u00e9bitos, rela\u00e7\u00e3o das permiss\u00f5es vinculadas \u00e0 cooperativa e seus respectivos defensores e ve\u00edculos.<\/p>\n<p>De acordo com a SMTT, os \u00f3rg\u00e3os que n\u00e3o realizarem o procedimento estar\u00e3o sujeitos a san\u00e7\u00f5es penais, c\u00edveis e administrativas. A fiscaliza\u00e7\u00e3o ser\u00e1 iniciada no m\u00eas de outubro.<\/p>\n<p><strong>Fonte:<\/strong> Secretaria Municipal de Comunica\u00e7\u00e3o (Secom)<\/p>\n","protected":false},"excerpt":{"rendered":"<p>A Prefeitura de S\u00e3o Lu\u00eds iniciou neste m\u00eas a renova\u00e7\u00e3o anual das autoriza\u00e7\u00f5es de transporte individual de passageiros atrav\u00e9s de [&hellip;]<\/p>\n","protected":false},"author":0,"featured_media":0,"comment_status":"open","ping_status":"open","sticky":false,"template":"","format":"standard","meta":{"site-sidebar-layout":"default","site-content-layout":"","ast-site-content-layout":"default","site-content-style":"default","site-sidebar-style":"default","ast-global-header-display":"","ast-banner-title-visibility":"","ast-main-header-display":"","ast-hfb-above-header-display":"","ast-hfb-below-header-display":"","ast-hfb-mobile-header-display":"","site-post-title":"","ast-breadcrumbs-content":"","ast-featured-img":"","footer-sml-layout":"","ast-disable-related-posts":"","theme-transparent-header-meta":"","adv-header-id-meta":"","stick-header-meta":"","header-above-stick-meta":"","header-main-stick-meta":"","header-below-stick-meta":"","astra-migrate-meta-layouts":"default","ast-page-background-enabled":"default","ast-page-background-meta":{"desktop":{"background-color":"var(--ast-global-color-5)","background-image":"","background-repeat":"repeat","background-position":"center center","background-size":"auto","background-attachment":"scroll","background-type":"","background-media":"","overlay-type":"","overlay-color":"","overlay-opacity":"","overlay-gradient":""},"tablet":{"background-color":"","background-image":"","background-repeat":"repeat","background-position":"center center","background-size":"auto","background-attachment":"scroll","background-type":"","background-media":"","overlay-type":"","overlay-color":"","overlay-opacity":"","overlay-gradient":""},"mobile":{"background-color":"","background-image":"","background-repeat":"repeat","background-position":"center center","background-size":"auto","background-attachment":"scroll","background-type":"","background-media":"","overlay-type":"","overlay-color":"","overlay-opacity":"","overlay-gradient":""}},"ast-content-background-meta":{"desktop":{"background-color":"var(--ast-global-color-4)","background-image":"","background-repeat":"repeat","background-position":"center center","background-size":"auto","background-attachment":"scroll","background-type":"","background-media":"","overlay-type":"","overlay-color":"","overlay-opacity":"","overlay-gradient":""},"tablet":{"background-color":"var(--ast-global-color-4)","background-image":"","background-repeat":"repeat","background-position":"center center","background-size":"auto","background-attachment":"scroll","background-type":"","background-media":"","overlay-type":"","overlay-color":"","overlay-opacity":"","overlay-gradient":""},"mobile":{"background-color":"var(--ast-global-color-4)","background-image":"","background-repeat":"repeat","background-position":"center center","background-size":"auto","background-attachment":"scroll","background-type":"","background-media":"","overlay-type":"","overlay-color":"","overlay-opacity":"","overlay-gradient":""}},"footnotes":""},"categories":[1],"tags":[],"class_list":["post-19201","post","type-post","status-publish","format-standard","hentry","category-sem-categoria"],"yoast_head":"<!-- This site is optimized with the Yoast SEO plugin v26.6 - https:\/\/yoast.com\/wordpress\/plugins\/seo\/ -->\n<title>Prefeitura realiza recadastramento de motot\u00e1xi e cadastramento de cooperativas de t\u00e1xi - Daniel Matos<\/title>\n<meta name=\"robots\" content=\"index, follow, max-snippet:-1, max-image-preview:large, max-video-preview:-1\" \/>\n<link rel=\"canonical\" href=\"https:\/\/www.blogsoestado.com\/danielmatos\/prefeitura-realiza-recadastramento-de-mototaxi-e-cadastramento-de-cooperativas-de-taxi\/\" \/>\n<meta property=\"og:locale\" content=\"pt_BR\" \/>\n<meta property=\"og:type\" content=\"article\" \/>\n<meta property=\"og:title\" content=\"Prefeitura realiza recadastramento de motot\u00e1xi e cadastramento de cooperativas de t\u00e1xi - Daniel Matos\" \/>\n<meta property=\"og:description\" content=\"A Prefeitura de S\u00e3o Lu\u00eds iniciou neste m\u00eas a renova\u00e7\u00e3o anual das autoriza\u00e7\u00f5es de transporte individual de passageiros atrav\u00e9s de [&hellip;]\" \/>\n<meta property=\"og:url\" content=\"https:\/\/www.blogsoestado.com\/danielmatos\/prefeitura-realiza-recadastramento-de-mototaxi-e-cadastramento-de-cooperativas-de-taxi\/\" \/>\n<meta property=\"og:site_name\" content=\"Daniel Matos\" \/>\n<meta property=\"article:published_time\" content=\"2014-09-11T23:00:06+00:00\" \/>\n<meta name=\"twitter:card\" content=\"summary_large_image\" \/>\n<meta name=\"twitter:label1\" content=\"Est. tempo de leitura\" \/>\n\t<meta name=\"twitter:data1\" content=\"3 minutos\" \/>\n<script type=\"application\/ld+json\" class=\"yoast-schema-graph\">{\"@context\":\"https:\/\/schema.org\",\"@graph\":[{\"@type\":\"WebPage\",\"@id\":\"https:\/\/www.blogsoestado.com\/danielmatos\/prefeitura-realiza-recadastramento-de-mototaxi-e-cadastramento-de-cooperativas-de-taxi\/\",\"url\":\"https:\/\/www.blogsoestado.com\/danielmatos\/prefeitura-realiza-recadastramento-de-mototaxi-e-cadastramento-de-cooperativas-de-taxi\/\",\"name\":\"Prefeitura realiza recadastramento de motot\u00e1xi e cadastramento de cooperativas de t\u00e1xi - Daniel Matos\",\"isPartOf\":{\"@id\":\"https:\/\/www.blogsoestado.com\/danielmatos\/#website\"},\"datePublished\":\"2014-09-11T23:00:06+00:00\",\"author\":{\"@id\":\"\"},\"breadcrumb\":{\"@id\":\"https:\/\/www.blogsoestado.com\/danielmatos\/prefeitura-realiza-recadastramento-de-mototaxi-e-cadastramento-de-cooperativas-de-taxi\/#breadcrumb\"},\"inLanguage\":\"pt-BR\",\"potentialAction\":[{\"@type\":\"ReadAction\",\"target\":[\"https:\/\/www.blogsoestado.com\/danielmatos\/prefeitura-realiza-recadastramento-de-mototaxi-e-cadastramento-de-cooperativas-de-taxi\/\"]}]},{\"@type\":\"BreadcrumbList\",\"@id\":\"https:\/\/www.blogsoestado.com\/danielmatos\/prefeitura-realiza-recadastramento-de-mototaxi-e-cadastramento-de-cooperativas-de-taxi\/#breadcrumb\",\"itemListElement\":[{\"@type\":\"ListItem\",\"position\":1,\"name\":\"In\u00edcio\",\"item\":\"https:\/\/www.blogsoestado.com\/danielmatos\/\"},{\"@type\":\"ListItem\",\"position\":2,\"name\":\"Prefeitura realiza recadastramento de motot\u00e1xi e cadastramento de cooperativas de t\u00e1xi\"}]},{\"@type\":\"WebSite\",\"@id\":\"https:\/\/www.blogsoestado.com\/danielmatos\/#website\",\"url\":\"https:\/\/www.blogsoestado.com\/danielmatos\/\",\"name\":\"Daniel Matos\",\"description\":\"\",\"potentialAction\":[{\"@type\":\"SearchAction\",\"target\":{\"@type\":\"EntryPoint\",\"urlTemplate\":\"https:\/\/www.blogsoestado.com\/danielmatos\/?s={search_term_string}\"},\"query-input\":{\"@type\":\"PropertyValueSpecification\",\"valueRequired\":true,\"valueName\":\"search_term_string\"}}],\"inLanguage\":\"pt-BR\"}]}<\/script>\n<!-- \/ Yoast SEO plugin. -->","yoast_head_json":{"title":"Prefeitura realiza recadastramento de motot\u00e1xi e cadastramento de cooperativas de t\u00e1xi - Daniel Matos","robots":{"index":"index","follow":"follow","max-snippet":"max-snippet:-1","max-image-preview":"max-image-preview:large","max-video-preview":"max-video-preview:-1"},"canonical":"https:\/\/www.blogsoestado.com\/danielmatos\/prefeitura-realiza-recadastramento-de-mototaxi-e-cadastramento-de-cooperativas-de-taxi\/","og_locale":"pt_BR","og_type":"article","og_title":"Prefeitura realiza recadastramento de motot\u00e1xi e cadastramento de cooperativas de t\u00e1xi - Daniel Matos","og_description":"A Prefeitura de S\u00e3o Lu\u00eds iniciou neste m\u00eas a renova\u00e7\u00e3o anual das autoriza\u00e7\u00f5es de transporte individual de passageiros atrav\u00e9s de [&hellip;]","og_url":"https:\/\/www.blogsoestado.com\/danielmatos\/prefeitura-realiza-recadastramento-de-mototaxi-e-cadastramento-de-cooperativas-de-taxi\/","og_site_name":"Daniel Matos","article_published_time":"2014-09-11T23:00:06+00:00","twitter_card":"summary_large_image","twitter_misc":{"Est. tempo de leitura":"3 minutos"},"schema":{"@context":"https:\/\/schema.org","@graph":[{"@type":"WebPage","@id":"https:\/\/www.blogsoestado.com\/danielmatos\/prefeitura-realiza-recadastramento-de-mototaxi-e-cadastramento-de-cooperativas-de-taxi\/","url":"https:\/\/www.blogsoestado.com\/danielmatos\/prefeitura-realiza-recadastramento-de-mototaxi-e-cadastramento-de-cooperativas-de-taxi\/","name":"Prefeitura realiza recadastramento de motot\u00e1xi e cadastramento de cooperativas de t\u00e1xi - Daniel Matos","isPartOf":{"@id":"https:\/\/www.blogsoestado.com\/danielmatos\/#website"},"datePublished":"2014-09-11T23:00:06+00:00","author":{"@id":""},"breadcrumb":{"@id":"https:\/\/www.blogsoestado.com\/danielmatos\/prefeitura-realiza-recadastramento-de-mototaxi-e-cadastramento-de-cooperativas-de-taxi\/#breadcrumb"},"inLanguage":"pt-BR","potentialAction":[{"@type":"ReadAction","target":["https:\/\/www.blogsoestado.com\/danielmatos\/prefeitura-realiza-recadastramento-de-mototaxi-e-cadastramento-de-cooperativas-de-taxi\/"]}]},{"@type":"BreadcrumbList","@id":"https:\/\/www.blogsoestado.com\/danielmatos\/prefeitura-realiza-recadastramento-de-mototaxi-e-cadastramento-de-cooperativas-de-taxi\/#breadcrumb","itemListElement":[{"@type":"ListItem","position":1,"name":"In\u00edcio","item":"https:\/\/www.blogsoestado.com\/danielmatos\/"},{"@type":"ListItem","position":2,"name":"Prefeitura realiza recadastramento de motot\u00e1xi e cadastramento de cooperativas de t\u00e1xi"}]},{"@type":"WebSite","@id":"https:\/\/www.blogsoestado.com\/danielmatos\/#website","url":"https:\/\/www.blogsoestado.com\/danielmatos\/","name":"Daniel Matos","description":"","potentialAction":[{"@type":"SearchAction","target":{"@type":"EntryPoint","urlTemplate":"https:\/\/www.blogsoestado.com\/danielmatos\/?s={search_term_string}"},"query-input":{"@type":"PropertyValueSpecification","valueRequired":true,"valueName":"search_term_string"}}],"inLanguage":"pt-BR"}]}},"jetpack_featured_media_url":"","_links":{"self":[{"href":"https:\/\/www.blogsoestado.com\/danielmatos\/wp-json\/wp\/v2\/posts\/19201","targetHints":{"allow":["GET"]}}],"collection":[{"href":"https:\/\/www.blogsoestado.com\/danielmatos\/wp-json\/wp\/v2\/posts"}],"about":[{"href":"https:\/\/www.blogsoestado.com\/danielmatos\/wp-json\/wp\/v2\/types\/post"}],"replies":[{"embeddable":true,"href":"https:\/\/www.blogsoestado.com\/danielmatos\/wp-json\/wp\/v2\/comments?post=19201"}],"version-history":[{"count":0,"href":"https:\/\/www.blogsoestado.com\/danielmatos\/wp-json\/wp\/v2\/posts\/19201\/revisions"}],"wp:attachment":[{"href":"https:\/\/www.blogsoestado.com\/danielmatos\/wp-json\/wp\/v2\/media?parent=19201"}],"wp:term":[{"taxonomy":"category","embeddable":true,"href":"https:\/\/www.blogsoestado.com\/danielmatos\/wp-json\/wp\/v2\/categories?post=19201"},{"taxonomy":"post_tag","embeddable":true,"href":"https:\/\/www.blogsoestado.com\/danielmatos\/wp-json\/wp\/v2\/tags?post=19201"}],"curies":[{"name":"wp","href":"https:\/\/api.w.org\/{rel}","templated":true}]}}