{"id":19218,"date":"2014-09-12T16:07:32","date_gmt":"2014-09-12T19:07:32","guid":{"rendered":"https:\/\/www.blogsoestado.com\/danielmatos\/?p=19218"},"modified":"2014-09-12T16:07:32","modified_gmt":"2014-09-12T19:07:32","slug":"recepcao-em-pocao-de-pedras-reflete-clima-de-virada-para-lobao-filho","status":"publish","type":"post","link":"https:\/\/www.blogsoestado.com\/danielmatos\/recepcao-em-pocao-de-pedras-reflete-clima-de-virada-para-lobao-filho\/","title":{"rendered":"Recep\u00e7\u00e3o em Po\u00e7\u00e3o de Pedras reflete clima de virada para Lob\u00e3o Filho"},"content":{"rendered":"<figure id=\"attachment_19219\" aria-describedby=\"caption-attachment-19219\" style=\"width: 640px\" class=\"wp-caption aligncenter\"><a href=\"https:\/\/www.blogsoestado.com\/danielmatos\/files\/2014\/09\/lobao-po\u00e7\u00e3o.jpg\"><img fetchpriority=\"high\" decoding=\"async\" class=\"size-full wp-image-19219\" src=\"https:\/\/www.blogsoestado.com\/danielmatos\/files\/2014\/09\/lobao-po\u00e7\u00e3o.jpg\" alt=\"Lob\u00e3o Filho liderou caminhada em Po\u00e7\u00e3o de Pedras; cortejo foi marcado por entusiasmo\" width=\"640\" height=\"380\" \/><\/a><figcaption id=\"caption-attachment-19219\" class=\"wp-caption-text\">Lob\u00e3o Filho liderou caminhada em Po\u00e7\u00e3o de Pedras; cortejo foi marcado por entusiasmo e confian\u00e7a (<strong>Fotos:<\/strong> Gilson Teixeira)<\/figcaption><\/figure>\n<p>O candidato ao governo do Estado, Lob\u00e3o Filho (PMDB), em visita ao munic\u00edpio de Po\u00e7\u00e3o de Pedras, nesta quinta-feira (11), recebeu o apoio de milhares de pessoas e lideran\u00e7as pol\u00edticas de diversos munic\u00edpios da regi\u00e3o do M\u00e9dio Mearim, em clima de virada.<\/p>\n<p>O candidato interrompeu a carreata para andar ao lado da popula\u00e7\u00e3o e cumprimentar os comerciantes na principal rua da cidade que tem no com\u00e9rcio uma de suas fontes de renda. \u201cJ\u00e1 sinto uma energia diferente quando chego aos munic\u00edpios, os prefeitos est\u00e3o ainda mais animados e a classe pol\u00edtica est\u00e1 pronta para a vit\u00f3ria\u201d, declarou o peemedebista referindo-se ao crescimento que obteve na pesquisa de inten\u00e7\u00e3o de votos do Ibope.<\/p>\n<p>No munic\u00edpio, Lob\u00e3o Filho recebeu o apoio do prefeito Junior Cascaria (PRB) e dos ex-prefeitos Gild\u00e1zio e Jo\u00e3o Batista. Al\u00e9m das lideran\u00e7as locais, tamb\u00e9m participaram do ato, os prefeitos de Lima Campos, Esperantin\u00f3polis e Igarap\u00e9 Grande. \u201cEstamos unidos por uma causa justa\u201d, declarou o prefeito de Po\u00e7\u00e3o de Pedras, ao lado de seus advers\u00e1rios pol\u00edticos.<\/p>\n<p>\u201cTamb\u00e9m sou empres\u00e1rio e a popula\u00e7\u00e3o pode testemunhar que uma vis\u00e3o empreendedora pode trazer bons frutos para a gest\u00e3o p\u00fablica. A cidade est\u00e1 organizada, temos 22 obras iniciadas, quitamos todas as d\u00edvidas da prefeitura e tudo isso em apenas 20 meses. Tenho certeza que Lob\u00e3o Filho vai fazer o mesmo pelo nosso estado\u201d, afirmou o prefeito.<\/p>\n<p>O candidato ao Senado, deputado Gast\u00e3o Vieira (PMDB), tamb\u00e9m sublinhou o crescimento de Lob\u00e3o Filho nas pesquisas e agradeceu o apoio da regi\u00e3o. \u201cNos \u00faltimos dias somos s\u00f3 emo\u00e7\u00e3o. \u00c9ramos apenas duas \u00e1rvores e agora somos uma frondosa floresta\u201d, constatou, agradecendo o apoio da popula\u00e7\u00e3o. \u201c80 dias de campanha, pedindo a confian\u00e7a dos maranhenses, enquanto nosso advers\u00e1rio nos atacava. Esse crescimento mostra que estamos no rumo certo, no bom caminho e trabalhando com a coragem e ousadia caracter\u00edsticos do nosso grupo\u201d, avaliou o parlamentar.<\/p>\n<figure id=\"attachment_19220\" aria-describedby=\"caption-attachment-19220\" style=\"width: 480px\" class=\"wp-caption aligncenter\"><a href=\"https:\/\/www.blogsoestado.com\/danielmatos\/files\/2014\/09\/lobao-po\u00e7\u00e3o2.jpg\"><img decoding=\"async\" class=\"size-full wp-image-19220\" src=\"https:\/\/www.blogsoestado.com\/danielmatos\/files\/2014\/09\/lobao-po\u00e7\u00e3o2.jpg\" alt=\"Ao lado de v\u00e1rios aliados, candidato da coliga\u00e7\u00e3o &quot;Pra Frente, Maranh\u00e3o&quot; comandou enorme carreata\" width=\"480\" height=\"602\" \/><\/a><figcaption id=\"caption-attachment-19220\" class=\"wp-caption-text\">Acompanhado\u00a0de aliados, candidato da coliga\u00e7\u00e3o &#8220;Pra Frente, Maranh\u00e3o&#8221; comandou carreata<\/figcaption><\/figure>\n<p>Lob\u00e3o Filho destacou as obras em andamento na cidade, viabilizadas com o apoio de seu grupo pol\u00edtico, como prova do bom trabalho realizado no Maranh\u00e3o. \u201cO hospital que era um sonho da popula\u00e7\u00e3o j\u00e1 est\u00e1 em constru\u00e7\u00e3o, o asfalto j\u00e1 est\u00e1 sendo aplicado. E o nosso advers\u00e1rio que s\u00f3 recama, nunca fez nada pelo estado\u201d, afirmou.<\/p>\n<p>\u201cComo o prefeito de voc\u00eas, sou empres\u00e1rio e vou governar com metas e objetivos concretos. Aprendi a trabalhar e a construir. Nossos profissionais ser\u00e3o valorizados e nossos jovens ter\u00e3o oportunidades de trabalho. Al\u00e9m disso, vou investir na agricultura familiar cooperativada, para que o povo do Maranh\u00e3o possa trabalhar e ficar rico\u201d, assegurou Lob\u00e3o Filho.<\/p>\n","protected":false},"excerpt":{"rendered":"<p>O candidato ao governo do Estado, Lob\u00e3o Filho (PMDB), em visita ao munic\u00edpio de Po\u00e7\u00e3o de Pedras, nesta quinta-feira (11), [&hellip;]<\/p>\n","protected":false},"author":0,"featured_media":0,"comment_status":"open","ping_status":"open","sticky":false,"template":"","format":"standard","meta":{"site-sidebar-layout":"default","site-content-layout":"","ast-site-content-layout":"default","site-content-style":"default","site-sidebar-style":"default","ast-global-header-display":"","ast-banner-title-visibility":"","ast-main-header-display":"","ast-hfb-above-header-display":"","ast-hfb-below-header-display":"","ast-hfb-mobile-header-display":"","site-post-title":"","ast-breadcrumbs-content":"","ast-featured-img":"","footer-sml-layout":"","ast-disable-related-posts":"","theme-transparent-header-meta":"","adv-header-id-meta":"","stick-header-meta":"","header-above-stick-meta":"","header-main-stick-meta":"","header-below-stick-meta":"","astra-migrate-meta-layouts":"default","ast-page-background-enabled":"default","ast-page-background-meta":{"desktop":{"background-color":"var(--ast-global-color-5)","background-image":"","background-repeat":"repeat","background-position":"center center","background-size":"auto","background-attachment":"scroll","background-type":"","background-media":"","overlay-type":"","overlay-color":"","overlay-opacity":"","overlay-gradient":""},"tablet":{"background-color":"","background-image":"","background-repeat":"repeat","background-position":"center center","background-size":"auto","background-attachment":"scroll","background-type":"","background-media":"","overlay-type":"","overlay-color":"","overlay-opacity":"","overlay-gradient":""},"mobile":{"background-color":"","background-image":"","background-repeat":"repeat","background-position":"center center","background-size":"auto","background-attachment":"scroll","background-type":"","background-media":"","overlay-type":"","overlay-color":"","overlay-opacity":"","overlay-gradient":""}},"ast-content-background-meta":{"desktop":{"background-color":"var(--ast-global-color-4)","background-image":"","background-repeat":"repeat","background-position":"center center","background-size":"auto","background-attachment":"scroll","background-type":"","background-media":"","overlay-type":"","overlay-color":"","overlay-opacity":"","overlay-gradient":""},"tablet":{"background-color":"var(--ast-global-color-4)","background-image":"","background-repeat":"repeat","background-position":"center center","background-size":"auto","background-attachment":"scroll","background-type":"","background-media":"","overlay-type":"","overlay-color":"","overlay-opacity":"","overlay-gradient":""},"mobile":{"background-color":"var(--ast-global-color-4)","background-image":"","background-repeat":"repeat","background-position":"center center","background-size":"auto","background-attachment":"scroll","background-type":"","background-media":"","overlay-type":"","overlay-color":"","overlay-opacity":"","overlay-gradient":""}},"footnotes":""},"categories":[1],"tags":[],"class_list":["post-19218","post","type-post","status-publish","format-standard","hentry","category-sem-categoria"],"yoast_head":"<!-- This site is optimized with the Yoast SEO plugin v26.6 - https:\/\/yoast.com\/wordpress\/plugins\/seo\/ -->\n<title>Recep\u00e7\u00e3o em Po\u00e7\u00e3o de Pedras reflete clima de virada para Lob\u00e3o Filho - Daniel Matos<\/title>\n<meta name=\"robots\" content=\"index, follow, max-snippet:-1, max-image-preview:large, max-video-preview:-1\" \/>\n<link rel=\"canonical\" href=\"https:\/\/www.blogsoestado.com\/danielmatos\/recepcao-em-pocao-de-pedras-reflete-clima-de-virada-para-lobao-filho\/\" \/>\n<meta property=\"og:locale\" content=\"pt_BR\" \/>\n<meta property=\"og:type\" content=\"article\" \/>\n<meta property=\"og:title\" content=\"Recep\u00e7\u00e3o em Po\u00e7\u00e3o de Pedras reflete clima de virada para Lob\u00e3o Filho - Daniel Matos\" \/>\n<meta property=\"og:description\" content=\"O candidato ao governo do Estado, Lob\u00e3o Filho (PMDB), em visita ao munic\u00edpio de Po\u00e7\u00e3o de Pedras, nesta quinta-feira (11), [&hellip;]\" \/>\n<meta property=\"og:url\" content=\"https:\/\/www.blogsoestado.com\/danielmatos\/recepcao-em-pocao-de-pedras-reflete-clima-de-virada-para-lobao-filho\/\" \/>\n<meta property=\"og:site_name\" content=\"Daniel Matos\" \/>\n<meta property=\"article:published_time\" content=\"2014-09-12T19:07:32+00:00\" \/>\n<meta name=\"twitter:card\" content=\"summary_large_image\" \/>\n<meta name=\"twitter:label1\" content=\"Est. tempo de leitura\" \/>\n\t<meta name=\"twitter:data1\" content=\"3 minutos\" \/>\n<script type=\"application\/ld+json\" class=\"yoast-schema-graph\">{\"@context\":\"https:\/\/schema.org\",\"@graph\":[{\"@type\":\"WebPage\",\"@id\":\"https:\/\/www.blogsoestado.com\/danielmatos\/recepcao-em-pocao-de-pedras-reflete-clima-de-virada-para-lobao-filho\/\",\"url\":\"https:\/\/www.blogsoestado.com\/danielmatos\/recepcao-em-pocao-de-pedras-reflete-clima-de-virada-para-lobao-filho\/\",\"name\":\"Recep\u00e7\u00e3o em Po\u00e7\u00e3o de Pedras reflete clima de virada para Lob\u00e3o Filho - Daniel Matos\",\"isPartOf\":{\"@id\":\"https:\/\/www.blogsoestado.com\/danielmatos\/#website\"},\"datePublished\":\"2014-09-12T19:07:32+00:00\",\"author\":{\"@id\":\"\"},\"breadcrumb\":{\"@id\":\"https:\/\/www.blogsoestado.com\/danielmatos\/recepcao-em-pocao-de-pedras-reflete-clima-de-virada-para-lobao-filho\/#breadcrumb\"},\"inLanguage\":\"pt-BR\",\"potentialAction\":[{\"@type\":\"ReadAction\",\"target\":[\"https:\/\/www.blogsoestado.com\/danielmatos\/recepcao-em-pocao-de-pedras-reflete-clima-de-virada-para-lobao-filho\/\"]}]},{\"@type\":\"BreadcrumbList\",\"@id\":\"https:\/\/www.blogsoestado.com\/danielmatos\/recepcao-em-pocao-de-pedras-reflete-clima-de-virada-para-lobao-filho\/#breadcrumb\",\"itemListElement\":[{\"@type\":\"ListItem\",\"position\":1,\"name\":\"In\u00edcio\",\"item\":\"https:\/\/www.blogsoestado.com\/danielmatos\/\"},{\"@type\":\"ListItem\",\"position\":2,\"name\":\"Recep\u00e7\u00e3o em Po\u00e7\u00e3o de Pedras reflete clima de virada para Lob\u00e3o Filho\"}]},{\"@type\":\"WebSite\",\"@id\":\"https:\/\/www.blogsoestado.com\/danielmatos\/#website\",\"url\":\"https:\/\/www.blogsoestado.com\/danielmatos\/\",\"name\":\"Daniel Matos\",\"description\":\"\",\"potentialAction\":[{\"@type\":\"SearchAction\",\"target\":{\"@type\":\"EntryPoint\",\"urlTemplate\":\"https:\/\/www.blogsoestado.com\/danielmatos\/?s={search_term_string}\"},\"query-input\":{\"@type\":\"PropertyValueSpecification\",\"valueRequired\":true,\"valueName\":\"search_term_string\"}}],\"inLanguage\":\"pt-BR\"}]}<\/script>\n<!-- \/ Yoast SEO plugin. -->","yoast_head_json":{"title":"Recep\u00e7\u00e3o em Po\u00e7\u00e3o de Pedras reflete clima de virada para Lob\u00e3o Filho - Daniel Matos","robots":{"index":"index","follow":"follow","max-snippet":"max-snippet:-1","max-image-preview":"max-image-preview:large","max-video-preview":"max-video-preview:-1"},"canonical":"https:\/\/www.blogsoestado.com\/danielmatos\/recepcao-em-pocao-de-pedras-reflete-clima-de-virada-para-lobao-filho\/","og_locale":"pt_BR","og_type":"article","og_title":"Recep\u00e7\u00e3o em Po\u00e7\u00e3o de Pedras reflete clima de virada para Lob\u00e3o Filho - Daniel Matos","og_description":"O candidato ao governo do Estado, Lob\u00e3o Filho (PMDB), em visita ao munic\u00edpio de Po\u00e7\u00e3o de Pedras, nesta quinta-feira (11), [&hellip;]","og_url":"https:\/\/www.blogsoestado.com\/danielmatos\/recepcao-em-pocao-de-pedras-reflete-clima-de-virada-para-lobao-filho\/","og_site_name":"Daniel Matos","article_published_time":"2014-09-12T19:07:32+00:00","twitter_card":"summary_large_image","twitter_misc":{"Est. tempo de leitura":"3 minutos"},"schema":{"@context":"https:\/\/schema.org","@graph":[{"@type":"WebPage","@id":"https:\/\/www.blogsoestado.com\/danielmatos\/recepcao-em-pocao-de-pedras-reflete-clima-de-virada-para-lobao-filho\/","url":"https:\/\/www.blogsoestado.com\/danielmatos\/recepcao-em-pocao-de-pedras-reflete-clima-de-virada-para-lobao-filho\/","name":"Recep\u00e7\u00e3o em Po\u00e7\u00e3o de Pedras reflete clima de virada para Lob\u00e3o Filho - Daniel Matos","isPartOf":{"@id":"https:\/\/www.blogsoestado.com\/danielmatos\/#website"},"datePublished":"2014-09-12T19:07:32+00:00","author":{"@id":""},"breadcrumb":{"@id":"https:\/\/www.blogsoestado.com\/danielmatos\/recepcao-em-pocao-de-pedras-reflete-clima-de-virada-para-lobao-filho\/#breadcrumb"},"inLanguage":"pt-BR","potentialAction":[{"@type":"ReadAction","target":["https:\/\/www.blogsoestado.com\/danielmatos\/recepcao-em-pocao-de-pedras-reflete-clima-de-virada-para-lobao-filho\/"]}]},{"@type":"BreadcrumbList","@id":"https:\/\/www.blogsoestado.com\/danielmatos\/recepcao-em-pocao-de-pedras-reflete-clima-de-virada-para-lobao-filho\/#breadcrumb","itemListElement":[{"@type":"ListItem","position":1,"name":"In\u00edcio","item":"https:\/\/www.blogsoestado.com\/danielmatos\/"},{"@type":"ListItem","position":2,"name":"Recep\u00e7\u00e3o em Po\u00e7\u00e3o de Pedras reflete clima de virada para Lob\u00e3o Filho"}]},{"@type":"WebSite","@id":"https:\/\/www.blogsoestado.com\/danielmatos\/#website","url":"https:\/\/www.blogsoestado.com\/danielmatos\/","name":"Daniel Matos","description":"","potentialAction":[{"@type":"SearchAction","target":{"@type":"EntryPoint","urlTemplate":"https:\/\/www.blogsoestado.com\/danielmatos\/?s={search_term_string}"},"query-input":{"@type":"PropertyValueSpecification","valueRequired":true,"valueName":"search_term_string"}}],"inLanguage":"pt-BR"}]}},"jetpack_featured_media_url":"","_links":{"self":[{"href":"https:\/\/www.blogsoestado.com\/danielmatos\/wp-json\/wp\/v2\/posts\/19218","targetHints":{"allow":["GET"]}}],"collection":[{"href":"https:\/\/www.blogsoestado.com\/danielmatos\/wp-json\/wp\/v2\/posts"}],"about":[{"href":"https:\/\/www.blogsoestado.com\/danielmatos\/wp-json\/wp\/v2\/types\/post"}],"replies":[{"embeddable":true,"href":"https:\/\/www.blogsoestado.com\/danielmatos\/wp-json\/wp\/v2\/comments?post=19218"}],"version-history":[{"count":0,"href":"https:\/\/www.blogsoestado.com\/danielmatos\/wp-json\/wp\/v2\/posts\/19218\/revisions"}],"wp:attachment":[{"href":"https:\/\/www.blogsoestado.com\/danielmatos\/wp-json\/wp\/v2\/media?parent=19218"}],"wp:term":[{"taxonomy":"category","embeddable":true,"href":"https:\/\/www.blogsoestado.com\/danielmatos\/wp-json\/wp\/v2\/categories?post=19218"},{"taxonomy":"post_tag","embeddable":true,"href":"https:\/\/www.blogsoestado.com\/danielmatos\/wp-json\/wp\/v2\/tags?post=19218"}],"curies":[{"name":"wp","href":"https:\/\/api.w.org\/{rel}","templated":true}]}}