{"id":19228,"date":"2014-09-12T20:26:50","date_gmt":"2014-09-12T23:26:50","guid":{"rendered":"https:\/\/www.blogsoestado.com\/danielmatos\/?p=19228"},"modified":"2014-09-12T20:26:50","modified_gmt":"2014-09-12T23:26:50","slug":"maranhao-criou-39-mil-empregos-em-agosto","status":"publish","type":"post","link":"https:\/\/www.blogsoestado.com\/danielmatos\/maranhao-criou-39-mil-empregos-em-agosto\/","title":{"rendered":"Maranh\u00e3o criou 3,9 mil empregos em agosto"},"content":{"rendered":"<p><a href=\"https:\/\/www.blogsoestado.com\/danielmatos\/files\/2014\/09\/emprego.jpg\"><img fetchpriority=\"high\" decoding=\"async\" class=\"alignleft size-full wp-image-19229\" src=\"https:\/\/www.blogsoestado.com\/danielmatos\/files\/2014\/09\/emprego.jpg\" alt=\"emprego\" width=\"444\" height=\"336\" \/><\/a>O Estado do Maranh\u00e3o criou 3.918 empregos em agosto. O n\u00famero equivale a um aumento de 0,82% em rela\u00e7\u00e3o ao m\u00eas de julho. Esse resultado decorreu do crescimento do emprego nos setores da Constru\u00e7\u00e3o Civil (2.188 postos), Com\u00e9rcio (805 postos) e Servi\u00e7os (641 postos). O resultado, em termos relativos, representa crescimento de 0,82% em rela\u00e7\u00e3o a julho<\/p>\n<p>Nos primeiros oito meses de 2014 o estado do Maranh\u00e3o gerou 4.849 postos de trabalho o que representa um crescimento de 1,01%. Os dados do Cadastro Geral de Empregados e Desempregados (Caged) foram divulgados nessa ter\u00e7a-feira (11), em Bras\u00edlia, pelo ministro Manoel Dias. Nos \u00faltimos 12 meses foram criados 9.343 postos o equivalente a um crescimento de 1,97%.<\/p>\n<p>Em todo o Brasil foram gerados 101.425 novos empregos celetistas, equivalente \u00e0 expans\u00e3o de 0,25% no estoque de assalariados com carteira assinada do m\u00eas de julho.<\/p>\n<p>\u201cComo hav\u00edamos previsto, o ritmo das demiss\u00f5es na ind\u00fastria de transforma\u00e7\u00e3o brasileira continua caindo. O saldo deste m\u00eas foi de apenas um ter\u00e7o do saldo do m\u00eas anterior, pois houve alta na atividade industrial em muitos setores, contrariando muitas previs\u00f5es que t\u00eam sido feitas por ai\u201d, avaliou o ministro.<\/p>\n<p>No Brasil, chama a aten\u00e7\u00e3o o desempenho da agroind\u00fastria, onde foram agregadas 13 mil novas vagas. A ind\u00fastria qu\u00edmica e a ind\u00fastria da madeira tamb\u00e9m cresceram, junto com a de papel\u00e3o e celulose, que \u00e9 considerada indicativo de melhoria na economia, pela produ\u00e7\u00e3o de embalagens.<\/p>\n<p>O setor que mais gerou empregos no Brasil foi novamente o de servi\u00e7os, com 71,2 mil novas vagas. Esse desempenho est\u00e1 associado, segundo o ministro, \u00e0 import\u00e2ncia crescente dos servi\u00e7os no dia-a-dia dos brasileiros e na ascens\u00e3o de um grande n\u00famero pessoas para a classe m\u00e9dia. \u201cAs pessoas tem melhorado de vida e procurado servi\u00e7os que trazem mais conforto para o seu dia a dia\u201d, argumentou.<\/p>\n<p>O com\u00e9rcio tamb\u00e9m se destacou este m\u00eas, gerando 40 mil novas vagas. O ministro do Trabalho e Emprego considerou que esse desempenho est\u00e1 associado ao n\u00edvel de consumo e a prepara\u00e7\u00e3o do setor para o final de ano. \u201cDevemos ter tamb\u00e9m a contrata\u00e7\u00e3o de tempor\u00e1rios nos pr\u00f3ximos meses, o que deve manter a gera\u00e7\u00e3o de postos aquecida\u201d, continuou Manoel Dias, lembrando que a Confedera\u00e7\u00e3o Nacional do Com\u00e9rcio estimou, esta semana, a contrata\u00e7\u00e3o de mais de 137 mil tempor\u00e1rios para o final de ano.<\/p>\n<p><strong>Constru\u00e7\u00e3o civil<\/strong><\/p>\n<p>A retomada dos lan\u00e7amentos de novos empreendimentos imobili\u00e1rios, segundo o ministro, tamb\u00e9m est\u00e1 aquecendo o emprego na constru\u00e7\u00e3o civil. Esse m\u00eas o aumento nas vagas foi de 2,39 mil, com destaque para as \u00e1reas de prepara\u00e7\u00e3o dos empreendimentos, o que indica que o setor deve continuar demandando m\u00e3o de obra nos pr\u00f3ximos meses, para o in\u00edcio das constru\u00e7\u00f5es. O setor tamb\u00e9m est\u00e1 reagindo \u00e0s medidas de est\u00edmulo ao cr\u00e9dito, que visam manter esse mercado aquecido.<\/p>\n<p><strong>Caged<\/strong><\/p>\n<p>O Cadastro Geral de Empregados e Desempregados &#8211; CAGED foi criado pelo Governo Federal, atrav\u00e9s da Lei n\u00ba 4.923\/65, que instituiu o registro permanente de admiss\u00f5es e dispensa de empregados, sob o regime da Consolida\u00e7\u00e3o das Leis do Trabalho &#8211; CLT. O Cadastro serve como base para a elabora\u00e7\u00e3o de estudos, pesquisas, projetos e programas ligados ao mercado de trabalho, ao mesmo tempo em que subsidia a tomada de decis\u00f5es para a\u00e7\u00f5es governamentais. \u00c9 utilizado, ainda, pelo Programa de Seguro-Desemprego, para conferir os dados referentes aos v\u00ednculos trabalhistas, al\u00e9m de outros programas sociais.<\/p>\n<p><strong>Fonte:<\/strong> Minist\u00e9rio do Trabalho<\/p>\n","protected":false},"excerpt":{"rendered":"<p>O Estado do Maranh\u00e3o criou 3.918 empregos em agosto. O n\u00famero equivale a um aumento de 0,82% em rela\u00e7\u00e3o ao [&hellip;]<\/p>\n","protected":false},"author":0,"featured_media":0,"comment_status":"open","ping_status":"open","sticky":false,"template":"","format":"standard","meta":{"site-sidebar-layout":"default","site-content-layout":"","ast-site-content-layout":"default","site-content-style":"default","site-sidebar-style":"default","ast-global-header-display":"","ast-banner-title-visibility":"","ast-main-header-display":"","ast-hfb-above-header-display":"","ast-hfb-below-header-display":"","ast-hfb-mobile-header-display":"","site-post-title":"","ast-breadcrumbs-content":"","ast-featured-img":"","footer-sml-layout":"","ast-disable-related-posts":"","theme-transparent-header-meta":"","adv-header-id-meta":"","stick-header-meta":"","header-above-stick-meta":"","header-main-stick-meta":"","header-below-stick-meta":"","astra-migrate-meta-layouts":"default","ast-page-background-enabled":"default","ast-page-background-meta":{"desktop":{"background-color":"var(--ast-global-color-5)","background-image":"","background-repeat":"repeat","background-position":"center center","background-size":"auto","background-attachment":"scroll","background-type":"","background-media":"","overlay-type":"","overlay-color":"","overlay-opacity":"","overlay-gradient":""},"tablet":{"background-color":"","background-image":"","background-repeat":"repeat","background-position":"center center","background-size":"auto","background-attachment":"scroll","background-type":"","background-media":"","overlay-type":"","overlay-color":"","overlay-opacity":"","overlay-gradient":""},"mobile":{"background-color":"","background-image":"","background-repeat":"repeat","background-position":"center center","background-size":"auto","background-attachment":"scroll","background-type":"","background-media":"","overlay-type":"","overlay-color":"","overlay-opacity":"","overlay-gradient":""}},"ast-content-background-meta":{"desktop":{"background-color":"var(--ast-global-color-4)","background-image":"","background-repeat":"repeat","background-position":"center center","background-size":"auto","background-attachment":"scroll","background-type":"","background-media":"","overlay-type":"","overlay-color":"","overlay-opacity":"","overlay-gradient":""},"tablet":{"background-color":"var(--ast-global-color-4)","background-image":"","background-repeat":"repeat","background-position":"center center","background-size":"auto","background-attachment":"scroll","background-type":"","background-media":"","overlay-type":"","overlay-color":"","overlay-opacity":"","overlay-gradient":""},"mobile":{"background-color":"var(--ast-global-color-4)","background-image":"","background-repeat":"repeat","background-position":"center center","background-size":"auto","background-attachment":"scroll","background-type":"","background-media":"","overlay-type":"","overlay-color":"","overlay-opacity":"","overlay-gradient":""}},"footnotes":""},"categories":[1],"tags":[],"class_list":["post-19228","post","type-post","status-publish","format-standard","hentry","category-sem-categoria"],"yoast_head":"<!-- This site is optimized with the Yoast SEO plugin v26.6 - https:\/\/yoast.com\/wordpress\/plugins\/seo\/ -->\n<title>Maranh\u00e3o criou 3,9 mil empregos em agosto - Daniel Matos<\/title>\n<meta name=\"robots\" content=\"index, follow, max-snippet:-1, max-image-preview:large, max-video-preview:-1\" \/>\n<link rel=\"canonical\" href=\"https:\/\/www.blogsoestado.com\/danielmatos\/maranhao-criou-39-mil-empregos-em-agosto\/\" \/>\n<meta property=\"og:locale\" content=\"pt_BR\" \/>\n<meta property=\"og:type\" content=\"article\" \/>\n<meta property=\"og:title\" content=\"Maranh\u00e3o criou 3,9 mil empregos em agosto - Daniel Matos\" \/>\n<meta property=\"og:description\" content=\"O Estado do Maranh\u00e3o criou 3.918 empregos em agosto. O n\u00famero equivale a um aumento de 0,82% em rela\u00e7\u00e3o ao [&hellip;]\" \/>\n<meta property=\"og:url\" content=\"https:\/\/www.blogsoestado.com\/danielmatos\/maranhao-criou-39-mil-empregos-em-agosto\/\" \/>\n<meta property=\"og:site_name\" content=\"Daniel Matos\" \/>\n<meta property=\"article:published_time\" content=\"2014-09-12T23:26:50+00:00\" \/>\n<meta property=\"og:image\" content=\"https:\/\/www.blogsoestado.com\/danielmatos\/files\/2014\/09\/emprego.jpg\" \/>\n<meta name=\"twitter:card\" content=\"summary_large_image\" \/>\n<meta name=\"twitter:label1\" content=\"Est. tempo de leitura\" \/>\n\t<meta name=\"twitter:data1\" content=\"3 minutos\" \/>\n<script type=\"application\/ld+json\" class=\"yoast-schema-graph\">{\"@context\":\"https:\/\/schema.org\",\"@graph\":[{\"@type\":\"WebPage\",\"@id\":\"https:\/\/www.blogsoestado.com\/danielmatos\/maranhao-criou-39-mil-empregos-em-agosto\/\",\"url\":\"https:\/\/www.blogsoestado.com\/danielmatos\/maranhao-criou-39-mil-empregos-em-agosto\/\",\"name\":\"Maranh\u00e3o criou 3,9 mil empregos em agosto - Daniel Matos\",\"isPartOf\":{\"@id\":\"https:\/\/www.blogsoestado.com\/danielmatos\/#website\"},\"primaryImageOfPage\":{\"@id\":\"https:\/\/www.blogsoestado.com\/danielmatos\/maranhao-criou-39-mil-empregos-em-agosto\/#primaryimage\"},\"image\":{\"@id\":\"https:\/\/www.blogsoestado.com\/danielmatos\/maranhao-criou-39-mil-empregos-em-agosto\/#primaryimage\"},\"thumbnailUrl\":\"https:\/\/www.blogsoestado.com\/danielmatos\/files\/2014\/09\/emprego.jpg\",\"datePublished\":\"2014-09-12T23:26:50+00:00\",\"author\":{\"@id\":\"\"},\"breadcrumb\":{\"@id\":\"https:\/\/www.blogsoestado.com\/danielmatos\/maranhao-criou-39-mil-empregos-em-agosto\/#breadcrumb\"},\"inLanguage\":\"pt-BR\",\"potentialAction\":[{\"@type\":\"ReadAction\",\"target\":[\"https:\/\/www.blogsoestado.com\/danielmatos\/maranhao-criou-39-mil-empregos-em-agosto\/\"]}]},{\"@type\":\"ImageObject\",\"inLanguage\":\"pt-BR\",\"@id\":\"https:\/\/www.blogsoestado.com\/danielmatos\/maranhao-criou-39-mil-empregos-em-agosto\/#primaryimage\",\"url\":\"https:\/\/www.blogsoestado.com\/danielmatos\/files\/2014\/09\/emprego.jpg\",\"contentUrl\":\"https:\/\/www.blogsoestado.com\/danielmatos\/files\/2014\/09\/emprego.jpg\"},{\"@type\":\"BreadcrumbList\",\"@id\":\"https:\/\/www.blogsoestado.com\/danielmatos\/maranhao-criou-39-mil-empregos-em-agosto\/#breadcrumb\",\"itemListElement\":[{\"@type\":\"ListItem\",\"position\":1,\"name\":\"In\u00edcio\",\"item\":\"https:\/\/www.blogsoestado.com\/danielmatos\/\"},{\"@type\":\"ListItem\",\"position\":2,\"name\":\"Maranh\u00e3o criou 3,9 mil empregos em agosto\"}]},{\"@type\":\"WebSite\",\"@id\":\"https:\/\/www.blogsoestado.com\/danielmatos\/#website\",\"url\":\"https:\/\/www.blogsoestado.com\/danielmatos\/\",\"name\":\"Daniel Matos\",\"description\":\"\",\"potentialAction\":[{\"@type\":\"SearchAction\",\"target\":{\"@type\":\"EntryPoint\",\"urlTemplate\":\"https:\/\/www.blogsoestado.com\/danielmatos\/?s={search_term_string}\"},\"query-input\":{\"@type\":\"PropertyValueSpecification\",\"valueRequired\":true,\"valueName\":\"search_term_string\"}}],\"inLanguage\":\"pt-BR\"}]}<\/script>\n<!-- \/ Yoast SEO plugin. -->","yoast_head_json":{"title":"Maranh\u00e3o criou 3,9 mil empregos em agosto - Daniel Matos","robots":{"index":"index","follow":"follow","max-snippet":"max-snippet:-1","max-image-preview":"max-image-preview:large","max-video-preview":"max-video-preview:-1"},"canonical":"https:\/\/www.blogsoestado.com\/danielmatos\/maranhao-criou-39-mil-empregos-em-agosto\/","og_locale":"pt_BR","og_type":"article","og_title":"Maranh\u00e3o criou 3,9 mil empregos em agosto - Daniel Matos","og_description":"O Estado do Maranh\u00e3o criou 3.918 empregos em agosto. O n\u00famero equivale a um aumento de 0,82% em rela\u00e7\u00e3o ao [&hellip;]","og_url":"https:\/\/www.blogsoestado.com\/danielmatos\/maranhao-criou-39-mil-empregos-em-agosto\/","og_site_name":"Daniel Matos","article_published_time":"2014-09-12T23:26:50+00:00","og_image":[{"url":"https:\/\/www.blogsoestado.com\/danielmatos\/files\/2014\/09\/emprego.jpg","type":"","width":"","height":""}],"twitter_card":"summary_large_image","twitter_misc":{"Est. tempo de leitura":"3 minutos"},"schema":{"@context":"https:\/\/schema.org","@graph":[{"@type":"WebPage","@id":"https:\/\/www.blogsoestado.com\/danielmatos\/maranhao-criou-39-mil-empregos-em-agosto\/","url":"https:\/\/www.blogsoestado.com\/danielmatos\/maranhao-criou-39-mil-empregos-em-agosto\/","name":"Maranh\u00e3o criou 3,9 mil empregos em agosto - Daniel Matos","isPartOf":{"@id":"https:\/\/www.blogsoestado.com\/danielmatos\/#website"},"primaryImageOfPage":{"@id":"https:\/\/www.blogsoestado.com\/danielmatos\/maranhao-criou-39-mil-empregos-em-agosto\/#primaryimage"},"image":{"@id":"https:\/\/www.blogsoestado.com\/danielmatos\/maranhao-criou-39-mil-empregos-em-agosto\/#primaryimage"},"thumbnailUrl":"https:\/\/www.blogsoestado.com\/danielmatos\/files\/2014\/09\/emprego.jpg","datePublished":"2014-09-12T23:26:50+00:00","author":{"@id":""},"breadcrumb":{"@id":"https:\/\/www.blogsoestado.com\/danielmatos\/maranhao-criou-39-mil-empregos-em-agosto\/#breadcrumb"},"inLanguage":"pt-BR","potentialAction":[{"@type":"ReadAction","target":["https:\/\/www.blogsoestado.com\/danielmatos\/maranhao-criou-39-mil-empregos-em-agosto\/"]}]},{"@type":"ImageObject","inLanguage":"pt-BR","@id":"https:\/\/www.blogsoestado.com\/danielmatos\/maranhao-criou-39-mil-empregos-em-agosto\/#primaryimage","url":"https:\/\/www.blogsoestado.com\/danielmatos\/files\/2014\/09\/emprego.jpg","contentUrl":"https:\/\/www.blogsoestado.com\/danielmatos\/files\/2014\/09\/emprego.jpg"},{"@type":"BreadcrumbList","@id":"https:\/\/www.blogsoestado.com\/danielmatos\/maranhao-criou-39-mil-empregos-em-agosto\/#breadcrumb","itemListElement":[{"@type":"ListItem","position":1,"name":"In\u00edcio","item":"https:\/\/www.blogsoestado.com\/danielmatos\/"},{"@type":"ListItem","position":2,"name":"Maranh\u00e3o criou 3,9 mil empregos em agosto"}]},{"@type":"WebSite","@id":"https:\/\/www.blogsoestado.com\/danielmatos\/#website","url":"https:\/\/www.blogsoestado.com\/danielmatos\/","name":"Daniel Matos","description":"","potentialAction":[{"@type":"SearchAction","target":{"@type":"EntryPoint","urlTemplate":"https:\/\/www.blogsoestado.com\/danielmatos\/?s={search_term_string}"},"query-input":{"@type":"PropertyValueSpecification","valueRequired":true,"valueName":"search_term_string"}}],"inLanguage":"pt-BR"}]}},"jetpack_featured_media_url":"","_links":{"self":[{"href":"https:\/\/www.blogsoestado.com\/danielmatos\/wp-json\/wp\/v2\/posts\/19228","targetHints":{"allow":["GET"]}}],"collection":[{"href":"https:\/\/www.blogsoestado.com\/danielmatos\/wp-json\/wp\/v2\/posts"}],"about":[{"href":"https:\/\/www.blogsoestado.com\/danielmatos\/wp-json\/wp\/v2\/types\/post"}],"replies":[{"embeddable":true,"href":"https:\/\/www.blogsoestado.com\/danielmatos\/wp-json\/wp\/v2\/comments?post=19228"}],"version-history":[{"count":0,"href":"https:\/\/www.blogsoestado.com\/danielmatos\/wp-json\/wp\/v2\/posts\/19228\/revisions"}],"wp:attachment":[{"href":"https:\/\/www.blogsoestado.com\/danielmatos\/wp-json\/wp\/v2\/media?parent=19228"}],"wp:term":[{"taxonomy":"category","embeddable":true,"href":"https:\/\/www.blogsoestado.com\/danielmatos\/wp-json\/wp\/v2\/categories?post=19228"},{"taxonomy":"post_tag","embeddable":true,"href":"https:\/\/www.blogsoestado.com\/danielmatos\/wp-json\/wp\/v2\/tags?post=19228"}],"curies":[{"name":"wp","href":"https:\/\/api.w.org\/{rel}","templated":true}]}}