{"id":19232,"date":"2014-09-13T14:40:02","date_gmt":"2014-09-13T17:40:02","guid":{"rendered":"https:\/\/www.blogsoestado.com\/danielmatos\/?p=19232"},"modified":"2014-09-13T14:40:02","modified_gmt":"2014-09-13T17:40:02","slug":"justica-eleitoral-acerta-detalhes-das-eleicoes-2014-no-maranhao","status":"publish","type":"post","link":"https:\/\/www.blogsoestado.com\/danielmatos\/justica-eleitoral-acerta-detalhes-das-eleicoes-2014-no-maranhao\/","title":{"rendered":"Justi\u00e7a Eleitoral acerta detalhes das elei\u00e7\u00f5es 2014 no Maranh\u00e3o"},"content":{"rendered":"<figure id=\"attachment_19233\" aria-describedby=\"caption-attachment-19233\" style=\"width: 430px\" class=\"wp-caption alignright\"><a href=\"https:\/\/www.blogsoestado.com\/danielmatos\/files\/2014\/09\/tre-elei\u00e7ao.jpg\"><img fetchpriority=\"high\" decoding=\"async\" class=\"size-full wp-image-19233\" src=\"https:\/\/www.blogsoestado.com\/danielmatos\/files\/2014\/09\/tre-elei\u00e7ao.jpg\" alt=\"TRE obteve informa\u00e7\u00f5es sobre seguran\u00e7a, procedimentos nas juntas eleitorais, transmiss\u00e3o, totaliza\u00e7\u00e3o, divulga\u00e7\u00e3o dos resultados, contrato com os Correios, vota\u00e7\u00e3o paralela, acessibilidade e poder de pol\u00edcia\" width=\"430\" height=\"220\" \/><\/a><figcaption id=\"caption-attachment-19233\" class=\"wp-caption-text\">TRE obteve informa\u00e7\u00f5es sobre seguran\u00e7a, procedimentos nas juntas eleitorais, transmiss\u00e3o, totaliza\u00e7\u00e3o, divulga\u00e7\u00e3o dos resultados, contrato com os Correios, vota\u00e7\u00e3o paralela, acessibilidade e poder de pol\u00edcia<\/figcaption><\/figure>\n<p>O Tribunal Regional Eleitoral do Maranh\u00e3o reuniu nesta sexta-feira, 12, os ju\u00edzes eleitorais, bem como os ju\u00edzes de direito nomeados para presidirem as Juntas Eleitorais Especiais, para acertar os detalhes t\u00e9cnicos das elei\u00e7\u00f5es 2014. O encontro ocorreu no audit\u00f3rio Ernani Santos do pr\u00e9dio-sede do \u00f3rg\u00e3o.<\/p>\n<p>Durante a reuni\u00e3o, os magistrados receberam informa\u00e7\u00f5es sobre seguran\u00e7a, procedimentos nas juntas eleitorais, transmiss\u00e3o, totaliza\u00e7\u00e3o, divulga\u00e7\u00e3o dos resultados, contrato com os Correios, vota\u00e7\u00e3o paralela, acessibilidade e poder de pol\u00edcia.<\/p>\n<p>O desembargador Jos\u00e9 de Ribamar Froz Sobrinho, presidente do TRE-MA, iniciou falando sobre a confian\u00e7a que tem no processo eleitoral em curso, solicitando a colabora\u00e7\u00e3o de todos para que a vontade popular nas urnas seja soberana. Pediu ainda que haja empenho na celeridade da apura\u00e7\u00e3o.<\/p>\n<p>Sob o comando do Tribunal, dois Gabinetes de Seguran\u00e7a Institucional funcionar\u00e3o no estado: um em S\u00e3o Lu\u00eds e outro em Imperatriz. A medida visa facilitar a log\u00edstica de seguran\u00e7a pessoal e de material.<\/p>\n<p>Nas cidades ondunal e o refor\u00e7o federal for autorizado pelo Tribunal Superior Eleitoral, a seguran\u00e7a ser\u00e1 de responsabilidade do Ex\u00e9rcito. Em 2014, 10 munic\u00edpios maranhenses tiveram seus pedidos encaminhados ao TSE.<\/p>\n<p>O secret\u00e1rio estadual Marcos Afonso (Seguran\u00e7a P\u00fablica) informou uma novidade para este ano: Grupos de Pronto Emprego, formados pela For\u00e7a Especial e GTA, ficar\u00e3o encarregados de atuar se algum caso emergencial ocorrer.<\/p>\n<p>A delegada-geral Cristina Menezes confirmou a presen\u00e7a de delegados em todos os munic\u00edpios em que ju\u00edzes e promotores se fizerem presente durante o processo eleitoral. J\u00e1 o coronel Zanoni Porto falou acerca do quantitativo de viaturas novas em a\u00e7\u00e3o, destacando que os militares estar\u00e3o atentos \u00e0s pr\u00e1ticas criminosas como a boca de urna, transporte de eleitor, transporte de valores e depreda\u00e7\u00e3o de pr\u00e9dios p\u00fablicos.<\/p>\n<p><strong>N\u00fameros<\/strong><\/p>\n<p>Nestas elei\u00e7\u00f5es, o efetivo de policiais civis que atuar\u00e1 \u00e9 de 300 e o militar 970, mas estes n\u00fameros podem ser majorados de acordo com a necessidade demandada.<\/p>\n<p><strong>Fonte:<\/strong> Tribunal Regional Eleitora (TRE)<\/p>\n","protected":false},"excerpt":{"rendered":"<p>O Tribunal Regional Eleitoral do Maranh\u00e3o reuniu nesta sexta-feira, 12, os ju\u00edzes eleitorais, bem como os ju\u00edzes de direito nomeados [&hellip;]<\/p>\n","protected":false},"author":0,"featured_media":0,"comment_status":"open","ping_status":"open","sticky":false,"template":"","format":"standard","meta":{"site-sidebar-layout":"default","site-content-layout":"","ast-site-content-layout":"default","site-content-style":"default","site-sidebar-style":"default","ast-global-header-display":"","ast-banner-title-visibility":"","ast-main-header-display":"","ast-hfb-above-header-display":"","ast-hfb-below-header-display":"","ast-hfb-mobile-header-display":"","site-post-title":"","ast-breadcrumbs-content":"","ast-featured-img":"","footer-sml-layout":"","ast-disable-related-posts":"","theme-transparent-header-meta":"","adv-header-id-meta":"","stick-header-meta":"","header-above-stick-meta":"","header-main-stick-meta":"","header-below-stick-meta":"","astra-migrate-meta-layouts":"default","ast-page-background-enabled":"default","ast-page-background-meta":{"desktop":{"background-color":"var(--ast-global-color-5)","background-image":"","background-repeat":"repeat","background-position":"center center","background-size":"auto","background-attachment":"scroll","background-type":"","background-media":"","overlay-type":"","overlay-color":"","overlay-opacity":"","overlay-gradient":""},"tablet":{"background-color":"","background-image":"","background-repeat":"repeat","background-position":"center center","background-size":"auto","background-attachment":"scroll","background-type":"","background-media":"","overlay-type":"","overlay-color":"","overlay-opacity":"","overlay-gradient":""},"mobile":{"background-color":"","background-image":"","background-repeat":"repeat","background-position":"center center","background-size":"auto","background-attachment":"scroll","background-type":"","background-media":"","overlay-type":"","overlay-color":"","overlay-opacity":"","overlay-gradient":""}},"ast-content-background-meta":{"desktop":{"background-color":"var(--ast-global-color-4)","background-image":"","background-repeat":"repeat","background-position":"center center","background-size":"auto","background-attachment":"scroll","background-type":"","background-media":"","overlay-type":"","overlay-color":"","overlay-opacity":"","overlay-gradient":""},"tablet":{"background-color":"var(--ast-global-color-4)","background-image":"","background-repeat":"repeat","background-position":"center center","background-size":"auto","background-attachment":"scroll","background-type":"","background-media":"","overlay-type":"","overlay-color":"","overlay-opacity":"","overlay-gradient":""},"mobile":{"background-color":"var(--ast-global-color-4)","background-image":"","background-repeat":"repeat","background-position":"center center","background-size":"auto","background-attachment":"scroll","background-type":"","background-media":"","overlay-type":"","overlay-color":"","overlay-opacity":"","overlay-gradient":""}},"footnotes":""},"categories":[1],"tags":[],"class_list":["post-19232","post","type-post","status-publish","format-standard","hentry","category-sem-categoria"],"yoast_head":"<!-- This site is optimized with the Yoast SEO plugin v26.6 - https:\/\/yoast.com\/wordpress\/plugins\/seo\/ -->\n<title>Justi\u00e7a Eleitoral acerta detalhes das elei\u00e7\u00f5es 2014 no Maranh\u00e3o - Daniel Matos<\/title>\n<meta name=\"robots\" content=\"index, follow, max-snippet:-1, max-image-preview:large, max-video-preview:-1\" \/>\n<link rel=\"canonical\" href=\"https:\/\/www.blogsoestado.com\/danielmatos\/justica-eleitoral-acerta-detalhes-das-eleicoes-2014-no-maranhao\/\" \/>\n<meta property=\"og:locale\" content=\"pt_BR\" \/>\n<meta property=\"og:type\" content=\"article\" \/>\n<meta property=\"og:title\" content=\"Justi\u00e7a Eleitoral acerta detalhes das elei\u00e7\u00f5es 2014 no Maranh\u00e3o - Daniel Matos\" \/>\n<meta property=\"og:description\" content=\"O Tribunal Regional Eleitoral do Maranh\u00e3o reuniu nesta sexta-feira, 12, os ju\u00edzes eleitorais, bem como os ju\u00edzes de direito nomeados [&hellip;]\" \/>\n<meta property=\"og:url\" content=\"https:\/\/www.blogsoestado.com\/danielmatos\/justica-eleitoral-acerta-detalhes-das-eleicoes-2014-no-maranhao\/\" \/>\n<meta property=\"og:site_name\" content=\"Daniel Matos\" \/>\n<meta property=\"article:published_time\" content=\"2014-09-13T17:40:02+00:00\" \/>\n<meta name=\"twitter:card\" content=\"summary_large_image\" \/>\n<meta name=\"twitter:label1\" content=\"Est. tempo de leitura\" \/>\n\t<meta name=\"twitter:data1\" content=\"2 minutos\" \/>\n<script type=\"application\/ld+json\" class=\"yoast-schema-graph\">{\"@context\":\"https:\/\/schema.org\",\"@graph\":[{\"@type\":\"WebPage\",\"@id\":\"https:\/\/www.blogsoestado.com\/danielmatos\/justica-eleitoral-acerta-detalhes-das-eleicoes-2014-no-maranhao\/\",\"url\":\"https:\/\/www.blogsoestado.com\/danielmatos\/justica-eleitoral-acerta-detalhes-das-eleicoes-2014-no-maranhao\/\",\"name\":\"Justi\u00e7a Eleitoral acerta detalhes das elei\u00e7\u00f5es 2014 no Maranh\u00e3o - Daniel Matos\",\"isPartOf\":{\"@id\":\"https:\/\/www.blogsoestado.com\/danielmatos\/#website\"},\"datePublished\":\"2014-09-13T17:40:02+00:00\",\"author\":{\"@id\":\"\"},\"breadcrumb\":{\"@id\":\"https:\/\/www.blogsoestado.com\/danielmatos\/justica-eleitoral-acerta-detalhes-das-eleicoes-2014-no-maranhao\/#breadcrumb\"},\"inLanguage\":\"pt-BR\",\"potentialAction\":[{\"@type\":\"ReadAction\",\"target\":[\"https:\/\/www.blogsoestado.com\/danielmatos\/justica-eleitoral-acerta-detalhes-das-eleicoes-2014-no-maranhao\/\"]}]},{\"@type\":\"BreadcrumbList\",\"@id\":\"https:\/\/www.blogsoestado.com\/danielmatos\/justica-eleitoral-acerta-detalhes-das-eleicoes-2014-no-maranhao\/#breadcrumb\",\"itemListElement\":[{\"@type\":\"ListItem\",\"position\":1,\"name\":\"In\u00edcio\",\"item\":\"https:\/\/www.blogsoestado.com\/danielmatos\/\"},{\"@type\":\"ListItem\",\"position\":2,\"name\":\"Justi\u00e7a Eleitoral acerta detalhes das elei\u00e7\u00f5es 2014 no Maranh\u00e3o\"}]},{\"@type\":\"WebSite\",\"@id\":\"https:\/\/www.blogsoestado.com\/danielmatos\/#website\",\"url\":\"https:\/\/www.blogsoestado.com\/danielmatos\/\",\"name\":\"Daniel Matos\",\"description\":\"\",\"potentialAction\":[{\"@type\":\"SearchAction\",\"target\":{\"@type\":\"EntryPoint\",\"urlTemplate\":\"https:\/\/www.blogsoestado.com\/danielmatos\/?s={search_term_string}\"},\"query-input\":{\"@type\":\"PropertyValueSpecification\",\"valueRequired\":true,\"valueName\":\"search_term_string\"}}],\"inLanguage\":\"pt-BR\"}]}<\/script>\n<!-- \/ Yoast SEO plugin. -->","yoast_head_json":{"title":"Justi\u00e7a Eleitoral acerta detalhes das elei\u00e7\u00f5es 2014 no Maranh\u00e3o - Daniel Matos","robots":{"index":"index","follow":"follow","max-snippet":"max-snippet:-1","max-image-preview":"max-image-preview:large","max-video-preview":"max-video-preview:-1"},"canonical":"https:\/\/www.blogsoestado.com\/danielmatos\/justica-eleitoral-acerta-detalhes-das-eleicoes-2014-no-maranhao\/","og_locale":"pt_BR","og_type":"article","og_title":"Justi\u00e7a Eleitoral acerta detalhes das elei\u00e7\u00f5es 2014 no Maranh\u00e3o - Daniel Matos","og_description":"O Tribunal Regional Eleitoral do Maranh\u00e3o reuniu nesta sexta-feira, 12, os ju\u00edzes eleitorais, bem como os ju\u00edzes de direito nomeados [&hellip;]","og_url":"https:\/\/www.blogsoestado.com\/danielmatos\/justica-eleitoral-acerta-detalhes-das-eleicoes-2014-no-maranhao\/","og_site_name":"Daniel Matos","article_published_time":"2014-09-13T17:40:02+00:00","twitter_card":"summary_large_image","twitter_misc":{"Est. tempo de leitura":"2 minutos"},"schema":{"@context":"https:\/\/schema.org","@graph":[{"@type":"WebPage","@id":"https:\/\/www.blogsoestado.com\/danielmatos\/justica-eleitoral-acerta-detalhes-das-eleicoes-2014-no-maranhao\/","url":"https:\/\/www.blogsoestado.com\/danielmatos\/justica-eleitoral-acerta-detalhes-das-eleicoes-2014-no-maranhao\/","name":"Justi\u00e7a Eleitoral acerta detalhes das elei\u00e7\u00f5es 2014 no Maranh\u00e3o - Daniel Matos","isPartOf":{"@id":"https:\/\/www.blogsoestado.com\/danielmatos\/#website"},"datePublished":"2014-09-13T17:40:02+00:00","author":{"@id":""},"breadcrumb":{"@id":"https:\/\/www.blogsoestado.com\/danielmatos\/justica-eleitoral-acerta-detalhes-das-eleicoes-2014-no-maranhao\/#breadcrumb"},"inLanguage":"pt-BR","potentialAction":[{"@type":"ReadAction","target":["https:\/\/www.blogsoestado.com\/danielmatos\/justica-eleitoral-acerta-detalhes-das-eleicoes-2014-no-maranhao\/"]}]},{"@type":"BreadcrumbList","@id":"https:\/\/www.blogsoestado.com\/danielmatos\/justica-eleitoral-acerta-detalhes-das-eleicoes-2014-no-maranhao\/#breadcrumb","itemListElement":[{"@type":"ListItem","position":1,"name":"In\u00edcio","item":"https:\/\/www.blogsoestado.com\/danielmatos\/"},{"@type":"ListItem","position":2,"name":"Justi\u00e7a Eleitoral acerta detalhes das elei\u00e7\u00f5es 2014 no Maranh\u00e3o"}]},{"@type":"WebSite","@id":"https:\/\/www.blogsoestado.com\/danielmatos\/#website","url":"https:\/\/www.blogsoestado.com\/danielmatos\/","name":"Daniel Matos","description":"","potentialAction":[{"@type":"SearchAction","target":{"@type":"EntryPoint","urlTemplate":"https:\/\/www.blogsoestado.com\/danielmatos\/?s={search_term_string}"},"query-input":{"@type":"PropertyValueSpecification","valueRequired":true,"valueName":"search_term_string"}}],"inLanguage":"pt-BR"}]}},"jetpack_featured_media_url":"","_links":{"self":[{"href":"https:\/\/www.blogsoestado.com\/danielmatos\/wp-json\/wp\/v2\/posts\/19232","targetHints":{"allow":["GET"]}}],"collection":[{"href":"https:\/\/www.blogsoestado.com\/danielmatos\/wp-json\/wp\/v2\/posts"}],"about":[{"href":"https:\/\/www.blogsoestado.com\/danielmatos\/wp-json\/wp\/v2\/types\/post"}],"replies":[{"embeddable":true,"href":"https:\/\/www.blogsoestado.com\/danielmatos\/wp-json\/wp\/v2\/comments?post=19232"}],"version-history":[{"count":0,"href":"https:\/\/www.blogsoestado.com\/danielmatos\/wp-json\/wp\/v2\/posts\/19232\/revisions"}],"wp:attachment":[{"href":"https:\/\/www.blogsoestado.com\/danielmatos\/wp-json\/wp\/v2\/media?parent=19232"}],"wp:term":[{"taxonomy":"category","embeddable":true,"href":"https:\/\/www.blogsoestado.com\/danielmatos\/wp-json\/wp\/v2\/categories?post=19232"},{"taxonomy":"post_tag","embeddable":true,"href":"https:\/\/www.blogsoestado.com\/danielmatos\/wp-json\/wp\/v2\/tags?post=19232"}],"curies":[{"name":"wp","href":"https:\/\/api.w.org\/{rel}","templated":true}]}}